{"id":3943,"date":"2020-06-07T13:08:59","date_gmt":"2020-06-07T13:08:59","guid":{"rendered":"http:\/\/rafalk-elblag.pl\/?p=3943"},"modified":"2020-06-07T13:08:59","modified_gmt":"2020-06-07T13:08:59","slug":"biuletyn-nr-856-07-06-2020r-trojcy-przenajswietszej","status":"publish","type":"post","link":"https:\/\/rafalk-elblag.pl\/?p=3943","title":{"rendered":"Biuletyn nr 856 \/ 07.06.2020r. Tr\u00f3jcy Przenaj\u015bwi\u0119tszej"},"content":{"rendered":"<p><a href=\"#ogloszenia-856\">DLACZEGO \u015aWI\u0118TUJEMY BO\u017bE CIA\u0141O?<\/a><br \/>\n<a href=\"#ogloszenia-856\">Og\u0142oszenia parafialne 07.06.2020<\/a><br \/>\n<a href=\"#intencje-856\">Intencje mszalne 07.06.2020<\/a><\/p>\n<p><img decoding=\"async\" id=\"temat-856\" src=\"http:\/\/rafalk-elblag.pl\/wp-content\/uploads\/2020\/06\/baner-856.jpg\"><\/p>\n<h1>DLACZEGO \u015aWI\u0118TUJEMY BO\u017bE CIA\u0141O?<\/h1>\n<p><strong>Uroczysto\u015b\u0107 Naj\u015bwi\u0119tszego Cia\u0142a i Krwi Chrystusa, Bo\u017ce Cia\u0142o jest jednym z g\u0142\u00f3wnych \u015bwi\u0105t obchodzonych w Ko\u015bciele katolickim. Cho\u0107 \u015bwiadomo\u015b\u0107 niezwyk\u0142ego cudu przemiany konsekrowanego chleba i wina w rzeczywiste Cia\u0142o i Krew Chrystusa towarzyszy\u0142a wiernym od pocz\u0105tku chrze\u015bcija\u0144stwa, jednak trzeba by\u0142o czeka\u0107 a\u017c dziesi\u0119\u0107 stuleci zanim zewn\u0119trzne przejawy tego kultu powsta\u0142y i zadomowi\u0142y si\u0119 w Ko\u015bciele katolickim.<\/strong><\/p>\n<p>Uroczysto\u015b\u0107, kt\u00f3ra wyros\u0142a na pod\u0142o\u017cu adoracyjnego kierunku pobo\u017cno\u015bci eucharystycznej rozwijaj\u0105cej si\u0119 na Zachodzie od prze\u0142omu XI i XII w., prze\u017cywana jest obecnie w czwartek po uroczysto\u015bci Tr\u00f3jcy \u015awi\u0119tej. Bezpo\u015bredni\u0105 przyczyn\u0105 ustanowienia uroczysto\u015bci Naj\u015bwi\u0119tszego Cia\u0142a i Krwi Chrystusa by\u0142y objawienia b\u0142. Julianny z Cornillon. Pod ich wp\u0142ywem bp Robert ustanowi\u0142 w 1246 r. \u015bwi\u0119to Bo\u017cego Cia\u0142a, pocz\u0105tkowo dla diecezji Liege.<\/p>\n<p>W 1252 r. legat papieski rozszerzy\u0142 obchodzenie tego \u015bwi\u0119ta na Germani\u0119 natomiast papie\u017c Urban IV bull\u0105 &#8222;Transiturus&#8221; z 1264 r. ustanowi\u0142 Bo\u017ce Cia\u0142o \u015bwi\u0119tem obowi\u0105zuj\u0105cym w ca\u0142ym Ko\u015bciele jako &#8222;zado\u015b\u0107uczynienie za zniewa\u017canie Chrystusa w Naj\u015bwi\u0119tszym Sakramencie, b\u0142\u0119dy heretyk\u00f3w oraz uczczenie pami\u0105tki ustanowienia Naj\u015bwi\u0119tszego Sakramentu&#8221;. W Polsce jako pierwszy wprowadzi\u0142 to \u015bwi\u0119to bp Nankier w 1320 r. w diecezji krakowskiej.<\/p>\n<p>W Ko\u015bciele katolickim w Polsce pod koniec XIV w. \u015bwi\u0119to Bo\u017cego Cia\u0142a by\u0142o obchodzone ju\u017c we wszystkich diecezjach. By\u0142o ono zawsze zaliczane do \u015bwi\u0105t g\u0142\u00f3wnych. Od ko\u0144ca XV w. przy okazji tego \u015bwi\u0119ta udzielano b\u0142ogos\u0142awie\u0144stwa Naj\u015bwi\u0119tszym Sakramentem. Ko\u015bci\u00f3\u0142 od samego pocz\u0105tku g\u0142osi\u0142 wiar\u0119 w realn\u0105 obecno\u015b\u0107 Chrystusa w Naj\u015bwi\u0119tszym Sakramencie. Chrystus ustanowi\u0142 Naj\u015bwi\u0119tszy Sakrament przy Ostatniej Wieczerzy. Opisali to trzej Ewangeli\u015bci: Mateusz, Marek i \u0141ukasz oraz i \u015bw. Pawe\u0142 Aposto\u0142. Prawdziwa i rzeczywista obecno\u015b\u0107 Jezusa Chrystusa pod postaciami chleba i wina opiera si\u0119 wed\u0142ug nauki Ko\u015bcio\u0142a na s\u0142owie Jezusa: &#8222;To jest Cia\u0142o moje &#8230; To jest krew moja&#8221; (Mk 14,22.24).<\/p>\n<p>Procesje eucharystyczne w dniu Bo\u017cego Cia\u0142a wprowadzono p\u00f3\u017aniej ni\u017c samo \u015bwi\u0119to. Pierwszym \u015bladem ich istnienia jest wzmianka o uroczystej procesji przed sum\u0105 w Kolonii w latach 1265-75. Podczas procesji niesiono krzy\u017c z Naj\u015bwi\u0119tszym Sakramentem. W ten spos\u00f3b nawi\u0105zywano do dawnego zwyczaju zabierania w podr\u00f3\u017c Eucharystii dla ochrony przed niebezpiecze\u0144stwami.<\/p>\n<p>W XV w. procesje eucharystyczne odprawiano w ca\u0142ych Niemczech, Anglii, Francji, p\u00f3\u0142nocnych W\u0142oszech i Polsce. W Niemczech procesj\u0119 w uroczysto\u015b\u0107 Bo\u017cego Cia\u0142a \u0142\u0105czono z procesj\u0105 b\u0142agaln\u0105 o odwr\u00f3cenie nieszcz\u0119\u015b\u0107 i dobr\u0105 pogod\u0119, dlatego przy czterech o\u0142tarzach \u015bpiewano pocz\u0105tkowe teksty Ewangelii i udzielano uroczystego b\u0142ogos\u0142awie\u0144stwa. W Polsce zwyczaj ten wszed\u0142 do &#8222;Rytua\u0142u piotrkowskiego&#8221; z 1631 r. Rzymskie przepisy procesji zawarte w &#8222;Caeremoniale episcoporum&#8221; (1600 r.) i &#8222;Rituale romanum&#8221; (1614 r.) przewidywa\u0142y jedynie przej\u015bcie z Naj\u015bwi\u0119tszym Sakramentem bez zatrzymywania si\u0119 i b\u0142ogos\u0142awie\u0144stwo eucharystyczne na zako\u0144czenie.<br \/>\nProcesj\u0119 odprawiano z wielkim przepychem od pocz\u0105tku jej wprowadzenia. Od czasu zakwestionowania tych praktyk przez reformacj\u0119, udzia\u0142 w procesji traktowano jako publiczne wyznanie wiary.<\/p>\n<p>&nbsp;<br \/>\n<img decoding=\"async\" id=\"ogloszenia-856\" src=\"http:\/\/rafalk-elblag.pl\/wp-content\/uploads\/2020\/04\/baner-ogloszenia-parafialne.jpg\"><\/p>\n<h2>Og\u0142oszenia parafialne 07.06.2020<\/h2>\n<p><strong>1.<\/strong> Zapraszamy dzisiaj na Adoracj\u0119 Naj\u015bwi\u0119tszego Sakramentu od godz. 15:00 do godz. 18:00. Rozpocznie si\u0119 ona Koronk\u0105 do Bo\u017cego Mi\u0142osierdzia.<\/p>\n<p><strong>2.<\/strong> Przez ca\u0142y czerwiec odprawiamy Nabo\u017ce\u0144stwa Eucharystyczne ku czci Naj\u015bwi\u0119tszego Serca Pana Jezusa. Do udzia\u0142u w nich zapraszamy doros\u0142ych, m\u0142odzie\u017c i dzieci codziennie o godz. 17:30.<\/p>\n<p><strong>3.<\/strong> Dzisiejsze ofiary z\u0142o\u017cone na tac\u0119 przeznaczone s\u0105 na sp\u0142at\u0119 pierwszej raty za wykonan\u0105 fotowoltaik\u0119 na plebanii. B\u00f3g zap\u0142a\u0107 za otwarto\u015b\u0107 i zrozumienie.<\/p>\n<p><strong>4.<\/strong> Wszystkich, kt\u00f3rzy w tym roku pragn\u0105 wybra\u0107 si\u0119 na XXVIII Elbl\u0105sk\u0105 Pielgrzymk\u0119 Piesz\u0105 na Jasn\u0105 G\u00f3r\u0119 prosz\u0119 o kontakt z ks. Marcinem. Za tydzie\u0144 przed ko\u015bcio\u0142em b\u0119dziemy mogli z\u0142o\u017cy\u0107 dobrowoln\u0105 ofiar\u0119 do puszek na organizacj\u0119 grupy P\u00d3\u0141NOC ELBL\u0104G, kt\u00f3rej opiekunem jest ks. Marcin Dopiera\u0142a.<\/p>\n<p><strong>5.<\/strong> Zapraszamy dziewczynki do sypania kwiat\u00f3w w czasie procesji wok\u00f3\u0142 ko\u015bcio\u0142a w Bo\u017ce Cia\u0142o tj. 11 czerwca br. na Mszy \u015bw. o godz. 12:00. Prosimy rodzic\u00f3w o zach\u0119cenie dzieci do czynnego udzia\u0142u w procesji.<\/p>\n<p><strong>6.<\/strong> W czwartek (11 czerwca) przypada UROCZYSTO\u015a\u0106 NAJ\u015aWI\u0118TSZEGO CIA\u0141A<br \/>\nI KRWI CHRYSTUSA tj. BO\u017bEGO CIA\u0141A. Msze \u015bw. odprawione b\u0119d\u0105 o godz. 7.00, 9.00, 10.30, 12:00 i 18.00. W tym roku z powodu pandemii nie wyruszy procesja do czterech o\u0142tarzy. Mimo to zach\u0119camy parafian do przyozdobienia okien swoich mieszka\u0144. PROCESJA EUCHARYSTYCZNA B\u0118DZIE TYLKO PO MSZY \u015aW. O GODZ. 12:00.<\/p>\n<p><strong>7.<\/strong> W Oktawie Bo\u017cego Cia\u0142a zapraszamy wiernych do udzia\u0142u nabo\u017ce\u0144stwie czerwcowym po\u0142\u0105czonym z PROCESJ\u0104 EUCHARYSTYCZN\u0104 o godz. 17:30 i we Mszy \u015bw. Zapraszamy dzieci do sypania kwiat\u00f3w, a doros\u0142ych do przygotowania procesji. Udzia\u0142 w procesji jest wyrazem wiary w obecno\u015b\u0107 Jezusa Chrystusa w Naj\u015bwi\u0119tszym Sakramencie.<\/p>\n<p><strong>8.<\/strong> Zapraszamy wszystkich na MSZ\u0118 \u015aW. PRYMICYJN\u0104 Neoprezbitera ks. Micha\u0142a Semeniuka w Uroczysto\u015b\u0107 Bo\u017cego Cia\u0142a o godz. 12:00. Niech nasz udzia\u0142 w tym wydarzeniu b\u0119dzie wyrazem wdzi\u0119czno\u015bci Panu Bogu za dar kolejnego kap\u0142ana z naszej parafii.<\/p>\n<p><strong>9.<\/strong> Spotkanie dla przygotowuj\u0105cych si\u0119 do SAKRAMENTU BIERZMOWANIA we wtorek o godz. 19:00 w ko\u015bciele. Obecno\u015b\u0107 obowi\u0105zkowa dla wszystkich.<\/p>\n<p><strong>10.<\/strong> W czwartek 25 czerwca br. m\u0142odzie\u017c naszej parafii na Mszy \u015bw. o godz. 18:00 pod przewodnictwem J. E. Ks. Biskupa Wojciecha Skibickiego przyjmie SAKRAMENT BIERZMOWANIA. Zwracamy si\u0119 z gor\u0105c\u0105 pro\u015bb\u0105 do rodzic\u00f3w o zainteresowanie i wsp\u00f3lne przygotowanie si\u0119 z dzie\u0107mi do tak wa\u017cnego wydarzenia w ich \u017cyciu jakim jest Sakrament Bierzmowania \u2013 sakrament dojrza\u0142o\u015bci chrze\u015bcija\u0144skiej. Dzi\u0119kujemy.<\/p>\n<p><strong>11.<\/strong> Z dniem 31 maja 2020 roku powr\u00f3cili\u015bmy do pe\u0142nego otwarcia ko\u015bcio\u0142\u00f3w w Polsce. Przypominamy, \u017ce ludzie zdrowi maj\u0105 obowi\u0105zek uczestniczenia w Niedzielnej Mszy \u015bw. Powr\u00f3cili\u015bmy do porz\u0105dku Mszy \u015bw. o godz.: 7:00, 9:00, 10:30(z udzia\u0142em dzieci), 12:00(Suma Parafialna), 18:00(z udzia\u0142em m\u0142odzie\u017cy).<br \/>\nUWAGA !!! W okresie czerwca, lipca i sierpnia nie b\u0119dzie Mszy \u015bw. o godz. 15:00. Wszystkich Czcicieli Mi\u0142osierdzia Bo\u017cego zapraszamy w tym czasie do ko\u015bcio\u0142a na wsp\u00f3ln\u0105 Koronk\u0119 do Mi\u0142osierdzia Bo\u017cego.<\/p>\n<p><strong>12.<\/strong> Przed ko\u015bcio\u0142em mo\u017cna naby\u0107 Go\u015bcia Niedzielnego w cenie 6 z\u0142.<\/p>\n<p>13. Pan powo\u0142a\u0142 do wieczno\u015bci: \u015bp. Halin\u0119 Bugajsk\u0105 lat 55 z ul. K\u0142oczowskiego.<\/p>\n<p>&nbsp;<\/p>\n<p><img decoding=\"async\" id=\"intencje-856\" src=\"http:\/\/rafalk-elblag.pl\/wp-content\/uploads\/2020\/04\/baner-intencje-mszy.jpg\"><\/p>\n<h2>Intencje mszalne 07.06.2020<\/h2>\n<p><strong>PONIEDZIA\u0141EK \/ 8 czerwca 2020r. \/ \u015bw. Jadwigi<\/strong><br \/>\n8.00<br \/>\n18.00 \u2020 Dusze w czy\u015b\u0107cu cierpi\u0105ce<br \/>\n18.00 \u2020 W\u0142adys\u0142aw Wiadrowski w 1 r. \u015bm.<\/p>\n<p><strong>WTOREK \/ 9 czerwca 2020r. \/ \u015bw. Efrema<\/strong><br \/>\n8.00<br \/>\n18.00 \u2020 Zmarli rodzice i rodze\u0144stwo z rodz. Jezierskich<br \/>\n18.00 \u2020 Zofia Reczek w 2 r.\u015bm. i Tadeusz Reczek<\/p>\n<p><strong>\u015aRODA \/ 10 czerwca 2020r.<\/strong><br \/>\n8.00 \u2020 J\u00f3zef Sejmicki z okazji ziemskich urodzin<br \/>\n18.00<br \/>\n18.00 O Bo\u017ce b\u0142og., opiek\u0119 MB i potrzebne \u0142aski dla Gosi Szostek w dniu imienin oraz dla rodziny<\/p>\n<p><strong>CZWARTEK \/ 11 czerwca 2020r. \/ Uroczysto\u015b\u0107 Naj\u015bwi\u0119tszego Cia\u0142a i Krwi Chrystusa<\/strong><br \/>\n7.00 \u2020 Stefania Sakowska<br \/>\n9.00 \u2020 Jan Witkowski oraz bliscy zmarli z obojga stron<br \/>\n10.30 W intencji Parafian<br \/>\n12.00 O \u0142ask\u0119 zdrowia, Bo\u017ce b\u0142og., opiek\u0119 MB dla Aleksandry Doleckiej<br \/>\n18.00 \u2020 Janina Janta-Lipi\u0144ska w 2 r. \u015bm., Stefan w 8 r. \u015bm. i Teofil Mago\u0144 w 40 r. \u015bm.<\/p>\n<p><strong>PI\u0104TEK \/ 12 czerwca 2020r.<\/strong><br \/>\n8.00 \u2020 Stefania (k) i Franciszek Murawscy<br \/>\n8.00 O \u0142ask\u0119 zdrowia, Bo\u017ce b\u0142og., opiek\u0119 MB dla Aleksandry Doleckiej<br \/>\n18.00 Dzi\u0119kczynna w Rocznic\u0119 \u015awi\u0119ce\u0144 Kap\u0142a\u0144skich ks. Piotra Wolnikowskiego z pro\u015bb\u0105 o Bo\u017ce b\u0142ogos\u0142awie\u0144stwo i potrzebne \u0142aski \u2013 int. od Margaretki \/ Zjazd Ksi\u0119\u017cy z Rocznika<\/p>\n<p><strong>SOBOTA \/ 13 czerwca 2020r. \/ \u015bw. Antoniego<\/strong><br \/>\n8.00 O \u0142ask\u0119 zdrowia, Bo\u017ce b\u0142og., opiek\u0119 MB dla Aleksandry Doleckiej<br \/>\n18.00 \u2020 Jan Przeworski, Albina (k) i Tadeusz Leszczy\u0144scy<br \/>\n18.00 \u2020 Stanis\u0142aw Ko\u0142ecki w 1 r. \u015bm.<\/p>\n<p><strong>XI Niedziela Zwyk\u0142a \/ 14 czerwca 2020r.<\/strong><br \/>\n7.00 \u2020 Stefania Sakowska<br \/>\n9.00 Rez.<br \/>\n9.00 \u2020 Zmarli rodzice: Urbanowscy, Polma\u0144scy, Antoni Szwarc i zm. z rodz.<br \/>\n10.30 \u2020 Lucjan Lasek z ok. ziemskich urodzin, oraz Bronis\u0142awa (k), Stanis\u0142aw, Marianna, Feliks i Sylwester<br \/>\n12.00 Dzi\u0119k. w 45 rocz. \u015blubu Gra\u017cyny i Ryszarda Zamrzyckich z pro\u015bb\u0105 o Bo\u017ce b\u0142og. i opiek\u0119 MB<br \/>\n18.00 \u2020 Stefania (k), Brunon Lendzio\u0142, Marianna i Kazimierz Kirzeniewscy, Franciszek Chabrowski<\/p>\n","protected":false},"excerpt":{"rendered":"<p>DLACZEGO \u015aWI\u0118TUJEMY BO\u017bE CIA\u0141O? Og\u0142oszenia parafialne 07.06.2020 Intencje mszalne 07.06.2020 DLACZEGO \u015aWI\u0118TUJEMY BO\u017bE CIA\u0141O? Uroczysto\u015b\u0107 Naj\u015bwi\u0119tszego Cia\u0142a i Krwi Chrystusa, Bo\u017ce Cia\u0142o jest jednym z g\u0142\u00f3wnych \u015bwi\u0105t obchodzonych w Ko\u015bciele katolickim. Cho\u0107 \u015bwiadomo\u015b\u0107 niezwyk\u0142ego cudu przemiany konsekrowanego chleba i wina w rzeczywiste Cia\u0142o i Krew Chrystusa towarzyszy\u0142a wiernym od pocz\u0105tku chrze\u015bcija\u0144stwa, jednak trzeba by\u0142o czeka\u0107 [&hellip;]<\/p>\n","protected":false},"author":1,"featured_media":3944,"comment_status":"closed","ping_status":"closed","sticky":false,"template":"","format":"standard","meta":{"ngg_post_thumbnail":0,"footnotes":""},"categories":[11,8,4,3],"tags":[],"class_list":["post-3943","post","type-post","status-publish","format-standard","has-post-thumbnail","hentry","category-aktualnosci","category-blog","category-intencje","category-ogloszenia"],"_links":{"self":[{"href":"https:\/\/rafalk-elblag.pl\/index.php?rest_route=\/wp\/v2\/posts\/3943","targetHints":{"allow":["GET"]}}],"collection":[{"href":"https:\/\/rafalk-elblag.pl\/index.php?rest_route=\/wp\/v2\/posts"}],"about":[{"href":"https:\/\/rafalk-elblag.pl\/index.php?rest_route=\/wp\/v2\/types\/post"}],"author":[{"embeddable":true,"href":"https:\/\/rafalk-elblag.pl\/index.php?rest_route=\/wp\/v2\/users\/1"}],"replies":[{"embeddable":true,"href":"https:\/\/rafalk-elblag.pl\/index.php?rest_route=%2Fwp%2Fv2%2Fcomments&post=3943"}],"version-history":[{"count":1,"href":"https:\/\/rafalk-elblag.pl\/index.php?rest_route=\/wp\/v2\/posts\/3943\/revisions"}],"predecessor-version":[{"id":3946,"href":"https:\/\/rafalk-elblag.pl\/index.php?rest_route=\/wp\/v2\/posts\/3943\/revisions\/3946"}],"wp:featuredmedia":[{"embeddable":true,"href":"https:\/\/rafalk-elblag.pl\/index.php?rest_route=\/wp\/v2\/media\/3944"}],"wp:attachment":[{"href":"https:\/\/rafalk-elblag.pl\/index.php?rest_route=%2Fwp%2Fv2%2Fmedia&parent=3943"}],"wp:term":[{"taxonomy":"category","embeddable":true,"href":"https:\/\/rafalk-elblag.pl\/index.php?rest_route=%2Fwp%2Fv2%2Fcategories&post=3943"},{"taxonomy":"post_tag","embeddable":true,"href":"https:\/\/rafalk-elblag.pl\/index.php?rest_route=%2Fwp%2Fv2%2Ftags&post=3943"}],"curies":[{"name":"wp","href":"https:\/\/api.w.org\/{rel}","templated":true}]}}