{"id":3931,"date":"2020-05-30T10:27:50","date_gmt":"2020-05-30T10:27:50","guid":{"rendered":"http:\/\/rafalk-elblag.pl\/?p=3931"},"modified":"2020-05-30T11:21:58","modified_gmt":"2020-05-30T11:21:58","slug":"biuletyn-nr-855-31-05-2020r-wniebowstapienie-panskie","status":"publish","type":"post","link":"https:\/\/rafalk-elblag.pl\/?p=3931","title":{"rendered":"Biuletyn nr 855 \/ 31.05.2020r. Zes\u0142anie Ducha \u015awi\u0119tego"},"content":{"rendered":"<p><a href=\"#ogloszenia-855\">Zes\u0142anie Ducha \u015awi\u0119tego<\/a><br \/>\n<a href=\"#ogloszenia-855\">Og\u0142oszenia parafialne 31.05.2020<\/a><br \/>\n<a href=\"#intencje-855\">Intencje mszalne 31.05.2020<\/a><\/p>\n<h1>UWAGA<\/h1>\n<p>W zwi\u0105zku ze zniesieniem ogranicze\u0144 ilo\u015bci os\u00f3b w ko\u015bciele, SERDECZNIE ZAPRASZAMY <a href=\"http:\/\/rafalk-elblag.pl\/wp-content\/uploads\/2020\/05\/baner-855.jpg\"><strong>na Uroczysto\u015b\u0107 Mszy \u015awi\u0119tej Prymicyjnej ks. Neoprezbitera \u2013 Micha\u0142a Semeniuka<\/strong>,<\/a> kt\u00f3r\u0105 odprawi w Niedziel\u0119 31 Maja o godz. 13.00. Pami\u0119tajmy o Nim w naszych modlitwach.<\/p>\n<p><img decoding=\"async\" id=\"temat-855\" src=\"http:\/\/rafalk-elblag.pl\/wp-content\/uploads\/2020\/05\/baner-855.jpg\"><\/p>\n<h1>NA KOGO CZEKACIE?<\/h1>\n<p><strong>Duch \u015awi\u0119ty jest nazwany Parakletem, co na j\u0119zyk polski tradycyjnie jest t\u0142umaczone jako Pocieszyciel. Jednak zgodnie z oryginalnym znaczeniem tego s\u0142owa, Paraklet to ten, kt\u00f3ry umacnia, staje w obronie, wstawia si\u0119 za nami. To oznacza, \u017ce gdy Aposto\u0142owie zgromadzeni w Wieczerniku otrzymali dar Ducha, zostali umocnieni. Ta moc przejawi\u0142a si\u0119 natychmiast. Przedtem co prawda trwali na modlitwie, ale nie wychodzili do ludzi z Dobr\u0105 Nowin\u0105 o Jezusie.<\/strong><\/p>\n<p>Po wydarzeniu Zielonych \u015awi\u0105t wszystko si\u0119 zmieni\u0142o. Chocia\u017c, jak zanotowano w Dziejach Apostolskich, podejrzewano ich o \u201eupicie si\u0119 m\u0142odym winem\u201d nie by\u0142a to zmiana chwilowa, nag\u0142e uniesienie, przyp\u0142yw emocji, kt\u00f3ry pozwala\u0142 na kr\u00f3tko prze\u0142ama\u0107 swoje obawy i niepokoje. Zmiana, jakiej dokona\u0142 Duch \u015awi\u0119ty w uczniach Jezusa, by\u0142a trwa\u0142a &#8211; stali si\u0119 Aposto\u0142ami i rozpocz\u0119li g\u0142oszenie Ewangelii. Takie dzia\u0142anie Ducha objawia si\u0119 nieustannie w Ko\u015bciele. Duch \u015awi\u0119ty buduje Ko\u015bci\u00f3\u0142, a w pierwszych wiekach chrze\u015bcija\u0144stwa Ojcowie Ko\u015bcio\u0142a wskazywali w\u0142a\u015bnie na Ko\u015bci\u00f3\u0142 &#8211; wsp\u00f3lnot\u0119 wierz\u0105cych &#8211; jako na najwa\u017cniejszy znak dzia\u0142ania Ducha.<\/p>\n<p>Uroczysto\u015b\u0107 Zes\u0142ania Ducha \u015awi\u0119tego jest odnowieniem wiary w to, \u017ce \u017caden cz\u0142owiek nie jest sam na drodze \u017cycia. Moc Ducha to moc przezwyci\u0119\u017cania grzechu, nie tylko swojego, ale tak\u017ce moc obrony przed z\u0142em cudzego grzechu. Dar Ducha jest darem dla ca\u0142ego Ko\u015bcio\u0142a.<\/p>\n<p>Liturgiczny obch\u00f3d uroczysto\u015bci Zes\u0142ania Ducha \u015awi\u0119tego obchodzony jest w Ko\u015bciele siedem tygodni po Wielkiejnocy i nosi nazw\u0119 Zielonych \u015awi\u0105tk\u00f3w. Odpowiada \u017cydowskiemu \u015awi\u0119tu Tygodni, Szawuoth, obchodzonemu w 50 dniu po \u015bwi\u0119cie Paschy (tzw. Pi\u0119\u0107dziesi\u0105tnica).<\/p>\n<p>Nazwa ta pochodzi od pi\u0119\u0107dziesi\u0105tego dnia po \u015bwi\u0119cie Paschy, kiedy to obchodzono w Starym Testamencie \u015bwi\u0119to dzi\u0119kczynienia za \u017cniwa. Wspominano wtedy r\u00f3wnie\u017c og\u0142oszenie Dziesi\u0119ciu Przykaza\u0144, kt\u00f3re dokona\u0142o si\u0119 na g\u00f3rze Synaj pi\u0119\u0107dziesi\u0105tego dnia po wyj\u015bciu z Egiptu. W tym dniu zst\u0105pi\u0142 na Aposto\u0142\u00f3w Duch \u015awi\u0119ty w postaci ognia i wichru. Jest On pierwsz\u0105 i najwy\u017csz\u0105 Mi\u0142o\u015bci\u0105, jest \u017ar\u00f3d\u0142em wszelkiej mi\u0142o\u015bci w stworzeniach. Duchowi \u015awi\u0119temu przypisujemy doprowadzenie dzie\u0142 Bo\u017cych do doskona\u0142o\u015bci, a zw\u0142aszcza u\u015bwi\u0119cenie dusz.<\/p>\n<p><strong>W dzie\u0144 Zes\u0142ania Ducha \u015awi\u0119tego Ko\u015bci\u00f3\u0142 Chrystusowy rozpocz\u0105\u0142 swoj\u0105 dzia\u0142alno\u015b\u0107. Aposto\u0142owie umocnieni darami Ducha \u015awi\u0119tego odwa\u017cnie zacz\u0119li g\u0142osi\u0107 dobr\u0105 nowin\u0119 o Chrystusie Odkupicielu.<\/strong> Duch \u015awi\u0119ty uczyni\u0142 ich s\u0142owa skutecznymi i doprowadzi\u0142 oko\u0142o trzech tysi\u0119cy ludzi do chrztu \u015bwi\u0119tego. W ten spos\u00f3b powsta\u0142a pierwsza gmina chrze\u015bcija\u0144ska, kt\u00f3ra z czasem rozwin\u0119\u0142a si\u0119 w Ko\u015bci\u00f3\u0142 katolicki, czyli powszechny, ogarniaj\u0105cy ca\u0142\u0105 kul\u0119 ziemsk\u0105. Duch \u015awi\u0119ty jest jakby dusz\u0105 Ko\u015bcio\u0142a \u015bwi\u0119tego. Mimo wielu ludzkich s\u0142abo\u015bci, a nawet grzech\u00f3w jego cz\u0142onk\u00f3w, ci\u0105gle go o\u017cywia, strze\u017ce przed b\u0142\u0119dem w wierze i prowadzi drog\u0105 \u015bwiat\u0142o\u015bci.<\/p>\n<p>&nbsp;<br \/>\n<img decoding=\"async\" id=\"ogloszenia-855\" src=\"http:\/\/rafalk-elblag.pl\/wp-content\/uploads\/2020\/04\/baner-ogloszenia-parafialne.jpg\"><\/p>\n<h2>Og\u0142oszenia parafialne 31.05.2020<\/h2>\n<p><strong>NIEDZIELA ZES\u0141ANIA DUCHA \u015aWI\u0118TEGO<\/strong><\/p>\n<p><strong>1.<\/strong> Dzisiaj Uroczysto\u015b\u0107 Zes\u0142ania Ducha \u015awi\u0119tego, a zarazem dzie\u0144, w kt\u00f3rym mo\u017cemy uzyska\u0107 ODPUST ZUPE\u0141NY pod zwyk\u0142ymi warunkami za udzia\u0142 w publicznym \u015bpiewie lub recytacji hymnu: \u201eO Stworzycielu, Duchu przyjd\u017a\u201d.<\/p>\n<p><strong>2.<\/strong> Jutro prze\u017cywa\u0107 b\u0119dziemy \u015bwi\u0119to NAJ\u015aWI\u0118TSZEJ MARYI PANNY MATKI KO\u015aCIO\u0141A. Ustanowi\u0142 je papie\u017c Benedykt XV w 1920 roku na pro\u015bb\u0119 polskich biskup\u00f3w po odzyskaniu przez Polsk\u0119 Niepodleg\u0142o\u015bci. Zapraszamy wszystkich parafian do udzia\u0142u w Eucharystii o godz. 8:00 i 18:00, by w tych trudnych czasach pandemii i niepokoju spo\u0142ecznego prosi\u0107 Maryj\u0119 s\u0142owami S\u0142ugi Bo\u017cego Kard. Stefana Wyszy\u0144skiego: \u201eOka\u017c si\u0119 Matk\u0105 Ko\u015bcio\u0142a w Ojczy\u017anie naszej i na ca\u0142ym \u015bwiecie\u201d.<\/p>\n<p><strong>3.<\/strong> Przez ca\u0142y czerwiec odprawiamy Nabo\u017ce\u0144stwa Eucharystyczne ku czci Naj\u015bwi\u0119tszego Serca Pana Jezusa. Do udzia\u0142u w nich zapraszamy doros\u0142ych i m\u0142odzie\u017c codziennie o godz. 17:30. W poniedzia\u0142ek 1 czerwca tj. w DZIE\u0143 DZIECKA dzieci b\u0119d\u0105 mia\u0142y swoje nabo\u017ce\u0144stwo o godz. 16:30. Zako\u0144czymy je indywidualnym b\u0142ogos\u0142awie\u0144stwem. Gor\u0105co zapraszamy dzieci i rodzic\u00f3w.<\/p>\n<p><strong>4.<\/strong> Dzi\u0119kuj\u0119 ks. Piotrowi oraz Wsp\u00f3lnocie \u201eKana Galilejska\u201d za zorganizowanie WIGILII ZES\u0141ANIA DUCHA \u015aWI\u0118TEGO. Dzi\u0119kuj\u0119 te\u017c wszystkim zaanga\u017cowanym wsp\u00f3lnotom i osobom, kt\u00f3re skorzysta\u0142y z zaproszenia.<\/p>\n<p><strong>5.<\/strong> W pierwszy czwartek 4 czerwca br. a zarazem w \u015aWI\u0118TO JEZUSA CHRYSTUSA NAJWY\u017bSZEGO I WIECZNEGO KAP\u0141ANA zapraszamy wszystkich wiernych a szczeg\u00f3lnie Apostolat Margaretka i cz\u0142onk\u00f3w wsp\u00f3lnot parafialnych na Msz\u0119 \u015bw. o godz. 18:00 w intencji kap\u0142an\u00f3w pos\u0142uguj\u0105cych w naszej parafii. Tego dnia dzi\u0119kowa\u0107 b\u0119dziemy za prze\u017cyte lata w Kap\u0142a\u0144stwie Chrystusowym: ks. Piotr Bryk \u2013 w 27 rocznic\u0119, ks. Wojciech Zwolicki \u2013 w 26 rocznic\u0119, ks. Piotr Wolnikowski \u2013 w 6 rocznic\u0119, ks. Marcin Dopiera\u0142a \u2013 1 rocznic\u0119. Prosimy o modlitw\u0119 w naszych intencjach.<\/p>\n<p><strong>6.<\/strong> W tym tygodniu przypada pierwszy czwartek, pi\u0105tek i sobota miesi\u0105ca.<\/p>\n<ul>\n<li>w pierwszy czwartek b\u0119dziemy modli\u0107 si\u0119 o \u015bwi\u0119to\u015b\u0107 dla kap\u0142an\u00f3w oraz o liczne i \u015bwi\u0119te powo\u0142ania kap\u0142a\u0144skie, zakonne i misyjne z naszej parafii. Zapraszamy od godz. 17:00 na ,,Godzin\u0119 \u015awi\u0119t\u0105\u201d czyli Adoracj\u0119 przed Naj\u015bwi\u0119tszym Sakramentem a po Niej na Msz\u0119 \u015bwi\u0119t\u0105 za kap\u0142an\u00f3w tutaj pos\u0142uguj\u0105cych.<\/li>\n<li>w pierwszy pi\u0105tek spowied\u017a dla wszystkich od 17:30 i Msza \u015awi\u0119t\u0105 Wotywna o NSPJ o godz.18:00. UWAGA!!! Kap\u0142ani udadz\u0105 si\u0119 do swoich chorych od godz. 9:30.<\/li>\n<li>w pierwsz\u0105 sobot\u0119 przed Msz\u0105 \u015bw. o godz. 17:00 nabo\u017ce\u0144stwo wynagradzaj\u0105ce Niepokalanemu Sercu Maryi za zniewagi grzesznik\u00f3w. Tego dnia zmiana tajemnic.<\/li>\n<\/ul>\n<p><strong>7.<\/strong> Ojciec \u015awi\u0119ty wyznaczy\u0142 Papieskie Dzie\u0142a Misyjne do uruchomienia zbi\u00f3rki na specjalny fundusz solidarno\u015bciowy z krajami misyjnymi dotkni\u0119tymi COVID-19. Dyrekcja Krajowa Papieskich Dzie\u0142 Misyjnych w Polsce odpowiadaj\u0105c na ten apel &#8211; uruchomi\u0142a zbi\u00f3rk\u0119 na portalu <span style=\"text-decoration: underline;\"><a href=\"https:\/\/www.katolikwspiera.pl\/apel-papieza-franciszka-o-pomoc.html\" target=\"_blank\" rel=\"noopener noreferrer\">https:\/\/www.katolikwspiera.pl\/<\/a><\/span><\/p>\n<p><strong>8.<\/strong> Z dniem 31 maja 2020 roku powracamy do pe\u0142nego otwarcia ko\u015bcio\u0142\u00f3w w Polsce. Zgodnie z decyzj\u0105 rz\u0105du \u2013 wszystkich wiernych uczestnicz\u0105cych we Mszach \u015bw. i Nabo\u017ce\u0144stwach obowi\u0105zuje u\u017cywanie maseczek i zachowanie odpowiedniej odleg\u0142o\u015bci mi\u0119dzy osobami.<\/p>\n<p><strong>9.<\/strong> Ze wzgl\u0119du na zniesienie ogranicze\u0144 ilo\u015bci os\u00f3b w ko\u015bciele od czerwca porz\u0105dek Mszy \u015bw. niedzielnych jest nast\u0119puj\u0105cy: 7:00, 9:00, 10:30(z udzia\u0142em dzieci), 12:00(Suma Parafialna), 18:00(z udzia\u0142em m\u0142odzie\u017cy). UWAGA !!! W okresie czerwca, lipca i sierpnia nie b\u0119dzie Mszy \u015bw. o godz. 15:00. Wszystkich Czcicieli Mi\u0142osierdzia Bo\u017cego zapraszamy w tym czasie do ko\u015bcio\u0142a na wsp\u00f3ln\u0105 Koronk\u0119 do Mi\u0142osierdzia Bo\u017cego.<\/p>\n<p><strong>10.<\/strong> Za tydzie\u0144 (7 czerwca) taca przeznaczona jest na sp\u0142at\u0119 pierwszej raty za wykonan\u0105 fotowoltaik\u0119 na plebanii. B\u00f3g zap\u0142a\u0107 za otwarto\u015b\u0107 i zrozumienie.<\/p>\n<p><strong>11.<\/strong> Przed ko\u015bcio\u0142em mo\u017cna naby\u0107 Go\u015bcia Niedzielnego w cenie 6 z\u0142.<\/p>\n<p>&nbsp;<\/p>\n<p><img decoding=\"async\" id=\"intencje-855\" src=\"http:\/\/rafalk-elblag.pl\/wp-content\/uploads\/2020\/04\/baner-intencje-mszy.jpg\"><\/p>\n<h2>Intencje mszalne 31.05.2020<\/h2>\n<p><strong>PONIEDZIA\u0141EK \/ 1 czerwca 2020r. \/ Naj\u015bwi\u0119tszej Maryi Panny Matki Ko\u015bcio\u0142a<\/strong><br \/>\n8.00 W int. Wiktorii z pro\u015bb\u0105 o dary Ducha \u015awi\u0119tego na czas egzamin\u00f3w oraz o Bo\u017ce b\u0142og. i potrzebne \u0142aski<br \/>\n18.00 \u2020 J\u00f3zef \u0141opaciuk w rocz. \u015bm.<br \/>\n18.00 \u2020 Genowefa Rze\u017anikiewicz w 2 r.\u015bm.<br \/>\n18.00 O Bo\u017ce b\u0142og., opiek\u0119 MB i wszelkie potrzebne \u0142aski dla Iwony i Wojciecha z okazji 17 rocz. \u015blubu<\/p>\n<p><strong>WTOREK \/ 2 czerwca 2020r.<\/strong><br \/>\n8.00 \u2020 Anatol Usik w 30 dpp.<br \/>\n8.00 O zdrowie i Bo\u017ce b\u0142og. dla Zbigniewa Jackiewicza i jego rodziny<br \/>\n18.00 \u2020 Maria i Stanis\u0142aw G\u00f3rscy i zm. z rodz. z obojga stron<\/p>\n<p><strong>\u015aRODA \/ 3 czerwca 2020r. \/ \u015bw. Karola Lwangi i Towarzyszy<\/strong><br \/>\n8.00 \u2020 Adam Zieli\u0144ski i wszyscy zmarli z jego rodziny<br \/>\n18.00 O szcz\u0119\u015bliwe rozwi\u0105zanie dla Martyny i zdrowie dla dziecka<br \/>\n18.00 \u2020 W\u0142adyslaw Zychowicz w 8 r.\u015bm. i Katarzyna Zychowicz<\/p>\n<p><strong>CZWARTEK \/ 4 czerwca 2020r. \/ Jezusa Chrystusa Najwy\u017cszego i Wiecznego Kap\u0142ana<\/strong><br \/>\n8.00 O zdrowie i Bo\u017ce b\u0142og. dla Zbigniewa Jackiewicza i jego rodziny<br \/>\n18.00 Dzi\u0119kczynna z okazji rocznicy \u015bwi\u0119ce\u0144 ksi\u0119\u017cy pracuj\u0105cych w parafii<br \/>\n18.00 O rozeznanie powo\u0142ania dla m\u0142odych ludzi oraz Bo\u017ce b\u0142og. dla ks. Neoprezbitera Micha\u0142a<\/p>\n<p><strong>PI\u0104TEK \/ 5 czerwca 2020r. \/ \u015bw. Bonifacego<\/strong><br \/>\n8.00 \u2020 Gabriela Roszycka w 30 dpp.<br \/>\n18.00 W int. Czcicieli Naj\u015bwi\u0119tszego Serca Pana Jezusa<br \/>\n18.00 Dzi\u0119k. w 40 urodziny Joanny z pro\u015bb\u0105 o Bo\u017ce b\u0142og. i potrzebne \u0142aski dla Jubilatki<\/p>\n<p><strong>SOBOTA \/ 6 czerwca 2020r.<\/strong><br \/>\n8.00 O Bo\u017ce b\u0142og. dla Marcina, Wioletty i Dominika<br \/>\n18.00 O otwarcie na Bo\u017c\u0105 mi\u0142o\u015b\u0107 i \u0142ask\u0119 dla dzieci i m\u0142odzie\u017cy przygotowuj\u0105cych si\u0119 do przyj\u0119cia I Komunii \u015aw. i Bierzmowania<br \/>\n18.00 \u2020 Krystyna w r.\u015bm., J\u00f3zef i Teresa Barto\u015b, Helena Cyrek i dziadkowie z obojga stron<br \/>\n18.00 \u2020 Leszek z ok. ziemskich urodzin i imienin<\/p>\n<p><strong>Niedziela Naj\u015bwi\u0119tszej Tr\u00f3jcy \/ 7 czerwca 2020r.<\/strong><br \/>\n7.00 \u2020 Emilia i Wac\u0142aw Czeszejko-Sochaccy<br \/>\n9.00 O do\u015bwiadczenie Bo\u017cej mi\u0142o\u015bci dla Karoliny i Sebastiana<br \/>\n9.00 \u2020 Franciszka (k) i Bronis\u0142aw Walerzak, Marianna i W\u0142adys\u0142aw Ku\u015bniewscy i zm. rodzice z obojga stron<br \/>\n10.30 \u2020 Stefania Sakowska<br \/>\n12.00 W intencji Parafian<br \/>\n18.00 \u2020 Bogdan Koz\u0142owski w 7 r.\u015bm.<\/p>\n","protected":false},"excerpt":{"rendered":"<p>Zes\u0142anie Ducha \u015awi\u0119tego Og\u0142oszenia parafialne 31.05.2020 Intencje mszalne 31.05.2020 UWAGA W zwi\u0105zku ze zniesieniem ogranicze\u0144 ilo\u015bci os\u00f3b w ko\u015bciele, SERDECZNIE ZAPRASZAMY na Uroczysto\u015b\u0107 Mszy \u015awi\u0119tej Prymicyjnej ks. Neoprezbitera \u2013 Micha\u0142a Semeniuka, kt\u00f3r\u0105 odprawi w Niedziel\u0119 31 Maja o godz. 13.00. Pami\u0119tajmy o Nim w naszych modlitwach. NA KOGO CZEKACIE? Duch \u015awi\u0119ty jest nazwany Parakletem, co [&hellip;]<\/p>\n","protected":false},"author":1,"featured_media":3933,"comment_status":"closed","ping_status":"closed","sticky":false,"template":"","format":"standard","meta":{"ngg_post_thumbnail":0,"footnotes":""},"categories":[11,8,4,3],"tags":[],"class_list":["post-3931","post","type-post","status-publish","format-standard","has-post-thumbnail","hentry","category-aktualnosci","category-blog","category-intencje","category-ogloszenia"],"_links":{"self":[{"href":"https:\/\/rafalk-elblag.pl\/index.php?rest_route=\/wp\/v2\/posts\/3931","targetHints":{"allow":["GET"]}}],"collection":[{"href":"https:\/\/rafalk-elblag.pl\/index.php?rest_route=\/wp\/v2\/posts"}],"about":[{"href":"https:\/\/rafalk-elblag.pl\/index.php?rest_route=\/wp\/v2\/types\/post"}],"author":[{"embeddable":true,"href":"https:\/\/rafalk-elblag.pl\/index.php?rest_route=\/wp\/v2\/users\/1"}],"replies":[{"embeddable":true,"href":"https:\/\/rafalk-elblag.pl\/index.php?rest_route=%2Fwp%2Fv2%2Fcomments&post=3931"}],"version-history":[{"count":7,"href":"https:\/\/rafalk-elblag.pl\/index.php?rest_route=\/wp\/v2\/posts\/3931\/revisions"}],"predecessor-version":[{"id":3940,"href":"https:\/\/rafalk-elblag.pl\/index.php?rest_route=\/wp\/v2\/posts\/3931\/revisions\/3940"}],"wp:featuredmedia":[{"embeddable":true,"href":"https:\/\/rafalk-elblag.pl\/index.php?rest_route=\/wp\/v2\/media\/3933"}],"wp:attachment":[{"href":"https:\/\/rafalk-elblag.pl\/index.php?rest_route=%2Fwp%2Fv2%2Fmedia&parent=3931"}],"wp:term":[{"taxonomy":"category","embeddable":true,"href":"https:\/\/rafalk-elblag.pl\/index.php?rest_route=%2Fwp%2Fv2%2Fcategories&post=3931"},{"taxonomy":"post_tag","embeddable":true,"href":"https:\/\/rafalk-elblag.pl\/index.php?rest_route=%2Fwp%2Fv2%2Ftags&post=3931"}],"curies":[{"name":"wp","href":"https:\/\/api.w.org\/{rel}","templated":true}]}}