{"id":3922,"date":"2020-05-23T12:29:01","date_gmt":"2020-05-23T12:29:01","guid":{"rendered":"http:\/\/rafalk-elblag.pl\/?p=3922"},"modified":"2020-05-23T12:48:13","modified_gmt":"2020-05-23T12:48:13","slug":"biuletyn-nr-854-23-05-2020r-vii-niedziela-wielkanocna","status":"publish","type":"post","link":"https:\/\/rafalk-elblag.pl\/?p=3922","title":{"rendered":"Biuletyn nr 854 \/ 24.05.2020r. VII Niedziela Wielkanocna"},"content":{"rendered":"<p><a href=\"#ogloszenia-854\">Wniebowst\u0105pienie Pa\u0144skie<\/a><br \/>\n<a href=\"#ogloszenia-854\">Og\u0142oszenia parafialne 24.05.2020<\/a><br \/>\n<a href=\"#intencje-854\">Intencje mszalne 24.05.2020<\/a><\/p>\n<p><img decoding=\"async\" id=\"temat-854\" src=\"http:\/\/rafalk-elblag.pl\/wp-content\/uploads\/2020\/05\/baner-854-1.jpg\"><\/p>\n<h1>PAN JEZUS WST\u0118PUJE DO NIEBA<\/h1>\n<p><strong>Czterdzie\u015bci dni po Niedzieli Zmartwychwstania Chrystusa Ko\u015bci\u00f3\u0142 katolicki \u015bwi\u0119tuje uroczysto\u015b\u0107 Wniebowst\u0105pienia Pa\u0144skiego. Jest to pami\u0105tka triumfalnego powrotu Pana Jezusa do nieba, sk\u0105d przyszed\u0142 na ziemi\u0119 dla naszego zbawienia przyjmuj\u0105c natur\u0119 ludzk\u0105.<\/strong><br \/>\n<strong> Wniebowst\u0105pienie to nie tylko dzie\u0144 wielkiej rado\u015bci dla nieba, ale r\u00f3wnie\u017c dla ca\u0142ego rodzaju ludzkiego.<\/strong><\/p>\n<p>Oto Pan Jezus wst\u0105pi\u0142 do nieba nie sam, ale zabra\u0142 ze sob\u0105 wszystkie dusze \u015bwi\u0119tych. Ten dzie\u0144 jest tym rado\u015bniejszy, \u017ce Chrystus powr\u00f3ci\u0142 do swojego Ojca wraz z natur\u0105 ludzk\u0105, w kt\u00f3rej walczy\u0142 na ziemi i zwyci\u0119\u017cy\u0142. Przyoblek\u0142 si\u0119 w ni\u0105 dla naszego zbawienia, kiedy pocz\u0105\u0142 si\u0119 z Ducha \u015awi\u0119tego w \u0142onie Maryi Dziewicy. Teraz jako B\u00f3g &#8211; Cz\u0142owiek po pokonaniu \u015bmierci w tajemnicy zmartwychwstania i w tej naturze odbiera dodatkow\u0105 chwa\u0142\u0119. Wniebowst\u0105pienie to wi\u0119c nie tylko osobisty triumf Chrystusa, ale tak\u017ce nasze zwyci\u0119stwo, najwy\u017csza chwa\u0142a naszej ludzkiej natury. Kiedy wyznajemy wiar\u0119 podczas Mszy \u015bw., odmawiamy wtedy takie s\u0142owa: &#8221; Wst\u0105pi\u0142 do nieba, siedzi po prawicy Ojca&#8221;. Dla nas oznacza to, \u017ce zostali\u015bmy wyniesieni ponad wszystkie stworzenia, nawet ponad anio\u0142\u00f3w.<\/p>\n<p>W uwielbionej naturze Jezusa Chrystusa chwa\u0142\u0119 odbiera nie tylko cz\u0142owiek, ale r\u00f3wnie\u017c ca\u0142e stworzenie.<br \/>\nNale\u017ca\u0142oby si\u0119 zastanowi\u0107, do czego nasz Pan zobowi\u0105zuje nas w tajemnicy Wniebowst\u0105pienia. \u015aw. Augustyn zach\u0119ca wierz\u0105cych w Chrystusa w taki spos\u00f3b: &#8222;W dniu dzisiejszym nasz Pan, Jezus Chrystus, wst\u0105pi\u0142 do nieba: pod\u0105\u017cajmy tam sercem razem z Nim&#8221;. Przypomina w tym miejscu s\u0142owa \u015bw. Paw\u0142a, kt\u00f3ry nawo\u0142ywa\u0142: &#8222;Je\u015bli\u015bcie wi\u0119c razem z Chrystusem powstali z martwych, szukajcie tego, co w g\u00f3rze, gdzie przebywa Chrystus, zasiadaj\u0105c po prawicy Boga. D\u0105\u017ccie do tego, co w g\u00f3rze, nie do tego, co na ziemi&#8221; (Kol 3, 1-2).<\/p>\n<p>Dalej \u015bw. Augustyn przypomina, \u017ce Pan Jezus chocia\u017c wst\u0105pi\u0142 do nieba, nie odszed\u0142 od nas. Podobnie i my ju\u017c jeste\u015bmy razem z Nim w ojczy\u017anie niebieskiej, cho\u0107 w naszym ciele nie spe\u0142ni\u0142o si\u0119 jeszcze to, co jest nam obiecane. Tajemnica Wniebowst\u0105pienia nie ka\u017ce jednak odrywa\u0107 oczu od ziemi, lecz czyni\u0107 j\u0105 sobie poddan\u0105 w ten spos\u00f3b, aby budowa\u0107 &#8222;now\u0105 ziemi\u0119 i nowego niebo&#8221;. Tajemnica Wniebowst\u0105pienia ukazuje sens pracy i ludzkich wysi\u0142k\u00f3w, utwierdza chrze\u015bcija\u0144sk\u0105 misj\u0119 w \u015bwiecie. Ka\u017cdy cz\u0142owiek powo\u0142any jest do tego, aby podporz\u0105dkowuj\u0105c sobie ziemi\u0119, odnosi\u0142 do Boga siebie i wszystkie rzeczy. Chodzi tu r\u00f3wnie\u017c o zwyk\u0142e, codzienne zaj\u0119cia, najdrobniejsze nawet prace, kt\u00f3re rozwijaj\u0105 dzie\u0142o Stw\u00f3rcy, zaradzaj\u0105 potrzebom swoich braci.<\/p>\n<p><strong>PLAN CZUWANIA W WIGILI\u0118 ZES\u0141ANIA DUCHA \u015aWI\u0118TEGO<\/strong><\/p>\n<p><strong>SOBOTA 30 MAJA 2020 R.<\/strong><br \/>\n17.30 Wystawienie Naj\u015bwi\u0119tszego Sakramentu<\/p>\n<p><strong>Nabo\u017ce\u0144stwo Majow<\/strong>e<br \/>\n17.45 Katecheza: \u201eDuch \u015awi\u0119ty i Maryja\u201d<br \/>\n18.00 Czuwanie i adoracja prowadzona przez Wsp\u00f3lnot\u0119 Odnowy w Duchu \u015awi\u0119tym \u201eKana Galilejska\u201d<br \/>\n19.50 B\u0142ogos\u0142awie\u0144stwo \/ Przygotowanie do Eucharystii<br \/>\n20.00 Eucharystia<\/p>\n<p>&nbsp;<br \/>\n<img decoding=\"async\" id=\"ogloszenia-854\" src=\"http:\/\/rafalk-elblag.pl\/wp-content\/uploads\/2020\/04\/baner-ogloszenia-parafialne.jpg\"><\/p>\n<h2>Og\u0142oszenia parafialne 24.05.2020<\/h2>\n<p><strong>WNIEBOWST\u0104PIENIE PA\u0143SKIE<\/strong><\/p>\n<p><strong>UWAGA!!! Opr\u00f3cz celebransa, wszyscy u\u017cywaj\u0105 maseczek. BARDZO PROSIMY O PRZESTRZEGANIE TEGO ZALECENIA.<\/strong><\/p>\n<p><strong>1.<\/strong> Informujemy, \u017ce zgodnie z nowymi decyzjami w\u0142adz pa\u0144stwowych i sanitarnych, przyj\u0119tych tak\u017ce przez w\u0142adze ko\u015bcielne, w Mszach \u015bwi\u0119tych i innych nabo\u017ce\u0144stwach w naszym ko\u015bciele mo\u017ce uczestniczy\u0107 53 osoby. W tej liczbie mieszcz\u0105 si\u0119: ksi\u0119\u017ca, obs\u0142uga nabo\u017ce\u0144stwa (organista, ko\u015bcielny, ministranci) oraz wierni.<\/p>\n<p><strong>2.<\/strong> Przed nami ostatni tydzie\u0144 miesi\u0105ca maja &#8211; zapraszamy na nabo\u017ce\u0144stwa ku czci Naj\u015bwi\u0119tszej Maryi Panny, tzw. \u201eMAJOWE\u201d: doros\u0142ych i m\u0142odzie\u017c o godz. 17:30. a dzieci w poniedzia\u0142ek i czwartek o godz. 16:30. Kochani Rodzice, mimo \u017ce poprzednim tygodniu na nabo\u017ce\u0144stwie majowym, by\u0142o bardzo ma\u0142o dzieci, to nie rezygnujmy z naszego wysi\u0142ku by wraz z dzieckiem uczestniczy\u0107 w modlitwie jak\u0105 jest LITANIA LORETA\u0143SKA. Zach\u0119cam do udzia\u0142u w nabo\u017ce\u0144stwie majowym.<\/p>\n<p><strong>3.<\/strong> Kochani Parafianie przed nami ostatni tydzie\u0144 Wielkanocny &#8211; czas rado\u015bci ze Zmartwychwstania Pana Jezusa, gor\u0105co zach\u0119camy wiernych do skorzystania z \u0142aski sakramentu pojednania i do przyj\u0119cia Komunii \u015bw. WIELKANOCNEJ. SPOWIED\u0179 OD GODZ. 7:45 i 17:30. ZAPRASZAMY.<\/p>\n<p><strong>4.<\/strong> Szczeg\u00f3ln\u0105 okazj\u0105 do modlitwy za kandydat\u00f3w do BIERZMOWANIA jest trwaj\u0105ca NOWENNA PRZED UROCZYSTO\u015aCI\u0104 ZES\u0141ANIA DUCHA \u015aWI\u0118TEGO, po\u0142\u0105czona z nabo\u017ce\u0144stwem majowym o godz. 17:30. Uroczystym zwie\u0144czeniem tego czasu b\u0119dzie Wigilia Zes\u0142ania Ducha \u015awi\u0119tego (30 maja br., od godz. 17.30),<br \/>\nna kt\u00f3r\u0105 zapraszamy Wsp\u00f3lnoty i wiernych naszej parafii. Dok\u0142adny plan czuwania zamieszczamy w Biuletynie.<\/p>\n<p><strong>5.<\/strong> W sobot\u0119 30 maja o godz. 12:00 w Katedrze Elbl\u0105skiej odb\u0119dzie si\u0119 wa\u017cne wydarzenie: \u015aWI\u0118CENIA KAP\u0141A\u0143SKIE przyjmie nasz parafianin diakon Micha\u0142 Semeniuk. Katedra Elbl\u0105ska dysponuje du\u017c\u0105 powierzchni\u0105, dlatego istnieje mo\u017cliwo\u015b\u0107 uczestnictwa w tym wydarzeniu. W modlitwie pami\u0119tajmy o przygotowuj\u0105cych si\u0119 do \u015bwi\u0119ce\u0144.<\/p>\n<p><strong>6.<\/strong> Neoprezbiter \u2013 nowo wy\u015bwi\u0119cony kap\u0142an Micha\u0142 Semeniuk pierwsz\u0105 Msz\u0119 \u015bw. w parafii odprawi w Niedziel\u0119 31 maja br. o godz. 13:00. Ze wzgl\u0119du na ograniczenia w ilo\u015bci os\u00f3b w ko\u015bciele powy\u017csza Msza \u015bw. b\u0119dzie sprawowana dla rodziny i zaproszonych go\u015bci. Wszystkich parafian zach\u0119cam do modlitwy o \u015bwi\u0119to\u015b\u0107 Jego drogi kap\u0142a\u0144skiej. W porozumieniu z ks. Micha\u0142em postanowili\u015bmy, \u017ce MSZA \u015aW. PRYMICYJNA dla Wsp\u00f3lnoty Parafialnej zostanie odprawiona w bardziej spokojnym i korzystnym czasie, o czym poinformujemy parafian.<\/p>\n<p><strong>7.<\/strong> W miesi\u0105cu maju porz\u0105dek Mszy \u015bw. Niedzielnych jest nast\u0119puj\u0105cy: 7:00, 9:00, 10:30 (z dzie\u0107mi), 12:00, 15:00, 18:00, oraz o godz. 19:30 (dla m\u0142odzie\u017cy).<\/p>\n<p><strong>8.<\/strong> Wszystkim Jubilatom i Solenizantom tego tygodnia \u017cyczymy wszelkiego dobra w \u017cyciu i b\u0142ogos\u0142awie\u0144stwa Bo\u017cego.<\/p>\n<p><strong>9.<\/strong> Przed ko\u015bcio\u0142em mo\u017cna naby\u0107 pras\u0119 katolick\u0105: \u201eGo\u015b\u0107 Niedzielny\u201d w cenie 6 z\u0142.<\/p>\n<p>&nbsp;<\/p>\n<p><img decoding=\"async\" id=\"intencje-854\" src=\"http:\/\/rafalk-elblag.pl\/wp-content\/uploads\/2020\/04\/baner-intencje-mszy.jpg\"><\/p>\n<h2>Intencje mszalne 24.05.2020<\/h2>\n<p><strong>PONIEDZIA\u0141EK \/ 25 maja 2020r.<\/strong><br \/>\n8.00 \u2020 W\u0142adys\u0142aw Uler (25 greg.)<br \/>\n18.00 O Bo\u017ce b\u0142og., dary Ducha \u015aw. i opiek\u0119 MB dla ks. Arkadiusza Grabowskiego w 25 rocz. \u015bwi\u0119ce\u0144 kap\u0142a\u0144skich \u2013 int. od Margaretki<br \/>\n18.00 O \u0142ask\u0119 deszczu, dobre urodzaje i ust\u0105pienie koronawirusa<br \/>\n<strong>WTOREK \/ 26 maja 2020r. \/ \u015bw. Filipa Nereusza<\/strong><br \/>\n8.00 \u2020 W\u0142adys\u0142aw Uler (26 greg.)<br \/>\n18.00 \u2020 Janina Walko i Janina Zaleszczenko z ok. Dnia Matki<br \/>\n18.00 Dzi\u0119k. w 1 rocz. \u015bwi\u0119ce\u0144 kap\u0142a\u0144skich ks. Marcina Dopiera\u0142y z pro\u015bb\u0105 o Bo\u017ce b\u0142og., dary Ducha \u015aw. i rado\u015b\u0107 z pos\u0142ugi kap\u0142a\u0144skiej \u2013 int. od Margaretki<br \/>\n<strong>\u015aRODA \/ 27 maja 2020r.<\/strong><br \/>\n8.00 \u2020 Krystyna Stein w 3 r.\u015bm.<br \/>\n8.00 Dzi\u0119k. w 3 rocz. \u015bwi\u0119ce\u0144 kap\u0142a\u0144skich ks. Grzegorza Wala z pro\u015bb\u0105 o Bo\u017ce b\u0142og., dary Ducha \u015aw. \u2013 int. od Margaretki<br \/>\n18.00 \u2020 W\u0142adys\u0142aw Uler (27 greg.)<br \/>\n<strong>CZWARTEK \/ 28 maja 2020r.<\/strong><br \/>\n8.00 \u2020 W\u0142adys\u0142aw Uler (28 greg.)<br \/>\n18.00 \u2020 Franciszek w 1 r.\u015bm. i zm. z rodz. Bi\u0144kowskich<br \/>\n18.00 \u2020 Irena, zm. rodzice: Sylwester, Antonina, Dominik i J\u00f3zefa (k), i zm. z rodz. Wile\u0144skich i Bartosik\u00f3w<br \/>\n<strong>PI\u0104TEK \/ 29 maja 2020r. \/ \u015bw. Urszuli Led\u00f3chowskiej<\/strong><br \/>\n8.00 \u2020 Zenon i Jadwiga Brzozowscy<br \/>\n18.00 \u2020 Kazimiera (k) Usik w 9 r.\u015bm.<br \/>\n18.00 \u2020 W\u0142adys\u0142aw Uler (29 greg.)<br \/>\n<strong>SOBOTA \/ 30 maja 2020r.<\/strong><br \/>\n8.00 \u2020 W\u0142adys\u0142aw Uler (30 greg.)<br \/>\n8.00 O \u0142ask\u0119 wyzwolenia z grzechu na\u0142ogu dla pewnej osoby<br \/>\n17.30 Wigilia Zes\u0142ania Ducha \u015aw. \/ Czuwanie + Msza \u015awi\u0119ta<br \/>\n<strong>Uroczysto\u015b\u0107 Zes\u0142ania Ducha \u015awi\u0119tego \/ 31 maja 2020r.<\/strong><br \/>\n7.00 \u2020 Helena Burdelska w 20 r.\u015bm., Mieczys\u0142aw i Waldemar Burdelscy<br \/>\n9.00 \u2020 Wojciech Juchnowicz w 4 r.\u015bm.<br \/>\n10.30 \u2020 Stanis\u0142aw Kachnowicz w 27 r.\u015bm. i zm. z rodz. Bajson, Jasi\u0144skich i Kachnowicz<br \/>\n12.00 W intencji Parafian<br \/>\n15.00 O Bo\u017ce b\u0142og., opiek\u0119 MB dla ks. Piotra Makowskiego z ok. 3 rocz. \u015bwi\u0119ce\u0144 kap\u0142a\u0144skich i zbli\u017caj\u0105cych si\u0119 imienin<br \/>\n18.00 \u2020 Stanis\u0142aw Kachnowicz w 27 r.\u015bm. i zm. z rodz. Bajson, Jasi\u0144skich i Kachnowicz<br \/>\n19.30 \u2020<\/p>\n","protected":false},"excerpt":{"rendered":"<p>Wniebowst\u0105pienie Pa\u0144skie Og\u0142oszenia parafialne 24.05.2020 Intencje mszalne 24.05.2020 PAN JEZUS WST\u0118PUJE DO NIEBA Czterdzie\u015bci dni po Niedzieli Zmartwychwstania Chrystusa Ko\u015bci\u00f3\u0142 katolicki \u015bwi\u0119tuje uroczysto\u015b\u0107 Wniebowst\u0105pienia Pa\u0144skiego. Jest to pami\u0105tka triumfalnego powrotu Pana Jezusa do nieba, sk\u0105d przyszed\u0142 na ziemi\u0119 dla naszego zbawienia przyjmuj\u0105c natur\u0119 ludzk\u0105. Wniebowst\u0105pienie to nie tylko dzie\u0144 wielkiej rado\u015bci dla nieba, ale r\u00f3wnie\u017c [&hellip;]<\/p>\n","protected":false},"author":1,"featured_media":3926,"comment_status":"closed","ping_status":"closed","sticky":false,"template":"","format":"standard","meta":{"ngg_post_thumbnail":0,"footnotes":""},"categories":[11,8,4,3],"tags":[],"class_list":["post-3922","post","type-post","status-publish","format-standard","has-post-thumbnail","hentry","category-aktualnosci","category-blog","category-intencje","category-ogloszenia"],"_links":{"self":[{"href":"https:\/\/rafalk-elblag.pl\/index.php?rest_route=\/wp\/v2\/posts\/3922","targetHints":{"allow":["GET"]}}],"collection":[{"href":"https:\/\/rafalk-elblag.pl\/index.php?rest_route=\/wp\/v2\/posts"}],"about":[{"href":"https:\/\/rafalk-elblag.pl\/index.php?rest_route=\/wp\/v2\/types\/post"}],"author":[{"embeddable":true,"href":"https:\/\/rafalk-elblag.pl\/index.php?rest_route=\/wp\/v2\/users\/1"}],"replies":[{"embeddable":true,"href":"https:\/\/rafalk-elblag.pl\/index.php?rest_route=%2Fwp%2Fv2%2Fcomments&post=3922"}],"version-history":[{"count":5,"href":"https:\/\/rafalk-elblag.pl\/index.php?rest_route=\/wp\/v2\/posts\/3922\/revisions"}],"predecessor-version":[{"id":3930,"href":"https:\/\/rafalk-elblag.pl\/index.php?rest_route=\/wp\/v2\/posts\/3922\/revisions\/3930"}],"wp:featuredmedia":[{"embeddable":true,"href":"https:\/\/rafalk-elblag.pl\/index.php?rest_route=\/wp\/v2\/media\/3926"}],"wp:attachment":[{"href":"https:\/\/rafalk-elblag.pl\/index.php?rest_route=%2Fwp%2Fv2%2Fmedia&parent=3922"}],"wp:term":[{"taxonomy":"category","embeddable":true,"href":"https:\/\/rafalk-elblag.pl\/index.php?rest_route=%2Fwp%2Fv2%2Fcategories&post=3922"},{"taxonomy":"post_tag","embeddable":true,"href":"https:\/\/rafalk-elblag.pl\/index.php?rest_route=%2Fwp%2Fv2%2Ftags&post=3922"}],"curies":[{"name":"wp","href":"https:\/\/api.w.org\/{rel}","templated":true}]}}