{"id":3912,"date":"2020-05-17T08:56:31","date_gmt":"2020-05-17T08:56:31","guid":{"rendered":"http:\/\/rafalk-elblag.pl\/?p=3912"},"modified":"2020-05-17T08:59:09","modified_gmt":"2020-05-17T08:59:09","slug":"biuletyn-nr-852-10-05-2020r-v-niedziela-wielkanocna-2","status":"publish","type":"post","link":"https:\/\/rafalk-elblag.pl\/?p=3912","title":{"rendered":"Biuletyn nr 853 \/ 17.05.2020r. VI Niedziela Wielkanocna"},"content":{"rendered":"<p><a href=\"#temat-853\">NABO\u017bE\u0143STWA MAJOWE \u2013 TRADYCJA I ZNACZENIE<\/a><br \/>\n<a href=\"#ogloszenia-853\">Og\u0142oszenia parafialne 17.05.2020<\/a><br \/>\n<a href=\"#intencje-853\">Intencje mszalne 17.05.2020<\/a><\/p>\n<p><img decoding=\"async\" id=\"temat-853\" src=\"http:\/\/rafalk-elblag.pl\/wp-content\/uploads\/2020\/05\/baner-853.jpg\"><\/p>\n<h1>NABO\u017bE\u0143STWA MAJOWE \u2013 TRADYCJA I ZNACZENIE<\/h1>\n<p><strong>Maj jest w Ko\u015bciele miesi\u0105cem szczeg\u00f3lnie po\u015bwi\u0119conym czci Matki Bo\u017cej. S\u0142ynne \u201emaj\u00f3wki\u201d \u2013 nabo\u017ce\u0144stwa, odprawiane wieczorami w ko\u015bcio\u0142ach, przy grotach, kapliczkach i przydro\u017cnych figurach, na sta\u0142e wpisa\u0142y si\u0119 w krajobraz Polski. Jego centraln\u0105 cz\u0119\u015bci\u0105 jest Litania Loreta\u0144ska.<\/strong><br \/>\nPocz\u0105tk\u00f3w tego nabo\u017ce\u0144stwa nale\u017cy szuka\u0107 w pie\u015bniach s\u0142awi\u0105cych Maryj\u0119 Pann\u0119 znanych na Wschodzie ju\u017c w V wieku. Na Zachodzie po\u015bwi\u0119cenie majowego miesi\u0105ca Matce Bo\u017cej pojawi\u0142o si\u0119 dopiero na prze\u0142omie XIII i XIV w., dzi\u0119ki hiszpa\u0144skiemu kr\u00f3lowi Alfonsowi X. Zach\u0119ca\u0142 on by wieczorami gromadzi\u0107 si\u0119 na wsp\u00f3lnej modlitwie przed figurami Bo\u017cej Rodzicielki.<\/p>\n<p>Nabo\u017ce\u0144stwo Majowe bardzo szybko sta\u0142o si\u0119 popularne w ca\u0142ej chrze\u015bcija\u0144skiej Europie. Jeden z mistyk\u00f3w nadre\u0144skich, dominikanin b\u0142. Henryk Suzo, w swoich tekstach wspomina, \u017ce jeszcze jako dziecko w maju zbiera\u0142 na \u0142\u0105kach kwiaty i zanosi\u0142 je Maryi. W XVI w. upowszechnieniu nabo\u017ce\u0144stwa sprzyja\u0142 wynalazek druku. Po raz pierwszy maj zosta\u0142 nazwany miesi\u0105cem Maryi w wydanej w 1549 r. w Niemczech ksi\u0105\u017ceczce \u201eMaj duchowy\u201d, kt\u00f3ra by\u0142a odpowiedzi\u0105 na Reformacj\u0119. W wielu \u017cywotach \u015bwi\u0119tych oraz kronikach zakonnych mo\u017cna wyczyta\u0107&nbsp; o majowym kulcie Maryi Panny.<\/p>\n<p>Dobrym przyk\u0142adem jest \u015bw. Filip Nereusz, kt\u00f3ry gromadzi\u0142 dzieci przy figurze Matki Bo\u017cej, zach\u0119ca\u0142 do modlitwy i do sk\u0142adania u jej st\u00f3p kwiat\u00f3w. Podobne zwyczaje opisuj\u0105 XVII wieczne kroniki w\u0142oskich dominikan\u00f3w Ojcem nabo\u017ce\u0144stw majowych jest \u017cyj\u0105cy na prze\u0142omie XVII i XVIII wieku w Neapolu jezuita o. Ansolani. Organizowa\u0142 on w kaplicy kr\u00f3lewskiej specjalne koncerty pie\u015bni maryjnych, kt\u00f3re ko\u0144czy\u0142 uroczystym b\u0142ogos\u0142awie\u0144stwem Naj\u015bwi\u0119tszym Sakramentem. Wielkim propagatorem tej formy czci Matki Bo\u017cej by\u0142 jezuita, o. Muzzarelli, kt\u00f3ry w 1787 r. wyda\u0142 specjaln\u0105 broszurk\u0119, kt\u00f3r\u0105 rozes\u0142a\u0142 do wszystkich w\u0142oskich biskup\u00f3w.<\/p>\n<p>Litania Loreta\u0144ska, kt\u00f3ra jest g\u0142\u00f3wn\u0105 cz\u0119\u015bci\u0105 nabo\u017ce\u0144stw majowych, powsta\u0142a prawdopodobnie ju\u017c w XII w. we Francji. Zebrane wezwania s\u0142awi\u0105ce Maryj\u0119 Pann\u0119 zatwierdzi\u0142 11 czerwca 1587 r. papie\u017c Sykstus V. Swoj\u0105 nazw\u0119 zawdzi\u0119cza w\u0142oskiej miejscowo\u015bci Loreto, gdzie by\u0142a niezwykle popularna. Poniewa\u017c cz\u0119sto modl\u0105cy si\u0119 dodawali do niej w\u0142asne wezwania, w 1631 r. \u015awi\u0119ta Kongregacja Obrz\u0119d\u00f3w zakaza\u0142a dokonywania w tek\u015bcie samowolnych zmian.Nowe wezwania posiada\u0142y aprobat\u0119 Ko\u015bcio\u0142a i wynika\u0142y z rozwoju mariologii. W Polsce jest o jedno wezwanie wi\u0119cej. W okresie mi\u0119dzywojennym, po zatwierdzeniu przez Stolic\u0119 Apostolsk\u0105 uroczysto\u015bci Naj\u015bwi\u0119tszej Maryi Panny Kr\u00f3lowej Polski, za zgod\u0105 papie\u017ca Piusa XI, do Litanii do\u0142\u0105czono wezwanie \u201cKr\u00f3lowo Polski\u201d.<\/p>\n<p>W wielu miejscowo\u015bciach wierni modl\u0105 si\u0119 na \u201cmajowym\u201d nie tylko w ko\u015bcio\u0142ach, ale tak\u017ce przy kapliczkach czy na ulicach miast. W Polsce pierwsze odnotowane nabo\u017ce\u0144stwa majowe zosta\u0142y wprowadzone w 1838 r. przez jezuit\u00f3w w Tarnopolu. W po\u0142owie XIX w. \u201emaj\u00f3wki\u201d odprawiane ju\u017c by\u0142y w wielu miastach, m.in. w Warszawie w ko\u015bciele \u015aw. Krzy\u017ca, w Krakowie, P\u0142ocku, Toruniu, Nowym S\u0105czu, Lwowie i W\u0142oc\u0142awku.<\/p>\n<p>&nbsp;<br \/>\n<img decoding=\"async\" id=\"ogloszenia-853\" src=\"http:\/\/rafalk-elblag.pl\/wp-content\/uploads\/2020\/04\/baner-ogloszenia-parafialne.jpg\"><\/p>\n<h2>Og\u0142oszenia parafialne 17.05.2020<\/h2>\n<p><strong>UWAGA!!! Opr\u00f3cz celebransa, wszyscy u\u017cywaj\u0105 maseczek. BARDZO PROSIMY O PRZESTRZEGANIE TEGO ZALECENIA.<\/strong><\/p>\n<p><strong>1.<\/strong> Informujemy, \u017ce zgodnie z nowymi decyzjami w\u0142adz pa\u0144stwowych i sanitarnych, przyj\u0119tych tak\u017ce przez w\u0142adze ko\u015bcielne, w Mszach \u015bwi\u0119tych i innych nabo\u017ce\u0144stwach w naszym ko\u015bciele od 17 maja br. mo\u017ce uczestniczy\u0107 53 os\u00f3b (poprzednio by\u0142o 35). W tej liczbie mieszcz\u0105 si\u0119: ksi\u0119\u017ca, obs\u0142uga nabo\u017ce\u0144stwa (organista, ko\u015bcielny, ministranci) oraz wierni.<\/p>\n<p><strong>2.<\/strong> Kochani Parafianie trwa okres Wielkanocny &#8211; czas rado\u015bci ze Zmartwychwstania Pana Jezusa. W zwi\u0105zku z tym, \u017ce obecnie w naszym ko\u015bciele jest mo\u017cliwo\u015b\u0107 uczestnictwa we Mszach \u015bw. i nabo\u017ce\u0144stwach 53 os\u00f3b, gor\u0105co zach\u0119camy wiernych do skorzystania z \u0142aski sakramentu pojednania i do przyj\u0119cia Komunii \u015bw. WIELKANOCNEJ.<br \/>\n<strong>SPOWIED\u0179 OD GODZ. 7:45 i 17:30.<\/strong><\/p>\n<p><strong>3. Jutro przypada 100 &#8211; rocznica urodzin WIELKIEGO POLAKA \u015aWI\u0118TEGO JANA PAW\u0141A II.<\/strong> W tym dniu zostanie odprawiona Msza \u015bw. dzi\u0119kczynna o godz. 18:00 a od godz. 18:45 zapraszamy na czuwanie modlitewne. Za wstawiennictwem \u015bw. Jana Paw\u0142a II b\u0119dziemy prosi\u0107 o ustanie pandemii dla naszej Ojczyzny i \u015bwiata oraz o zgod\u0119 i jedno\u015b\u0107 w\u015br\u00f3d Polak\u00f3w.<\/p>\n<p><strong>4.<\/strong> Mamy najpi\u0119kniejszy miesi\u0105c maj &#8211; zapraszamy na nabo\u017ce\u0144stwa ku czci Naj\u015bwi\u0119tszej Maryi Panny, tzw. \u201eMAJOWE\u201d: doros\u0142ych i m\u0142odzie\u017c codziennie o godz. 17:30.<\/p>\n<p><strong>5.<\/strong> W tym tygodniu zapraszamy rodzic\u00f3w (jednego) z dzie\u0107mi klas III a i III b w poniedzia\u0142ek (18.05.) natomiast rodzic\u00f3w (jednego) z dzie\u0107mi klas III c i III d w czwartek (21.05) na nabo\u017ce\u0144stwo \u201eMAJOWE\u201d o godz. 16:30. Zaproszenie kieruj\u0119 do ch\u0119tnych pragn\u0105cych spotkania si\u0119 w Ko\u015bciele na wsp\u00f3lnej modlitwie do Matki Bo\u017cej.<\/p>\n<p><strong>6.<\/strong> Szczeg\u00f3ln\u0105 okazj\u0105 do modlitwy za kandydat\u00f3w do BIERZMOWANIA b\u0119dzie rozpoczynaj\u0105ca si\u0119 w tym tygodniu (tj. od pi\u0105tku 22 maja) NOWENNA PRZED UROCZYSTO\u015aCI\u0104 ZES\u0141ANIA DUCHA \u015aWI\u0118TEGO, po\u0142\u0105czona z nabo\u017ce\u0144stwem majowym o godz. 17:30. Uroczystym zwie\u0144czeniem tego czasu b\u0119dzie Wigilia Zes\u0142ania Ducha \u015awi\u0119tego (30 maja br., od godz. 17.30), na kt\u00f3r\u0105 zapraszamy Wsp\u00f3lnoty i wiernych naszej parafii.<\/p>\n<p><strong>7.<\/strong> W sobot\u0119 30 maja o godz. 12:00 w Katedrze Elbl\u0105skiej odb\u0119dzie si\u0119 wa\u017cne wydarzenie: <strong>\u015aWI\u0118CENIA KAP\u0141A\u0143SKIE przyjmie nasz parafianin diakon Micha\u0142 Semeniuk.<\/strong> W modlitwie pami\u0119tajmy o przygotowuj\u0105cych si\u0119 do \u015bwi\u0119ce\u0144.<\/p>\n<p><strong>8.<\/strong> W miesi\u0105cu maju porz\u0105dek Mszy \u015bw. Niedzielnych jest nast\u0119puj\u0105cy: 7:00, 9:00, 10:30, 12:00, 15:00, 18:00, oraz o godz. 19:30 (dla m\u0142odzie\u017cy).<\/p>\n<p><strong>9.<\/strong> Nasza parafia otrzyma\u0142a od anonimowego ofiarodawcy 15 000 z\u0142. z przeznaczeniem na wykonanie FOTOWOLTAIKI, czyli po\u0142o\u017cenie paneli s\u0142onecznych na dachu plebanii w celu pozyskania energii elektrycznej. Jest to po\u0142owa koszt\u00f3w powy\u017cszej inwestycji. Dar zosta\u0142 przyj\u0119ty a pozosta\u0142\u0105 sp\u0142at\u0119 nale\u017cno\u015bci roz\u0142o\u017cono nam na raty, kt\u00f3re musimy sp\u0142aci\u0107 do ko\u0144ca roku. Dzi\u0119ki tej inwestycji znacznie ogranicz\u0105 si\u0119 wydatki parafialne za energi\u0119. W imieniu ca\u0142ej parafii sk\u0142adam B\u00f3g zap\u0142a\u0107 za ten niezwyk\u0142y dar.<\/p>\n<p><strong>10.<\/strong> Przed ko\u015bcio\u0142em mo\u017cna naby\u0107 pras\u0119 katolick\u0105: \u201eGo\u015b\u0107 Niedzielny\u201d w cenie 6 z\u0142.<\/p>\n<p><strong>11.<\/strong> Pan powo\u0142a\u0142 do wieczno\u015bci: \u015bp. Bo\u017cen\u0119 Cerkownik lat 63 z ul. K\u0142oczowskiego<\/p>\n<p>&nbsp;<\/p>\n<p><img decoding=\"async\" id=\"intencje-853\" src=\"http:\/\/rafalk-elblag.pl\/wp-content\/uploads\/2020\/04\/baner-intencje-mszy.jpg\"><\/p>\n<h2>Intencje mszalne 17.05.2020<\/h2>\n<p><strong>PONIEDZIA\u0141EK \/ 18 maja 2020r.<\/strong><br \/>\n8.00 \u2020 W\u0142adys\u0142aw Uler (18 greg.)<br \/>\n18.00 \u2020 Karol, Marcin, Stanis\u0142awa (k), J\u00f3zef, Aleksander i J\u00f3zefa (k)<br \/>\n18.00 Dzi\u0119k. za dar pontyfikatu \u015bw. Jana Paw\u0142a II z pro\u015bb\u0105 o wstawiennictwo, Bo\u017ce b\u0142og. i potrzebne \u0142aski dla Parafii i Ojczyzny<br \/>\n18.00 \u2020 Dusze w czy\u015b\u0107cu cierpi\u0105ce<\/p>\n<p><strong>WTOREK \/ 19 maja 2020r.<\/strong><br \/>\n8.00 \u2020 Dusze w czy\u015b\u0107cu cierpi\u0105ce<br \/>\n8.00 O Bo\u017ce b\u0142og. opiek\u0119 MB dla Zbigniewa Jackiewicza i Jego rodziny<br \/>\n18.00 \u2020 W\u0142adys\u0142aw Uler (19 greg.)<\/p>\n<p><strong>\u015aRODA \/ 20 maja 2020r.<\/strong><br \/>\n8.00 \u2020 W\u0142adys\u0142aw Uler (20 greg.)<br \/>\n18.00 \u2020 Kazimiera (k) Waszak w 13 r.\u015bm. i zm. z rodziny<br \/>\n18.00 Dzi\u0119k. z pro\u015bb\u0105 o Bo\u017ce b\u0142og. i opiek\u0119 MB dla Anny i Ireny<\/p>\n<p><strong>CZWARTEK \/ 21 maja 2020r.<\/strong><br \/>\n8.00 \u2020 W\u0142adys\u0142aw Uler (21 greg.)<br \/>\n8.00 \u2020 Zmarli z rodz. \u017baczk\u00f3w, Niecieckich, Walendowskich, Bachorskich, Falent\u00f3w, Ludwik Nadolewski<br \/>\n18.00 O Bo\u017ce b\u0142og. i opiek\u0119 MB dla Joanny z ok. 15 urodzin<\/p>\n<p><strong>PI\u0104TEK \/ 22 maja 2020r.<\/strong><br \/>\n8.00 \u2020 W\u0142adys\u0142aw Uler (22 greg.)<br \/>\n18.00 \u2020 Marianna Humelt w 3 r.\u015bm. i zm. z rodz.<\/p>\n<p><strong>SOBOTA \/ 23 maja 2020r.<\/strong><br \/>\n8.00 Dzi\u0119k. z okazji urodzin \u017cony Alicji i syna Krzysztofa, oraz za Mariann\u0119 i Ann\u0119 z ok. Dnia Matki<br \/>\n18.00 Dzi\u0119k. za sakr. Chrztu Wiktorii, Komunii Marysi i Janka oraz za wszystkie \u0142aski otrzymane za wstawiennictwem MB Wspomo\u017cycielki wiernych oraz Bo\u017ce b\u0142og. dla ca\u0142ej rodziny<br \/>\n18.00 \u2020 W\u0142adys\u0142aw Uler (23 greg.)<br \/>\n18.00 O Bo\u017ce b\u0142og., opiek\u0119 MB i potrzebne \u0142aski dla Marioli i Doroty z ok. 50 urodzin<\/p>\n<p><strong>Uroczysto\u015b\u0107 Wniebowst\u0105pienia Pa\u0144skiego \/ 24 maja 2020r.<\/strong><br \/>\n7.00 \u2020 Ewa (1 r.\u015bm.) i Danuta (3 r.\u015bm.) Radziszewskie<br \/>\n9.00 Dzi\u0119k. za otrzymane \u0142aski i pomoc w 2019 r. z pro\u015bb\u0105 o dalsz\u0105 pomoc na ten rok dla rodziny Karnowskich<br \/>\n9.00 \u2020 Weronika (16 r.\u015bm.) i J\u00f3zef Druszkowscy<br \/>\n10.30 \u2020 Genowefa Sukiennik w 5 r.\u015bm., Jan i Stanis\u0142aw<br \/>\n12.00 W intencji Parafian<br \/>\n15.00 O Bo\u017ce b\u0142og., opiek\u0119 MB dla ks. Arkadiusza Grabowskiego z ok. 25 rocz. \u015bwi\u0119ce\u0144 kap\u0142a\u0144skich<br \/>\n18.00 \u2020 W\u0142adys\u0142aw Uler (24 greg.)<br \/>\n19.30 O Bo\u017ce b\u0142og. dla dzieci przygotowuj\u0105cych si\u0119 do I-szej Komunii \u015awi\u0119tej<\/p>\n","protected":false},"excerpt":{"rendered":"<p>NABO\u017bE\u0143STWA MAJOWE \u2013 TRADYCJA I ZNACZENIE Og\u0142oszenia parafialne 17.05.2020 Intencje mszalne 17.05.2020 NABO\u017bE\u0143STWA MAJOWE \u2013 TRADYCJA I ZNACZENIE Maj jest w Ko\u015bciele miesi\u0105cem szczeg\u00f3lnie po\u015bwi\u0119conym czci Matki Bo\u017cej. S\u0142ynne \u201emaj\u00f3wki\u201d \u2013 nabo\u017ce\u0144stwa, odprawiane wieczorami w ko\u015bcio\u0142ach, przy grotach, kapliczkach i przydro\u017cnych figurach, na sta\u0142e wpisa\u0142y si\u0119 w krajobraz Polski. Jego centraln\u0105 cz\u0119\u015bci\u0105 jest Litania Loreta\u0144ska. [&hellip;]<\/p>\n","protected":false},"author":1,"featured_media":3913,"comment_status":"closed","ping_status":"closed","sticky":false,"template":"","format":"standard","meta":{"ngg_post_thumbnail":0,"footnotes":""},"categories":[11,8,4,3],"tags":[],"class_list":["post-3912","post","type-post","status-publish","format-standard","has-post-thumbnail","hentry","category-aktualnosci","category-blog","category-intencje","category-ogloszenia"],"_links":{"self":[{"href":"https:\/\/rafalk-elblag.pl\/index.php?rest_route=\/wp\/v2\/posts\/3912","targetHints":{"allow":["GET"]}}],"collection":[{"href":"https:\/\/rafalk-elblag.pl\/index.php?rest_route=\/wp\/v2\/posts"}],"about":[{"href":"https:\/\/rafalk-elblag.pl\/index.php?rest_route=\/wp\/v2\/types\/post"}],"author":[{"embeddable":true,"href":"https:\/\/rafalk-elblag.pl\/index.php?rest_route=\/wp\/v2\/users\/1"}],"replies":[{"embeddable":true,"href":"https:\/\/rafalk-elblag.pl\/index.php?rest_route=%2Fwp%2Fv2%2Fcomments&post=3912"}],"version-history":[{"count":6,"href":"https:\/\/rafalk-elblag.pl\/index.php?rest_route=\/wp\/v2\/posts\/3912\/revisions"}],"predecessor-version":[{"id":3920,"href":"https:\/\/rafalk-elblag.pl\/index.php?rest_route=\/wp\/v2\/posts\/3912\/revisions\/3920"}],"wp:featuredmedia":[{"embeddable":true,"href":"https:\/\/rafalk-elblag.pl\/index.php?rest_route=\/wp\/v2\/media\/3913"}],"wp:attachment":[{"href":"https:\/\/rafalk-elblag.pl\/index.php?rest_route=%2Fwp%2Fv2%2Fmedia&parent=3912"}],"wp:term":[{"taxonomy":"category","embeddable":true,"href":"https:\/\/rafalk-elblag.pl\/index.php?rest_route=%2Fwp%2Fv2%2Fcategories&post=3912"},{"taxonomy":"post_tag","embeddable":true,"href":"https:\/\/rafalk-elblag.pl\/index.php?rest_route=%2Fwp%2Fv2%2Ftags&post=3912"}],"curies":[{"name":"wp","href":"https:\/\/api.w.org\/{rel}","templated":true}]}}