{"id":3903,"date":"2020-05-09T19:51:46","date_gmt":"2020-05-09T19:51:46","guid":{"rendered":"http:\/\/rafalk-elblag.pl\/?p=3903"},"modified":"2020-05-09T19:57:47","modified_gmt":"2020-05-09T19:57:47","slug":"biuletyn-nr-852-10-05-2020r-v-niedziela-wielkanocna","status":"publish","type":"post","link":"https:\/\/rafalk-elblag.pl\/?p=3903","title":{"rendered":"Biuletyn nr 852\/ 10.05.2020r. V Niedziela Wielkanocna"},"content":{"rendered":"<p><a href=\"#temat-852\">OBJAWIENIA W FATIMIE<\/a><br \/>\n<a href=\"#ogloszenia-852\">Og\u0142oszenia parafialne 10.05.2020<\/a><br \/>\n<a href=\"#intencje-852\">Intencje mszalne 10.05.2020<\/a><\/p>\n<p><img decoding=\"async\" id=\"temat-852\" src=\"http:\/\/rafalk-elblag.pl\/wp-content\/uploads\/2020\/05\/baner-852.jpg\"><\/p>\n<h1>OBJAWIENIA W FATIMIE<\/h1>\n<p><strong>W 1917 roku &#8211; gdy toczy\u0142a si\u0119 pierwsza wojna \u015bwiatowa, kiedy w Portugalii sprawowa\u0142 rz\u0105dy antyko\u015bcielny re\u017cim, a w Rosji zaczyna\u0142a szale\u0107 rewolucja &#8211; na obrze\u017cach miasteczka Fatima, Matka Bo\u017ca ukazywa\u0142a si\u0119 trojgu wiejskim dzieciom nie umiej\u0105cym jeszcze czyta\u0107. Przekaza\u0142a im or\u0119dzie dotycz\u0105ce ca\u0142ego \u015bwiata.<\/strong><\/p>\n<p>Byli to \u0141ucja dos Santos (10 lat), Hiacynta Marto (7 lat) i Franciszek Marto (9 lat). \u0141ucja by\u0142a cioteczn\u0105 siostr\u0105 rodze\u0144stwa Marto. Pochodzili z podfatimskiej wioski Aljustrel, kt\u00f3rej mieszka\u0144cy trudnili si\u0119 hodowl\u0105 owiec i upraw\u0105 winoro\u015bli. Wcze\u015bniej, zanim pastuszkom objawi si\u0119 Matka Bo\u017ca, przez ponad rok, od marca 1916 roku, przygotowuje ich na to Anio\u0142. Na wzg\u00f3rzu Loca do Cabeco dzieci odmawiaj\u0105 r\u00f3\u017caniec i zaczynaj\u0105 zabaw\u0119. Raptem, gdy s\u0142ysz\u0105 silny podmuch wiatru widz\u0105 przed sob\u0105 m\u0142odzie\u0144ca. Przybysz m\u00f3wi: \u201eNie b\u00f3jcie si\u0119, jestem Anio\u0142em Pokoju, m\u00f3dlcie si\u0119 razem ze mn\u0105\u201d. Nast\u0119pnie uczy ich jak maj\u0105 si\u0119 modli\u0107, s\u0142owami: \u201cO m\u00f3j Bo\u017ce, wierz\u0119 w Ciebie, uwielbiam Ci\u0119, ufam Tobie i kocham Ci\u0119. Prosz\u0119, by\u015b przebaczy\u0142 tym, kt\u00f3rzy nie wierz\u0105, Ciebie nie uwielbiaj\u0105, nie ufaj\u0105 Tobie i nie kochaj\u0105 Ciebie\u201d. Nakazuje im modli\u0107 si\u0119 w ten spos\u00f3b, zapewniaj\u0105c, \u017ce serca Jezusa i Maryi s\u0142uchaj\u0105 uwa\u017cnie ich s\u0142\u00f3w i pr\u00f3\u015bb.<\/p>\n<p>Anio\u0142 w kolejnych miesi\u0105cach objawia\u0142 si\u0119 im kilkakrotnie, zach\u0119caj\u0105c tak\u017ce do umartwie\u0144, kt\u00f3re by\u0142yby zado\u015b\u0107uczynieniem za grzechy ludzi. Wyja\u015bnia, \u017ce \u201cw ten spos\u00f3b \u015bci\u0105gniecie pok\u00f3j na wasz\u0105 ojczyzn\u0119\u201d. Wyja\u015bnia, \u017ce jest on Anio\u0142em Str\u00f3\u017cem Portugalii. Pewnego dnia udziela im Eucharystii, a dzieci, podczas ekstazy eucharystycznej \u2013 jak p\u00f3\u017aniej wspomina s. \u0141ucja \u2013 do\u015bwiadczaj\u0105 realnej obecno\u015bci Chrystusa pod postaciami chleba i wina.<\/p>\n<p>Wreszcie, nadchodzi 13 maja 1917 r. dzie\u0144, kt\u00f3ry otwiera sze\u015b\u0107 spotka\u0144 dzieci z Maryj\u0105, zako\u0144czonych \u201ccudem s\u0142o\u0144ca\u201d w dniu 13 pa\u017adziernika. Troje dzieci wypasaj\u0105c owce w Cova da Iria spotykaj\u0105 \u201eJasn\u0105 Pani\u0105\u201d. Otrzymuj\u0105 od Niej or\u0119dzie, kt\u00f3rego w wielu fragmentach nie rozumiej\u0105, zachowuj\u0105c dla siebie. Siostra \u0141ucja b\u0119dzie je ujawnia\u0107 stopniowo po latach, a o upublicznieniu najbardziej strze\u017conej \u201cTrzeciej tajemnicy fatimskiej\u201d zadecyduje Jan Pawe\u0142 II dopiero w 2000 roku.<\/p>\n<p>\u201cJasna Pani\u201d, gdy\u017c dopiero na koniec objawie\u0144 wyjawia swe imi\u0119 (jestem Matk\u0105 Bo\u017c\u0105 R\u00f3\u017ca\u0144cow\u0105), przekazuje pastuszkom niezwykle bogate w tre\u015bci przes\u0142anie i liczne polecenia. Poczynaj\u0105c od 13 maja w kolejnych miesi\u0105cach prosi je, aby codziennie odmawia\u0142y r\u00f3\u017caniec w intencji pokoju, aby przyjmowa\u0142y cierpienia jako zado\u015b\u0107uczynienie za grzechy i nawr\u00f3cenie grzesznik\u00f3w, ukazuje im swoje Niepokalane Serce, m\u00f3wi, \u017ce Pan Jezus pragnie, by kult Jej Serca si\u0119 szerzy\u0142, zapowiada wielki cud na zako\u0144czenie objawie\u0144.<\/p>\n<p>Maryja przepowiada dzieciom, \u017ce b\u0119d\u0105 musia\u0142y wiele wycierpie\u0107 lecz \u0142aska Bo\u017ca ich nie opu\u015bci. Z Matk\u0105 Bo\u017c\u0105 rozmawia tylko najstarsza \u0141ucja. Ona jedyna z trojga pastuszk\u00f3w widzi, s\u0142yszy i mo\u017ce m\u00f3wi\u0107 do Maryi. Hiacynta tylko widzi i s\u0142yszy, Franciszek za\u015b jedynie widzi.<\/p>\n<p>&nbsp;<br \/>\n<img decoding=\"async\" id=\"ogloszenia-852\" src=\"http:\/\/rafalk-elblag.pl\/wp-content\/uploads\/2020\/04\/baner-ogloszenia-parafialne.jpg\"><\/p>\n<h2>Og\u0142oszenia parafialne 10.05.2020<\/h2>\n<p><strong>UWAGA!!! Opr\u00f3cz celebransa, wszyscy u\u017cywaj\u0105 maseczek. BARDZO PROSIMY O PRZESTRZEGANIE TEGO ZALECENIA.<\/strong><\/p>\n<p><strong>1.<\/strong> Kochani Parafianie trwa okres Wielkanocny &#8211; czas rado\u015bci ze Zmartwychwstania Pana Jezusa. W zwi\u0105zku z tym \u017ce obecnie w naszym ko\u015bciele jest mo\u017cliwo\u015b\u0107 uczestnictwa we Mszach \u015bw. i nabo\u017ce\u0144stwach 35 os\u00f3b, gor\u0105co zach\u0119camy wiernych do skorzystania z \u0142aski sakramentu pojednania i do przyj\u0119cia Komunii \u015bw. WIELKANOCNEJ.<br \/>\nSPOWIED\u0179 OD GODZ. 7:45 i 17:30.<\/p>\n<p><strong>2.<\/strong> WSKAZANIA BISKUPA ELBL\u0104SKIEGO NA CZAS WIELKANOCNY. Dyspensa od obowi\u0105zku uczestnictwa w niedzielnej Mszy \u015bwi\u0119tej. Zwalniam od obowi\u0105zku uczestnictwa w niedzielnej Mszy do Uroczysto\u015bci Wniebowst\u0105pienia Pa\u0144skiego, tj. do niedzieli 24 maja br. w\u0142\u0105cznie, nast\u0119puj\u0105ce osoby: chorych, zagro\u017conych chorob\u0105, przebywaj\u0105cych na kwarantannie, pracuj\u0105cych w niedziel\u0119, starszych, nie czuj\u0105cych si\u0119 dobrze, a tak\u017ce tych, dla kt\u00f3rych nie znajdzie si\u0119 miejsce w \u015bwi\u0105tyni [kan. 87 \u00a7 1 oraz 1245 KPK]. Pragn\u0119 zauwa\u017cy\u0107 i podkre\u015bli\u0107 ze z obowi\u0105zku uczestnictwa we Mszy \u015bw. zwolnienia s\u0105 tylko powy\u017csze osoby.<\/p>\n<p><strong>3.<\/strong> Mamy najpi\u0119kniejszy miesi\u0105c maj &#8211; zapraszamy na nabo\u017ce\u0144stwa ku czci Naj\u015bwi\u0119tszej Maryi Panny, tzw. \u201eMAJOWE\u201d: doros\u0142ych i m\u0142odzie\u017c codziennie o godz. 17:30.<\/p>\n<p><strong>4.<\/strong> Obecny miesi\u0105c jest szczeg\u00f3lnie po\u015bwi\u0119cony Matce Bo\u017cej poprzez odprawianie nabo\u017ce\u0144stw \u201eMAJOWYCH\u201d. Nasza Ojczyzna od wiek\u00f3w s\u0142yn\u0119\u0142a z oddawania czci Maryi w \u015bpiewie Litanii Loreta\u0144skiej w ro\u017cnych miejscach np. w ko\u015bcio\u0142ach, kaplicach, przy figurkach i przydro\u017cnych krzy\u017cach i w naszych domach. Ten obraz modl\u0105cego si\u0119 Ludu Bo\u017cego wielu z nas ci\u0105gle nosi w sobie. Zapraszam Was kochani do Ko\u015bcio\u0142a (35 os\u00f3b) oraz na plac przed Ko\u015bcio\u0142em. Spotkajmy si\u0119 13 maja o godz. 17:30 w 103 rocznic\u0119 Objawie\u0144 Fatimskich, by wsp\u00f3lnie wychwala\u0107 Matk\u0119 Naj\u015bwi\u0119tsz\u0105 i dzi\u0119kowa\u0107 Jej, \u017ce troszczy si\u0119 o ka\u017cdego cz\u0142owieka. Niech s\u0142owa pie\u015bni: \u201eZaufaj Maryi, a Ona twe troski jak Matka zamieni w rado\u015bci\u201d b\u0119d\u0105 dla nas drogowskazem w p\u00f3j\u015bciu w\u0142a\u015bciw\u0105 drog\u0105.<\/p>\n<p><strong>5.<\/strong> <strong>PAMI\u0118TAJMY!!!<\/strong> W sobot\u0119 16 maja br. dzie\u0144 modlitw za Bractwo Szkaplerzne, a tak\u017ce za osoby nosz\u0105ce Szkaplerz \u015awi\u0119ty. Zapraszamy nale\u017c\u0105cych i pragn\u0105cych w\u0142\u0105czy\u0107 si\u0119 do tej wsp\u00f3lnoty na Msz\u0119 \u015bw. o godz. 18:00 z katechez\u0105. W tym dniu mo\u017cemy przyj\u0105\u0107 SZKLAPLERZ KARMELITA\u0143SKI.<\/p>\n<p><strong>6.<\/strong> W sobot\u0119 30 maja o godz. 10:00 w Katedrze Elbl\u0105skiej odb\u0119dzie si\u0119 wa\u017cne wydarzenie: \u015aWI\u0118CENIA KAP\u0141A\u0143SKIE przyjmie nasz parafianin diakon Micha\u0142 Semeniuk. Ze wzgl\u0119du na ograniczon\u0105 ilo\u015b\u0107 miejsc w ko\u015bciele prosz\u0119, aby\u015bmy w tym dniu duchowo wspierali diakona Micha\u0142a i prosili dla Niego o wszelkie potrzebne \u0142aski w pos\u0142udze kap\u0142a\u0144skiej.<\/p>\n<p><strong>7.<\/strong> W zwi\u0105zku z EPIDEMI\u0104 KORONAWIRUSA i obecnym zarz\u0105dzeniem sanitarnym ograniczaj\u0105cym udzia\u0142 wiernych w jednej Mszy \u015bw. w naszym Ko\u015bciele do 35 os\u00f3b w miesi\u0105cu maju &#8211; <strong>NIE REZYGNUJEMY ZE MSZY \u015aW. NIEDZIELNEJ O GODZ. 15:00. UWAGA !!!<\/strong> Aby utrzyma\u0107 kontakt m\u0142odzie\u017cy z Panem Jezusem Eucharystycznym wprowadzili\u015bmy dodatkow\u0105 <strong>Msz\u0119 \u015bw. o godz. 19:30.<\/strong> Liczymy szczeg\u00f3lnie na obecno\u015b\u0107 m\u0142odzie\u017cy przygotowuj\u0105cej si\u0119 do sakramentu BIERZMOWANIA. Prosimy rodzic\u00f3w o przypominanie swym dorastaj\u0105cym i doros\u0142ym dzieciom o ich obowi\u0105zku uczestnictwa we Mszy \u015bw. niedzielnej.<\/p>\n<p><strong>8.<\/strong> Wszystkim Jubilatom i Solenizantom tego tygodnia \u017cyczymy wszelkiego dobra w \u017cyciu i b\u0142ogos\u0142awie\u0144stwa Bo\u017cego.<\/p>\n<p><strong>9.<\/strong> Przed ko\u015bcio\u0142em mo\u017cna naby\u0107 pras\u0119 katolick\u0105: \u201eGo\u015b\u0107 Niedzielny\u201d w cenie 6 z\u0142.<\/p>\n<p><strong>10.<\/strong> Pan powo\u0142a\u0142 do wieczno\u015bci: \u015bp. Gabriel\u0119 Roszyck\u0105 lat 70 z ul. Brzechwy.<\/p>\n<p>&nbsp;<\/p>\n<p><img decoding=\"async\" id=\"intencje-852\" src=\"http:\/\/rafalk-elblag.pl\/wp-content\/uploads\/2020\/04\/baner-intencje-mszy.jpg\"><\/p>\n<h2>Intencje mszalne 10.05.2020<\/h2>\n<p><strong>PONIEDZIA\u0141EK \/ 11 maja 2020r.<\/strong><br \/>\n8.00 \u2020 W\u0142adys\u0142aw Uler (11 greg.)<br \/>\n18.00 \u2020 Emilia U\u015bcinowicz w 32 r.\u015bm.<br \/>\n18.00 \u2020 Ryszard \u017bubertowski w 1 r.\u015bm.<\/p>\n<p><strong>WTOREK \/ 12 maja 2020r.<\/strong><br \/>\n8.00 \u2020 Franciszka i Stanis\u0142aw Zaborowscy i zm. rodzice<br \/>\n18.00 \u2020 W\u0142adys\u0142aw Uler (12 greg.)<br \/>\n18.00 O Bo\u017ce b\u0142og. opiek\u0119 MB dla Renaty, Ireneusza i Genowefy z ok. urodzin<\/p>\n<p><strong>\u015aRODA \/ 13 maja 2020r. \/ Matki Bo\u017cej Fatimskiej<\/strong><br \/>\n8.00 \u2020 W\u0142adys\u0142aw Uler (13 greg.)<br \/>\n18.00 \u2020 Regina, Wiktor, rodzice z obojga stron i wszystkich zm. z rodz. Wile\u0144skich i Zglenickich<br \/>\n18.00 O \u0142ask\u0119 jedno\u015bci ma\u0142\u017ce\u0144skiej dla Ani i Marcina oraz \u0142ask\u0119 pracy dla Marcina<\/p>\n<p><strong>CZWARTEK \/ 14 maja 2020r. \/ \u015bw. Macieja<\/strong><br \/>\n8.00 \u2020 W\u0142adys\u0142aw Uler (14 greg.)<br \/>\n8.00 \u2020 Genowefa Tomczy\u0144ska w 6 miesi\u0105c po \u015bmierci<br \/>\n18.00 \u2020 Kazimierz Ja\u015bkiewicz i Stanis\u0142aw Pawlikowski w 3 r.\u015bm.<\/p>\n<p><strong>PI\u0104TEK \/ 15 maja 2020r.<\/strong><br \/>\n8.00 O Bo\u017ce b\u0142og. i zdrowie dla Zofii Rynkiewicz z ok. urodzin i imienin oraz ca\u0142ej rodziny<br \/>\n18.00 \u2020 Roman Tykarski w 1 r.\u015bm.<br \/>\n18.00 \u2020 W\u0142adys\u0142aw Uler (15 greg.)<\/p>\n<p><strong>SOBOTA \/ 16 maja 2020r. \/ \u015bw. Andrzeja Boboli<\/strong><br \/>\n8.00 \u2020 W\u0142adys\u0142aw Uler (9 greg.)<br \/>\n18.00 Dzi\u0119k. w dniu urodzin Anny z pro\u015bb\u0105 o Bo\u017ce b\u0142og., dary Ducha \u015aw. i opiek\u0119 MB Szkaplerznej<br \/>\n18.00 W intencji Bractwa Szkaplerznego oraz os\u00f3b, kt\u00f3re przyjm\u0105 Szkaplerz<\/p>\n<p><strong>VI Niedziela Wielkanocna \/ 17 maja 2020r.<\/strong><br \/>\n7.00 \u2020 W\u0142adys\u0142aw Uler (17 greg.)<br \/>\n9.00 \u2020 Rodzice: Stanis\u0142aw i Zofia, Branis\u0142aw i Janina oraz bracia Ryszard i Tadeusz<br \/>\n10.30 \u2020 Kordula i Wac\u0142aw Mat\u0142ach<br \/>\n12.00 W intencji Parafian<br \/>\n15.00 O Bo\u017ce b\u0142og., opiek\u0119 MB i dary Ducha \u015aw. dla ks. S\u0142awka Milde z ok. imienin<br \/>\n18.00 \u2020 Jan Jaworski w 11 r.\u015bm., Zofia i Andrzej Jaworscy, Marianna i Boles\u0142aw Stan<br \/>\n19.30 \u2020 Genowefa Wojsznis<\/p>\n","protected":false},"excerpt":{"rendered":"<p>OBJAWIENIA W FATIMIE Og\u0142oszenia parafialne 10.05.2020 Intencje mszalne 10.05.2020 OBJAWIENIA W FATIMIE W 1917 roku &#8211; gdy toczy\u0142a si\u0119 pierwsza wojna \u015bwiatowa, kiedy w Portugalii sprawowa\u0142 rz\u0105dy antyko\u015bcielny re\u017cim, a w Rosji zaczyna\u0142a szale\u0107 rewolucja &#8211; na obrze\u017cach miasteczka Fatima, Matka Bo\u017ca ukazywa\u0142a si\u0119 trojgu wiejskim dzieciom nie umiej\u0105cym jeszcze czyta\u0107. Przekaza\u0142a im or\u0119dzie dotycz\u0105ce [&hellip;]<\/p>\n","protected":false},"author":1,"featured_media":3905,"comment_status":"closed","ping_status":"closed","sticky":false,"template":"","format":"standard","meta":{"ngg_post_thumbnail":0,"footnotes":""},"categories":[11,8,4,3],"tags":[],"class_list":["post-3903","post","type-post","status-publish","format-standard","has-post-thumbnail","hentry","category-aktualnosci","category-blog","category-intencje","category-ogloszenia"],"_links":{"self":[{"href":"https:\/\/rafalk-elblag.pl\/index.php?rest_route=\/wp\/v2\/posts\/3903","targetHints":{"allow":["GET"]}}],"collection":[{"href":"https:\/\/rafalk-elblag.pl\/index.php?rest_route=\/wp\/v2\/posts"}],"about":[{"href":"https:\/\/rafalk-elblag.pl\/index.php?rest_route=\/wp\/v2\/types\/post"}],"author":[{"embeddable":true,"href":"https:\/\/rafalk-elblag.pl\/index.php?rest_route=\/wp\/v2\/users\/1"}],"replies":[{"embeddable":true,"href":"https:\/\/rafalk-elblag.pl\/index.php?rest_route=%2Fwp%2Fv2%2Fcomments&post=3903"}],"version-history":[{"count":6,"href":"https:\/\/rafalk-elblag.pl\/index.php?rest_route=\/wp\/v2\/posts\/3903\/revisions"}],"predecessor-version":[{"id":3908,"href":"https:\/\/rafalk-elblag.pl\/index.php?rest_route=\/wp\/v2\/posts\/3903\/revisions\/3908"}],"wp:featuredmedia":[{"embeddable":true,"href":"https:\/\/rafalk-elblag.pl\/index.php?rest_route=\/wp\/v2\/media\/3905"}],"wp:attachment":[{"href":"https:\/\/rafalk-elblag.pl\/index.php?rest_route=%2Fwp%2Fv2%2Fmedia&parent=3903"}],"wp:term":[{"taxonomy":"category","embeddable":true,"href":"https:\/\/rafalk-elblag.pl\/index.php?rest_route=%2Fwp%2Fv2%2Fcategories&post=3903"},{"taxonomy":"post_tag","embeddable":true,"href":"https:\/\/rafalk-elblag.pl\/index.php?rest_route=%2Fwp%2Fv2%2Ftags&post=3903"}],"curies":[{"name":"wp","href":"https:\/\/api.w.org\/{rel}","templated":true}]}}