{"id":3892,"date":"2020-05-02T19:31:12","date_gmt":"2020-05-02T19:31:12","guid":{"rendered":"http:\/\/rafalk-elblag.pl\/?p=3892"},"modified":"2020-05-02T19:34:31","modified_gmt":"2020-05-02T19:34:31","slug":"biuletyn-nr-850-26-04-2020r-iii-niedziela-wielkanocna-2","status":"publish","type":"post","link":"https:\/\/rafalk-elblag.pl\/?p=3892","title":{"rendered":"Biuletyn nr 851\/ 03.05.2020r. IV Niedziela Wielkanocna"},"content":{"rendered":"<p><a href=\"#temat-851\">MODLITWA O POWO\u0141ANIA<\/a><br \/>\n<a href=\"#ogloszenia-851\">Og\u0142oszenia parafialne 03.05.2020<\/a><br \/>\n<a href=\"#intencje-851\">Intencje mszalne 03.05.2020<\/a><\/p>\n<p><img decoding=\"async\" id=\"temat-851\" src=\"http:\/\/rafalk-elblag.pl\/wp-content\/uploads\/2020\/05\/baner-851.jpg\"><\/p>\n<h1>MODLITWA O POWO\u0141ANIA<\/h1>\n<p><strong>Dzi\u015b obchodzimy 57. \u015awiatowy Dzie\u0144 Modlitw o Powo\u0142ania. Jest on obchodzony corocznie w IV Niedziel\u0119 Wielkanocn\u0105, zwan\u0105 Niedziel\u0105 Dobrego Pasterza.<\/strong><br \/>\n<strong>Dotykamy podstawowej kwestii dotycz\u0105cej daru, jakim jest powo\u0142anie. Jest to jednak sfera ogromnie delikatna, a przy tym niezmiernie wa\u017cna.<\/strong> Jak w normalnym ma\u0142\u017ce\u0144stwie i zdrowej rodzinie fundamentaln\u0105 spraw\u0105 jest rodzenie i wychowanie dzieci, tak w naszych wsp\u00f3lnotach chrze\u015bcija\u0144skich ci\u0105gle \u017cywa jest troska o pasterzy, o nowe zast\u0119py kap\u0142an\u00f3w, os\u00f3b konsekrowanych czy misjonarzy \u2013 g\u0142osicieli Dobrej Nowiny. Powo\u0142anie jest darem Boga. Swoist\u0105 sztuk\u0105 jest jego rozpoznanie. Dojrzewa ono w rodzinie oraz w najbli\u017cszym \u015brodowisku i szkole. R\u00f3wie\u015bnicy mog\u0105 pom\u00f3c lub utrudni\u0107, a nawet mog\u0105 by\u0107 przeszkod\u0105 w wyborze drogi \u017cyciowej, jakim jest powo\u0142anie kap\u0142a\u0144skie czy zakonne. Odpowied\u017a m\u0142odego cz\u0142owieka na wezwanie Boga wi\u0105\u017ce si\u0119 te\u017c z d\u0142ug\u0105 drog\u0105 jego rozpoznawania i rozwoju. Towarzyszenie powo\u0142anym na ich drodze jest bardzo wa\u017cne, wprost konieczne. Ostateczne powiedzenie Bogu oto id\u0119 wi\u0105\u017ce si\u0119 r\u00f3wnie\u017c z decyzj\u0105 prze\u0142o\u017conych. I wreszcie, wierne kroczenie wybran\u0105 drog\u0105 wymaga wielorakiego wsparcia.<\/p>\n<p>\u2013 modli\u0107 si\u0119 o powo\u0142ania, to prosi\u0107 Pana \u017cniwa o dar powo\u0142ania i jego przyj\u0119cie przez powo\u0142anego;<br \/>\n\u2013 modli\u0107 si\u0119 o powo\u0142ania, to otoczy\u0107 trosk\u0105 modlitewn\u0105 rodzin\u0119 i \u015brodowisko, w kt\u00f3rym wzrasta powo\u0142any;<br \/>\n\u2013 modli\u0107 si\u0119 o powo\u0142ania, to modli\u0107 si\u0119 za tych, kt\u00f3rzy towarzysz\u0105 powo\u0142anemu na jego drodze;<br \/>\n\u2013 modli\u0107 si\u0119 o powo\u0142ania, to tak\u017ce wyprasza\u0107 \u015bwiat\u0142o Ducha \u015awi\u0119tego dla prze\u0142o\u017conych, kt\u00f3rzy potwierdzaj\u0105 zdatno\u015b\u0107 kandydata do przyj\u0119cia \u015bwi\u0119ce\u0144 czy z\u0142o\u017cenia konsekracji zakonnej;<br \/>\n\u2013 modli\u0107 si\u0119 o powo\u0142ania, to wreszcie prosi\u0107 Boga o dar wytrwania w powo\u0142aniu w doli niedoli.<\/p>\n<p>Powo\u0142anie\u2013 jest darem samego Boga. To On wybiera, powo\u0142uje i daje wzrost. Ale pos\u0142uguje si\u0119 nami. \u201ePro\u015bcie Pana \u017cniwa\u2026\u201d. Do nas nale\u017cy modlitwa: wytrwa\u0142a, pokorna, ale i systematyczna. B\u00f3g hojnie rozdziela dar powo\u0142ania. Trudniej jest ten dar rozpozna\u0107 i przyj\u0105\u0107. Modlitwa wiernych, a zw\u0142aszcza najbli\u017cszych, modlitwa zorganizowana, modlitwa w grupach czy wsp\u00f3lnotach mo\u017ce wyprosi\u0107 \u015bwiat\u0142o na drodze wyboru tego typu powo\u0142ania kap\u0142a\u0144skiego, do \u017cycia konsekrowanego czy misyjnego.<\/p>\n<p><strong>Obecnie z naszej wsp\u00f3lnoty parafialnej formacj\u0119 kap\u0142a\u0144sk\u0105 odbywaj\u0105:<\/strong><\/p>\n<p><strong>Dn Micha\u0142 Semeniuk<\/strong> \u2013 Wy\u017csze Seminarium Duchowne w Elbl\u0105gu, rok VI<br \/>\n<strong>Al. Amadeusz Babiel<\/strong> \u2013 Wy\u017csze Seminarium Duchowne w Elbl\u0105gu, rok I<br \/>\n<strong>Al. Karol Mystkowski<\/strong> \u2013 nowicjat w Zakonie Szk\u00f3\u0142 Pobo\u017cnych (Pijar\u00f3w)<\/p>\n<p>W naszej parafii regularnie wspieramy modlitw\u0105 powo\u0142ania do \u017cycia kap\u0142a\u0144skiego, zakonnego i misyjnego. W ka\u017cdy Pierwszy Czwartek Miesi\u0105ca sprawowana jest Msza \u015awi\u0119ta o nowe i \u015bwi\u0119te powo\u0142ania, natomiast po Mszy odprawiane jest nabo\u017ce\u0144stwo \u201eGodziny \u015awi\u0119tej\u201d, w kt\u00f3rym prosimy Boga o dar powo\u0142a\u0144 oraz o wszelkie \u0142aski dla powo\u0142anych i os\u00f3b odpowiedzialnych za formacj\u0119.<\/p>\n<p>&nbsp;<br \/>\n<img decoding=\"async\" id=\"ogloszenia-851\" src=\"http:\/\/rafalk-elblag.pl\/wp-content\/uploads\/2020\/04\/baner-ogloszenia-parafialne.jpg\"><\/p>\n<h2>Og\u0142oszenia parafialne 03.05.2020<\/h2>\n<p><strong>1.<\/strong> Zapraszamy dzisiaj na ADORACJ\u0118 NAJ\u015aWI\u0118TSZEGO SAKRAMENTU od godz. 16:00 do godz. 17:30. W ciszy jest \u0142atwiej us\u0142ysze\u0107 g\u0142os Boga.<\/p>\n<p><strong>2.<\/strong> Dzisiaj Niedziel\u0105 Dobrego Pasterza &#8211; rozpoczynamy 57 Tydzie\u0144 Modlitw o Powo\u0142ania. Zapraszamy wszystkich do wsp\u00f3lnej modlitwy w intencji m\u0142odych ludzi, aby dobrze rozeznali swoje powo\u0142anie podczas nabo\u017ce\u0144stw majowych o godz. 17:30.<\/p>\n<p><strong>3.<\/strong> Informujemy, \u017ce zgodnie z nowymi decyzjami w\u0142adz pa\u0144stwowych i sanitarnych, przyj\u0119tych tak\u017ce przez w\u0142adze ko\u015bcielne, w Mszach \u015bwi\u0119tych i innych nabo\u017ce\u0144stwach w naszym ko\u015bciele <strong>od 20 kwietnia br. mo\u017ce uczestniczy\u0107 35 os\u00f3b.<\/strong> W tej liczbie mieszcz\u0105 si\u0119: ksi\u0119\u017ca, obs\u0142uga nabo\u017ce\u0144stwa (organista, ko\u015bcielny, ministranci) oraz wierni. <strong>UWAGA!!! Opr\u00f3cz celebransa, wszyscy u\u017cywaj\u0105 maseczek. BARDZO PROSIMY O PRZESTRZEGANIE TEGO ZALECENIA.<\/strong><\/p>\n<p><strong>4.<\/strong> Kochani Parafianie trwa okres Wielkanocny &#8211; czas rado\u015bci ze Zmartwychwstania Pana Jezusa. W zwi\u0105zku z tym, \u017ce obecnie w naszym ko\u015bciele jest mo\u017cliwo\u015b\u0107 uczestnictwa we Mszach \u015bw. i nabo\u017ce\u0144stwach 35 os\u00f3b, gor\u0105co zach\u0119camy wiernych do skorzystania z \u0142aski sakramentu pojednania i do przyj\u0119cia Komunii \u015bw. WIELKANOCNEJ. Spowied\u017a od godz. 7:45 i 17:30.<\/p>\n<p><strong>5.<\/strong> Rozpoczynamy Maryjny miesi\u0105c maj &#8211; zapraszamy na nabo\u017ce\u0144stwa ku czci Naj\u015bwi\u0119tszej Maryi Panny: doros\u0142ych, m\u0142odzie\u017c i dzieci codziennie o godz. 17:30.<\/p>\n<p><strong>6.<\/strong> W tym tygodniu przypada pierwszy czwartek miesi\u0105ca maja:<br \/>\n\u2022 w pierwszy czwartek b\u0119dziemy modli\u0107 si\u0119 o \u015bwi\u0119to\u015b\u0107 dla kap\u0142an\u00f3w oraz o liczne i \u015bwi\u0119te powo\u0142ania kap\u0142a\u0144skie, zakonne i misyjne z naszej parafii. Zapraszamy od godz. 17:00 na ,,Godzin\u0119 \u015awi\u0119t\u0105\u201d, czyli Adoracj\u0119 przed Naj\u015bwi\u0119tszym Sakramentem a po Niej na Msz\u0119 \u015bwi\u0119t\u0105 w powy\u017cszych intencjach.<\/p>\n<p><strong>7. W zwi\u0105zku z EPIDEMI\u0104 KORONAWIRUSA i obecnym zarz\u0105dzeniem sanitarnym ograniczaj\u0105cym udzia\u0142 wiernych w jednej Mszy \u015bw. w naszym Ko\u015bciele do 35 os\u00f3b w miesi\u0105cu maju NIE REZYGNUJEMY ZE MSZY \u015aW. NIEDZIELNEJ O GODZ. 15:00. UWAGA !!! Aby utrzyma\u0107 kontakt m\u0142odzie\u017cy z Panem Jezusem Eucharystycznym wprowadzamy od dzisiaj dodatkow\u0105 Msz\u0119 \u015bw. o godz. 19:30. Liczymy szczeg\u00f3lnie na obecno\u015b\u0107 m\u0142odzie\u017cy przygotowuj\u0105cej si\u0119 do sakramentu BIERZMOWANIA. Prosimy rodzic\u00f3w o przypominanie swym dorastaj\u0105cym i doros\u0142ym dzieciom o ich obowi\u0105zku uczestnictwa we Mszy \u015bw. niedzielnej.<\/strong><\/p>\n<p><strong>8.<\/strong> Z powodu panuj\u0105cej epidemii tegoroczna data I Komunii \u015bw. jest nie aktualna. Po rozmowach z wielu rodzicami ustalono, \u017ce I Komunia \u015bw. dzieci klas III ob\u0119dzie si\u0119 dnia 27 wrze\u015bnia br. o godz. 12:00. Prosz\u0119, aby zadba\u0107 o religijn\u0105 atmosfer\u0119 w domu poprzez wsp\u00f3ln\u0105 modlitw\u0119 w rodzinie oraz powtarzanie z dzieckiem materia\u0142u z lekcji religii dla utrwalenia wiadomo\u015bci.<\/p>\n<p><strong>9.<\/strong> Przed ko\u015bcio\u0142em mo\u017cna naby\u0107 pras\u0119 katolick\u0105: \u201eGo\u015b\u0107 Niedzielny\u201d w cenie 6 z\u0142.<\/p>\n<p><strong>10.<\/strong> Pan powo\u0142a\u0142 do wieczno\u015bci: \u015bp. Anatola Usik lat 76 z ul. Brzechwy.<\/p>\n<p>&nbsp;<\/p>\n<p><img decoding=\"async\" id=\"intencje-851\" src=\"http:\/\/rafalk-elblag.pl\/wp-content\/uploads\/2020\/04\/baner-intencje-mszy.jpg\"><\/p>\n<h2>Intencje mszalne 03.05.2020<\/h2>\n<p><strong>PONIEDZIA\u0141EK \/ 4 maja 2020r.<\/strong><br \/>\n8.00 \u2020 W\u0142adys\u0142aw Uler (4 greg.)<br \/>\n18.00 Dzi\u0119k. w 84 urodziny Moniki Go\u0142y\u0144skiej z pro\u015bb\u0105 o Bo\u017ce b\u0142og. i potrzebne \u0142aski<br \/>\n18.00 Dzi\u0119k. w 60 urodziny Danuty z pro\u015bb\u0105 o Bo\u017ce b\u0142og., opiek\u0119 MB i dary Ducha \u015aw. na ka\u017cdy dzie\u0144<\/p>\n<p><strong>WTOREK \/ 5 maja 2020r.<\/strong><br \/>\n8.00 \u2020 Zmarli rodzice: Gdaniec i Wo\u0142oszyn<br \/>\n18.00 \u2020 W\u0142adys\u0142aw Uler (5 greg.)<br \/>\n18.00 O Bo\u017ce b\u0142og. opiek\u0119 MB i potrzebne \u0142aski dla ks. Marcina Dopiera\u0142y<\/p>\n<p><strong>\u015aRODA \/ 6 maja 2020r. \/ \u015bw. Filipa i Jakuba<\/strong><br \/>\n8.00 \u2020 W\u0142adys\u0142aw Uler (6 greg.)<br \/>\n18.00 \u2020 Bogdan Przyby\u0142ek z okazji ziemskich urodzin<br \/>\n18.00 O Bo\u017ce b\u0142og. opiek\u0119 MB i potrzebne \u0142aski dla ks. Piotra Bryka<\/p>\n<p><strong>CZWARTEK \/ 7 maja 2020r.<\/strong><br \/>\n8.00 \u2020 W\u0142adys\u0142aw Uler (7 greg.)<br \/>\n8.00 \u2020 \u0141ucja Czy\u017cewska<br \/>\n18.00 O Bo\u017ce b\u0142og. dla kap\u0142an\u00f3w oraz dla Margaretek modl\u0105cych si\u0119 za kap\u0142an\u00f3w oraz o nowe i \u015bwi\u0119te powo\u0142ania kap\u0142a\u0144skie i zakonne<\/p>\n<p><strong>PI\u0104TEK \/ 8 maja 2020r. \/ \u015bw. Stanis\u0142awa<\/strong><br \/>\n8.00 Rez.<br \/>\n18.00 \u2020 J\u00f3zefa (k) B\u0142aszczak w 12 r.\u015bm. i J\u00f3zef B\u0142aszczak w 42 r.\u015bm.<br \/>\n18.00 \u2020 W\u0142adys\u0142aw Uler (8 greg.)<\/p>\n<p><strong>SOBOTA \/ 9 maja 2020r.<\/strong><br \/>\n8.00 \u2020 W\u0142adys\u0142aw Uler (9 greg.)<br \/>\n18.00 \u2020 Jadwiga i Stanis\u0142aw Byzdra w 26 r.\u015bm.<br \/>\n18.00 \u2020 J\u00f3zef S\u0142omi\u0144ski w 27 r.\u015bm. i zm. z rodz. S\u0142omi\u0144skich, Kachnowicz, Bajson, Traczyk i Jasi\u0144skich<\/p>\n<p><strong>V Niedziela Wielkanocna \/ 10 maja 2020r.<\/strong><br \/>\n7.00 \u2020 Stanis\u0142aw, Jerzy, Cyryla (k) i Magdalena Kieza<br \/>\n9.00 Rez.<br \/>\n9.00 \u2020 W\u0142adys\u0142aw Uler (10 greg.)<br \/>\n10.30 O Bo\u017ce b\u0142og. i opiek\u0119 MB Szkaplerznej dla Tobiasza Szczepanika z ok. 3 urodzin<br \/>\n12.00 W intencji Parafian<br \/>\n18.00 \u2020 Eugenia Rz\u0105d i zmarli dziadkowie: Aniela i Jan<\/p>\n","protected":false},"excerpt":{"rendered":"<p>MODLITWA O POWO\u0141ANIA Og\u0142oszenia parafialne 03.05.2020 Intencje mszalne 03.05.2020 MODLITWA O POWO\u0141ANIA Dzi\u015b obchodzimy 57. \u015awiatowy Dzie\u0144 Modlitw o Powo\u0142ania. Jest on obchodzony corocznie w IV Niedziel\u0119 Wielkanocn\u0105, zwan\u0105 Niedziel\u0105 Dobrego Pasterza. Dotykamy podstawowej kwestii dotycz\u0105cej daru, jakim jest powo\u0142anie. Jest to jednak sfera ogromnie delikatna, a przy tym niezmiernie wa\u017cna. Jak w normalnym ma\u0142\u017ce\u0144stwie [&hellip;]<\/p>\n","protected":false},"author":1,"featured_media":3901,"comment_status":"closed","ping_status":"closed","sticky":false,"template":"","format":"standard","meta":{"ngg_post_thumbnail":0,"footnotes":""},"categories":[11,8,4,3],"tags":[],"class_list":["post-3892","post","type-post","status-publish","format-standard","has-post-thumbnail","hentry","category-aktualnosci","category-blog","category-intencje","category-ogloszenia"],"_links":{"self":[{"href":"https:\/\/rafalk-elblag.pl\/index.php?rest_route=\/wp\/v2\/posts\/3892","targetHints":{"allow":["GET"]}}],"collection":[{"href":"https:\/\/rafalk-elblag.pl\/index.php?rest_route=\/wp\/v2\/posts"}],"about":[{"href":"https:\/\/rafalk-elblag.pl\/index.php?rest_route=\/wp\/v2\/types\/post"}],"author":[{"embeddable":true,"href":"https:\/\/rafalk-elblag.pl\/index.php?rest_route=\/wp\/v2\/users\/1"}],"replies":[{"embeddable":true,"href":"https:\/\/rafalk-elblag.pl\/index.php?rest_route=%2Fwp%2Fv2%2Fcomments&post=3892"}],"version-history":[{"count":5,"href":"https:\/\/rafalk-elblag.pl\/index.php?rest_route=\/wp\/v2\/posts\/3892\/revisions"}],"predecessor-version":[{"id":3900,"href":"https:\/\/rafalk-elblag.pl\/index.php?rest_route=\/wp\/v2\/posts\/3892\/revisions\/3900"}],"wp:featuredmedia":[{"embeddable":true,"href":"https:\/\/rafalk-elblag.pl\/index.php?rest_route=\/wp\/v2\/media\/3901"}],"wp:attachment":[{"href":"https:\/\/rafalk-elblag.pl\/index.php?rest_route=%2Fwp%2Fv2%2Fmedia&parent=3892"}],"wp:term":[{"taxonomy":"category","embeddable":true,"href":"https:\/\/rafalk-elblag.pl\/index.php?rest_route=%2Fwp%2Fv2%2Fcategories&post=3892"},{"taxonomy":"post_tag","embeddable":true,"href":"https:\/\/rafalk-elblag.pl\/index.php?rest_route=%2Fwp%2Fv2%2Ftags&post=3892"}],"curies":[{"name":"wp","href":"https:\/\/api.w.org\/{rel}","templated":true}]}}