{"id":3880,"date":"2020-04-25T09:50:54","date_gmt":"2020-04-25T09:50:54","guid":{"rendered":"http:\/\/rafalk-elblag.pl\/?p=3880"},"modified":"2020-05-02T19:25:17","modified_gmt":"2020-05-02T19:25:17","slug":"biuletyn-nr-850-26-04-2020r-iii-niedziela-wielkanocna","status":"publish","type":"post","link":"https:\/\/rafalk-elblag.pl\/?p=3880","title":{"rendered":"Biuletyn nr 850\/ 26.04.2020r. III Niedziela Wielkanocna"},"content":{"rendered":"<p><a href=\"#temat-850\">III Niedziela Wielkanocna<\/a><br \/>\n<a href=\"#ogloszenia-850\">Og\u0142oszenia parafialne 26.04.2020<\/a><br \/>\n<a href=\"#intencje-850\">Intencje mszalne 26.04.2020<\/a><\/p>\n<p><img decoding=\"async\" id=\"temat-850\" src=\"http:\/\/rafalk-elblag.pl\/wp-content\/uploads\/2020\/04\/baner-850.jpg\"><\/p>\n<h1>CZYM DLA KATOLIKA POWINNO BY\u0106 PISMO \u015aWI\u0118TE?<\/h1>\n<p><strong>Mo\u017cna czasem spotka\u0107 si\u0119 z zarzutem pod adresem nas, katolik\u00f3w, \u017ce nie znamy Pisma \u015awi\u0119tego,<\/strong> \u017ce wyznawcy innych religii znaj\u0105 je od nas du\u017co lepiej; \u017ce nie realizujemy w praktyce wskaza\u0144 p\u0142yn\u0105cych ze S\u0142owa Bo\u017cego. Opinie te mog\u0105 by\u0107 wska\u017anikiem znaczenia, jakie tzw. przeci\u0119tny katolik przywi\u0105zuje do Biblii, obna\u017caj\u0105cym, niestety, s\u0142abo\u015b\u0107 naszej wiary. Czym wi\u0119c dla wierz\u0105cego powinno by\u0107 Pismo \u015awi\u0119te? Dlaczego warto je zg\u0142\u0119bia\u0107? Jak uczyni\u0107 osobist\u0105 lektur\u0119 Ksi\u0119gi \u017bycia prawdziwym spotkaniem z Bogiem?<\/p>\n<p>Z czytaniem Biblii jest troch\u0119 tak, jak z przebywaniem z najlepszym przyjacielem. Im cz\u0119\u015bciej z nim przebywamy, im cz\u0119\u015bciej si\u0119 spotykamy, tym \u0142atwiej odgadn\u0105\u0107 jego reakcje i odczyta\u0107 my\u015bli. Podobnie jest z lektur\u0105 Biblii. Im cz\u0119\u015bciej po ni\u0105 si\u0119gamy, tym szybciej zmienia si\u0119 nasze my\u015blenie. A przecie\u017c zmiana sposobu my\u015blenia to nic innego jak nawr\u00f3cenie. Greckie s\u0142owo metanoia, t\u0142umaczone jako \u201enawr\u00f3cenie\u201d, oznacza w\u0142a\u015bnie zmian\u0119 sposobu my\u015blenia. Biblia jest najbardziej poczytn\u0105 ksi\u0105\u017ck\u0105 \u015bwiata. Jest zbiorem ksi\u0105g, kt\u00f3re powstawa\u0142y na przestrzeni ponad tysi\u0105ca lat. Ksi\u0119ga ta rodzi\u0142a si\u0119 w kulturze zupe\u0142nie innej od kultury zachodniej i w mentalno\u015bci odmiennej ni\u017c ta, kt\u00f3ra zosta\u0142a ukszta\u0142towana przez wzorce filozoficznej my\u015bli Grecji i prawniczej my\u015bli Rzymu. Mo\u017ce to w\u0142a\u015bnie jest jeden z powod\u00f3w, dla kt\u00f3rych wielu ma k\u0142opoty z osobist\u0105 lektur\u0105 Pisma \u015awi\u0119tego.<\/p>\n<p>W \u017cyciu duchowym wa\u017cna jest umiej\u0119tno\u015b\u0107, kt\u00f3ra pozwala zachowa\u0107 pewne ramy obiektywizmu w ocenie samego siebie. Chodzi o zdolno\u015b\u0107 spojrzenia na siebie z pewnym dystansem. Gdy posiadamy t\u0119 umiej\u0119tno\u015b\u0107, w\u00f3wczas rzeczy nabieraj\u0105 w\u0142a\u015bciwych wymiar\u00f3w: nie przypisujemy zbytniego znaczenia sprawom ma\u0142o istotnym, ani nie bagatelizujemy rzeczy wa\u017cnych. Na co dzie\u0144 bardzo \u0142atwo o zachwianie tych proporcji. Ci\u0105g\u0142y kontakt z Bibli\u0105 daje nam w\u0142a\u015bciwy punkt odniesienia, by proporcje owe nie zosta\u0142y zachwiane. Biblia uczy Bo\u017cego sposobu patrzenia na \u015bwiat. Jest w Starym Testamencie pi\u0119kne zdanie: Nie tak bowiem widzi cz\u0142owiek, jak widzi B\u00f3g. Cz\u0142owiek patrzy na to, co widoczne dla oczu, B\u00f3g natomiast patrzy w serce (1 Sm 16,7). Czytanie Biblii jest uczeniem si\u0119 spojrzenia na \u015bwiat oczami Boga.<\/p>\n<p>Roman Brandstaetter tak pisa\u0142 o czytaniu Biblii: ka\u017cde s\u0142owo Pisma kryje tajemnic\u0119. A poniewa\u017c do tajemnicy wiedzie zazwyczaj wiele dr\u00f3g, staraj si\u0119 Bibli\u0119 czyta\u0107 na r\u00f3\u017cne sposoby. Niekiedy czytaj \u201ez m\u0119drca szkie\u0142kiem i okiem\u201d, badaj uwa\u017cnie ka\u017cde s\u0142owo tekstu, innym za\u015b razem popu\u015b\u0107 wodze wyobra\u017ani i rozwa\u017caj z bystro\u015bci\u0105 nieco mniej badawcz\u0105 i wyostrzon\u0105, ale za to z sercem bardziej otwartym, wypadki dziej\u0105ce si\u0119 na kartach Ksi\u0119gi. Za ka\u017cdym razem odnajdziesz w tych fragmentach inne warto\u015bci.<\/p>\n<p><strong>We wszystkich ko\u015bcio\u0142ach naszego kraju prze\u017cywamy w dniu 26 kwietnia 2020 roku czwarte Narodowe Czytanie Pisma \u015awi\u0119tego. Tak swoim has\u0142em jak i wybranymi do wsp\u00f3lnotowej lektury tekstami z Ewangelii wed\u0142ug \u015bw. Mateusza nawi\u0105zuje ono do 100. rocznicy urodzin Karola Wojty\u0142y \u2013 \u015bw. Jana Paw\u0142a II. Ten wielki Papie\u017c przez ca\u0142y sw\u00f3j pontyfikat g\u0142osi\u0142 Ewangeli\u0119 wszystkim narodom \u015bwiata. Wype\u0142nia\u0142 pos\u0142annictwo zlecone aposto\u0142om i ich nast\u0119pcom przez zmartwychwsta\u0142ego Chrystusa: \u201eId\u017acie i nauczajcie wszystkie narody!\u201d (Mt 28,19).<\/strong><\/p>\n<p>&nbsp;<br \/>\n<img decoding=\"async\" id=\"ogloszenia-850\" src=\"http:\/\/rafalk-elblag.pl\/wp-content\/uploads\/2020\/04\/baner-ogloszenia-parafialne.jpg\"><\/p>\n<h2>Og\u0142oszenia parafialne 26.04.2020<\/h2>\n<p><strong>1.<\/strong> Dzisiejsz\u0105 III Niedziel\u0105 Wielkanocn\u0105, rozpoczynamy XII Tydzie\u0144 Biblijny. Swoim has\u0142em nawi\u0105zuje on do 100. rocznicy urodzin Karola Wojty\u0142y \u2013 s\u0301w. Jana Paw\u0142a II &#8211; \u201eId\u017acie i nauczajcie wszystkie narody!\u201d (Mt 28,19). Dom rodzinny (wsp\u00f3lnota) jest pierwotnym miejscem lektury Pisma \u015awi\u0119tego. Dlatego zach\u0119camy szczeg\u00f3lnie w tym czasie do osobistej i rodzinnej lektury Pisma \u015awi\u0119tego. PAMI\u0118TAJMY !!!! Ilekro\u0107 czytamy i rozwa\u017camy Bibli\u0119 w rodzinie, wtedy sprawdzaj\u0105 si\u0119 s\u0142owa Jezusa: \u201eMoj\u0105 matk\u0105 i moimi bra\u0107mi s\u0105 ci, kt\u00f3rzy s\u0142uchaj\u0105 S\u0142owa Bo\u017cego i wype\u0142niaj\u0105 je\u201d (\u0141k 8, 21).<\/p>\n<p><strong>2.<\/strong> Informujemy, \u017ce zgodnie z aktualnymi decyzjami w\u0142adz pa\u0144stwowych i sanitarnych, przyj\u0119tych tak\u017ce przez w\u0142adze ko\u015bcielne, w Mszach \u015bwi\u0119tych i innych nabo\u017ce\u0144stwach <strong>w naszym ko\u015bciele od 20 kwietnia br. mo\u017ce uczestniczy\u0107 35 os\u00f3b.<\/strong> W tej liczbie mieszcz\u0105 si\u0119: ksi\u0119\u017ca, obs\u0142uga nabo\u017ce\u0144stwa (organista, ko\u015bcielny, ministranci) oraz wierni.<\/p>\n<p><strong>UWAGA!!! Opr\u00f3cz celebransa, wszyscy u\u017cywaj\u0105 maseczek. BARDZO PROSIMY O PRZESTRZEGANIE TEGO ZALECENIA.<\/strong><\/p>\n<p><strong>3.<\/strong> Kochani Parafianie trwa okres Wielkanocny &#8211; czas rado\u015bci ze Zmartwychwstania Pana Jezusa. W zwi\u0105zku z tym, \u017ce obecnie w naszym ko\u015bciele jest mo\u017cliwo\u015b\u0107 uczestnictwa we Mszach \u015bw. i nabo\u017ce\u0144stwach 35 os\u00f3b, gor\u0105co zach\u0119camy wiernych do skorzystania z \u0142aski sakramentu pojednania i do przyj\u0119cia Komunii \u015bw. WIELKANOCNEJ. Spowied\u017a od godz. 7:45 i 17:30.<\/p>\n<p><strong>4.<\/strong> W tym tygodniu, od pi\u0105tku rozpoczynamy Maryjny miesi\u0105c maj &#8211; zapraszamy na nabo\u017ce\u0144stwa ku czci Naj\u015bwi\u0119tszej Maryi Panny dla doros\u0142ych, m\u0142odzie\u017c i dzieci codziennie o godz. 17:30.<\/p>\n<p><strong>5.<\/strong> W tym tygodniu przypada pierwszy pi\u0105tek i sobota miesi\u0105ca maja:<\/p>\n<ul>\n<li>w pierwszy pi\u0105tek spowied\u017a dla dzieci, m\u0142odzie\u017cy i doros\u0142ych od godz. 17:30 i Msza \u015awi\u0119ta Wotywna o NSPJ o godz.18:00.<\/li>\n<li>w pierwsz\u0105 sobot\u0119, o godz. 17:00, zapraszamy na nabo\u017ce\u0144stwo pierwszych pi\u0119ciu sob\u00f3t o kt\u00f3re prosi\u0142a Matka Bo\u017ca w FATIMIE. Tego dnia zmiana tajemnic dla \u017bywego R\u00f3\u017ca\u0144ca.<\/li>\n<\/ul>\n<p><strong>6.<\/strong> W tym tygodniu przypada pierwszy pi\u0105tek miesi\u0105ca. Z POWODU EPIDEMII KAP\u0141ANI NIE UDADZ\u0104 si\u0119 do swoich chorych.<\/p>\n<p><strong>7.<\/strong> Zako\u0144czy\u0142 si\u0119 76 Tydzie\u0144 Mi\u0142osierdzia w Polsce prze\u017cywany pod has\u0142em: \u201eMI\u0141OSIERDZIEM BUDUJEMY KO\u015aCI\u00d3\u0141 BO\u017bY\u201d. Dzi\u0119kujemy za przyniesione SKARBONKI z ja\u0142mu\u017cn\u0105 wielkopostn\u0105 2020 w ramach og\u00f3lnopolskiej akcji \u201eDAR JUNIORA DLA SENIORA\u201d. Mo\u017cemy je nadal przynosi\u0107. Za wszystkie ofiary, kt\u00f3re s\u0105 pomoc\u0105 dla potrzebuj\u0105cych sk\u0142adamy \u201eB\u00f3g zap\u0142a\u0107\u201d. INFORMUJEMY: Parafialny Oddzia\u0142 Caritas znajduje si\u0119 na ul. Myliusa 1A i czynny jest w ka\u017cdy czwartek od godz. 16:00 do godz. 17:00.<\/p>\n<p><strong>8.<\/strong> Za z\u0142o\u017cone ofiary na utrzymanie naszego Ko\u015bcio\u0142a przekazywane indywidualnie lub na konto parafialne sk\u0142adamy serdeczne B\u00f3g zap\u0142a\u0107. Numer Konta Parafialnego: PKO BP 72 1020 1752 0000 0102 0069 6047<\/p>\n<p><strong>9.<\/strong> W najbli\u017csz\u0105 niedziel\u0119 &#8211; Niedziel\u0119 Dobrego Pasterza &#8211; rozpoczynamy 57 Tydzie\u0144 Modlitw o Powo\u0142ania. Zapraszamy wszystkich do wsp\u00f3lnej modlitwy w intencji m\u0142odych ludzi, aby dobrze rozeznali swoje powo\u0142anie.<\/p>\n<p><strong>10.<\/strong> UWAGA !!! Od Niedzieli 3 maja 2020 roku do ko\u0144ca sierpnia nie b\u0119dzie Mszy \u015bw. niedzielnej o godz. 15:00, natomiast Koronka do Bo\u017cego Mi\u0142osierdzia pozostaje bez zmian.<\/p>\n<p><strong>11.<\/strong> Z powodu panuj\u0105cej epidemii tegoroczna data I Komunii \u015bw. jest nieaktualna. Ustalono, \u017ce I Komunia \u015bw. dzieci obecnych klas III ob\u0119dzie si\u0119 dnia 27 wrze\u015bnia br. o godz. 12:00. Prosz\u0119, aby zadba\u0107 o religijn\u0105 atmosfer\u0119 w domu poprzez wsp\u00f3ln\u0105 modlitw\u0119 w rodzinie oraz powtarzanie z dzieckiem materia\u0142u z lekcji religii dla utrwalenia wiadomo\u015bci.<\/p>\n<p>&nbsp;<\/p>\n<p><img decoding=\"async\" id=\"intencje-850\" src=\"http:\/\/rafalk-elblag.pl\/wp-content\/uploads\/2020\/04\/baner-intencje-mszy.jpg\"><\/p>\n<h2>Intencje mszalne 26.04.2020<\/h2>\n<p><strong>PONIEDZIA\u0141EK \/ 27 kwietnia 2020r.<\/strong><br \/>\n8.00 \u2020 Wac\u0142aw i J\u00f3zefa (k) I\u0142gowscy i zm. rodze\u0144stwo: Jadwiga, Wac\u0142aw i W\u0142adys\u0142awa<br \/>\n18.00 \u2020 Janina Sojczy\u0144ska (26 greg.)<br \/>\n18.00 \u2020 Bogumi\u0142 i Gabriela (k) Zembrzuscy<\/p>\n<p><strong>WTOREK \/ 28 kwietnia 2020r.<\/strong><br \/>\n8.00 \u2020 Janina Sojczy\u0144ska (27 greg.)<br \/>\n18.00 \u2020 Stefania Proc<br \/>\n18.00 \u2020 Regina Urba\u0144ska w 1 r.\u015bm.<\/p>\n<p><strong>\u015aRODA \/ 29 kwietnia 2020r.<\/strong><br \/>\n8.00 O Bo\u017ce b\u0142og. i zdrowie dla Zbigniewa Jackiewicza i Jego rodziny<br \/>\n18.00 \u2020 Janina Sojczy\u0144ska (28 greg.)<br \/>\n18.00 O Bo\u017ce b\u0142og. opiek\u0119 MB i potrzebne \u0142aski dla ks. Piotra Wolnikowskiego<\/p>\n<p><strong>CZWARTEK \/ 30 kwietnia 2020r.<\/strong><br \/>\n8.00 \u2020 Janina Sojczy\u0144ska (29 greg.)<br \/>\n18.00 \u2020 Stanis\u0142aw i Bronis\u0142awa (k) i zm. z rodz. Wala<br \/>\n18.00 O Bo\u017ce b\u0142og. opiek\u0119 MB i potrzebne \u0142aski dla ks. Wojciecha Zwolickiego<\/p>\n<p><strong>PI\u0104TEK \/ 1 maja 2020r.<\/strong><br \/>\n8.00 \u2020 W\u0142adys\u0142aw Uler (1 greg.)<br \/>\n18.00 \u2020 Janina Sojczy\u0144ska (30 greg.)<br \/>\n18.00 W intencji czcicieli Naj\u015bwi\u0119tszego Serca Pana Jezusa<\/p>\n<p><strong>SOBOTA \/ 2 maja 2020r.<\/strong><br \/>\n8.00 \u2020 Zygmunt Stefanowicz<br \/>\n8.00 \u2020 W\u0142adys\u0142aw Uler (2 greg.)<br \/>\n18.00 O si\u0142\u0119, moc i \u015bwiat\u0142o Ducha \u015awi\u0119tego dla naszych duszpasterzy \u2013 int. od II R\u00f3\u017cy MB Gietrzwa\u0142dzkiej<\/p>\n<p><strong>IV Niedziela Wielkanocna \/ 3 maja 2020r.<\/strong><br \/>\n7.00 \u2020 W\u0142adys\u0142aw Uler (3 greg.)<br \/>\n9.00 O do\u015bwiadczenie Bo\u017cej mi\u0142o\u015bci dla Karoliny i Sebastiana<br \/>\n9.00 \u2020 Kazimierz Furowicz w 18 r.\u015bm. i rodzice w obojga stron<br \/>\n10.30 \u2020 Genowefa Kakowska w 13 r.\u015bm., Jan i Halina<br \/>\n12.00 W intencji Parafian<br \/>\n18.00 \u2020 Kazimiera (k) i Antoni Rybiccy, Bogumi\u0142a (k), Jan, Benedykt i zm. z rodz. Rybickich, Ku\u0142akowskich i Miko\u0142ajewskich<\/p>\n","protected":false},"excerpt":{"rendered":"<p>III Niedziela Wielkanocna Og\u0142oszenia parafialne 26.04.2020 Intencje mszalne 26.04.2020 CZYM DLA KATOLIKA POWINNO BY\u0106 PISMO \u015aWI\u0118TE? Mo\u017cna czasem spotka\u0107 si\u0119 z zarzutem pod adresem nas, katolik\u00f3w, \u017ce nie znamy Pisma \u015awi\u0119tego, \u017ce wyznawcy innych religii znaj\u0105 je od nas du\u017co lepiej; \u017ce nie realizujemy w praktyce wskaza\u0144 p\u0142yn\u0105cych ze S\u0142owa Bo\u017cego. Opinie te mog\u0105 by\u0107 [&hellip;]<\/p>\n","protected":false},"author":1,"featured_media":3884,"comment_status":"closed","ping_status":"closed","sticky":false,"template":"","format":"standard","meta":{"ngg_post_thumbnail":0,"footnotes":""},"categories":[11,8,4,3],"tags":[],"class_list":["post-3880","post","type-post","status-publish","format-standard","has-post-thumbnail","hentry","category-aktualnosci","category-blog","category-intencje","category-ogloszenia"],"_links":{"self":[{"href":"https:\/\/rafalk-elblag.pl\/index.php?rest_route=\/wp\/v2\/posts\/3880","targetHints":{"allow":["GET"]}}],"collection":[{"href":"https:\/\/rafalk-elblag.pl\/index.php?rest_route=\/wp\/v2\/posts"}],"about":[{"href":"https:\/\/rafalk-elblag.pl\/index.php?rest_route=\/wp\/v2\/types\/post"}],"author":[{"embeddable":true,"href":"https:\/\/rafalk-elblag.pl\/index.php?rest_route=\/wp\/v2\/users\/1"}],"replies":[{"embeddable":true,"href":"https:\/\/rafalk-elblag.pl\/index.php?rest_route=%2Fwp%2Fv2%2Fcomments&post=3880"}],"version-history":[{"count":5,"href":"https:\/\/rafalk-elblag.pl\/index.php?rest_route=\/wp\/v2\/posts\/3880\/revisions"}],"predecessor-version":[{"id":3888,"href":"https:\/\/rafalk-elblag.pl\/index.php?rest_route=\/wp\/v2\/posts\/3880\/revisions\/3888"}],"wp:featuredmedia":[{"embeddable":true,"href":"https:\/\/rafalk-elblag.pl\/index.php?rest_route=\/wp\/v2\/media\/3884"}],"wp:attachment":[{"href":"https:\/\/rafalk-elblag.pl\/index.php?rest_route=%2Fwp%2Fv2%2Fmedia&parent=3880"}],"wp:term":[{"taxonomy":"category","embeddable":true,"href":"https:\/\/rafalk-elblag.pl\/index.php?rest_route=%2Fwp%2Fv2%2Fcategories&post=3880"},{"taxonomy":"post_tag","embeddable":true,"href":"https:\/\/rafalk-elblag.pl\/index.php?rest_route=%2Fwp%2Fv2%2Ftags&post=3880"}],"curies":[{"name":"wp","href":"https:\/\/api.w.org\/{rel}","templated":true}]}}