{"id":3867,"date":"2020-04-19T09:33:49","date_gmt":"2020-04-19T09:33:49","guid":{"rendered":"http:\/\/rafalk-elblag.pl\/?p=3867"},"modified":"2020-04-19T14:53:53","modified_gmt":"2020-04-19T14:53:53","slug":"akt-zawierzenia-parafii-bozemu-milosierdziu","status":"publish","type":"post","link":"https:\/\/rafalk-elblag.pl\/?p=3867","title":{"rendered":"Akt zawierzenia parafii Bo\u017cemu Mi\u0142osierdziu"},"content":{"rendered":"<h2 style=\"text-align: center;\"><strong><a href=\"http:\/\/rafalk-elblag.pl\/wp-content\/uploads\/2020\/04\/jezu-ufam-tobie.jpg\"><img loading=\"lazy\" decoding=\"async\" class=\"aligncenter size-full wp-image-3868\" src=\"http:\/\/rafalk-elblag.pl\/wp-content\/uploads\/2020\/04\/jezu-ufam-tobie.jpg\" alt=\"\" width=\"500\" height=\"714\" srcset=\"https:\/\/rafalk-elblag.pl\/wp-content\/uploads\/2020\/04\/jezu-ufam-tobie.jpg 500w, https:\/\/rafalk-elblag.pl\/wp-content\/uploads\/2020\/04\/jezu-ufam-tobie-210x300.jpg 210w\" sizes=\"auto, (max-width: 500px) 100vw, 500px\" \/><\/a><br \/>\nAkt zawierzenia parafii \u015bw. Rafa\u0142a Kalinowskiego Bo\u017cemu Mi\u0142osierdziu<\/strong><\/h2>\n<p style=\"text-align: center;\">Odczytany po raz pierwszy dnia 27 kwietnia 2003 roku<br \/>\nI ka\u017cdego roku uroczy\u015bcie odnawiany<\/p>\n<p><strong>Jezu Kr\u00f3lu Mi\u0142osierdzia!<\/strong><\/p>\n<p>Ja proboszcz parafii \u015bw. Rafa\u0142a Kalinowskiego w Elbl\u0105gu Twemu Mi\u0142osierdziu zamierzam t\u0105 wsp\u00f3lnot\u0119 parafialn\u0105, by wzrasta\u0142a w \u015bwi\u0119to\u015b\u0107 i \u0142asce Bo\u017cej, a tak\u017ce stanowi\u0142a \u017cywy przyk\u0142ad Twojej obecno\u015bci w\u015br\u00f3d nas.<\/p>\n<ul>\n<li>Oddaj\u0119 ci wszystkie rodziny naszej parafii;<\/li>\n<li>B\u0142ogos\u0142aw Ojcom rodzin niech zawsze pami\u0119taj\u0105, \u017ce s\u0105 za nie wobec ciebie odpowiedzialni.<\/li>\n<li>B\u0142ogos\u0142aw Matkom, by rozpalone mi\u0142o\u015bci\u0105 Twoj\u0105 umia\u0142y kocha\u0107, przyjmowa\u0107 Dar Nowego \u017bycia i z ufno\u015bci\u0105 w sercu swoje problemy przedstawi\u0107 Tobie.<\/li>\n<li>B\u0142ogos\u0142aw M\u0142odzie\u017cy, by ceni\u0142a wiar\u0119 \u015bwi\u0119t\u0105, wed\u0142ug niej \u017cy\u0142a i strzeg\u0142a czysto\u015bci obyczaj\u00f3w.<\/li>\n<li>B\u0142ogos\u0142aw wszystkim dzieciom przytulaj\u0105c je do swego Mi\u0142osiernego serca, by ustrzeg\u0142y si\u0119 od zgorsze\u0144 i z\u0142a tego \u015bwiata.<\/li>\n<li>Jezu Mi\u0142osierny &#8211; pocieszaj chorych i strapionych.<\/li>\n<li>Umacniaj Tych, kt\u00f3rzy si\u0119 nimi opiekuj\u0105.<\/li>\n<li>Ocieraj \u0141zy sierotom, wdowom, wdowcom.<\/li>\n<li>Bro\u0144 ich przed n\u0119dz\u0105 i krzywd\u0105!<\/li>\n<li>Spraw by ludzie samotni i opuszczeni odczuwali Twoj\u0105 Chwa\u0142\u0119 Panie Jezu opiek\u0119 i blisko\u015b\u0107.<\/li>\n<\/ul>\n<p><strong>B\u0142ogos\u0142aw <\/strong>mnie duszpasterzowi tej parafii i kap\u0142anom w niej pracuj\u0105cym, by\u015bmy powierzone sobie dusz\u0119 karmili zdrow\u0105 nauk\u0105 Ewangeli i \u0142ask\u0105 Sakrament\u00f3w \u015bwi\u0119tych.<\/p>\n<p><strong>Wzbud\u017a <\/strong>w tej parafii Mi\u0142osierny Jezu \u015bwi\u0119te powo\u0142ania kap\u0142a\u0144skie, zakonne i misyjne.<\/p>\n<p><strong>Zawierzam Ci Jezu, <\/strong>Boski Zbawicielu nasz\u0105 ca\u0142\u0105 parafie i tych, kt\u00f3rzy j\u0105 nawiedzaj\u0105. Niech wszystkich ogarniaj\u0105 promienie Twojej Mi\u0142osiernej Mi\u0142o\u015bci. Obiecuj\u0119 Ci szczerze czuwa\u0107 nad tym, by ponawia\u0107 to zawierzenie co roku w \u015awi\u0119t\u0105 Mi\u0142osierdzia Bo\u017cego, by w tej parafii na wieki wychwalano Mi\u0142osierdzie Twoje i rozbrzmiewa\u0142 g\u0142os modlitwy \u201eJEZU UFAM TOBIE\u201d. <strong>Amen.<\/strong><\/p>\n<p>&nbsp;<\/p>\n<p>&nbsp;<\/p>\n<p><iframe loading=\"lazy\" src=\"https:\/\/www.youtube.com\/embed\/LdFkPQH-ikE\" allowfullscreen=\"allowfullscreen\" width=\"720\" height=\"405\" frameborder=\"0\"><\/iframe><\/p>\n<p>7:00 \u2013 Msza \u015awi\u0119ta<br \/>\n8:30 \u2013 Msza \u015awi\u0119ta<br \/>\n12:00 \u2013 Wystawienie Naj\u015bwi\u0119tszego Sakramentu i adoracja do 19:00<br \/>\n15:00 \u2013 Modlitwa w Godzinie Mi\u0142osierdzia i Koronka do Mi\u0142osierdzia Bo\u017cego<br \/>\n19:00 \u2013 Msza \u015bwi\u0119ta<br \/>\n20:30 \u2013 R\u00f3\u017caniec<br \/>\n21:00 \u2013 Apel Maryjny<\/p>\n","protected":false},"excerpt":{"rendered":"<p>Akt zawierzenia parafii \u015bw. Rafa\u0142a Kalinowskiego Bo\u017cemu Mi\u0142osierdziu Odczytany po raz pierwszy dnia 27 kwietnia 2003 roku I ka\u017cdego roku uroczy\u015bcie odnawiany Jezu Kr\u00f3lu Mi\u0142osierdzia! Ja proboszcz parafii \u015bw. Rafa\u0142a Kalinowskiego w Elbl\u0105gu Twemu Mi\u0142osierdziu zamierzam t\u0105 wsp\u00f3lnot\u0119 parafialn\u0105, by wzrasta\u0142a w \u015bwi\u0119to\u015b\u0107 i \u0142asce Bo\u017cej, a tak\u017ce stanowi\u0142a \u017cywy przyk\u0142ad Twojej obecno\u015bci w\u015br\u00f3d nas. [&hellip;]<\/p>\n","protected":false},"author":1,"featured_media":3869,"comment_status":"closed","ping_status":"closed","sticky":false,"template":"","format":"standard","meta":{"ngg_post_thumbnail":0,"footnotes":""},"categories":[11,8,4,3],"tags":[],"class_list":["post-3867","post","type-post","status-publish","format-standard","has-post-thumbnail","hentry","category-aktualnosci","category-blog","category-intencje","category-ogloszenia"],"_links":{"self":[{"href":"https:\/\/rafalk-elblag.pl\/index.php?rest_route=\/wp\/v2\/posts\/3867","targetHints":{"allow":["GET"]}}],"collection":[{"href":"https:\/\/rafalk-elblag.pl\/index.php?rest_route=\/wp\/v2\/posts"}],"about":[{"href":"https:\/\/rafalk-elblag.pl\/index.php?rest_route=\/wp\/v2\/types\/post"}],"author":[{"embeddable":true,"href":"https:\/\/rafalk-elblag.pl\/index.php?rest_route=\/wp\/v2\/users\/1"}],"replies":[{"embeddable":true,"href":"https:\/\/rafalk-elblag.pl\/index.php?rest_route=%2Fwp%2Fv2%2Fcomments&post=3867"}],"version-history":[{"count":6,"href":"https:\/\/rafalk-elblag.pl\/index.php?rest_route=\/wp\/v2\/posts\/3867\/revisions"}],"predecessor-version":[{"id":3877,"href":"https:\/\/rafalk-elblag.pl\/index.php?rest_route=\/wp\/v2\/posts\/3867\/revisions\/3877"}],"wp:featuredmedia":[{"embeddable":true,"href":"https:\/\/rafalk-elblag.pl\/index.php?rest_route=\/wp\/v2\/media\/3869"}],"wp:attachment":[{"href":"https:\/\/rafalk-elblag.pl\/index.php?rest_route=%2Fwp%2Fv2%2Fmedia&parent=3867"}],"wp:term":[{"taxonomy":"category","embeddable":true,"href":"https:\/\/rafalk-elblag.pl\/index.php?rest_route=%2Fwp%2Fv2%2Fcategories&post=3867"},{"taxonomy":"post_tag","embeddable":true,"href":"https:\/\/rafalk-elblag.pl\/index.php?rest_route=%2Fwp%2Fv2%2Ftags&post=3867"}],"curies":[{"name":"wp","href":"https:\/\/api.w.org\/{rel}","templated":true}]}}