{"id":3864,"date":"2020-04-19T09:27:22","date_gmt":"2020-04-19T09:27:22","guid":{"rendered":"http:\/\/rafalk-elblag.pl\/?p=3864"},"modified":"2020-04-19T14:54:15","modified_gmt":"2020-04-19T14:54:15","slug":"wskazania-biskupa-elblaskiego-na-czas-wielkanocny-18-iv-2020","status":"publish","type":"post","link":"https:\/\/rafalk-elblag.pl\/?p=3864","title":{"rendered":"Wskazania biskupa elbl\u0105skiego na czas wielkanocny [18 IV 2020]"},"content":{"rendered":"<p><strong>WSKAZANIA BISKUPA ELBL\u0104SKIEGO NA CZAS WIELKANOCNY [18 IV 2020]<\/strong><\/p>\n<ol>\n<li><strong>Liczba os\u00f3b podczas nabo\u017ce\u0144stw<\/strong>. Od 20 kwietnia br. [poniedzia\u0142ek] obowi\u0105zuj\u0105 nowe bardziej liberalne przepisy sanitarne, okre\u015blaj\u0105ce liczb\u0119 uczestnik\u00f3w nabo\u017ce\u0144stw w ko\u015bcio\u0142ach. Odt\u0105d liczb\u0119 uczestnik\u00f3w ustalamy dziel\u0105c wewn\u0119trzn\u0105 powierzchni\u0119 ko\u015bcio\u0142a przez 15 [jedna osoba na 15 m\u00b2]. W tej liczbie mieszcz\u0105 si\u0119: ksi\u0119\u017ca, wierni oraz obs\u0142uga nabo\u017ce\u0144stwa [organista, ko\u015bcielny, ministranci]. Opr\u00f3cz celebransa, wszyscy u\u017cywaj\u0105 maseczek.<\/li>\n<li><strong>Dyspensa od obowi\u0105zku uczestnictwa w niedzielnej Mszy \u015bwi\u0119tej<\/strong>. Zwalniam od obowi\u0105zku uczestnictwa w niedzielnej Mszy do Uroczysto\u015bci Wniebowst\u0105pienia Pa\u0144skiego, tj.<strong> do niedzieli 24 maja br.<\/strong> w\u0142\u0105cznie, nast\u0119puj\u0105ce osoby: chorych, zagro\u017conych chorob\u0105, przebywaj\u0105cych na kwarantannie, pracuj\u0105cych w niedziel\u0119, starszych, nie czuj\u0105cych si\u0119 dobrze, a tak\u017ce tych, dla kt\u00f3rych nie znajdzie si\u0119 miejsce w \u015bwi\u0105tyni [kan. 87 1 oraz 1245 KPK].<\/li>\n<li><strong>Transmisje nabo\u017ce\u0144stw<\/strong>. Pozostaj\u0105cych w domu zach\u0119cam do korzystania z transmisji telewizyjnych, radiowych oraz internetowych Mszy i nabo\u017ce\u0144stw. Przy tej okazji dzi\u0119kuj\u0119 za dotychczasowe zdalne uczestnictwo w modlitwie Ko\u015bcio\u0142a oraz cierpliwo\u015b\u0107 w znoszeniu niedogodno\u015bci i ogranicze\u0144. Dzi\u0119kuj\u0119 tak\u017ce organizatorom transmisji, zw\u0142aszcza prowadzonych przez parafie za pomoc\u0105 internetu.<\/li>\n<li><strong>Mo\u017cna udziela\u0107 chrztu i b\u0142ogos\u0142awi\u0107 ma\u0142\u017ce\u0144stwa<\/strong>, ale przy zachowaniu obowi\u0105zuj\u0105cych przepis\u00f3w sanitarnych. Dobrze by\u0142oby, gdyby podczas g\u0142\u00f3wnej czynno\u015bci chrztu [zbli\u017caj\u0105c si\u0119 do dziecka i rodzic\u00f3w] lub b\u0142ogos\u0142awienia ma\u0142e\u0144stwa, kap\u0142an wyst\u0119powa\u0142 w maseczce. Nale\u017cy jednak bra\u0107 pod uwag\u0119, \u017ce obowi\u0105zuj\u0105ce dzi\u015b przepisy zabraniaj\u0105 organizowania przyj\u0119\u0107, chrzcin i wesel.<\/li>\n<li><strong>Nale\u017cy spowiada\u0107 <\/strong>w sta\u0142ych, wyznaczonych terminach. Dla bezpiecze\u0144stwa podczas spowiedzi kap\u0142an i penitent korzystaj\u0105 z maseczek. W sytuacji zagro\u017cenia chorob\u0105 lub \u015bmierci\u0105, gdy nie ma mo\u017cliwo\u015bci spowiedzi, nale\u017cy wzbudzi\u0107 <strong>\u017cal za grzechy<\/strong>, motywowany mi\u0142o\u015bci\u0105 i szacunkiem wobec Boga. Taki \u017cal, zwany doskona\u0142ym, g\u0142adzi grzechy. P\u00f3\u017aniej jednak, gdy b\u0119dzie to mo\u017cliwe, grzechy nale\u017cy wyzna\u0107 podczas spowiedzi.<\/li>\n<li>Niemo\u017cno\u015b\u0107 przyj\u0119cia Komunii \u015bw. w czasie epidemii w <strong>pierwszy pi\u0105tek lub sobot\u0119 miesi\u0105ca<\/strong>, nie przerywa ci\u0105g\u0142o\u015bci powy\u017cszych praktyk. Nale\u017cy tylko p\u00f3\u017aniej uzupe\u0142ni\u0107 brakuj\u0105ce miesi\u0105ce.<\/li>\n<li>W czasie trwania epidemii zach\u0119cam do <strong>przyjmowania Komunii \u015bw. na r\u0119k\u0119<\/strong>. Ods\u0142aniamy usta w taki spos\u00f3b \u017ceby nie dotkn\u0105\u0107 r\u0119kami zewn\u0119trznej strony maseczki. Wyci\u0105gamy lew\u0105 otwart\u0105 d\u0142o\u0144. Kap\u0142an lub szafarz k\u0142adzie na ni\u0105 Komuni\u0119 \u015bw. W\u00f3wczas praw\u0105 d\u0142oni\u0105 bierzemy Cia\u0142o Pa\u0144skie do ust, spo\u017cywamy na miejscu i dopiero odchodzimy.<\/li>\n<li>Przepisy sanitarne, dotycz\u0105ce liczby uczestnik\u00f3w nabo\u017ce\u0144stw, odnosz\u0105 si\u0119 tak\u017ce do <strong>Mszy pogrzebowej<\/strong>. Wprowadzenie trumny do ko\u015bcio\u0142a jest mo\u017cliwe je\u015bli nie zabraniaj\u0105 tego przepisy. Dla bezpiecze\u0144stwa ksi\u0105dz i organista na cmentarzu powinni u\u017cywa\u0107 maseczek.<\/li>\n<li>Wobec interesant\u00f3w <strong>w zakrystii i kancelarii<\/strong> ksi\u0105dz wyst\u0119puje w maseczce.<\/li>\n<li>Podczas Mszy kolektor zbiera <strong>ofiary na tac\u0119 lub do puszki w maseczce i r\u0119kawiczkach<\/strong>. Mo\u017cna je r\u00f3wnie\u017c sk\u0142ada\u0107 do osobnych skarbon w ko\u015bciele, albo przesy\u0142a\u0107 na konto parafii. Prosz\u0119 o materialne wsparcie parafii, aby mog\u0142y one funkcjonowa\u0107, a tak\u017ce o wsparcie dzie\u0142 diecezjalnych, a zw\u0142aszcza <strong>seminarium<\/strong> duchownego w Elbl\u0105gu.<\/li>\n<li>Od 5 lat w parafiach diecezji rozprowadzany jest <strong>tygodnik katolicki \u201eGo\u015b\u0107 Niedzielny\u201d<\/strong>. Bardzo prosz\u0119, aby w czasie epidemii nie utraci\u0107 kontaktu z pras\u0105 katolick\u0105.<\/li>\n<li>Nie pochwalam akcji duszpasterskich przeprowadzonych w Wielkim Tygodniu w niekt\u00f3rych parafiach diecezji wbrew moim wcze\u015bniejszym wskazaniom.<\/li>\n<\/ol>\n<p>Nie mo\u017cemy utraci\u0107 czujno\u015bci, gdy\u017c zmagamy si\u0119 z powa\u017cnym zagro\u017ceniem zdrowia i \u017cycia. W tym zmaganiu wspomagajmy siebie nawzajem.<\/p>\n<p><em>+Jacek Jezierski \u2013 biskup elbl\u0105ski<\/em><\/p>\n<p>Elbl\u0105g, dn. 18 kwietnia 2020 r.<\/p>\n<p>&nbsp;<\/p>\n","protected":false},"excerpt":{"rendered":"<p>WSKAZANIA BISKUPA ELBL\u0104SKIEGO NA CZAS WIELKANOCNY [18 IV 2020] Liczba os\u00f3b podczas nabo\u017ce\u0144stw. Od 20 kwietnia br. [poniedzia\u0142ek] obowi\u0105zuj\u0105 nowe bardziej liberalne przepisy sanitarne, okre\u015blaj\u0105ce liczb\u0119 uczestnik\u00f3w nabo\u017ce\u0144stw w ko\u015bcio\u0142ach. Odt\u0105d liczb\u0119 uczestnik\u00f3w ustalamy dziel\u0105c wewn\u0119trzn\u0105 powierzchni\u0119 ko\u015bcio\u0142a przez 15 [jedna osoba na 15 m\u00b2]. W tej liczbie mieszcz\u0105 si\u0119: ksi\u0119\u017ca, wierni oraz obs\u0142uga nabo\u017ce\u0144stwa [&hellip;]<\/p>\n","protected":false},"author":1,"featured_media":3865,"comment_status":"closed","ping_status":"closed","sticky":false,"template":"","format":"standard","meta":{"ngg_post_thumbnail":0,"footnotes":""},"categories":[11,8,4,3],"tags":[],"class_list":["post-3864","post","type-post","status-publish","format-standard","has-post-thumbnail","hentry","category-aktualnosci","category-blog","category-intencje","category-ogloszenia"],"_links":{"self":[{"href":"https:\/\/rafalk-elblag.pl\/index.php?rest_route=\/wp\/v2\/posts\/3864","targetHints":{"allow":["GET"]}}],"collection":[{"href":"https:\/\/rafalk-elblag.pl\/index.php?rest_route=\/wp\/v2\/posts"}],"about":[{"href":"https:\/\/rafalk-elblag.pl\/index.php?rest_route=\/wp\/v2\/types\/post"}],"author":[{"embeddable":true,"href":"https:\/\/rafalk-elblag.pl\/index.php?rest_route=\/wp\/v2\/users\/1"}],"replies":[{"embeddable":true,"href":"https:\/\/rafalk-elblag.pl\/index.php?rest_route=%2Fwp%2Fv2%2Fcomments&post=3864"}],"version-history":[{"count":2,"href":"https:\/\/rafalk-elblag.pl\/index.php?rest_route=\/wp\/v2\/posts\/3864\/revisions"}],"predecessor-version":[{"id":3878,"href":"https:\/\/rafalk-elblag.pl\/index.php?rest_route=\/wp\/v2\/posts\/3864\/revisions\/3878"}],"wp:featuredmedia":[{"embeddable":true,"href":"https:\/\/rafalk-elblag.pl\/index.php?rest_route=\/wp\/v2\/media\/3865"}],"wp:attachment":[{"href":"https:\/\/rafalk-elblag.pl\/index.php?rest_route=%2Fwp%2Fv2%2Fmedia&parent=3864"}],"wp:term":[{"taxonomy":"category","embeddable":true,"href":"https:\/\/rafalk-elblag.pl\/index.php?rest_route=%2Fwp%2Fv2%2Fcategories&post=3864"},{"taxonomy":"post_tag","embeddable":true,"href":"https:\/\/rafalk-elblag.pl\/index.php?rest_route=%2Fwp%2Fv2%2Ftags&post=3864"}],"curies":[{"name":"wp","href":"https:\/\/api.w.org\/{rel}","templated":true}]}}