{"id":3860,"date":"2020-04-19T09:21:55","date_gmt":"2020-04-19T09:21:55","guid":{"rendered":"http:\/\/rafalk-elblag.pl\/?p=3860"},"modified":"2020-04-19T09:39:18","modified_gmt":"2020-04-19T09:39:18","slug":"biuletyn-nr-849-19-04-2020r-niedziela-milosierdzia-bozego","status":"publish","type":"post","link":"https:\/\/rafalk-elblag.pl\/?p=3860","title":{"rendered":"Biuletyn nr 849\/ 19.04.2020r. Niedziela Mi\u0142osierdzia Bo\u017cego"},"content":{"rendered":"<p><iframe loading=\"lazy\" src=\"https:\/\/www.youtube.com\/embed\/LdFkPQH-ikE\" allowfullscreen=\"allowfullscreen\" width=\"720\" height=\"405\" frameborder=\"0\"><\/iframe><\/p>\n<p>7:00 \u2013 Msza \u015awi\u0119ta<br \/>\n8:30 \u2013 Msza \u015awi\u0119ta<br \/>\n12:00 \u2013 Wystawienie Naj\u015bwi\u0119tszego Sakramentu i adoracja do 19:00<br \/>\n15:00 \u2013 Modlitwa w Godzinie Mi\u0142osierdzia i Koronka do Mi\u0142osierdzia Bo\u017cego<br \/>\n19:00 \u2013 Msza \u015bwi\u0119ta<br \/>\n20:30 \u2013 R\u00f3\u017caniec<br \/>\n21:00 \u2013 Apel Maryjny<\/p>\n<p><img decoding=\"async\" id=\"ogloszenia-844\" src=\"http:\/\/rafalk-elblag.pl\/wp-content\/uploads\/2019\/09\/ogloszenia_parafialne.jpg\" width=\"800px\"><\/p>\n<h2>Og\u0142oszenia parafialne 12.04.2020 r<\/h2>\n<p><strong>1. Informujemy, \u017ce zgodnie z nowymi decyzjami w\u0142adz pa\u0144stwowych i sanitarnych, przyj\u0119tych tak\u017ce przez w\u0142adze ko\u015bcielne, w Mszach \u015bwi\u0119tych i innych nabo\u017ce\u0144stwach w naszym ko\u015bciele od 20 kwietnia br. mo\u017ce uczestniczy\u0107 35 os\u00f3b. W tej liczbie mieszcz\u0105 si\u0119: ksi\u0119\u017ca, obs\u0142uga nabo\u017ce\u0144stwa (organista, ko\u015bcielny, ministranci) oraz wierni. UWAGA!!! Opr\u00f3cz celebransa, wszyscy u\u017cywaj\u0105 maseczek. BARDZO PROSIMY o przestrzeganie tego zalecenia.<\/strong><\/p>\n<p>2. Kochani Parafianie trwa okres Wielkanocny &#8211; czas rado\u015bci ze Zmartwychwstania Pana Jezusa. W zwi\u0105zku z tym, \u017ce obecnie w naszym ko\u015bciele jest mo\u017cliwo\u015b\u0107 uczestnictwa we Mszach \u015bw. i nabo\u017ce\u0144stwach 35 os\u00f3b, gor\u0105co zach\u0119camy wiernych do skorzystania z \u0142aski sakramentu pojednania i do przyj\u0119cia Komunii \u015bw. WIELKANOCNEJ. <strong>Spowied\u017a od godz. 7:45 oraz od godz. 17:30.<\/strong><\/p>\n<p>3. W naszym ko\u015bciele parafialnym porz\u0105dek Mszy \u015awi\u0119tych w dni powszednie o godz. 8:00 i o godz.18:00) i Niedziele bez zmian. Zapewniamy, \u017ce wszystkie zam\u00f3wione intencje Mszalne zostan\u0105 odprawione zgodnie z wol\u0105 ofiarodawc\u00f3w.<\/p>\n<p>4. Prze\u017cywamy wyj\u0105tkow\u0105 \u201eNiedziel\u0119 Mi\u0142osierdzia Bo\u017cego\u201d. Uroczysta Msza \u015bw. z odnowieniem Aktu Zawierzenia Parafii Mi\u0142osierdziu Bo\u017cemu odb\u0119dzie si\u0119 o godz. 15:00. Serdecznie zapraszamy do duchowego \u0142\u0105czenia si\u0119 z nami. Zach\u0119cam by\u015bmy w tej godzinie zjednoczyli si\u0119 we wsp\u00f3lnej modlitwie Koronk\u0105 do Bo\u017cego Mi\u0142osierdzia w intencji ustania epidemii.<\/p>\n<p>5. Tegoroczny 76 Tydzie\u0144 Mi\u0142osierdzia b\u0119dzie obchodzony do 25.04.2020 pod has\u0142em \u201eMI\u0141OSIERDZIEM BUDUJEMY KO\u015aCI\u00d3\u0141 BO\u017bY\u201d. Celem Tygodnia Mi\u0142osierdzia jest: budzenie wra\u017cliwo\u015bci na potrzeby bli\u017anich: chorych, samotnych, bezrobotnych, bezdomnych i prze\u015bladowanych. Obchody s\u0105 okazj\u0105 do g\u0142\u0119bszej refleksji na temat mi\u0142osierdzia czynionego na co dzie\u0144 szczeg\u00f3lnie teraz, podczas trwaj\u0105cej epidemii.<\/p>\n<p>6. Od dzisiaj przynosimy do ko\u015bcio\u0142a Skarbonk\u0119 z Ja\u0142mu\u017cn\u0105 Wielkopostn\u0105 2020 w ramach og\u00f3lnopolskiej akcji \u201eDAR JUNIORA DLA SENIORA\u201d. Skarbonki zostawiamy pod o\u0142tarzem. B\u00f3g zap\u0142a\u0107 za podj\u0119ty trud i z\u0142o\u017con\u0105 ofiar\u0119.<\/p>\n<p>7. Z powodu panuj\u0105cej epidemii tegoroczna data I Komunii \u015bw. jest nieaktualna. Gdy ustan\u0105 te przeszkody zostanie ustalony nowy termin I Komunii \u015bw. w porozumieniu z rodzicami dzieci klas III. Prosz\u0119, aby zadba\u0107 o religijn\u0105 atmosfer\u0119 w domu np. poprzez wsp\u00f3ln\u0105 modlitw\u0119 w rodzinie.<\/p>\n<p>8. Za tydzie\u0144 w 3 Niedziel\u0119 Wielkanocn\u0105, rozpocznie si\u0119 XII Tydzie\u0144 Biblijny. Swoim has\u0142em nawi\u0105zuje on do 100. rocznicy urodzin Karola Wojty\u0142y \u2013 s\u0301w. Jana Paw\u0142a II. Ten wielki Papie\u017c przez ca\u0142y sw\u00f3j pontyfikat wype\u0142nia\u0142 pos\u0142annictwo zlecone aposto\u0142om i ich nast\u0119pcom przez zmartwychwsta\u0142ego Chrystusa: \u201eId\u017acie i nauczajcie wszystkie narody!\u201d (Mt 28,19). Dom rodzinny (wsp\u00f3lnota) jest pierwotnym miejscem lektury Pisma \u015awi\u0119tego. Dlatego zach\u0119camy szczeg\u00f3lnie w tym czasie do osobistej i rodzinnej lektury Pisma \u015awi\u0119tego. Ilekro\u0107 czytamy i rozwa\u017camy Bibli\u0119 w rodzinie, wtedy sprawdzaj\u0105 si\u0119 s\u0142owa Jezusa: \u201eMoj\u0105 matk\u0105 i moimi bra\u0107mi s\u0105 ci, kt\u00f3rzy s\u0142uchaj\u0105 S\u0142owa Bo\u017cego i wype\u0142niaj\u0105 je\u201d (\u0141k 8, 21).<\/p>\n<p>9. W minionym tygodniu po d\u0142ugiej chorobie zmar\u0142a dr Danuta Szyma\u0144ska \u2013 P\u0142otka, wieloletni kierownik Przychodni \u201eDU\u017bY MEDYK\u201d przy ul. Myliusa. Msza \u015bw. pogrzebowa zosta\u0142a odprawiona w czwartek 16 kwietnia br. w Katedrze \u015bw. Miko\u0142aja w Elbl\u0105gu. Wieczny odpoczynek racz Jej da\u0107 Panie.<\/p>\n<p>&nbsp;<\/p>\n<p><img decoding=\"async\" id=\"intencje-844\" src=\"http:\/\/rafalk-elblag.pl\/wp-content\/uploads\/2019\/09\/intencje_mszalne.jpg\" width=\"800px\"><\/p>\n<h2>Intencje mszalne 19.04.2020<\/h2>\n<p><strong> Niedziela Mi\u0142osierdzia Bo\u017cego \/ 19 kwietnia 2020r.<br \/>\n<\/strong>7.00 \u2020 Stanis\u0142aw Jasi\u0144ski w 12 r.\u015bm. i zm. z rodz. Bajson, Jasi\u0144skich i Kachnowicz<br \/>\n9.00 \u2020 Janina Sojczy\u0144ska (18 greg.)<br \/>\n9.00 \u2020 Krystyna Przedwojewska w 7 r.\u015bm., Jan i Gra\u017cyna<br \/>\n10.30 Dzi\u0119k. za pierwszy rok \u017cycia Kubusia z pro\u015bb\u0105 o prawid\u0142owy rozw\u00f3j, Bo\u017ce b\u0142og., opiek\u0119 MB zdrowie i potrzebne \u0142aski dla ca\u0142ej rodziny<br \/>\n12.00 W intencji Parafian<br \/>\n15.00 \u2020 J\u00f3zefa (k) Tubilewicz w 35 r.\u015bm., J\u00f3zef Tubilewicz w 24 r.\u015bm. i zm. z rodz. Tubilewicz<br \/>\n15.00 O Bo\u017ce b\u0142og., dary Ducha \u015aw. dla opiekuna ks. kan. Wojciecha Zwolickiego oraz cz\u0142onk\u00f3w Apostolatu Bo\u017cego Mi\u0142osierdzia i Wolontariuszy Caritas<br \/>\n18.00 \u2020 Roman \u017belazny z ok. ziemskich urodzin i imienin \u2013 int. od rodziny<strong><\/p>\n<p>PONIEDZIA\u0141EK \/ 20 kwietnia 2020r.<\/strong><br \/>\n8.00 \u2020 Irena Kali\u0144ska w 30 dpp.<br \/>\n18.00 \u2020 Janina Sojczy\u0144ska (19 greg.)<br \/>\n18.00 \u2020 Lucjan G\u00f3rski w 10 r.\u015bm. i zm. z rodz. z obojga stron<\/p>\n<p><strong>WTOREK \/ 21 kwietnia 2020r.<\/strong><br \/>\n8.00 \u2020 Janina Sojczy\u0144ska (20 greg.)<br \/>\n18.00 \u2020 Zygmunt w 10 r.\u015bm., rodzice: Katarzyna i J\u00f3zef, siostra Irena i szwagier<br \/>\n18.00 \u2020 J\u00f3zef \u0141ojek w 15 r.\u015bm.<\/p>\n<p><strong>\u015aRODA \/ 22 kwietnia 2020r.<\/strong><br \/>\n8.00 \u2020 Barbara i Ryszard Czarneccy<br \/>\n18.00 \u2020 Janina Sojczy\u0144ska (21 greg.)<br \/>\n18.00 Za spok\u00f3j duszy \u015bp. Jerzego<\/p>\n<p><strong>CZWARTEK \/ 23 kwietnia 2020r. \/ uroczysto\u015b\u0107 \u015bw. Wojciecha<\/strong><br \/>\n8.00 \u2020 Janina Sojczy\u0144ska (22 greg.)<br \/>\n18.00 \u2020 Helena \u0141ado w 30 dpp.<br \/>\n18.00 O Dary Ducha \u015aw., Bo\u017ce b\u0142og. i opiek\u0119 MB dla ks. kan. Wojciecha Zwolickiego w dniu imienin \u2013 int. od Margaretki<\/p>\n<p><strong>PI\u0104TEK \/ 24 kwietnia 2020r.<\/strong><br \/>\n8.00 Dzi\u0119k. za rok \u017cycia wnuczka Franciszka z pro\u015bb\u0105 o Bo\u017ce b\u0142og. dla Niego i rodziny<br \/>\n18.00 \u2020 Janina Sojczy\u0144ska (23 greg.)<br \/>\n18.00 Dzi\u0119k. w 10 rocz. \u015blubu Doroty i \u0141ukasza Sieno\u017c\u0119ckich z pro\u015bb\u0105 o Bo\u017ce b\u0142og. i potrzebne \u0142aski dla ca\u0142ej rodziny<\/p>\n<p><strong>SOBOTA \/ 25 kwietnia 2020r.<\/strong><br \/>\n8.00 \u2020 Janina Sojczy\u0144ska (24 greg.)<br \/>\n18.00 \u2020 Stefania Gadaj w 1 r.\u015bm. i Antoni Gadaj<br \/>\n18.00 \u2020 Jadwiga i Stanis\u0142aw Podbielscy, Barbara i Witold Wasiukiewicz, Gra\u017cyna i Ryszard<\/p>\n","protected":false},"excerpt":{"rendered":"<p>7:00 \u2013 Msza \u015awi\u0119ta 8:30 \u2013 Msza \u015awi\u0119ta 12:00 \u2013 Wystawienie Naj\u015bwi\u0119tszego Sakramentu i adoracja do 19:00 15:00 \u2013 Modlitwa w Godzinie Mi\u0142osierdzia i Koronka do Mi\u0142osierdzia Bo\u017cego 19:00 \u2013 Msza \u015bwi\u0119ta 20:30 \u2013 R\u00f3\u017caniec 21:00 \u2013 Apel Maryjny Og\u0142oszenia parafialne 12.04.2020 r 1. Informujemy, \u017ce zgodnie z nowymi decyzjami w\u0142adz pa\u0144stwowych i sanitarnych, przyj\u0119tych [&hellip;]<\/p>\n","protected":false},"author":1,"featured_media":3861,"comment_status":"closed","ping_status":"closed","sticky":false,"template":"","format":"standard","meta":{"ngg_post_thumbnail":0,"footnotes":""},"categories":[11,8,4,3],"tags":[],"class_list":["post-3860","post","type-post","status-publish","format-standard","has-post-thumbnail","hentry","category-aktualnosci","category-blog","category-intencje","category-ogloszenia"],"_links":{"self":[{"href":"https:\/\/rafalk-elblag.pl\/index.php?rest_route=\/wp\/v2\/posts\/3860","targetHints":{"allow":["GET"]}}],"collection":[{"href":"https:\/\/rafalk-elblag.pl\/index.php?rest_route=\/wp\/v2\/posts"}],"about":[{"href":"https:\/\/rafalk-elblag.pl\/index.php?rest_route=\/wp\/v2\/types\/post"}],"author":[{"embeddable":true,"href":"https:\/\/rafalk-elblag.pl\/index.php?rest_route=\/wp\/v2\/users\/1"}],"replies":[{"embeddable":true,"href":"https:\/\/rafalk-elblag.pl\/index.php?rest_route=%2Fwp%2Fv2%2Fcomments&post=3860"}],"version-history":[{"count":4,"href":"https:\/\/rafalk-elblag.pl\/index.php?rest_route=\/wp\/v2\/posts\/3860\/revisions"}],"predecessor-version":[{"id":3876,"href":"https:\/\/rafalk-elblag.pl\/index.php?rest_route=\/wp\/v2\/posts\/3860\/revisions\/3876"}],"wp:featuredmedia":[{"embeddable":true,"href":"https:\/\/rafalk-elblag.pl\/index.php?rest_route=\/wp\/v2\/media\/3861"}],"wp:attachment":[{"href":"https:\/\/rafalk-elblag.pl\/index.php?rest_route=%2Fwp%2Fv2%2Fmedia&parent=3860"}],"wp:term":[{"taxonomy":"category","embeddable":true,"href":"https:\/\/rafalk-elblag.pl\/index.php?rest_route=%2Fwp%2Fv2%2Fcategories&post=3860"},{"taxonomy":"post_tag","embeddable":true,"href":"https:\/\/rafalk-elblag.pl\/index.php?rest_route=%2Fwp%2Fv2%2Ftags&post=3860"}],"curies":[{"name":"wp","href":"https:\/\/api.w.org\/{rel}","templated":true}]}}