{"id":3795,"date":"2020-04-12T07:44:36","date_gmt":"2020-04-12T07:44:36","guid":{"rendered":"http:\/\/rafalk-elblag.pl\/?p=3795"},"modified":"2020-04-12T08:02:28","modified_gmt":"2020-04-12T08:02:28","slug":"biuletyn-nr-848-12-04-2020r-niedziela-zmartwychwstania-panskiego","status":"publish","type":"post","link":"https:\/\/rafalk-elblag.pl\/?p=3795","title":{"rendered":"Biuletyn nr 848 \/ 12.04.2020r. Niedziela Zmartwychwstania Pa\u0144skiego"},"content":{"rendered":"\n\t\t<style type=\"text\/css\">\n\t\t\t#gallery-1 {\n\t\t\t\tmargin: auto;\n\t\t\t}\n\t\t\t#gallery-1 .gallery-item {\n\t\t\t\tfloat: left;\n\t\t\t\tmargin-top: 10px;\n\t\t\t\ttext-align: center;\n\t\t\t\twidth: 25%;\n\t\t\t}\n\t\t\t#gallery-1 img {\n\t\t\t\tborder: 2px solid #cfcfcf;\n\t\t\t}\n\t\t\t#gallery-1 .gallery-caption {\n\t\t\t\tmargin-left: 0;\n\t\t\t}\n\t\t\t\/* see gallery_shortcode() in wp-includes\/media.php *\/\n\t\t<\/style>\n\t\t<div id='gallery-1' class='gallery galleryid-3795 gallery-columns-4 gallery-size-medium'><dl class='gallery-item'>\n\t\t\t<dt class='gallery-icon landscape'>\n\t\t\t\t<a href='https:\/\/rafalk-elblag.pl\/wp-content\/uploads\/2020\/04\/2.jpg'><img loading=\"lazy\" decoding=\"async\" width=\"300\" height=\"225\" src=\"https:\/\/rafalk-elblag.pl\/wp-content\/uploads\/2020\/04\/2-300x225.jpg\" class=\"attachment-medium size-medium\" alt=\"\" srcset=\"https:\/\/rafalk-elblag.pl\/wp-content\/uploads\/2020\/04\/2-300x225.jpg 300w, https:\/\/rafalk-elblag.pl\/wp-content\/uploads\/2020\/04\/2-768x576.jpg 768w, https:\/\/rafalk-elblag.pl\/wp-content\/uploads\/2020\/04\/2-1024x768.jpg 1024w, https:\/\/rafalk-elblag.pl\/wp-content\/uploads\/2020\/04\/2.jpg 1920w\" sizes=\"auto, (max-width: 300px) 100vw, 300px\" \/><\/a>\n\t\t\t<\/dt><\/dl><dl class='gallery-item'>\n\t\t\t<dt class='gallery-icon landscape'>\n\t\t\t\t<a href='https:\/\/rafalk-elblag.pl\/wp-content\/uploads\/2020\/04\/3.jpg'><img loading=\"lazy\" decoding=\"async\" width=\"300\" height=\"225\" src=\"https:\/\/rafalk-elblag.pl\/wp-content\/uploads\/2020\/04\/3-300x225.jpg\" class=\"attachment-medium size-medium\" alt=\"\" srcset=\"https:\/\/rafalk-elblag.pl\/wp-content\/uploads\/2020\/04\/3-300x225.jpg 300w, https:\/\/rafalk-elblag.pl\/wp-content\/uploads\/2020\/04\/3-768x576.jpg 768w, https:\/\/rafalk-elblag.pl\/wp-content\/uploads\/2020\/04\/3-1024x768.jpg 1024w, https:\/\/rafalk-elblag.pl\/wp-content\/uploads\/2020\/04\/3.jpg 1920w\" sizes=\"auto, (max-width: 300px) 100vw, 300px\" \/><\/a>\n\t\t\t<\/dt><\/dl><dl class='gallery-item'>\n\t\t\t<dt class='gallery-icon landscape'>\n\t\t\t\t<a href='https:\/\/rafalk-elblag.pl\/wp-content\/uploads\/2020\/04\/4.jpg'><img loading=\"lazy\" decoding=\"async\" width=\"300\" height=\"225\" src=\"https:\/\/rafalk-elblag.pl\/wp-content\/uploads\/2020\/04\/4-300x225.jpg\" class=\"attachment-medium size-medium\" alt=\"\" srcset=\"https:\/\/rafalk-elblag.pl\/wp-content\/uploads\/2020\/04\/4-300x225.jpg 300w, https:\/\/rafalk-elblag.pl\/wp-content\/uploads\/2020\/04\/4-768x576.jpg 768w, https:\/\/rafalk-elblag.pl\/wp-content\/uploads\/2020\/04\/4-1024x768.jpg 1024w, https:\/\/rafalk-elblag.pl\/wp-content\/uploads\/2020\/04\/4.jpg 1920w\" sizes=\"auto, (max-width: 300px) 100vw, 300px\" \/><\/a>\n\t\t\t<\/dt><\/dl><dl class='gallery-item'>\n\t\t\t<dt class='gallery-icon landscape'>\n\t\t\t\t<a href='https:\/\/rafalk-elblag.pl\/wp-content\/uploads\/2020\/04\/5.jpg'><img loading=\"lazy\" decoding=\"async\" width=\"300\" height=\"225\" src=\"https:\/\/rafalk-elblag.pl\/wp-content\/uploads\/2020\/04\/5-300x225.jpg\" class=\"attachment-medium size-medium\" alt=\"\" srcset=\"https:\/\/rafalk-elblag.pl\/wp-content\/uploads\/2020\/04\/5-300x225.jpg 300w, https:\/\/rafalk-elblag.pl\/wp-content\/uploads\/2020\/04\/5-768x576.jpg 768w, https:\/\/rafalk-elblag.pl\/wp-content\/uploads\/2020\/04\/5-1024x768.jpg 1024w, https:\/\/rafalk-elblag.pl\/wp-content\/uploads\/2020\/04\/5.jpg 1920w\" sizes=\"auto, (max-width: 300px) 100vw, 300px\" \/><\/a>\n\t\t\t<\/dt><\/dl><br style=\"clear: both\" \/><dl class='gallery-item'>\n\t\t\t<dt class='gallery-icon landscape'>\n\t\t\t\t<a href='https:\/\/rafalk-elblag.pl\/wp-content\/uploads\/2020\/04\/6.jpg'><img loading=\"lazy\" decoding=\"async\" width=\"300\" height=\"225\" src=\"https:\/\/rafalk-elblag.pl\/wp-content\/uploads\/2020\/04\/6-300x225.jpg\" class=\"attachment-medium size-medium\" alt=\"\" srcset=\"https:\/\/rafalk-elblag.pl\/wp-content\/uploads\/2020\/04\/6-300x225.jpg 300w, https:\/\/rafalk-elblag.pl\/wp-content\/uploads\/2020\/04\/6-768x576.jpg 768w, https:\/\/rafalk-elblag.pl\/wp-content\/uploads\/2020\/04\/6-1024x768.jpg 1024w, https:\/\/rafalk-elblag.pl\/wp-content\/uploads\/2020\/04\/6.jpg 1920w\" sizes=\"auto, (max-width: 300px) 100vw, 300px\" \/><\/a>\n\t\t\t<\/dt><\/dl><dl class='gallery-item'>\n\t\t\t<dt class='gallery-icon landscape'>\n\t\t\t\t<a href='https:\/\/rafalk-elblag.pl\/wp-content\/uploads\/2020\/04\/8.jpg'><img loading=\"lazy\" decoding=\"async\" width=\"300\" height=\"225\" src=\"https:\/\/rafalk-elblag.pl\/wp-content\/uploads\/2020\/04\/8-300x225.jpg\" class=\"attachment-medium size-medium\" alt=\"\" srcset=\"https:\/\/rafalk-elblag.pl\/wp-content\/uploads\/2020\/04\/8-300x225.jpg 300w, https:\/\/rafalk-elblag.pl\/wp-content\/uploads\/2020\/04\/8-768x576.jpg 768w, https:\/\/rafalk-elblag.pl\/wp-content\/uploads\/2020\/04\/8-1024x768.jpg 1024w, https:\/\/rafalk-elblag.pl\/wp-content\/uploads\/2020\/04\/8.jpg 1920w\" sizes=\"auto, (max-width: 300px) 100vw, 300px\" \/><\/a>\n\t\t\t<\/dt><\/dl><dl class='gallery-item'>\n\t\t\t<dt class='gallery-icon landscape'>\n\t\t\t\t<a href='https:\/\/rafalk-elblag.pl\/wp-content\/uploads\/2020\/04\/9.jpg'><img loading=\"lazy\" decoding=\"async\" width=\"300\" height=\"225\" src=\"https:\/\/rafalk-elblag.pl\/wp-content\/uploads\/2020\/04\/9-300x225.jpg\" class=\"attachment-medium size-medium\" alt=\"\" srcset=\"https:\/\/rafalk-elblag.pl\/wp-content\/uploads\/2020\/04\/9-300x225.jpg 300w, https:\/\/rafalk-elblag.pl\/wp-content\/uploads\/2020\/04\/9-768x576.jpg 768w, https:\/\/rafalk-elblag.pl\/wp-content\/uploads\/2020\/04\/9-1024x768.jpg 1024w, https:\/\/rafalk-elblag.pl\/wp-content\/uploads\/2020\/04\/9.jpg 1920w\" sizes=\"auto, (max-width: 300px) 100vw, 300px\" \/><\/a>\n\t\t\t<\/dt><\/dl><dl class='gallery-item'>\n\t\t\t<dt class='gallery-icon landscape'>\n\t\t\t\t<a href='https:\/\/rafalk-elblag.pl\/wp-content\/uploads\/2020\/04\/10.jpg'><img loading=\"lazy\" decoding=\"async\" width=\"300\" height=\"225\" src=\"https:\/\/rafalk-elblag.pl\/wp-content\/uploads\/2020\/04\/10-300x225.jpg\" class=\"attachment-medium size-medium\" alt=\"\" srcset=\"https:\/\/rafalk-elblag.pl\/wp-content\/uploads\/2020\/04\/10-300x225.jpg 300w, https:\/\/rafalk-elblag.pl\/wp-content\/uploads\/2020\/04\/10-768x576.jpg 768w, https:\/\/rafalk-elblag.pl\/wp-content\/uploads\/2020\/04\/10-1024x768.jpg 1024w, https:\/\/rafalk-elblag.pl\/wp-content\/uploads\/2020\/04\/10.jpg 1920w\" sizes=\"auto, (max-width: 300px) 100vw, 300px\" \/><\/a>\n\t\t\t<\/dt><\/dl><br style=\"clear: both\" \/><dl class='gallery-item'>\n\t\t\t<dt class='gallery-icon portrait'>\n\t\t\t\t<a href='https:\/\/rafalk-elblag.pl\/wp-content\/uploads\/2020\/04\/12.jpg'><img loading=\"lazy\" decoding=\"async\" width=\"225\" height=\"300\" src=\"https:\/\/rafalk-elblag.pl\/wp-content\/uploads\/2020\/04\/12-225x300.jpg\" class=\"attachment-medium size-medium\" alt=\"\" srcset=\"https:\/\/rafalk-elblag.pl\/wp-content\/uploads\/2020\/04\/12-225x300.jpg 225w, https:\/\/rafalk-elblag.pl\/wp-content\/uploads\/2020\/04\/12-768x1024.jpg 768w, https:\/\/rafalk-elblag.pl\/wp-content\/uploads\/2020\/04\/12.jpg 1280w\" sizes=\"auto, (max-width: 225px) 100vw, 225px\" \/><\/a>\n\t\t\t<\/dt><\/dl><dl class='gallery-item'>\n\t\t\t<dt class='gallery-icon portrait'>\n\t\t\t\t<a href='https:\/\/rafalk-elblag.pl\/wp-content\/uploads\/2020\/04\/1.jpg'><img loading=\"lazy\" decoding=\"async\" width=\"225\" height=\"300\" src=\"https:\/\/rafalk-elblag.pl\/wp-content\/uploads\/2020\/04\/1-225x300.jpg\" class=\"attachment-medium size-medium\" alt=\"\" srcset=\"https:\/\/rafalk-elblag.pl\/wp-content\/uploads\/2020\/04\/1-225x300.jpg 225w, https:\/\/rafalk-elblag.pl\/wp-content\/uploads\/2020\/04\/1-768x1024.jpg 768w, https:\/\/rafalk-elblag.pl\/wp-content\/uploads\/2020\/04\/1.jpg 1280w\" sizes=\"auto, (max-width: 225px) 100vw, 225px\" \/><\/a>\n\t\t\t<\/dt><\/dl><dl class='gallery-item'>\n\t\t\t<dt class='gallery-icon portrait'>\n\t\t\t\t<a href='https:\/\/rafalk-elblag.pl\/wp-content\/uploads\/2020\/04\/11.jpg'><img loading=\"lazy\" decoding=\"async\" width=\"225\" height=\"300\" src=\"https:\/\/rafalk-elblag.pl\/wp-content\/uploads\/2020\/04\/11-225x300.jpg\" class=\"attachment-medium size-medium\" alt=\"\" srcset=\"https:\/\/rafalk-elblag.pl\/wp-content\/uploads\/2020\/04\/11-225x300.jpg 225w, https:\/\/rafalk-elblag.pl\/wp-content\/uploads\/2020\/04\/11-768x1024.jpg 768w, https:\/\/rafalk-elblag.pl\/wp-content\/uploads\/2020\/04\/11.jpg 1280w\" sizes=\"auto, (max-width: 225px) 100vw, 225px\" \/><\/a>\n\t\t\t<\/dt><\/dl><dl class='gallery-item'>\n\t\t\t<dt class='gallery-icon portrait'>\n\t\t\t\t<a href='https:\/\/rafalk-elblag.pl\/wp-content\/uploads\/2020\/04\/13.jpg'><img loading=\"lazy\" decoding=\"async\" width=\"225\" height=\"300\" src=\"https:\/\/rafalk-elblag.pl\/wp-content\/uploads\/2020\/04\/13-225x300.jpg\" class=\"attachment-medium size-medium\" alt=\"\" srcset=\"https:\/\/rafalk-elblag.pl\/wp-content\/uploads\/2020\/04\/13-225x300.jpg 225w, https:\/\/rafalk-elblag.pl\/wp-content\/uploads\/2020\/04\/13-768x1024.jpg 768w, https:\/\/rafalk-elblag.pl\/wp-content\/uploads\/2020\/04\/13.jpg 1280w\" sizes=\"auto, (max-width: 225px) 100vw, 225px\" \/><\/a>\n\t\t\t<\/dt><\/dl><br style=\"clear: both\" \/>\n\t\t<\/div>\n\n<p><img decoding=\"async\" id=\"ogloszenia-844\" src=\"http:\/\/rafalk-elblag.pl\/wp-content\/uploads\/2019\/09\/ogloszenia_parafialne.jpg\" width=\"800px\"><\/p>\n<h2>Og\u0142oszenia parafialne 12.04.2020 r<\/h2>\n<p>1. Informujemy, \u017ce zgodnie z aktualnymi decyzjami w\u0142adz pa\u0144stwowych i sanitarnych, przyj\u0119tych tak\u017ce przez w\u0142adze ko\u015bcielne, w Mszach \u015bwi\u0119tych i innych nabo\u017ce\u0144stwach, nie mo\u017ce uczestniczy\u0107 wi\u0119cej ni\u017c 5 os\u00f3b, nie wliczaj\u0105c w t\u0119 liczb\u0119 kap\u0142an\u00f3w odprawiaj\u0105cych i konieczn\u0105 obs\u0142ug\u0119.<br \/>\n2. W naszym ko\u015bciele parafialnym porz\u0105dek Mszy \u015awi\u0119tych w dni powszednie (o godz. 8:00, 15:00 i 18:00), Niedziele &#8211; bez zmian. Zapewniamy, \u017ce wszystkie zam\u00f3wione intencje Mszalne zostan\u0105 odprawione zgodnie z wol\u0105 ofiarodawc\u00f3w.<br \/>\n3. W Niedziele i dni powszednie, podczas ka\u017cdej Mszy \u015awi\u0119tej b\u0119dziemy prosi\u0107 Boga o oddalenie epidemii, \u015bpiewaj\u0105c \u201eSuplikacj\u0119\u201d.<br \/>\n4. Jutro Poniedzia\u0142ek Wielkanocny, II dzie\u0144 \u015awi\u0105t. Porz\u0105dek Mszy \u015bw. jak w niedziel\u0119.<br \/>\n5. OD WIELKIEGO PI\u0104TKU trwamy na NOWENNIE, kt\u00f3ra przygotowuje nas do Niedzieli Mi\u0142osierdzia Bo\u017cego. B\u0119dziemy si\u0119 spotyka\u0107 w ko\u015bciele codziennie o godz. 15:00 (5 os\u00f3b). Ka\u017cdego dnia po odprawieniu modlitwy b\u0119dzie sprawowana dodatkowa Msza \u015bw. Parafian zach\u0119cam do wsp\u00f3lnej modlitwy rodzinnej w swoich domach, \u0142\u0105cz\u0105c si\u0119 duchowo z parafi\u0105.<br \/>\n6. Za tydzie\u0144 w ca\u0142ym Ko\u015bciele obchodzimy Niedziel\u0119 Bo\u017cego Mi\u0142osierdzia. Uroczysta Msza \u015bw. z odnowieniem Aktu Zawierzenia Parafii Mi\u0142osierdziu Bo\u017cemu odb\u0119dzie si\u0119 o godz. 15:00.<br \/>\n7. W Niedziel\u0119 Mi\u0142osierdzia Bo\u017cego (19 kwietnia br.) przynosimy do ko\u015bcio\u0142a Skarbonki z Ja\u0142mu\u017cn\u0105 2020 w ramach og\u00f3lnopolskiej akcji \u201eDAR JUNIORA DLA SENIORA\u201d. Skarbonki zostawiamy pod o\u0142tarzem. B\u00f3g zap\u0142a\u0107 za podj\u0119ty trud i z\u0142o\u017con\u0105 ofiar\u0119.<br \/>\n8. \u017byczymy wszystkim Parafianom i Go\u015bciom radosnego Alleluja &#8211; pe\u0142nego nadziei i wiary w moc Zmartwychwsta\u0142ego Pana, kt\u00f3ry zwyci\u0119\u017cy\u0142 \u015bmier\u0107 i pokona wszystko co jest smutkiem, niepewno\u015bci\u0105 i chorob\u0105. Szcz\u0119\u015b\u0107 Bo\u017ce.<br \/>\n9. Dzi\u0119kuj\u0119: Ksi\u0119\u017com Wikariuszom, p. Organi\u015bcie, p. Ko\u015bcielnemu, p. Kamerzy\u015bcie, S\u0142u\u017cbie Liturgicznej i wszystkim osobom, kt\u00f3re zaanga\u017cowa\u0142y si\u0119 w przygotowanie tegorocznego Triduum Paschalnego.<br \/>\n10. Osoby, kt\u00f3re z r\u00f3\u017cnych wzgl\u0119d\u00f3w nie mog\u0105 wzi\u0105\u0107 udzia\u0142u we Mszach \u015awi\u0119tych niedzielnych zach\u0119camy do wype\u0142nienia tego obowi\u0105zku przez duchowe \u0142\u0105czenie si\u0119 z nami modl\u0105cymi si\u0119 w ko\u015bciele, a tak\u017ce przez udzia\u0142 we Mszy transmitowanej przez r\u00f3\u017cne stacje telewizyjne, radiowe i przez Internet.<br \/>\n11. Przed ko\u015bcio\u0142em mo\u017cna naby\u0107 pras\u0119 katolick\u0105: \u015bwi\u0105teczny numer \u201eGo\u015b\u0107 Niedzielny\u201d w cenie 6 z\u0142.<br \/>\n12. Pan powo\u0142a\u0142 do wieczno\u015bci: \u015bp. Genowef\u0119 Burek lat 97 z ul. Tuwima<\/p>\n<p>&nbsp;<\/p>\n<p><img decoding=\"async\" id=\"intencje-844\" src=\"http:\/\/rafalk-elblag.pl\/wp-content\/uploads\/2019\/09\/intencje_mszalne.jpg\" width=\"800px\"><\/p>\n<h2>Intencje mszalne 12.04.2020<\/h2>\n<p><strong>Niedziela Zmartwychwstania Pa\u0144skiego \/ 12 kwietnia 2020r.<br \/>\n<\/strong>6.00 W intencji Parafian<br \/>\n9.00 O Bo\u017ce b\u0142og. i kr\u00f3lowanie Chrystusa Zmartwychwsta\u0142ego w \u017cyciu Nikodema i jego rodziny, Agnieszki i ca\u0142ej rodziny zakonnej i rodziny Akademii Artystycznej<br \/>\n10.30 \u2020 Janina Sojczy\u0144ska (11 greg.)<br \/>\n12.00 Dzi\u0119k. w 45 rocz. \u015blubu Wies\u0142awy i Stanis\u0142awa Wa\u015bniewskich z pro\u015bb\u0105 o Bo\u017ce b\u0142og., opiek\u0119 MB i potrzebne \u0142aski dla Jubilat\u00f3w<br \/>\n15.00 III dzie\u0144 Nowenny przed Niedziel\u0105 Bo\u017cego Mi\u0142osierdzia<br \/>\n18.00 \u2020 Ryszard Myszk w 1 r.\u015bm.<strong><br \/>\nPONIEDZIA\u0141EK WIELKANOCNY \/ 13 kwietnia 2020r.<\/strong><br \/>\n7.00 \u2020 Halina Rajska w 1 r.\u015bm.<br \/>\n9.00 \u2020 Janina Sojczy\u0144ska (12 greg.)<br \/>\n10.30 \u2020 Monika i Wiktor Jankowscy i zm. z rodz. Kami\u0144skich<br \/>\n12.00 \u2020 W\u0142odzimierz \u0141okucijewski w 10 r.\u015bm. i zm. rodzice z obojga stron<br \/>\n15.00 IV dzie\u0144 Nowenny przed Niedziel\u0105 Bo\u017cego Mi\u0142osierdzia<br \/>\n18.00 \u2020 Jan Przyby\u0142ek w 25 r.\u015bm., Ewa i zm. rodzice, siostry i bracia<br \/>\n<strong>WTOREK w oktawie Wielkanocy \/ 14 kwietnia 2020r.<\/strong><br \/>\n8.00 \u2020 Halina Rajska w 1 r.\u015bm.<br \/>\n15.00 \u2020 Janina Sojczy\u0144ska (13 greg.) \/ V dzie\u0144 Nowenny przed Niedziel\u0105 Bo\u017cego Mi\u0142osierdzia<br \/>\n18.00 \u2020 zm. z rodz. Janowskich: Cecylia, Boles\u0142aw i Ryszard<br \/>\n<strong>\u015aRODA w oktawie Wielkanocy \/ 15 kwietnia 2020r.<\/strong><br \/>\n8.00 \u2020 Janina Sojczy\u0144ska (14 greg.)<br \/>\n15.00 O Bo\u017ce b\u0142og. i opiek\u0119 MB dla J\u00f3zefa i Ireny Brz\u00f3zka w 42 rocz. \u015blubu \/ VI dzie\u0144 Nowenny<br \/>\n18.00 \u2020 Jadwiga Starzy\u0144ska w 14 r.\u015bm. i zm. z rodz.<br \/>\n<strong>CZWARTEK w oktawie Wielkanocy \/ 16 kwietnia 2020r.<\/strong><br \/>\n8.00 \u2020 Roman Tykarski w 11 miesi\u0105c po \u015bmierci<br \/>\n15.00 \u2020 Janina Sojczy\u0144ska (15 greg.) \/ VII dzie\u0144 Nowenny przed Niedziel\u0105 Bo\u017cego Mi\u0142osierdzia<br \/>\n18.00 W int. Bractwa Szkaplerznego oraz os\u00f3b, kt\u00f3re przyjm\u0105 Szkaplerz \u015bw.<br \/>\n<strong>PI\u0104TEK w oktawie Wielkanocy \/ 17 kwietnia 2020r.<\/strong><br \/>\n8.00 \u2020 Janina Sojczy\u0144ska (16 greg.)<br \/>\n15.00 \u2020 Genowefa Tomczy\u0144ska w 5 miesi\u0105c po pogrzebie \/ VIII dzie\u0144 Nowenny przed Niedziel\u0105 BM<br \/>\n18.00 O Bo\u017ce b\u0142og. dla Bo\u017ceny Czartowskiej w 67 urodziny, Joanny Kosmala w 40 urodziny oraz Stefanii Kosmala w 85 urodziny<br \/>\n<strong>SOBOTA w oktawie Wielkanocy \/ 18 kwietnia 2020r.<\/strong><br \/>\n8.00 \u2020 Marianna Ba\u0142dyga w 15 r.\u015bm. oraz Lucjan, Feliks i Sylwester<br \/>\n15.00 \u2020 Janina Sojczy\u0144ska (17 greg.) \/ IX dzie\u0144 Nowenny przed Niedziel\u0105 Bo\u017cego Mi\u0142osierdzia<br \/>\n18.00 \u2020 Stanis\u0142aw Bumbul w 40 r.\u015bm., Janina Bumbul w 13 r.\u015bm.<\/p>\n","protected":false},"excerpt":{"rendered":"<p>Og\u0142oszenia parafialne 12.04.2020 r 1. Informujemy, \u017ce zgodnie z aktualnymi decyzjami w\u0142adz pa\u0144stwowych i sanitarnych, przyj\u0119tych tak\u017ce przez w\u0142adze ko\u015bcielne, w Mszach \u015bwi\u0119tych i innych nabo\u017ce\u0144stwach, nie mo\u017ce uczestniczy\u0107 wi\u0119cej ni\u017c 5 os\u00f3b, nie wliczaj\u0105c w t\u0119 liczb\u0119 kap\u0142an\u00f3w odprawiaj\u0105cych i konieczn\u0105 obs\u0142ug\u0119. 2. W naszym ko\u015bciele parafialnym porz\u0105dek Mszy \u015awi\u0119tych w dni powszednie (o [&hellip;]<\/p>\n","protected":false},"author":1,"featured_media":3797,"comment_status":"closed","ping_status":"closed","sticky":false,"template":"","format":"standard","meta":{"ngg_post_thumbnail":0,"footnotes":""},"categories":[11,8,4,3],"tags":[],"class_list":["post-3795","post","type-post","status-publish","format-standard","has-post-thumbnail","hentry","category-aktualnosci","category-blog","category-intencje","category-ogloszenia"],"_links":{"self":[{"href":"https:\/\/rafalk-elblag.pl\/index.php?rest_route=\/wp\/v2\/posts\/3795","targetHints":{"allow":["GET"]}}],"collection":[{"href":"https:\/\/rafalk-elblag.pl\/index.php?rest_route=\/wp\/v2\/posts"}],"about":[{"href":"https:\/\/rafalk-elblag.pl\/index.php?rest_route=\/wp\/v2\/types\/post"}],"author":[{"embeddable":true,"href":"https:\/\/rafalk-elblag.pl\/index.php?rest_route=\/wp\/v2\/users\/1"}],"replies":[{"embeddable":true,"href":"https:\/\/rafalk-elblag.pl\/index.php?rest_route=%2Fwp%2Fv2%2Fcomments&post=3795"}],"version-history":[{"count":9,"href":"https:\/\/rafalk-elblag.pl\/index.php?rest_route=\/wp\/v2\/posts\/3795\/revisions"}],"predecessor-version":[{"id":3858,"href":"https:\/\/rafalk-elblag.pl\/index.php?rest_route=\/wp\/v2\/posts\/3795\/revisions\/3858"}],"wp:featuredmedia":[{"embeddable":true,"href":"https:\/\/rafalk-elblag.pl\/index.php?rest_route=\/wp\/v2\/media\/3797"}],"wp:attachment":[{"href":"https:\/\/rafalk-elblag.pl\/index.php?rest_route=%2Fwp%2Fv2%2Fmedia&parent=3795"}],"wp:term":[{"taxonomy":"category","embeddable":true,"href":"https:\/\/rafalk-elblag.pl\/index.php?rest_route=%2Fwp%2Fv2%2Fcategories&post=3795"},{"taxonomy":"post_tag","embeddable":true,"href":"https:\/\/rafalk-elblag.pl\/index.php?rest_route=%2Fwp%2Fv2%2Ftags&post=3795"}],"curies":[{"name":"wp","href":"https:\/\/api.w.org\/{rel}","templated":true}]}}