{"id":3785,"date":"2020-04-11T22:53:32","date_gmt":"2020-04-11T22:53:32","guid":{"rendered":"http:\/\/rafalk-elblag.pl\/?p=3785"},"modified":"2020-04-11T22:54:46","modified_gmt":"2020-04-11T22:54:46","slug":"zyczenia-wielkanocne-2020","status":"publish","type":"post","link":"https:\/\/rafalk-elblag.pl\/?p=3785","title":{"rendered":"\u017byczenia Wielkanocne 2020"},"content":{"rendered":"<p><iframe loading=\"lazy\" src=\"https:\/\/www.youtube.com\/embed\/vO16m9HW6Bo\" allowfullscreen=\"allowfullscreen\" width=\"720\" height=\"405\" frameborder=\"0\"><\/iframe><\/p>\n<p>Krokiem milowym w naszym \u017cyciu jest uznanie, \u017ce wiele wa\u017cnych i dobrych rzeczy dzieje si\u0119 poza nasz\u0105 wiedz\u0105 i kontrol\u0105. Istnieje wi\u0119cej ni\u017c to, co potrafimy zbada\u0107, dostrzec zmys\u0142ami, odczu\u0107 i zrozumie\u0107. W\u0142a\u015bnie o tym przypomina wydarzenie z poranka wielkanocnego.<\/p>\n<p>Zmartwychwstania nie da si\u0119 udowodni\u0107. Chrystus Zmartwychwsta\u0142y jest dzisiaj obecny w Eucharystii i w Ko\u015bciele, kt\u00f3ry jest Jego Cia\u0142em. Na czym opiera si\u0119 nasza wiara w t\u0119 obecno\u015b\u0107 i dzia\u0142anie Chrystusa w Ko\u015bciele i Eucharystii? Na dowodach naukowych? Na kroplach krwi i tzw. cudach eucharystycznych? Na d\u0142ugich studiach teologicznych? Nie. Jedyn\u0105 podstaw\u0105 naszej wiary jest UFNO\u015a\u0106, \u017ce On nas nie zawodzi. Nie zawodzi nawet w tych trudnych i ci\u0119\u017ckich chwilach pandemii, kt\u00f3r\u0105 prze\u017cywamy obecnie. Niedowierzanie, niezrozumienie s\u0105 cz\u0119\u015bci\u0105 naszej drogi wiary.<\/p>\n<p>Kochani Parafianie, Drodzy Siostry i Bracia!<\/p>\n<p><strong>Na \u015awi\u0119ta Zmartwychwstania Pa\u0144skiego &#8211;&nbsp;zwyci\u0119stwa Chrystusa Pana nad \u015bmierci\u0105,&nbsp;piek\u0142em i szatanem &#8211; sk\u0142adamy serdeczne \u017cyczenia.&nbsp;Niech Chrystus Pan otworzy nasze oczy i serca,&nbsp;nape\u0142niaj\u0105c je \u015bwiat\u0142em Zmartwychwstania,&nbsp;pokojem, moc\u0105 ducha i wszelkim&nbsp;<\/strong><strong><br \/>\ndobrem, aby\u015bmy umieli Go rozpoznawa\u0107&nbsp;we wszystkich chwilach naszego \u017cycia. Niech wleje w nasze serca i naszych najbli\u017cszych &#8211; nadziej\u0119 i si\u0142\u0119 do przetrwania tego trudnego dla wszystkich czasu. <\/strong><\/p>\n<p><strong>Kochani \u2013 t\u0119sknimy za Wami, brakuje nam Waszej obecno\u015bci. Czekamy z niecierpliwo\u015bci\u0105, aby\u015bmy wszyscy mogli si\u0119 spotka\u0107 w naszym Ko\u015bciele Parafialnym \u015bw. Rafa\u0142a Kalinowskiego i Matki Bo\u017cej Szkaplerznej.<\/strong><\/p>\n<p><strong>Z serca b\u0142ogos\u0142awimy i zapewniamy o naszej modlitwie!!!<\/strong><\/p>\n<p>&nbsp;<\/p>\n<p><strong>Wasi Kap\u0142ani!<\/strong><\/p>\n","protected":false},"excerpt":{"rendered":"<p>Krokiem milowym w naszym \u017cyciu jest uznanie, \u017ce wiele wa\u017cnych i dobrych rzeczy dzieje si\u0119 poza nasz\u0105 wiedz\u0105 i kontrol\u0105. Istnieje wi\u0119cej ni\u017c to, co potrafimy zbada\u0107, dostrzec zmys\u0142ami, odczu\u0107 i zrozumie\u0107. W\u0142a\u015bnie o tym przypomina wydarzenie z poranka wielkanocnego. Zmartwychwstania nie da si\u0119 udowodni\u0107. Chrystus Zmartwychwsta\u0142y jest dzisiaj obecny w Eucharystii i w Ko\u015bciele, [&hellip;]<\/p>\n","protected":false},"author":1,"featured_media":3787,"comment_status":"closed","ping_status":"closed","sticky":false,"template":"","format":"standard","meta":{"ngg_post_thumbnail":0,"footnotes":""},"categories":[11,8,4,3],"tags":[],"class_list":["post-3785","post","type-post","status-publish","format-standard","has-post-thumbnail","hentry","category-aktualnosci","category-blog","category-intencje","category-ogloszenia"],"_links":{"self":[{"href":"https:\/\/rafalk-elblag.pl\/index.php?rest_route=\/wp\/v2\/posts\/3785","targetHints":{"allow":["GET"]}}],"collection":[{"href":"https:\/\/rafalk-elblag.pl\/index.php?rest_route=\/wp\/v2\/posts"}],"about":[{"href":"https:\/\/rafalk-elblag.pl\/index.php?rest_route=\/wp\/v2\/types\/post"}],"author":[{"embeddable":true,"href":"https:\/\/rafalk-elblag.pl\/index.php?rest_route=\/wp\/v2\/users\/1"}],"replies":[{"embeddable":true,"href":"https:\/\/rafalk-elblag.pl\/index.php?rest_route=%2Fwp%2Fv2%2Fcomments&post=3785"}],"version-history":[{"count":3,"href":"https:\/\/rafalk-elblag.pl\/index.php?rest_route=\/wp\/v2\/posts\/3785\/revisions"}],"predecessor-version":[{"id":3790,"href":"https:\/\/rafalk-elblag.pl\/index.php?rest_route=\/wp\/v2\/posts\/3785\/revisions\/3790"}],"wp:featuredmedia":[{"embeddable":true,"href":"https:\/\/rafalk-elblag.pl\/index.php?rest_route=\/wp\/v2\/media\/3787"}],"wp:attachment":[{"href":"https:\/\/rafalk-elblag.pl\/index.php?rest_route=%2Fwp%2Fv2%2Fmedia&parent=3785"}],"wp:term":[{"taxonomy":"category","embeddable":true,"href":"https:\/\/rafalk-elblag.pl\/index.php?rest_route=%2Fwp%2Fv2%2Fcategories&post=3785"},{"taxonomy":"post_tag","embeddable":true,"href":"https:\/\/rafalk-elblag.pl\/index.php?rest_route=%2Fwp%2Fv2%2Ftags&post=3785"}],"curies":[{"name":"wp","href":"https:\/\/api.w.org\/{rel}","templated":true}]}}