{"id":3753,"date":"2020-04-09T10:49:46","date_gmt":"2020-04-09T10:49:46","guid":{"rendered":"http:\/\/rafalk-elblag.pl\/?p=3753"},"modified":"2020-04-12T03:48:17","modified_gmt":"2020-04-12T03:48:17","slug":"transmisje-online-triduum-paschalnego","status":"publish","type":"post","link":"https:\/\/rafalk-elblag.pl\/?p=3753","title":{"rendered":"Transmisje online Triduum Paschalnego"},"content":{"rendered":"<p><strong>Kieruj\u0105c si\u0119 zasad\u0105 sprawiedliwo\u015bci, nie chc\u0105c dzieli\u0107 parafian na \u201ekto pierwszy, ten lepszy\u201d<\/strong> postanowili\u015bmy, \u017ce Liturgia Triduum Paschalnego odb\u0119dzie si\u0119 bez udzia\u0142u wiernych. Prosimy o zrozumienie. Jednocze\u015bnie zach\u0119camy do duchowej \u0142\u0105czno\u015bci w prze\u017cywaniu Dni Paschalnych. Liturgia Triduum z naszej \u015bwi\u0105tyni b\u0119dzie transmitowana online (w Internecie) na kanale YouTube, stronie parafialnej i przez portal Facebook<\/p>\n<p><a href=\"https:\/\/youtu.be\/YxAa0X1fELY\">https:\/\/youtu.be\/YxAa0X1fELY<\/a><br \/>\n<iframe loading=\"lazy\" src=\"https:\/\/www.youtube.com\/embed\/YxAa0X1fELY\" allowfullscreen=\"allowfullscreen\" width=\"720\" height=\"405\" frameborder=\"0\"><\/iframe><\/p>\n<h4>&nbsp;<\/h4>\n<h4><a href=\"https:\/\/www.youtube.com\/channel\/UCFkZMVD4TFhPLhVozCiwDOw\"><span style=\"text-decoration: underline;\">\u2022 ADRES KANA\u0141U YOUTUBE:<\/span><\/a><\/h4>\n<p><a href=\"https:\/\/www.youtube.com\/channel\/UCFkZMVD4TFhPLhVozCiwDOw\">https:\/\/www.youtube.com\/channel\/UCFkZMVD4TFhPLhVozCiwDOw<\/a><\/p>\n<h4>&nbsp;<\/h4>\n<h4><a href=\"https:\/\/youtu.be\/Qs0bYyRRVaw\"><span style=\"text-decoration: underline;\">\u2022 Liturgia Wigilii Paschalnej 2020 (Sobota, Nagranie archiwalne)<\/span><\/a><\/h4>\n<p><a href=\"https:\/\/youtu.be\/Qs0bYyRRVaw\">https:\/\/youtu.be\/Qs0bYyRRVaw<\/a><br \/>\n<iframe loading=\"lazy\" src=\"https:\/\/www.youtube.com\/embed\/Qs0bYyRRVaw\" allowfullscreen=\"allowfullscreen\" width=\"720\" height=\"405\" frameborder=\"0\"><\/iframe><\/p>\n<h4>&nbsp;<\/h4>\n<h4><a href=\"https:\/\/youtu.be\/WTlEugT2I_A\"><span style=\"text-decoration: underline;\">\u2022 Liturgia M\u0119ki Pa\u0144skiej 2020 (Pi\u0105tek, Nagranie archiwalne)<\/span><\/a><\/h4>\n<p class=\"title style-scope ytd-video-primary-info-renderer\"><a href=\"https:\/\/youtu.be\/WTlEugT2I_A\">https:\/\/youtu.be\/WTlEugT2I_A<\/a><br \/>\n<iframe loading=\"lazy\" src=\"https:\/\/www.youtube.com\/embed\/WTlEugT2I_A\" allowfullscreen=\"allowfullscreen\" width=\"720\" height=\"405\" frameborder=\"0\"><\/iframe><\/p>\n<h4><a href=\"https:\/\/youtu.be\/9CzbFIEf9ZY\"><span style=\"text-decoration: underline;\"><br \/>\n\u2022 Msza Wieczerzy Pa\u0144skiej 2020 (Czwartek, Nagranie archiwalne)<\/span><\/a><\/h4>\n<p><a href=\"https:\/\/youtu.be\/9CzbFIEf9ZY\">https:\/\/youtu.be\/9CzbFIEf9ZY<br \/>\n<\/a><iframe loading=\"lazy\" src=\"https:\/\/www.youtube.com\/embed\/9CzbFIEf9ZY\" allowfullscreen=\"allowfullscreen\" width=\"720\" height=\"405\" frameborder=\"0\"><\/iframe><\/p>\n<p>&nbsp;<\/p>\n<p><strong>8. PORZ\u0104DEK TRIDUUM PASCHALNEGO<\/strong><\/p>\n<p><a href=\"http:\/\/rafalk-elblag.pl\/wp-content\/uploads\/2020\/04\/triduum.jpg\"><img loading=\"lazy\" decoding=\"async\" class=\"alignnone wp-image-3744 \" src=\"http:\/\/rafalk-elblag.pl\/wp-content\/uploads\/2020\/04\/triduum.jpg\" sizes=\"auto, (max-width: 761px) 100vw, 761px\" srcset=\"http:\/\/rafalk-elblag.pl\/wp-content\/uploads\/2020\/04\/triduum.jpg 1041w, http:\/\/rafalk-elblag.pl\/wp-content\/uploads\/2020\/04\/triduum-300x187.jpg 300w, http:\/\/rafalk-elblag.pl\/wp-content\/uploads\/2020\/04\/triduum-768x478.jpg 768w, http:\/\/rafalk-elblag.pl\/wp-content\/uploads\/2020\/04\/triduum-1024x637.jpg 1024w\" alt=\"\" width=\"761\" height=\"474\"><\/a><\/p>\n","protected":false},"excerpt":{"rendered":"<p>Kieruj\u0105c si\u0119 zasad\u0105 sprawiedliwo\u015bci, nie chc\u0105c dzieli\u0107 parafian na \u201ekto pierwszy, ten lepszy\u201d postanowili\u015bmy, \u017ce Liturgia Triduum Paschalnego odb\u0119dzie si\u0119 bez udzia\u0142u wiernych. Prosimy o zrozumienie. Jednocze\u015bnie zach\u0119camy do duchowej \u0142\u0105czno\u015bci w prze\u017cywaniu Dni Paschalnych. Liturgia Triduum z naszej \u015bwi\u0105tyni b\u0119dzie transmitowana online (w Internecie) na kanale YouTube, stronie parafialnej i przez portal Facebook https:\/\/youtu.be\/YxAa0X1fELY [&hellip;]<\/p>\n","protected":false},"author":1,"featured_media":3754,"comment_status":"closed","ping_status":"closed","sticky":false,"template":"","format":"standard","meta":{"ngg_post_thumbnail":0,"footnotes":""},"categories":[11,8,3],"tags":[],"class_list":["post-3753","post","type-post","status-publish","format-standard","has-post-thumbnail","hentry","category-aktualnosci","category-blog","category-ogloszenia"],"_links":{"self":[{"href":"https:\/\/rafalk-elblag.pl\/index.php?rest_route=\/wp\/v2\/posts\/3753","targetHints":{"allow":["GET"]}}],"collection":[{"href":"https:\/\/rafalk-elblag.pl\/index.php?rest_route=\/wp\/v2\/posts"}],"about":[{"href":"https:\/\/rafalk-elblag.pl\/index.php?rest_route=\/wp\/v2\/types\/post"}],"author":[{"embeddable":true,"href":"https:\/\/rafalk-elblag.pl\/index.php?rest_route=\/wp\/v2\/users\/1"}],"replies":[{"embeddable":true,"href":"https:\/\/rafalk-elblag.pl\/index.php?rest_route=%2Fwp%2Fv2%2Fcomments&post=3753"}],"version-history":[{"count":34,"href":"https:\/\/rafalk-elblag.pl\/index.php?rest_route=\/wp\/v2\/posts\/3753\/revisions"}],"predecessor-version":[{"id":3794,"href":"https:\/\/rafalk-elblag.pl\/index.php?rest_route=\/wp\/v2\/posts\/3753\/revisions\/3794"}],"wp:featuredmedia":[{"embeddable":true,"href":"https:\/\/rafalk-elblag.pl\/index.php?rest_route=\/wp\/v2\/media\/3754"}],"wp:attachment":[{"href":"https:\/\/rafalk-elblag.pl\/index.php?rest_route=%2Fwp%2Fv2%2Fmedia&parent=3753"}],"wp:term":[{"taxonomy":"category","embeddable":true,"href":"https:\/\/rafalk-elblag.pl\/index.php?rest_route=%2Fwp%2Fv2%2Fcategories&post=3753"},{"taxonomy":"post_tag","embeddable":true,"href":"https:\/\/rafalk-elblag.pl\/index.php?rest_route=%2Fwp%2Fv2%2Ftags&post=3753"}],"curies":[{"name":"wp","href":"https:\/\/api.w.org\/{rel}","templated":true}]}}