{"id":3743,"date":"2020-04-04T18:55:01","date_gmt":"2020-04-04T18:55:01","guid":{"rendered":"http:\/\/rafalk-elblag.pl\/?p=3743"},"modified":"2020-04-04T18:55:01","modified_gmt":"2020-04-04T18:55:01","slug":"biuletyn-parafialny-nr-847-5-kwietnia-2020r-vi-niedziela-wielkiego-postu","status":"publish","type":"post","link":"https:\/\/rafalk-elblag.pl\/?p=3743","title":{"rendered":"Biuletyn parafialny nr 847 \/ 5 kwietnia 2020r. VI Niedziela Wielkiego Postu"},"content":{"rendered":"<h1>VI NIEDZIELA <a href=\"https:\/\/www.youtube.com\/channel\/UCFkZMVD4TFhPLhVozCiwDOw\">WIELKIEGO<\/a> POSTU<\/h1>\n<p>&nbsp;<\/p>\n<p><img decoding=\"async\" id=\"ogloszenia-844\" src=\"http:\/\/rafalk-elblag.pl\/wp-content\/uploads\/2019\/09\/ogloszenia_parafialne.jpg\" width=\"800px\"><\/p>\n<h2>Og\u0142oszenia parafialne 05.04.2020 r<\/h2>\n<p>1. Informujemy, \u017ce zgodnie z decyzjami w\u0142adz pa\u0144stwowych i sanitarnych, przyj\u0119tych tak\u017ce przez w\u0142adze ko\u015bcielne, w Mszach \u015bwi\u0119tych i innych nabo\u017ce\u0144stwach, do Dnia 11 kwietnia (w\u0142\u0105cznie) &#8211; nie mo\u017ce uczestniczy\u0107 wi\u0119cej ni\u017c 5 os\u00f3b, nie licz\u0105c kap\u0142an\u00f3w odprawiaj\u0105cych i konieczn\u0105 obs\u0142ug\u0119.<br \/>\n2. W naszym ko\u015bciele porz\u0105dek Mszy \u015awi\u0119tych w dni powszednie i Niedziele bez zmian. Zapewniamy, \u017ce wszystkie zam\u00f3wione intencje Mszalne zostan\u0105 odprawione zgodnie z wol\u0105 ofiarodawc\u00f3w.<br \/>\n3. Adoracja Naj\u015bwi\u0119tszego Sakramentu:<br \/>\n\u2022 dzi\u015b od godz. 16:00 do godz. 17:15<br \/>\n\u2022 do \u015brody (w\u0142\u0105cznie) po Mszy \u015bw. wieczorowej do godz. 20:00.<br \/>\n4. Do \u015brody, je\u017celi w ko\u015bciele jest ju\u017c obecnych 5 os\u00f3b, w sali Domu Parafialnego udzielana b\u0119dzie Komunia \u015aw. dla pozosta\u0142ych wiernych.<br \/>\nW dni powszednie: godz. 8.00 i 18.00<br \/>\nW Niedziele: godz. 7.00, 9.00, 10.30, 12.00, 15.00 i 18.00<br \/>\n5. Dzisiaj o godz. 17:15 ostatnie Gorzkie \u017bale z kazaniem pasyjnym. Osoby, kt\u00f3re nie mog\u0105 przyj\u015b\u0107 do ko\u015bcio\u0142a zach\u0119camy do modlitwy w domu.<br \/>\n6. Mo\u017cliwo\u015b\u0107 Spowiedzi \u2013 do \u015brody od godz. 17.30.<\/p>\n<p><span style=\"text-decoration: underline;\"><strong>7. Kieruj\u0105c si\u0119 zasad\u0105 sprawiedliwo\u015bci, nie chc\u0105c dzieli\u0107 parafian na \u201ekto pierwszy, ten lepszy\u201d<\/strong><\/span> postanowili\u015bmy, \u017ce Liturgia Triduum Paschalnego odb\u0119dzie si\u0119 bez udzia\u0142u wiernych. Prosimy o zrozumienie. Jednocze\u015bnie zach\u0119camy do duchowej \u0142\u0105czno\u015bci w prze\u017cywaniu Dni Paschalnych. Liturgia Triduum z naszej \u015bwi\u0105tyni b\u0119dzie transmitowana online (w Internecie) na kanale YouTube, stronie parafialnej i przez portal Facebook<br \/>\n<strong>ADRES KANANA\u0141U YUTUBE PARAFII NA KT\u00d3RYM ODB\u0118DZIE SI\u0118 TRANSMISJA: <\/strong><a href=\"https:\/\/www.youtube.com\/channel\/UCFkZMVD4TFhPLhVozCiwDOw\"><strong>https:\/\/www.youtube.com\/channel\/UCFkZMVD4TFhPLhVozCiwDOw<\/strong><\/a><\/p>\n<p>8. PORZ\u0104DEK TRIDUUM PASCHALNEGO<\/p>\n<p><a href=\"http:\/\/rafalk-elblag.pl\/wp-content\/uploads\/2020\/04\/triduum.jpg\"><img loading=\"lazy\" decoding=\"async\" class=\"alignnone wp-image-3744 \" src=\"http:\/\/rafalk-elblag.pl\/wp-content\/uploads\/2020\/04\/triduum.jpg\" alt=\"\" width=\"761\" height=\"474\" srcset=\"https:\/\/rafalk-elblag.pl\/wp-content\/uploads\/2020\/04\/triduum.jpg 1041w, https:\/\/rafalk-elblag.pl\/wp-content\/uploads\/2020\/04\/triduum-300x187.jpg 300w, https:\/\/rafalk-elblag.pl\/wp-content\/uploads\/2020\/04\/triduum-768x478.jpg 768w, https:\/\/rafalk-elblag.pl\/wp-content\/uploads\/2020\/04\/triduum-1024x637.jpg 1024w\" sizes=\"auto, (max-width: 761px) 100vw, 761px\" \/><\/a><\/p>\n<p>9. W Wielki Pi\u0105tek i Wielk\u0105 Sobot\u0119 ko\u015bci\u00f3\u0142 b\u0119dzie otwarty od godz. 8:30. Istnieje mo\u017cliwo\u015b\u0107 nawiedzenia \u015bwi\u0105tyni i osobistej modlitwy (maks. 5 os\u00f3b).<br \/>\n10. W Wielk\u0105 Sobot\u0119 NIE ODB\u0118DZIE si\u0119 Obrz\u0119d po\u015bwi\u0119cenia pokarm\u00f3w. Tego dnia jest mo\u017cliwo\u015b\u0107 skorzystania z Sakramentu Spowiedzi \u015bw. od godz. 10.00 \u2013 15.00. Jednocze\u015bnie prosimy o przestrzeganie obecno\u015bci maksymalnie 5 os\u00f3b w ko\u015bciele.<br \/>\n11. Od NIEDZIELI ZMARTWYCHWSTANIA przywr\u00f3cono mo\u017cliwo\u015b\u0107 udzia\u0142u w Liturgii do 50 os\u00f3b. Rezurekcja o godz. 6:00 w intencji ca\u0142ej parafii (b\u0119dzie r\u00f3wnie\u017c transmitowana przez Internet). Kolejne Msze \u015bw. o godz. 9:00, 10:30, 12:00, 15:00 (III Dzie\u0144 Nowenny do Mi\u0142osierdzia Bo\u017cego) i o godz.18:00. UWAGA: NIE MA MSZY \u015aW. O GODZ. 7:00.<br \/>\n12. Pami\u0119tajmy o Skarbonce na Ja\u0142mu\u017cn\u0119 Wielkopostn\u0105 2020, kt\u00f3r\u0105 b\u0119dzie mo\u017cna z\u0142o\u017cy\u0107 w Niedziel\u0119 Mi\u0142osierdzia.<br \/>\n13. Zach\u0119camy rodzic\u00f3w dzieci przygotowuj\u0105cych si\u0119 do Pierwszej Komunii \u015awi\u0119tej do zapoznania si\u0119 z Komunikatem Biskupa Elbl\u0105skiego, umieszczonego na stronie internetowej Diecezji Elbl\u0105skiej oraz naszej stronie parafialnej.<br \/>\n14. Osoby, kt\u00f3re z r\u00f3\u017cnych wzgl\u0119d\u00f3w nie mog\u0105 wzi\u0105\u0107 udzia\u0142u we Mszach \u015awi\u0119tych niedzielnych zach\u0119camy do wype\u0142nienia tego obowi\u0105zku przez duchowe \u0142\u0105czenie si\u0119 z nami modl\u0105cymi si\u0119 w ko\u015bciele, a tak\u017ce przez udzia\u0142 we Mszy transmitowanej przez r\u00f3\u017cne stacje telewizyjne, radiowe i przez Internet.<\/p>\n<p>&nbsp;<\/p>\n<p><img decoding=\"async\" id=\"intencje-844\" src=\"http:\/\/rafalk-elblag.pl\/wp-content\/uploads\/2019\/09\/intencje_mszalne.jpg\" width=\"800px\"><\/p>\n<h2>Intencje mszalne 05.04.2020<\/h2>\n<p><strong> Niedziela M\u0119ki Pa\u0144skiej 5 kwietnia 2020r.<\/strong><br \/>\n\u2020 Zmarli z rodz. Dziugie\u0142 i Martowicz<br \/>\nO do\u015bwiadczenie Bo\u017cej mi\u0142o\u015bci dla Karoliny i Sebastiana<br \/>\n\u2020 Janina Sojczy\u0144ska (6 greg.)<br \/>\nW intencji Ojczyzny oraz o Bo\u017ce Mi\u0142osierdzie na czas epidemii<br \/>\nW intencji Parafian<br \/>\n\u2020 Zygmunt \u017baczek w 21 r.\u015bm. i Andrzej Marsza\u0142 w 17 r.\u015bm.<br \/>\n\u2020 Natalia Adamska w 40 r.\u015bm., Czes\u0142aw, Aleksandra (k) i Zygmunt z rodz. Siemaszko<br \/>\n<strong>PONIEDZIA\u0141EK 6 kwietnia 2020r.<\/strong><br \/>\n\u2020 Leokadia Sakowska z ok. 90 ziemskich urodzin<br \/>\nO Bo\u017ce Mi\u0142osierdzie i ustanie epidemii<br \/>\n\u2020 Zofia i Adam Grajaszek<br \/>\n\u2020 Janina Sojczy\u0144ska (7 greg.)<br \/>\n<strong>WTOREK 7 kwietnia 2020r.<\/strong><br \/>\n\u2020 Janina Sojczy\u0144ska (8 greg.)<br \/>\n\u2020 Teresa Macur w 3 r.\u015bm.<br \/>\n\u2020 J\u00f3zef Lewicki w 2 r.\u015bm., Genowefa Lewicka<br \/>\n<strong>\u015aRODA 8 kwietnia 2020r.<\/strong><br \/>\n\u2020 Andrzej Teysler w 30 dpp.<br \/>\n\u2020 Janina Sojczy\u0144ska (9 greg.)<br \/>\n\u2020 Janina, Jan i Katarzyna<br \/>\n<strong>WIELKI CZWARTEK 9 kwietnia 2020r.<\/strong><br \/>\n\u2020 Janina Sojczy\u0144ska (10 greg.)<br \/>\nO Bo\u017ce b\u0142og. i potrzebne \u0142aski dla Kap\u0142an\u00f3w pracuj\u0105cych w parafii<br \/>\nDzi\u0119k. Za dar kap\u0142a\u0144stwa ks. Piotra Bryka, pasterza wsp\u00f3lnoty \u201ePrzemienienie\u201d z pro\u015bb\u0105 o Bo\u017ce b\u0142og. w drodze do \u015bwi\u0119to\u015bci<br \/>\n<strong>WIELKI PI\u0104TEK 10 kwietnia 2020r.<\/strong><br \/>\nLITURGIA M\u0118KI PA\u0143SKIEJ<br \/>\n<strong>WIELKA SOBOTA 11 kwietnia 2020r.<\/strong><br \/>\nO Bo\u017ce b\u0142og. dla Karoliny i Grzegorza Wasiluk z ok. 15 rocz. \u015blubu<br \/>\n\u2020 Stanis\u0142awa (k), J\u00f3zef, Edward, Barbara i zm. z rodz. Osowskich<br \/>\nZa wsp\u00f3lnot\u0119 Parafialn\u0105<\/p>\n","protected":false},"excerpt":{"rendered":"<p>VI NIEDZIELA WIELKIEGO POSTU &nbsp; Og\u0142oszenia parafialne 05.04.2020 r 1. Informujemy, \u017ce zgodnie z decyzjami w\u0142adz pa\u0144stwowych i sanitarnych, przyj\u0119tych tak\u017ce przez w\u0142adze ko\u015bcielne, w Mszach \u015bwi\u0119tych i innych nabo\u017ce\u0144stwach, do Dnia 11 kwietnia (w\u0142\u0105cznie) &#8211; nie mo\u017ce uczestniczy\u0107 wi\u0119cej ni\u017c 5 os\u00f3b, nie licz\u0105c kap\u0142an\u00f3w odprawiaj\u0105cych i konieczn\u0105 obs\u0142ug\u0119. 2. W naszym ko\u015bciele porz\u0105dek [&hellip;]<\/p>\n","protected":false},"author":1,"featured_media":3746,"comment_status":"closed","ping_status":"closed","sticky":false,"template":"","format":"standard","meta":{"ngg_post_thumbnail":0,"footnotes":""},"categories":[11,8,4,3],"tags":[],"class_list":["post-3743","post","type-post","status-publish","format-standard","has-post-thumbnail","hentry","category-aktualnosci","category-blog","category-intencje","category-ogloszenia"],"_links":{"self":[{"href":"https:\/\/rafalk-elblag.pl\/index.php?rest_route=\/wp\/v2\/posts\/3743","targetHints":{"allow":["GET"]}}],"collection":[{"href":"https:\/\/rafalk-elblag.pl\/index.php?rest_route=\/wp\/v2\/posts"}],"about":[{"href":"https:\/\/rafalk-elblag.pl\/index.php?rest_route=\/wp\/v2\/types\/post"}],"author":[{"embeddable":true,"href":"https:\/\/rafalk-elblag.pl\/index.php?rest_route=\/wp\/v2\/users\/1"}],"replies":[{"embeddable":true,"href":"https:\/\/rafalk-elblag.pl\/index.php?rest_route=%2Fwp%2Fv2%2Fcomments&post=3743"}],"version-history":[{"count":1,"href":"https:\/\/rafalk-elblag.pl\/index.php?rest_route=\/wp\/v2\/posts\/3743\/revisions"}],"predecessor-version":[{"id":3747,"href":"https:\/\/rafalk-elblag.pl\/index.php?rest_route=\/wp\/v2\/posts\/3743\/revisions\/3747"}],"wp:featuredmedia":[{"embeddable":true,"href":"https:\/\/rafalk-elblag.pl\/index.php?rest_route=\/wp\/v2\/media\/3746"}],"wp:attachment":[{"href":"https:\/\/rafalk-elblag.pl\/index.php?rest_route=%2Fwp%2Fv2%2Fmedia&parent=3743"}],"wp:term":[{"taxonomy":"category","embeddable":true,"href":"https:\/\/rafalk-elblag.pl\/index.php?rest_route=%2Fwp%2Fv2%2Fcategories&post=3743"},{"taxonomy":"post_tag","embeddable":true,"href":"https:\/\/rafalk-elblag.pl\/index.php?rest_route=%2Fwp%2Fv2%2Ftags&post=3743"}],"curies":[{"name":"wp","href":"https:\/\/api.w.org\/{rel}","templated":true}]}}