{"id":3739,"date":"2020-04-01T19:33:33","date_gmt":"2020-04-01T19:33:33","guid":{"rendered":"http:\/\/rafalk-elblag.pl\/?p=3739"},"modified":"2020-04-04T18:59:54","modified_gmt":"2020-04-04T18:59:54","slug":"wskazania-biskupa-elblaskiego-z-24-marca-2020-r","status":"publish","type":"post","link":"https:\/\/rafalk-elblag.pl\/?p=3739","title":{"rendered":"WSKAZANIA BISKUPA ELBL\u0104SKIEGO Z 24 MARCA 2020 R. \/ DOT. PIERWSZEJ KOMUNII \u015aW. Z 1 KWIETNIA 2020R."},"content":{"rendered":"<h2><strong>UWAGI BISKUPA ELBL\u0104SKIEGO DOTYCZ\u0104CE PIERWSZEJ KOMUNII \u015aWI\u0118TEJ 2020<\/strong><\/h2>\n<p>Rodzice dzieci, kt\u00f3re przygotowuj\u0105 si\u0119 w bie\u017c\u0105cym roku do pierwszej Komunii \u015bwi\u0119tej, stawiaj\u0105 pytania: kiedy pierwsza Komunia \u015bwi\u0119ta?<br \/>\nData i miejsce zosta\u0142y ju\u017c dawno zaplanowane, tak\u017ce sale na rodzinne spotkania i posi\u0142ek. Zagra\u017caj\u0105ca \u017cyciu epidemia wirusa COVID-19 i zwi\u0105zane z ni\u0105 surowe przepisy sanitarne mog\u0105 uniemo\u017cliwi\u0107 przeprowadzenie uroczysto\u015bci, jak to by\u0142o przewidziane.<br \/>\n1. Jest w\u0105tpliwe, czy uda si\u0119 przeprowadzi\u0107 uroczysto\u015bci pierwszej Komunii w maju i czerwcu. Nie wiemy, kiedy zagro\u017cenie ust\u0105pi i w zwi\u0105zku z tym od kiedy przepisy sanitarne pozwol\u0105 na wi\u0119ksze zgromadzenia i uroczysto\u015bci religijne. Po powrocie do szk\u00f3\u0142 dzieci b\u0119d\u0105 mia\u0142y du\u017co zaj\u0119\u0107 i zalicze\u0144.<br \/>\n2. Dlatego trzeba szuka\u0107 nowych rozwi\u0105za\u0144. Mo\u017cna, po uzgodnieniu przez Rodzic\u00f3w dzieci i Ks. Proboszcza, od\u0142o\u017cy\u0107 pierwsz\u0105 Komuni\u0119 na wrzesie\u0144, a nawet na pa\u017adziernik. Wi\u0105\u017ce si\u0119 to z przeniesieniem rezerwacji pomieszcze\u0144 na okoliczno\u015bciowe przyj\u0119cia.<br \/>\n3. Trzeba wzi\u0105\u0107 te\u017c pod uwag\u0119 i to, \u017ce pierwsza Komunia nie mo\u017ce si\u0119 odby\u0107 natychmiast po zniesieniu ogranicze\u0144 sanitarnych. Potrzebny jest cho\u0107by bardzo skr\u00f3cony, ale jednak konieczny czas na przygotowanie dzieci i odbycie pierwszej spowiedzi [sakrament Pokuty i Pojednania]. Chodzi o unikni\u0119cia chaosu i nerwowo\u015bci.<br \/>\n4. Potrzebny jest dialog Ks. Proboszcza z Rodzicami i uzgodnienia. Mo\u017ce da si\u0119 wsp\u00f3lnie od\u0142o\u017cy\u0107 I komuni\u0119 na jeden termin. Je\u015bli to nie b\u0119dzie mo\u017cliwe, trzeba b\u0119dzie uroczysto\u015b\u0107 przeprowadzi\u0107 w r\u00f3\u017cnych uzgodnionych terminach [np. jeden w ko\u0144cu czerwca, a drugi jesieni\u0105]. Potrzebna jest tu jednak dobra wola i zrozumienie, \u017ce zmiany maj\u0105 przyczyn\u0119 w zdarzeniu losowym [epidemia]. Mo\u017cna te\u017c zapewne liczy\u0107 na elastyczno\u015b\u0107 restaurator\u00f3w i hotelarzy, w miar\u0119 ich mo\u017cliwo\u015bci.<br \/>\n5. Pierwsza Komunia \u015bw. jest wa\u017cn\u0105 uroczysto\u015bci\u0105 religijn\u0105 i spo\u0142eczn\u0105. Posiada swoj\u0105 tradycj\u0119 i zewn\u0119trzn\u0105 opraw\u0119. Nie trzeba z niej \u0142atwo rezygnowa\u0107, chocia\u017c w zwi\u0105zku z zaistnia\u0142\u0105 sytuacj\u0105 mo\u017ce mie\u0107 nieco skromniejszy wymiar.<br \/>\n\u2022 Dla dziecka to pierwsze spotkanie z Jezusem obecnym w Komunii \u015bwi\u0119tej. To wa\u017cne osobiste prze\u017cycie religijne dziecka.<br \/>\n\u2022 Uroczysto\u015b\u0107 I Komunii \u015bw. w normalnych warunkach to wydarzenie wsp\u00f3lnotowe: rodzinne, parafialne, ko\u015bcielne. Nowe pokolenie zaczyna w pe\u0142ni uczestniczy\u0107 we Mszy \u015bwi\u0119tej [w Eucharystii] oraz w \u017cyciu wsp\u00f3lnoty ko\u015bcielnej.<br \/>\n6. Wypracowanie wsp\u00f3lnych rozwi\u0105za\u0144 wymaga kontakt\u00f3w wzajemnych: Rodzic\u00f3w z Ks. Proboszczem, Rodzic\u00f3w mi\u0119dzy sob\u0105. W sytuacji epidemii trzeba stworzy\u0107 sie\u0107 komunikacji telefonicznej i internetowej.<\/p>\n<p>+Jacek Jezierski<br \/>\nElbl\u0105g, dn. 1 kwietnia 2020<br \/>\n&#8212;&#8212;&#8212;&#8212;&#8212;&#8212;&#8212;&#8212;&#8212;&#8212;&#8212;&#8212;&#8212;&#8212;&#8212;&#8212;&#8212;&#8212;&#8212;&#8211;<\/p>\n<h2>\nWSKAZANIA BISKUPA ELBL\u0104SKIEGO Z 24 MARCA 2020 R<\/h2>\n<ol>\n<li><strong>Zgromadzenie liturgiczne<\/strong>[np. Msza \u015bw., pogrzeb] zgodnie z przepisami sanitarnymi obowi\u0105zuj\u0105cymi od 25 marca br., nie mo\u017ce przekroczy\u0107 pi\u0119ciu os\u00f3b, nie licz\u0105c ksi\u0119dza i obs\u0142ugi.<\/li>\n<li>W zwi\u0105zku z powy\u017cszym, zwalniam katolik\u00f3w diecezji elbl\u0105skiej i przebywaj\u0105cych na jej terenie z obowi\u0105zku uczestniczenia w niedzielnej Mszy \u015bw. do dnia 11 kwietnia br. [<strong>dyspensa<\/strong>kan. 87 \u00a7 1 oraz 1245 KPK]. Polecam, aby dla dobra w\u0142asnego i bliskich przez czas epidemii<strong>modli\u0107 si\u0119 i pozostawa\u0107 w domu<\/strong>.<\/li>\n<li><strong>Chrzest<\/strong>zdrowego dziecka nale\u017cy od\u0142o\u017cy\u0107 na p\u00f3\u017aniejszy termin. W przypadku dziecka chorego nale\u017cy wezwa\u0107 ksi\u0119dza.<\/li>\n<li><strong>Pierwsza Komunia \u015bw. i bierzmowanie<\/strong>b\u0119d\u0105 udzielane dopiero po przej\u015bciu g\u0142\u00f3wnej fali epidemii. Nie spos\u00f3b dzi\u015b okre\u015bli\u0107 termin tych uroczysto\u015bci.<\/li>\n<li>Mo\u017ce okaza\u0107 si\u0119 niemo\u017cliw\u0105<strong>spowied\u017a<\/strong>przed Wielkanoc\u0105. Obowi\u0105zek ten trzeba b\u0119dzie od\u0142o\u017cy\u0107 na p\u00f3\u017aniej, gdy minie zagro\u017cenie epidemi\u0105. W sytuacji granicznej, zagro\u017cenia chorob\u0105 lub \u015bmierci\u0105, gdy nie ma mo\u017cliwo\u015bci spowiedzi, nale\u017cy wzbudzi\u0107 \u017cal za grzechy, motywowany mi\u0142o\u015bci\u0105 i szacunkiem wobec Boga. Taki \u017cal, zwany doskona\u0142ym, g\u0142adzi wszystkie grzechy. P\u00f3\u017aniej jednak grzechy nale\u017cy wyzna\u0107 podczas spowiedzi.<\/li>\n<li><strong>Komunia \u015bwi\u0119ta<\/strong>:<br \/>\n&#8211; nie wolno nakazywa\u0107 przyjmowania Komunii \u015bw. na r\u0119k\u0119<br \/>\n&#8211; nie wolno te\u017c zabrania\u0107 przyjmowania Komunii \u015bw. na r\u0119k\u0119<\/li>\n<\/ol>\n<p>W czasie epidemii zach\u0119cam do przyjmowania Komunii \u015bw. na r\u0119k\u0119. Prosz\u0119 ksi\u0119\u017cy, aby przed komuni\u0105 dali nast\u0119puj\u0105cy komentarz: Do Komunii \u015bw. najpierw podchodz\u0105 ci, kt\u00f3rzy przyjmuj\u0105 j\u0105 na r\u0119k\u0119. P\u00f3\u017aniej ci, kt\u00f3rzy przyjmuj\u0105 komuni\u0119 do ust.<\/p>\n<ol start=\"7\">\n<li><strong>Pogrzeb<\/strong>\u2013 nale\u017cy dostosowa\u0107 si\u0119 do obowi\u0105zuj\u0105cych przepis\u00f3w sanitarnych, nawet je\u015bli wska\u017c\u0105, \u017ce pogrzeb ma si\u0119 odbywa\u0107 tylko od bramy cmentarza do grobu. Msza \u015bw. w intencji zmar\u0142ego mo\u017ce by\u0107 odprawiona w dniu pogrzebu, bez wprowadzania trumny do ko\u015bcio\u0142a.<\/li>\n<li><strong>Papie\u017c Franciszek<\/strong>udziela na czas epidemii&nbsp;<strong>odpustu zupe\u0142nego<\/strong>&nbsp;nast\u0119puj\u0105cym osobom:<\/li>\n<li>zara\u017conym koronawirusem, przebywaj\u0105cym na kwarantannie, pracownikom s\u0142u\u017cby zdrowia, rodzinom os\u00f3b chorych.<br \/>\n&nbsp; &nbsp;II. umieraj\u0105cym, zw\u0142aszcza gdy nie mogli wyspowiada\u0107 si\u0119 i przyj\u0105\u0107 sakramentu namaszczenia chorych oraz Komunii \u015bw. w formie Wiatyku.<br \/>\n&nbsp; &nbsp;III. modl\u0105cym si\u0119 przed Naj\u015bwi\u0119tszym Sakramentem, odprawiaj\u0105cym tak\u017ce w warunkach domowych: Drog\u0119 Krzy\u017cow\u0105, r\u00f3\u017caniec, czytaj\u0105cym przez p\u00f3\u0142 godziny Pismo \u015awi\u0119te.<\/li>\n<\/ol>\n<p>Warunkiem uzyskania odpustu jest modlitwa w intencjach Ojca \u015awi\u0119tego i wyznanie wiary, cho\u0107by w formie skr\u00f3conej i spontanicznej np. Wierz\u0119 w Ciebie Chryste.<\/p>\n<ol start=\"9\">\n<li><u><strong>Liturgia Wielkiego Tygodnia<\/strong>:<\/u><\/li>\n<\/ol>\n<p><u>&nbsp;<\/u><\/p>\n<p>*&nbsp;<strong>NIEDZIELA PALMOWA<\/strong><br \/>\n&#8211; rezygnujemy z procesji w ko\u015bciele i poza ko\u015bcio\u0142em<br \/>\n&#8211; po\u015bwiecenie palm tylko znakiem krzy\u017ca, bez wody \u015bwi\u0119conej<\/p>\n<p>*&nbsp;<strong>WIELKI CZWARTEK<\/strong>&nbsp;<br \/>\n&#8211; Msza Krzy\u017cma w katedrze \u015bw. Miko\u0142aja w Elbl\u0105gu &#8211; bez udzia\u0142u ksi\u0119\u017cy i wiernych<br \/>\n&#8211; po\u015bwi\u0119cenie olej\u00f3w: krzy\u017cma, chorych, katechumen\u00f3w<br \/>\n&#8211; Msza Wieczerzy Pa\u0144skiej wieczorem &#8211; bez obrz\u0119du obmycia n\u00f3g i bez procesji do tzw. Ciemnicy [Naj\u015bwi\u0119tszy Sakrament pozostaje w tabernakulum], nie ma adoracji po nabo\u017ce\u0144stwie<\/p>\n<p>*&nbsp;<strong>WIELKI PI\u0104TEK<\/strong><br \/>\n&#8211; Liturgia M\u0119ki Pa\u0144skiej \u2013 nie ma adoracji krzy\u017ca przez uca\u0142owanie, nie ma procesji do tzw. Grobu Pa\u0144skiego [Naj\u015bwi\u0119tszy Sakrament pozostaje nadal w tabernakulum], nie ma adoracji po nabo\u017ce\u0144stwie<br \/>\n&#8211; do modlitwy powszechnej dodajemy specjalne wezwanie zwi\u0105zane z epidemi\u0105<\/p>\n<p>*&nbsp;<strong>WIELKA SOBOTA<\/strong>&nbsp;<br \/>\n&#8211; nie ma po\u015bwi\u0119cenia pokarm\u00f3w w ko\u015bciele, przed ko\u015bcio\u0142em, czy te\u017c na tzw. dojazdach<br \/>\n&#8211; zapewne b\u0119d\u0105 transmisje telewizyjne i internetowe b\u0142ogos\u0142awienia pokarm\u00f3w; trzeba do nich do\u0142\u0105czy\u0107 w warunkach domowych<br \/>\n&#8211; Liturgia Wigilii Paschalnej [wieczorem] \u2013 nie rozpalamy ognia przed ko\u015bcio\u0142em, nie ma procesji z pascha\u0142em, liturgia zaczyna si\u0119 od zapalenia pascha\u0142u i or\u0119dzia wielkanocnego<\/p>\n<p>*&nbsp;<strong>NIEDZIELA WIELKANOCNA<\/strong>&nbsp;<br \/>\n&#8211; nie ma procesji rezurekcyjnej&nbsp;<br \/>\n&#8211; \u015bniadanie wielkanocne rozpoczynamy w domach od zapalenia \u015bwiecy ustawionej na stole oraz modlitwy Ojcze nasz, w\u00f3wczas g\u0142owa rodziny wypowiada s\u0142owa: Chrystus zmartwychwsta\u0142, Alleluja!, a pozostali odpowiadaj\u0105: Prawdziwie zmartwychwsta\u0142, Alleluja!<\/p>\n<ol start=\"10\">\n<li>Zach\u0119cam do korzystania z transmisji Mszy \u015bw. i nabo\u017ce\u0144stw w mediach.<\/li>\n<\/ol>\n<p>Prosz\u0119 wszystkich o cierpliwo\u015b\u0107 i \u017cyczliwo\u015b\u0107 wzajemn\u0105. W ten spos\u00f3b przetrwajmy trudne dni [por. Ef 5, 16].<\/p>\n<p><em><strong>+ Jacek Jezierski \u2013 biskup elbl\u0105ski<\/strong><\/em><\/p>\n","protected":false},"excerpt":{"rendered":"<p>UWAGI BISKUPA ELBL\u0104SKIEGO DOTYCZ\u0104CE PIERWSZEJ KOMUNII \u015aWI\u0118TEJ 2020 Rodzice dzieci, kt\u00f3re przygotowuj\u0105 si\u0119 w bie\u017c\u0105cym roku do pierwszej Komunii \u015bwi\u0119tej, stawiaj\u0105 pytania: kiedy pierwsza Komunia \u015bwi\u0119ta? Data i miejsce zosta\u0142y ju\u017c dawno zaplanowane, tak\u017ce sale na rodzinne spotkania i posi\u0142ek. Zagra\u017caj\u0105ca \u017cyciu epidemia wirusa COVID-19 i zwi\u0105zane z ni\u0105 surowe przepisy sanitarne mog\u0105 uniemo\u017cliwi\u0107 przeprowadzenie [&hellip;]<\/p>\n","protected":false},"author":1,"featured_media":3740,"comment_status":"closed","ping_status":"closed","sticky":false,"template":"","format":"standard","meta":{"ngg_post_thumbnail":0,"footnotes":""},"categories":[11,8,4,3],"tags":[],"class_list":["post-3739","post","type-post","status-publish","format-standard","has-post-thumbnail","hentry","category-aktualnosci","category-blog","category-intencje","category-ogloszenia"],"_links":{"self":[{"href":"https:\/\/rafalk-elblag.pl\/index.php?rest_route=\/wp\/v2\/posts\/3739","targetHints":{"allow":["GET"]}}],"collection":[{"href":"https:\/\/rafalk-elblag.pl\/index.php?rest_route=\/wp\/v2\/posts"}],"about":[{"href":"https:\/\/rafalk-elblag.pl\/index.php?rest_route=\/wp\/v2\/types\/post"}],"author":[{"embeddable":true,"href":"https:\/\/rafalk-elblag.pl\/index.php?rest_route=\/wp\/v2\/users\/1"}],"replies":[{"embeddable":true,"href":"https:\/\/rafalk-elblag.pl\/index.php?rest_route=%2Fwp%2Fv2%2Fcomments&post=3739"}],"version-history":[{"count":5,"href":"https:\/\/rafalk-elblag.pl\/index.php?rest_route=\/wp\/v2\/posts\/3739\/revisions"}],"predecessor-version":[{"id":3751,"href":"https:\/\/rafalk-elblag.pl\/index.php?rest_route=\/wp\/v2\/posts\/3739\/revisions\/3751"}],"wp:featuredmedia":[{"embeddable":true,"href":"https:\/\/rafalk-elblag.pl\/index.php?rest_route=\/wp\/v2\/media\/3740"}],"wp:attachment":[{"href":"https:\/\/rafalk-elblag.pl\/index.php?rest_route=%2Fwp%2Fv2%2Fmedia&parent=3739"}],"wp:term":[{"taxonomy":"category","embeddable":true,"href":"https:\/\/rafalk-elblag.pl\/index.php?rest_route=%2Fwp%2Fv2%2Fcategories&post=3739"},{"taxonomy":"post_tag","embeddable":true,"href":"https:\/\/rafalk-elblag.pl\/index.php?rest_route=%2Fwp%2Fv2%2Ftags&post=3739"}],"curies":[{"name":"wp","href":"https:\/\/api.w.org\/{rel}","templated":true}]}}