{"id":3735,"date":"2020-03-28T19:05:11","date_gmt":"2020-03-28T19:05:11","guid":{"rendered":"http:\/\/rafalk-elblag.pl\/?p=3735"},"modified":"2020-03-28T19:05:11","modified_gmt":"2020-03-28T19:05:11","slug":"biuletyn-parafialny-nr-846-29-marca-2020r-v-niedziela-wielkiego-postu","status":"publish","type":"post","link":"https:\/\/rafalk-elblag.pl\/?p=3735","title":{"rendered":"Biuletyn parafialny nr 846 \/ 29 marca 2020r. V Niedziela Wielkiego Postu"},"content":{"rendered":"<h1>V NIEDZIELA WIELKIEGO POSTU<\/h1>\n<p>&nbsp;<\/p>\n<p><img decoding=\"async\" id=\"ogloszenia-844\" src=\"http:\/\/rafalk-elblag.pl\/wp-content\/uploads\/2019\/09\/ogloszenia_parafialne.jpg\" width=\"800px\"><\/p>\n<h2>Og\u0142oszenia parafialne 29.03.2020 r<\/h2>\n<p>1. Informujemy, \u017ce zgodnie z decyzjami w\u0142adz pa\u0144stwowych i sanitarnych, przyj\u0119tych tak\u017ce przez w\u0142adze ko\u015bcielne, w Mszach \u015bwi\u0119tych i innych nabo\u017ce\u0144stwach, nie mo\u017ce uczestniczy\u0107 wi\u0119cej ni\u017c 5 os\u00f3b, nie wliczaj\u0105c w t\u0119 liczb\u0119 kap\u0142an\u00f3w odprawiaj\u0105cych i konieczn\u0105 obs\u0142ug\u0119.<br \/>\n2. W naszym ko\u015bciele parafialnym porz\u0105dek Mszy \u015awi\u0119tych w dni powszednie i Niedziele bez zmian. Zapewniamy, \u017ce wszystkie zam\u00f3wione intencje Mszalne zostan\u0105 odprawione zgodnie z wol\u0105 ofiarodawc\u00f3w.<br \/>\n3. W Niedziele i dni powszednie, podczas ka\u017cdej Mszy \u015awi\u0119tej b\u0119dziemy prosi\u0107 Boga o oddalenie epidemii, \u015bpiewaj\u0105c \u201eSuplikacj\u0119\u201d.<br \/>\n4. W ka\u017cdy dzie\u0144 WIELKIEGO POSTU Adoracja Naj\u015bwi\u0119tszego Sakramentu w ciszy:<br \/>\n&#8211; w niedziele od godz. 16:00 do godz. 17:15<br \/>\n&#8211; w dni powszednie po Mszy \u015bw. wieczorowej do godz. 20:00.<br \/>\n\u201eZaufaj Panu ju\u017c dzi\u015b\u2026\u201d Pomy\u015bl, czy ta dzisiejsza sytuacja nie wymaga r\u00f3wnie\u017c naszej modlitwy i zaanga\u017cowania. Przychod\u017a do Jezusa, by powierza\u0107 Jemu w modlitwie troski swoje, Ojczyzny i \u015awiata.<br \/>\n5. We wszystkie NIEDZIELE WIELKIEGO POSTU o godz. 17:15 Gorzkie \u017bale z kazaniem pasyjnym. Natomiast w ka\u017cdy pi\u0105tek Wielkiego Postu b\u0119dzie Droga Krzy\u017cowa o godz. 17:15. Osoby, kt\u00f3re nie mog\u0105 przyj\u015b\u0107 do ko\u015bcio\u0142a zach\u0119camy do modlitwy w domu.<br \/>\n6. Zach\u0119camy do zapoznania si\u0119 z najnowszymi (z dnia 24 marca br.) wskazaniami Biskupa Elbl\u0105skiego w sprawie panuj\u0105cej EPIDEMII KORONAWIRUSA w Polsce umieszczonymi na stronie internetowej Diecezji Elbl\u0105skiej, naszej stronie Parafialnej i tablicy og\u0142osze\u0144.<br \/>\n7. W tym tygodniu przypada pierwszy czwartek, pi\u0105tek i sobota miesi\u0105ca.<br \/>\n&#8211;&nbsp; w pierwszy czwartek b\u0119dziemy modli\u0107 si\u0119 wsp\u00f3lnie za Ko\u015bci\u00f3\u0142 i Ojca \u015awi\u0119tego Franciszka oraz za Biskupa Pomocniczego Diecezji Elbl\u0105skiej ks. dr Wojciecha Skibickiego w pierwsz\u0105 rocznic\u0119 \u015bwi\u0119ce\u0144.<br \/>\n&#8211; w pierwszy pi\u0105tek spowied\u017a od 17:30 i Msza \u015awi\u0119t\u0105 Wotywna o NSPJ o godz.18:00.<br \/>\n&#8211; w pierwsz\u0105 sobot\u0119 przed Msz\u0105 \u015bw. o godz. 17:00 nabo\u017ce\u0144stwo wynagradzaj\u0105ce Niepokalanemu Sercu Maryi za zniewagi grzesznik\u00f3w.<br \/>\nTego dnia zmiana tajemnic dla \u017bywego R\u00f3\u017ca\u0144ca.<br \/>\n8. W tym tygodniu przypada pierwszy pi\u0105tek miesi\u0105ca. Z POWODU EPIDEMII KAP\u0141ANI NIE UDADZ\u0104 si\u0119 do swoich chorych.<br \/>\n9. Osoby, kt\u00f3re z r\u00f3\u017cnych wzgl\u0119d\u00f3w nie mog\u0105 wzi\u0105\u0107 udzia\u0142u we Mszach \u015awi\u0119tych niedzielnych zach\u0119camy do wype\u0142nienia tego obowi\u0105zku przez duchowe \u0142\u0105czenie si\u0119 z nami modl\u0105cymi si\u0119 w ko\u015bciele, a tak\u017ce przez udzia\u0142 we Mszy transmitowanej przez r\u00f3\u017cne stacje telewizyjne, radiowe i przez Internet.<br \/>\n10. Mo\u017cliwo\u015b\u0107 skorzystania z sakramentu pojednania &#8211; codziennie przed Msz\u0105 \u015bw. od godz. 7:45 lub od godz.17:30. Zapraszamy.<br \/>\n11.&nbsp; Pan powo\u0142a\u0142 do wieczno\u015bci: \u015bp. Halin\u0119 Krawczyk lat 68 z ul. Og\u00f3lnej<\/p>\n<p>&nbsp;<\/p>\n<p><img decoding=\"async\" id=\"intencje-844\" src=\"http:\/\/rafalk-elblag.pl\/wp-content\/uploads\/2019\/09\/intencje_mszalne.jpg\" width=\"800px\"><\/p>\n<h2>Intencje mszalne 29.03.2020<\/h2>\n<p><strong>PONIEDZIA\u0141EK 30 marca 2020r.<\/strong><br \/>\n8.00 \u2020 Andrzej Bara\u0144ski w 7 r.\u015bm. i zm. z rodziny<br \/>\n18.00 \u2020 Franciszka (k) i Marian Kopciowie, Zofia Turczy\u0144ska<br \/>\n18.00 \u2020 W\u0142adys\u0142aw Wiadrowski (30 greg.)<br \/>\n<strong>WTOREK 31 marca 2020r.<\/strong><br \/>\n8.00 \u2020 Janina Sojczy\u0144ska (1 greg.)<br \/>\n18.00 Dzi\u0119k. w dniu urodzin Krystyny Kurosad z pro\u015bb\u0105 o Bo\u017ce b\u0142og. i opiek\u0119 MB<br \/>\n18.00 O Bo\u017ce b\u0142og. i opiek\u0119 MB dla Stasia Jasi\u0144skiego w 9 rocz. urodzin oraz ca\u0142ej rodziny<br \/>\n<strong>\u015aRODA 1 kwietnia 2020r.<\/strong><br \/>\n8.00 O Bo\u017ce b\u0142og. dla Anny z okazji 35 urodzin<br \/>\n18.00 \u2020 Janina Sojczy\u0144ska (2 greg.)<br \/>\n18.00 \u2020 Stanis\u0142aw Hry\u0144 w 14 r.\u015bm. i Emilia Hry\u0144<br \/>\n<strong>CZWARTEK 2 kwietnia 2020r.<\/strong><br \/>\n8.00 \u2020 Janina Sojczy\u0144ska (3 greg.)<br \/>\n18.00 W int. nowych i \u015bwi\u0119tych powo\u0142a\u0144 do S\u0142u\u017cby Bo\u017cej oraz o Bo\u017ce b\u0142og. i wytrwa\u0142o\u015b\u0107 dla powo\u0142anych<br \/>\n18.00 O Bo\u017ce b\u0142og., opiek\u0119 MB i potrzebne \u0142aski dla Kuby Szostka z ok. 2 urodzin oraz dla rodziny<br \/>\n<strong>PI\u0104TEK 3 kwietnia 2020r.<\/strong><br \/>\n8.00 \u2020 Stefania Murawska w 3 r.\u015bm. oraz Franciszek w 27 r.\u015bm.<br \/>\n18.00 \u2020 Janina Sojczy\u0144ska (4 greg.)<br \/>\n18.00 W intencji czcicieli Naj\u015bwi\u0119tszego Serca Pana Jezusa<br \/>\n<strong>SOBOTA 4 kwietnia 2020r.<\/strong><br \/>\n8.00 \u2020 Janina Sojczy\u0144ska (5 greg.)<br \/>\n18.00 \u2020 Cecylia Chmiel w 5 r.\u015bm.<br \/>\n18.00 \u2020 Stanis\u0142awa (k) Obsza\u0144ska w 20 r.\u015bm.<br \/>\n18.00 O umocnienie wiary i opiek\u0119 MB R\u00f3\u017ca\u0144cowej dla naszej parafii \u2013 int. od I R\u00f3\u017cy \u201eMatki Pokoju\u201d<br \/>\n<strong>V Niedziela Wielkiego Postu \/ 29 marca 2020r.<\/strong><br \/>\n7.00 W intencji Parafian<br \/>\n9.00 \u2020 Zygmunt Zdrojewski, Jan Cywi\u0144ski i zm. rodzice z obojga stron<br \/>\n9.00 \u2020 W\u0142adys\u0142aw Wiadrowski (29 greg.)<br \/>\n10.30 \u2020 Micha\u0142 Kata w 35 r.\u015bm., Edward D\u0105bkowski w 12 r.\u015bm.<br \/>\n12.00 Dzi\u0119k. w 45 rocz. \u015blubu Zofii i Henryka Potura\u0142a z pro\u015bb\u0105 o Bo\u017ce b\u0142og. i potrzebne \u0142aski dla Jubilat\u00f3w i rodziny<br \/>\n15.00 \u2020 Jan i Cecylia Tabor<br \/>\n18.00 \u2020 Janina, Edward i Czes\u0142aw<\/p>\n","protected":false},"excerpt":{"rendered":"<p>V NIEDZIELA WIELKIEGO POSTU &nbsp; Og\u0142oszenia parafialne 29.03.2020 r 1. Informujemy, \u017ce zgodnie z decyzjami w\u0142adz pa\u0144stwowych i sanitarnych, przyj\u0119tych tak\u017ce przez w\u0142adze ko\u015bcielne, w Mszach \u015bwi\u0119tych i innych nabo\u017ce\u0144stwach, nie mo\u017ce uczestniczy\u0107 wi\u0119cej ni\u017c 5 os\u00f3b, nie wliczaj\u0105c w t\u0119 liczb\u0119 kap\u0142an\u00f3w odprawiaj\u0105cych i konieczn\u0105 obs\u0142ug\u0119. 2. W naszym ko\u015bciele parafialnym porz\u0105dek Mszy \u015awi\u0119tych [&hellip;]<\/p>\n","protected":false},"author":1,"featured_media":3736,"comment_status":"closed","ping_status":"closed","sticky":false,"template":"","format":"standard","meta":{"ngg_post_thumbnail":0,"footnotes":""},"categories":[11,8,4,3],"tags":[],"class_list":["post-3735","post","type-post","status-publish","format-standard","has-post-thumbnail","hentry","category-aktualnosci","category-blog","category-intencje","category-ogloszenia"],"_links":{"self":[{"href":"https:\/\/rafalk-elblag.pl\/index.php?rest_route=\/wp\/v2\/posts\/3735","targetHints":{"allow":["GET"]}}],"collection":[{"href":"https:\/\/rafalk-elblag.pl\/index.php?rest_route=\/wp\/v2\/posts"}],"about":[{"href":"https:\/\/rafalk-elblag.pl\/index.php?rest_route=\/wp\/v2\/types\/post"}],"author":[{"embeddable":true,"href":"https:\/\/rafalk-elblag.pl\/index.php?rest_route=\/wp\/v2\/users\/1"}],"replies":[{"embeddable":true,"href":"https:\/\/rafalk-elblag.pl\/index.php?rest_route=%2Fwp%2Fv2%2Fcomments&post=3735"}],"version-history":[{"count":2,"href":"https:\/\/rafalk-elblag.pl\/index.php?rest_route=\/wp\/v2\/posts\/3735\/revisions"}],"predecessor-version":[{"id":3745,"href":"https:\/\/rafalk-elblag.pl\/index.php?rest_route=\/wp\/v2\/posts\/3735\/revisions\/3745"}],"wp:featuredmedia":[{"embeddable":true,"href":"https:\/\/rafalk-elblag.pl\/index.php?rest_route=\/wp\/v2\/media\/3736"}],"wp:attachment":[{"href":"https:\/\/rafalk-elblag.pl\/index.php?rest_route=%2Fwp%2Fv2%2Fmedia&parent=3735"}],"wp:term":[{"taxonomy":"category","embeddable":true,"href":"https:\/\/rafalk-elblag.pl\/index.php?rest_route=%2Fwp%2Fv2%2Fcategories&post=3735"},{"taxonomy":"post_tag","embeddable":true,"href":"https:\/\/rafalk-elblag.pl\/index.php?rest_route=%2Fwp%2Fv2%2Ftags&post=3735"}],"curies":[{"name":"wp","href":"https:\/\/api.w.org\/{rel}","templated":true}]}}