{"id":3730,"date":"2020-03-22T10:21:43","date_gmt":"2020-03-22T10:21:43","guid":{"rendered":"http:\/\/rafalk-elblag.pl\/?p=3730"},"modified":"2020-03-22T10:21:43","modified_gmt":"2020-03-22T10:21:43","slug":"biuletyn-parafialny-nr-845-22-marca-2020r-iv-niedziela-wielkiego-postu","status":"publish","type":"post","link":"https:\/\/rafalk-elblag.pl\/?p=3730","title":{"rendered":"Biuletyn parafialny nr 845 \/ 22 marca 2020r. IV Niedziela Wielkiego Postu"},"content":{"rendered":"<p>OG\u0141OSZENIA PARAFIALNE&nbsp; 22.03.2020r<\/p>\n<p>IV NIEDZIELA WIELKIEGO POSTU<\/p>\n<p>&nbsp;1. <strong>W zwi\u0105zku z zaistnia\u0142\u0105 sytuacj\u0105 EPIDEMII odwo\u0142ane s\u0105 tegoroczne Rekolekcje Wielkopostne dla doros\u0142ych i dzieci<\/strong>. Zach\u0119cam zatem do skorzystania z Rekolekcji Radiowych i Telewizyjnych.<br \/>\n&nbsp;2. <strong>W naszym ko\u015bciele parafialnym porz\u0105dek Mszy \u015awi\u0119tych w dni powszednie i Niedziele bez zmian<\/strong>. Zapewniamy, \u017ce wszystkie zam\u00f3wione intencje Mszalne zostan\u0105 odprawione zgodnie z wol\u0105 ofiarodawc\u00f3w. Prosimy osoby kt\u00f3re zam\u00f3wi\u0142y Msze \u015bw. w o godz. 11:00 i o godz. 20:00 w czasie Rekolekcji o zg\u0142oszenie si\u0119 do zakrystii w celu&nbsp; prze\u0142o\u017cenia tych intencji. Dzi\u0119kuj\u0119.<br \/>\n&nbsp;3. <strong>W Niedziele i dni powszednie, podczas ka\u017cdej Mszy \u015awi\u0119tej b\u0119dziemy prosi\u0107 Boga o oddalenie epidemii, \u015bpiewaj\u0105c \u201eSuplikacj\u0119\u201d.<\/strong><br \/>\n&nbsp;4. <strong>W ka\u017cdy dzie\u0144 WIELKIEGO POSTU zapraszamy do udzia\u0142u w Adoracji Naj\u015bwi\u0119tszego Sakramentu w ciszy:<\/strong><br \/>\n&nbsp;&nbsp;&nbsp; &#8211; w niedziele od godz. 16:00 do godz. 17:15<br \/>\n&nbsp;&nbsp;&nbsp; &#8211; w dni powszednie po Mszy \u015bw. wieczorowej do godz. 20:00.<br \/>\n<strong>\u201eZaufaj Panu ju\u017c dzi\u015b\u2026\u201d Przychod\u017a do Jezusa, by powierza\u0107 Jemu w modlitwie troski swoje, Ojczyzny i \u015awiata.<\/strong><br \/>\n5. <strong>We wszystkie NIEDZIELE WIELKIEGO POSTU<\/strong> o godz. 17:15 na Gorzkie \u017bale z kazaniem pasyjnym. Natomiast w ka\u017cdy pi\u0105tek Wielkiego Postu b\u0119dzie wsp\u00f3lna Droga Krzy\u017cowa o godz. 17:15 dla wszystkich parafian. Osoby, kt\u00f3re nie mog\u0105 przyj\u015b\u0107 do ko\u015bcio\u0142a zach\u0119camy do modlitwy w domu.<br \/>\n6. <strong>Zgodnie z decyzj\u0105 Biskupa Elbl\u0105skiego zawieszamy<\/strong> do ko\u0144ca marca spotkania wszelkich grup duszpasterskich.<br \/>\n7. <strong>Zach\u0119camy do zapoznania si\u0119 ze \u201eWskazaniami Biskupa Elbl\u0105skiego wz. z zagro\u017ceniem Koronawirusem\u201d<\/strong> umieszczonymi na stronie internetowej Diecezji Elbl\u0105skiej, naszej stronie Parafialnej i tablicy og\u0142osze\u0144.<br \/>\n8. <strong>Pami\u0119tajmy o Skarbonce na Ja\u0142mu\u017cn\u0119 Wielkopostn\u0105 2020<\/strong>. W ten spos\u00f3b w\u0142\u0105czamy si\u0119 w og\u00f3lnopolsk\u0105 akcj\u0119 \u201eDAR JUNIORA DLA SENIORA\u201d.<br \/>\n9. <strong>Uwaga na oszust\u00f3w w czasie epidemii !!!<\/strong> Pojawi\u0142y si\u0119 informacje o pierwszych pr\u00f3bach oszust\u00f3w elbl\u0105skich senior\u00f3w przez osoby, kt\u00f3re proponuj\u0105 dezynfekcj\u0119 lokali mieszkalnych w zwi\u0105zku z panuj\u0105c\u0105 epidemi\u0105 koronawirusa. Urz\u0105d Miejski w Elbl\u0105gu informuje wszystkich mieszka\u0144c\u00f3w, \u017ce taka akcja NIE JEST prowadzona przez \u017cadne s\u0142u\u017cby miejskie i nie nale\u017cy wpuszcza\u0107 takich os\u00f3b do swoich dom\u00f3w!<br \/>\n<strong>Miejskie Centrum Zarz\u0105dzania Kryzysowego &#8211; tel. 55 239 30 40.<\/strong><br \/>\n10.<strong>Mo\u017cliwo\u015b\u0107 skorzystania z sakramentu pojednania<\/strong> &#8211; codziennie przed Msz\u0105 \u015bw. od godz. 7:45 lub od godz.17:30. Zapraszamy.<\/p>\n<p>&nbsp;<\/p>\n<p><strong>INTENCJE MSZALNE<\/strong><br \/>\n<strong>PONIEDZIA\u0141EK 23 marca 2020r. &nbsp;&nbsp;<\/strong> &nbsp;J 4, 43-54<br \/>\n8.00&nbsp;&nbsp; &nbsp;O \u0142ask\u0119 wiary, nadziei i mi\u0142o\u015bci dla Krzysztofa, Ma\u0142gorzaty, Adama, J\u0119drka i Bogusi Jackiewicz<br \/>\n8.00&nbsp;&nbsp; &nbsp;\u2020 Weronika i Jan Kijucowie w kolejn\u0105 rocz. \u015bw.<br \/>\n18.00&nbsp;&nbsp; &nbsp;\u2020 W\u0142adys\u0142aw Wiadrowski (23 greg.)<br \/>\n18.00&nbsp;&nbsp; &nbsp;Dzi\u0119k. w 13 urodziny Karoliny Tykarskiej z pro\u015bb\u0105 o Bo\u017ce b\u0142og., dary Ducha \u015aw. i zdrowie<br \/>\n18.00&nbsp;&nbsp; &nbsp;Dzi\u0119k. w 16 urodziny Marty z pro\u015bb\u0105 o Bo\u017ce b\u0142og., dary Ducha \u015bw. i dojrza\u0142o\u015b\u0107 w \u017cyciu<\/p>\n<p><strong>WTOREK 24 marca 2020r.<\/strong> &nbsp;&nbsp; &nbsp;J 5, 1-3a, 5-16<br \/>\n8.00&nbsp;&nbsp; &nbsp;\u2020 W\u0142adys\u0142aw Wiadrowski (24 greg.)<br \/>\n8.00&nbsp;&nbsp; &nbsp;\u2020 zm. rodze\u0144stwo: Barbara, Marek, Andrzej i Edward<br \/>\n18.00&nbsp;&nbsp; &nbsp;Dzi\u0119k. za 45 lat ma\u0142\u017ce\u0144stwa Ireny i Tadeusza Frontczak\u00f3w z pro\u015bb\u0105 o Bo\u017ce b\u0142og. dla ca\u0142ej rodziny<br \/>\n18.00&nbsp;&nbsp; &nbsp;\u2020 W\u0142adys\u0142awa (k) Stefanowicz<\/p>\n<p><strong>\u015aRODA 25 marca 2020r. \/ Ur. Zwiastowania Pa\u0144skiego<\/strong>&nbsp;&nbsp; &nbsp;\u0141k 1, 26-38<br \/>\n8.00&nbsp;&nbsp; &nbsp;\u2020 J\u00f3zef Mackiel w 4 r.\u015bm.<br \/>\n8.00&nbsp;&nbsp; &nbsp;\u2020 Wojciech \u017bukowski w 70 urodziny, J\u00f3zef, J\u00f3zefa (k) i Jadwiga<br \/>\n18.00&nbsp;&nbsp; &nbsp;\u2020 W\u0142adys\u0142aw Wiadrowski (25 greg.)<br \/>\n18.00&nbsp;&nbsp; &nbsp;\u2020 Andrzej \u015al\u0119zak w 20 r.\u015bm.<br \/>\n18.00&nbsp;&nbsp; &nbsp;\u2020 Janusz G\u0142owacki w 9 r.\u015bm. i zm. rodzice z obojga stron<\/p>\n<p><strong>CZWARTEK 26 marca 2020r.<\/strong> &nbsp;&nbsp; &nbsp;J 5, 31-47<br \/>\n8.00&nbsp;&nbsp; &nbsp;\u2020 W\u0142adys\u0142aw Wiadrowski (26 greg.)<br \/>\n18.00&nbsp;&nbsp; &nbsp;\u2020 Marianna Czerepak-Banna w 30 dpp.<br \/>\n18.00&nbsp;&nbsp; &nbsp;\u2020 Robert, Waldemar i Henryk Pawliccy<\/p>\n<p><strong>PI\u0104TEK 27 marca 2020r. &nbsp;<\/strong>&nbsp; &nbsp;J 7, 1-2. 10. 25-30<br \/>\n8.00&nbsp;&nbsp; &nbsp;Dzi\u0119k. w 75 urodziny Zbigniewa Ratajczyka z pro\u015bb\u0105 o Bo\u017ce b\u0142og. i potrzebne \u0142aski<br \/>\n18.00&nbsp;&nbsp; &nbsp;\u2020 W\u0142adys\u0142aw Wiadrowski (27 greg.)<br \/>\n18.00&nbsp;&nbsp; &nbsp;\u2020 Helena Kowalska w 35 r.\u015bm. Hieronim Kowalski, Marta i Gerwazy Szyd\u0142owscy<\/p>\n<p><strong>SOBOTA 28 marca 2020r.<\/strong> &nbsp;&nbsp; &nbsp;J 7, 40-53<br \/>\n8.00&nbsp;&nbsp; &nbsp;\u2020 W\u0142adys\u0142aw Wiadrowski (28 greg.)<br \/>\n18.00&nbsp;&nbsp; &nbsp;\u2020 Kordula Mat\u0142ach<br \/>\n18.00&nbsp;&nbsp; &nbsp;\u2020 Sylwester Hali\u0144ski i zm. z rodz. G\u00f3rnych, Cichoni\u00f3w, Bronis\u0142aw Wo\u017aniak<\/p>\n<p><strong>V Niedziela Wielkiego Postu \/ 29 marca 2020r.<\/strong>&nbsp;&nbsp; &nbsp;J 11, 1-45<br \/>\n7.00&nbsp;&nbsp; &nbsp;W intencji Parafian<br \/>\n9.00&nbsp;&nbsp; &nbsp;\u2020 Zygmunt Zdrojewski, Jan Cywi\u0144ski i zm. rodzice z obojga stron<br \/>\n9.00&nbsp;&nbsp; &nbsp;\u2020 W\u0142adys\u0142aw Wiadrowski (29 greg.)<br \/>\n10.30&nbsp;&nbsp; &nbsp;\u2020 Micha\u0142 Kata w 35 r.\u015bm., Edward D\u0105bkowski w 12 r.\u015bm.<br \/>\n12.00&nbsp;&nbsp; &nbsp;Dzi\u0119k. w 45 rocz. \u015blubu Zofii i Henryka Potura\u0142\u00f3w z pro\u015bb\u0105 o Bo\u017ce b\u0142og. i potrzebne \u0142aski dla Jubilat\u00f3w i rodziny<br \/>\n15.00&nbsp;&nbsp; &nbsp;\u2020 Jan i Cecylia Taborowie<br \/>\n18.00&nbsp;&nbsp; &nbsp;\u2020 Janina, Edward i Czes\u0142aw<\/p>\n","protected":false},"excerpt":{"rendered":"<p>OG\u0141OSZENIA PARAFIALNE&nbsp; 22.03.2020r IV NIEDZIELA WIELKIEGO POSTU &nbsp;1. W zwi\u0105zku z zaistnia\u0142\u0105 sytuacj\u0105 EPIDEMII odwo\u0142ane s\u0105 tegoroczne Rekolekcje Wielkopostne dla doros\u0142ych i dzieci. Zach\u0119cam zatem do skorzystania z Rekolekcji Radiowych i Telewizyjnych. &nbsp;2. W naszym ko\u015bciele parafialnym porz\u0105dek Mszy \u015awi\u0119tych w dni powszednie i Niedziele bez zmian. Zapewniamy, \u017ce wszystkie zam\u00f3wione intencje Mszalne zostan\u0105 odprawione [&hellip;]<\/p>\n","protected":false},"author":1,"featured_media":3732,"comment_status":"closed","ping_status":"closed","sticky":false,"template":"","format":"standard","meta":{"ngg_post_thumbnail":0,"footnotes":""},"categories":[11,8,4,3],"tags":[],"class_list":["post-3730","post","type-post","status-publish","format-standard","has-post-thumbnail","hentry","category-aktualnosci","category-blog","category-intencje","category-ogloszenia"],"_links":{"self":[{"href":"https:\/\/rafalk-elblag.pl\/index.php?rest_route=\/wp\/v2\/posts\/3730","targetHints":{"allow":["GET"]}}],"collection":[{"href":"https:\/\/rafalk-elblag.pl\/index.php?rest_route=\/wp\/v2\/posts"}],"about":[{"href":"https:\/\/rafalk-elblag.pl\/index.php?rest_route=\/wp\/v2\/types\/post"}],"author":[{"embeddable":true,"href":"https:\/\/rafalk-elblag.pl\/index.php?rest_route=\/wp\/v2\/users\/1"}],"replies":[{"embeddable":true,"href":"https:\/\/rafalk-elblag.pl\/index.php?rest_route=%2Fwp%2Fv2%2Fcomments&post=3730"}],"version-history":[{"count":1,"href":"https:\/\/rafalk-elblag.pl\/index.php?rest_route=\/wp\/v2\/posts\/3730\/revisions"}],"predecessor-version":[{"id":3731,"href":"https:\/\/rafalk-elblag.pl\/index.php?rest_route=\/wp\/v2\/posts\/3730\/revisions\/3731"}],"wp:featuredmedia":[{"embeddable":true,"href":"https:\/\/rafalk-elblag.pl\/index.php?rest_route=\/wp\/v2\/media\/3732"}],"wp:attachment":[{"href":"https:\/\/rafalk-elblag.pl\/index.php?rest_route=%2Fwp%2Fv2%2Fmedia&parent=3730"}],"wp:term":[{"taxonomy":"category","embeddable":true,"href":"https:\/\/rafalk-elblag.pl\/index.php?rest_route=%2Fwp%2Fv2%2Fcategories&post=3730"},{"taxonomy":"post_tag","embeddable":true,"href":"https:\/\/rafalk-elblag.pl\/index.php?rest_route=%2Fwp%2Fv2%2Ftags&post=3730"}],"curies":[{"name":"wp","href":"https:\/\/api.w.org\/{rel}","templated":true}]}}