{"id":3713,"date":"2020-04-01T19:00:41","date_gmt":"2020-04-01T19:00:41","guid":{"rendered":"http:\/\/rafalk-elblag.pl\/?p=3713"},"modified":"2020-04-04T19:01:46","modified_gmt":"2020-04-04T19:01:46","slug":"transmisje-mszy-swietych","status":"publish","type":"post","link":"https:\/\/rafalk-elblag.pl\/?p=3713","title":{"rendered":"Transmisje Mszy \u015awi\u0119tych"},"content":{"rendered":"<p><strong>Pami\u0119tajmy, \u017ce nie wystarczy wys\u0142uchanie czy obejrzenie transmisji Mszy \u015bw., ale zadbajmy o wsp\u00f3\u0142uczestnictwo duchowe z wiernymi zgromadzonymi na Eucharystii poprzez nasze zaanga\u017cowanie we mszy prze\u017cywanej w domu.<\/strong><\/p>\n<p><strong>Kana\u0142 Parafii \u015bw. Rafa\u0142a Kalinowskiego w Elbl\u0105gu: (transmisja Triduum Paschalnego)<\/strong><br \/>\n<a href=\"https:\/\/www.youtube.com\/channel\/UCFkZMVD4TFhPLhVozCiwDOw\">https:\/\/www.youtube.com\/channel\/UCFkZMVD4TFhPLhVozCiwDOw<\/a><\/p>\n<p>&nbsp;<\/p>\n<h1>Transmisje Mszy \u015bw. w niedziele<\/h1>\n<p><strong><img loading=\"lazy\" decoding=\"async\" class=\"alignnone wp-image-3719\" src=\"http:\/\/rafalk-elblag.pl\/wp-content\/uploads\/2020\/03\/tvp1-logo.jpg\" alt=\"\" width=\"134\" height=\"50\"><br \/>\n7:00 Telewizja Polska PROGRAM 1<\/strong><br \/>\nTransmisja Mszy \u015bw. odprawianej w Sanktuarium Bo\u017cego Mi\u0142osierdzia w Krakowie \u0141agiewnikach<\/p>\n<p><strong><img loading=\"lazy\" decoding=\"async\" class=\"alignnone wp-image-3716\" src=\"http:\/\/rafalk-elblag.pl\/wp-content\/uploads\/2020\/03\/jedynka_polskie_radio.jpg\" alt=\"\" width=\"157\" height=\"50\" srcset=\"https:\/\/rafalk-elblag.pl\/wp-content\/uploads\/2020\/03\/jedynka_polskie_radio.jpg 313w, https:\/\/rafalk-elblag.pl\/wp-content\/uploads\/2020\/03\/jedynka_polskie_radio-300x96.jpg 300w\" sizes=\"auto, (max-width: 157px) 100vw, 157px\" \/><br \/>\n9:00 Polskie Radio Program Pierwszy<\/strong><br \/>\nTransmisja Mszy \u015bw odprawianej w Bazylice pw. \u015awi\u0119tego Krzy\u017ca w Warszawie<\/p>\n<p><strong><img loading=\"lazy\" decoding=\"async\" class=\"alignnone wp-image-3718\" src=\"http:\/\/rafalk-elblag.pl\/wp-content\/uploads\/2020\/03\/trwam.jpg\" alt=\"\" width=\"113\" height=\"80\"><br \/>\n9:30 Telewizja TRWAM<\/strong><br \/>\nTransmisja Mszy \u015bw. odprawianej w kaplicy Cudownego Obrazu Matki Boskiej Cz\u0119stochowskiej na Jasnej G\u00f3rze<\/p>\n<p><strong><img loading=\"lazy\" decoding=\"async\" class=\"alignnone wp-image-3719\" src=\"http:\/\/rafalk-elblag.pl\/wp-content\/uploads\/2020\/03\/tvp1-logo.jpg\" alt=\"\" width=\"134\" height=\"50\"><br \/>\n11:00 Telewizja Polska PROGRAM 1<\/strong><br \/>\nTransmisja Mszy \u015bw. odprawianej na Jasnej G\u00f3rze<\/p>\n<p><strong><img loading=\"lazy\" decoding=\"async\" class=\"alignnone wp-image-3720\" src=\"http:\/\/rafalk-elblag.pl\/wp-content\/uploads\/2020\/03\/tvp-polonia.jpg\" alt=\"\" width=\"102\" height=\"70\"><br \/>\n13:00 Telewizja Polska Polonia<\/strong><br \/>\nTransmisja Mszy \u015bw, odprawianej w ko\u015bciele pw. \u015bw. Joachima w Sosnowcu<\/p>\n<p>&nbsp;<\/p>\n<h1>Transmisje Mszy \u015bw. w dni powszednie<\/h1>\n<p><strong><img loading=\"lazy\" decoding=\"async\" class=\"alignnone wp-image-3719\" src=\"http:\/\/rafalk-elblag.pl\/wp-content\/uploads\/2020\/03\/tvp1-logo.jpg\" alt=\"\" width=\"134\" height=\"50\"><br \/>\n7:00 Telewizja Polska PROGRAM 1<\/strong><br \/>\nTransmisja Mszy \u015bw. odprawianej w Sanktuarium Bo\u017cego Mi\u0142osierdzia w Krakowie \u0141agiewnikach<\/p>\n<p><strong><img loading=\"lazy\" decoding=\"async\" class=\"alignnone wp-image-3717\" src=\"http:\/\/rafalk-elblag.pl\/wp-content\/uploads\/2020\/03\/radio-maryja.jpg\" alt=\"\" width=\"83\" height=\"80\"><br \/>\n7:00 Radio Maryja<\/strong><br \/>\nTransmisja Mszy \u015bw. odprawianej z Sanktuarium NMP Gwiazdy Nowej Ewangelizacji i \u015bw. Jana Paw\u0142a II w Toruniu<\/p>\n<p>&nbsp;<\/p>\n<h1>Transmisje Mszy \u015bw. w internecie<\/h1>\n<h4><a href=\"https:\/\/msze.live\/\" target=\"_blank\" rel=\"noopener noreferrer\">msze.live<br \/>\n<\/a><br \/>\n<a href=\"https:\/\/msza-online.net\/msze-swiete-na-zywo-po-polsku\/\" target=\"_blank\" rel=\"noopener noreferrer\">msza-online.net<br \/>\n<\/a><br \/>\n<a href=\"https:\/\/www.youtube.com\/channel\/UC8oDX7zC2JQZrOq4V9fVnHw\" target=\"_blank\" rel=\"noopener noreferrer\">NCzasTV<br \/>\n<\/a><br \/>\n<a href=\"https:\/\/www.youtube.com\/channel\/UCKAtPxfE2RAHSCwDABMMeAg\" target=\"_blank\" rel=\"noopener noreferrer\">Jasna G\u00f3ra Klasztor Ojc\u00f3w Paulin\u00f3w<\/a><\/h4>\n<p>&nbsp;<\/p>\n","protected":false},"excerpt":{"rendered":"<p>Pami\u0119tajmy, \u017ce nie wystarczy wys\u0142uchanie czy obejrzenie transmisji Mszy \u015bw., ale zadbajmy o wsp\u00f3\u0142uczestnictwo duchowe z wiernymi zgromadzonymi na Eucharystii poprzez nasze zaanga\u017cowanie we mszy prze\u017cywanej w domu. Kana\u0142 Parafii \u015bw. Rafa\u0142a Kalinowskiego w Elbl\u0105gu: (transmisja Triduum Paschalnego) https:\/\/www.youtube.com\/channel\/UCFkZMVD4TFhPLhVozCiwDOw &nbsp; Transmisje Mszy \u015bw. w niedziele 7:00 Telewizja Polska PROGRAM 1 Transmisja Mszy \u015bw. odprawianej w [&hellip;]<\/p>\n","protected":false},"author":1,"featured_media":3715,"comment_status":"closed","ping_status":"closed","sticky":false,"template":"","format":"standard","meta":{"ngg_post_thumbnail":0,"footnotes":""},"categories":[11,8,4,3],"tags":[],"class_list":["post-3713","post","type-post","status-publish","format-standard","has-post-thumbnail","hentry","category-aktualnosci","category-blog","category-intencje","category-ogloszenia"],"_links":{"self":[{"href":"https:\/\/rafalk-elblag.pl\/index.php?rest_route=\/wp\/v2\/posts\/3713","targetHints":{"allow":["GET"]}}],"collection":[{"href":"https:\/\/rafalk-elblag.pl\/index.php?rest_route=\/wp\/v2\/posts"}],"about":[{"href":"https:\/\/rafalk-elblag.pl\/index.php?rest_route=\/wp\/v2\/types\/post"}],"author":[{"embeddable":true,"href":"https:\/\/rafalk-elblag.pl\/index.php?rest_route=\/wp\/v2\/users\/1"}],"replies":[{"embeddable":true,"href":"https:\/\/rafalk-elblag.pl\/index.php?rest_route=%2Fwp%2Fv2%2Fcomments&post=3713"}],"version-history":[{"count":7,"href":"https:\/\/rafalk-elblag.pl\/index.php?rest_route=\/wp\/v2\/posts\/3713\/revisions"}],"predecessor-version":[{"id":3752,"href":"https:\/\/rafalk-elblag.pl\/index.php?rest_route=\/wp\/v2\/posts\/3713\/revisions\/3752"}],"wp:featuredmedia":[{"embeddable":true,"href":"https:\/\/rafalk-elblag.pl\/index.php?rest_route=\/wp\/v2\/media\/3715"}],"wp:attachment":[{"href":"https:\/\/rafalk-elblag.pl\/index.php?rest_route=%2Fwp%2Fv2%2Fmedia&parent=3713"}],"wp:term":[{"taxonomy":"category","embeddable":true,"href":"https:\/\/rafalk-elblag.pl\/index.php?rest_route=%2Fwp%2Fv2%2Fcategories&post=3713"},{"taxonomy":"post_tag","embeddable":true,"href":"https:\/\/rafalk-elblag.pl\/index.php?rest_route=%2Fwp%2Fv2%2Ftags&post=3713"}],"curies":[{"name":"wp","href":"https:\/\/api.w.org\/{rel}","templated":true}]}}