{"id":3704,"date":"2020-03-14T15:47:44","date_gmt":"2020-03-14T15:47:44","guid":{"rendered":"http:\/\/rafalk-elblag.pl\/?p=3704"},"modified":"2020-03-15T09:19:56","modified_gmt":"2020-03-15T09:19:56","slug":"wskazania-biskupa-elblaskiego-w-zwiazku-z-zagrozeniem-koronawirusem","status":"publish","type":"post","link":"https:\/\/rafalk-elblag.pl\/?p=3704","title":{"rendered":"Postanowienia biskupa elbl\u0105skiego w zwi\u0105zku ze stanem zagro\u017cenia epidemicznego [14 marca 2020]"},"content":{"rendered":"<p>Epidemie wybuchaj\u0105 co jaki\u015b czas. Wyst\u0119powa\u0142y tak\u017ce w naszej ojczystej przesz\u0142o\u015bci. Zagra\u017caj\u0105 \u017cyciu wielu os\u00f3b. Poch\u0142on\u0119\u0142y setki, a nawet tysi\u0105ce ofiar.<\/p>\n<p>Dlatego te\u017c musimy bardzo rozs\u0105dnie i odpowiedzialnie przeciwstawi\u0107 si\u0119 wielkiej epidemii nosz\u0105cej nazw\u0119 koronawirus. Ograniczenie rozwoju tej choroby wymaga m.in. rezygnacji z gromadzenia si\u0119 w tym czasie w du\u017cych grupach, tak\u017ce na Mszy \u015bw. i na nabo\u017ce\u0144stwach. Dla dobra w\u0142asnego i bli\u017anich <strong>nale\u017cy w najbli\u017csze niedziele pozosta\u0107 w domu, rezygnuj\u0105c z udzia\u0142u we Mszy \u015bwi\u0119tej<\/strong>. W aktualnej sytuacji <strong>jest to moralny obowi\u0105zek<\/strong>.<\/p>\n<p><strong>Ko\u015bcio\u0142y pozostaj\u0105 otwarte. Msze \u015bw. b\u0119d\u0105 w nich odprawiane dla ma\u0142ych grup, maksymalnie do 50 os\u00f3b<\/strong>. Wymagaj\u0105 tego <strong>przepisy sanitarne<\/strong>, kt\u00f3re <strong>mamy obowi\u0105zek respektowa\u0107<\/strong>.<\/p>\n<p>W zwi\u0105zku z zagro\u017ceniem epidemi\u0105 <strong>zach\u0119cam do modlitwy w domu, do uczestnictwa w transmisjach<\/strong> <strong>niedzielnej Mszy \u015bw.<\/strong> w telewizji, radiu oraz internecie.<\/p>\n<p>Przypominam, \u017ce <strong>mo\u017cna przyjmowa\u0107 Komuni\u0119 \u015bw. na r\u0119k\u0119<\/strong>. Jest to zgodne z prawem Ko\u015bcio\u0142a. Trzeba do Komunii uformowa\u0107 dwie procesje. Najpierw do Komunii \u015bw. na r\u0119k\u0119. Nast\u0119pnie (lub obok) do Komunii \u015bw. udzielanej do ust.<\/p>\n<p>W zwi\u0105zku z epidemi\u0105 <strong>polecam odwo\u0142anie rekolekcji wielkopostnych<\/strong>, nabo\u017ce\u0144stw Gorzkich \u017bali oraz Drogi Krzy\u017cowej dla dzieci i m\u0142odzie\u017cy. Droga Krzy\u017cowa dla doros\u0142ych mo\u017ce odbywa\u0107 si\u0119 w grupie tylko do 50 os\u00f3b.<\/p>\n<p><strong>Polecam<\/strong>, aby w wi\u0119kszych parafiach zosta\u0142 zorganizowany <strong>sta\u0142y dy\u017cur w konfesjonale<\/strong> oraz aby <strong>udziela\u0107 Komunii \u015bw. poza Msz\u0105<\/strong> w niedziel\u0119 np. o godz. 15.00, 16.00, 17.00, a w dni robocze o godz. 9.00, 12.00 i 15.00. Nie ca\u0142ujemy krzy\u017ca w przedsionku ko\u015bcio\u0142a, ani nie wystawiamy relikwii do uca\u0142owania.<\/p>\n<p>Spokojnie i \u017cyczliwie wobec innych przetrwajmy trudny czas.<\/p>\n<p><em>+Jacek Jezierski \u2013 biskup elbl\u0105ski<\/em><\/p>\n<p>&nbsp;<\/p>\n","protected":false},"excerpt":{"rendered":"<p>Epidemie wybuchaj\u0105 co jaki\u015b czas. Wyst\u0119powa\u0142y tak\u017ce w naszej ojczystej przesz\u0142o\u015bci. Zagra\u017caj\u0105 \u017cyciu wielu os\u00f3b. Poch\u0142on\u0119\u0142y setki, a nawet tysi\u0105ce ofiar. Dlatego te\u017c musimy bardzo rozs\u0105dnie i odpowiedzialnie przeciwstawi\u0107 si\u0119 wielkiej epidemii nosz\u0105cej nazw\u0119 koronawirus. Ograniczenie rozwoju tej choroby wymaga m.in. rezygnacji z gromadzenia si\u0119 w tym czasie w du\u017cych grupach, tak\u017ce na Mszy \u015bw. [&hellip;]<\/p>\n","protected":false},"author":1,"featured_media":3709,"comment_status":"closed","ping_status":"closed","sticky":false,"template":"","format":"standard","meta":{"ngg_post_thumbnail":0,"footnotes":""},"categories":[11,8,4,3],"tags":[],"class_list":["post-3704","post","type-post","status-publish","format-standard","has-post-thumbnail","hentry","category-aktualnosci","category-blog","category-intencje","category-ogloszenia"],"_links":{"self":[{"href":"https:\/\/rafalk-elblag.pl\/index.php?rest_route=\/wp\/v2\/posts\/3704","targetHints":{"allow":["GET"]}}],"collection":[{"href":"https:\/\/rafalk-elblag.pl\/index.php?rest_route=\/wp\/v2\/posts"}],"about":[{"href":"https:\/\/rafalk-elblag.pl\/index.php?rest_route=\/wp\/v2\/types\/post"}],"author":[{"embeddable":true,"href":"https:\/\/rafalk-elblag.pl\/index.php?rest_route=\/wp\/v2\/users\/1"}],"replies":[{"embeddable":true,"href":"https:\/\/rafalk-elblag.pl\/index.php?rest_route=%2Fwp%2Fv2%2Fcomments&post=3704"}],"version-history":[{"count":4,"href":"https:\/\/rafalk-elblag.pl\/index.php?rest_route=\/wp\/v2\/posts\/3704\/revisions"}],"predecessor-version":[{"id":3728,"href":"https:\/\/rafalk-elblag.pl\/index.php?rest_route=\/wp\/v2\/posts\/3704\/revisions\/3728"}],"wp:featuredmedia":[{"embeddable":true,"href":"https:\/\/rafalk-elblag.pl\/index.php?rest_route=\/wp\/v2\/media\/3709"}],"wp:attachment":[{"href":"https:\/\/rafalk-elblag.pl\/index.php?rest_route=%2Fwp%2Fv2%2Fmedia&parent=3704"}],"wp:term":[{"taxonomy":"category","embeddable":true,"href":"https:\/\/rafalk-elblag.pl\/index.php?rest_route=%2Fwp%2Fv2%2Fcategories&post=3704"},{"taxonomy":"post_tag","embeddable":true,"href":"https:\/\/rafalk-elblag.pl\/index.php?rest_route=%2Fwp%2Fv2%2Ftags&post=3704"}],"curies":[{"name":"wp","href":"https:\/\/api.w.org\/{rel}","templated":true}]}}