{"id":3702,"date":"2020-03-14T15:46:30","date_gmt":"2020-03-14T15:46:30","guid":{"rendered":"http:\/\/rafalk-elblag.pl\/?p=3702"},"modified":"2020-03-14T15:46:30","modified_gmt":"2020-03-14T15:46:30","slug":"biuletyn-parafialny-nr-844-15-marca-2020r-iii-niedziela-wielkiego-postu","status":"publish","type":"post","link":"https:\/\/rafalk-elblag.pl\/?p=3702","title":{"rendered":"Biuletyn parafialny nr 844 \/ 15 marca 2020r. III Niedziela Wielkiego Postu"},"content":{"rendered":"<p><a href=\"#temat-844\">GORZKIE \u017bALE III Niedziela Wielkiego Postu.<\/a><br \/>\n<a href=\"#ogloszenia-844\">Og\u0142oszenia parafialne 15.03.2020<\/a><br \/>\n<a href=\"#intencje-844\">Intencje mszalne 15.03.2020<\/a><\/p>\n<p>&nbsp;<\/p>\n<p><img decoding=\"async\" id=\"temat-844\" src=\"http:\/\/rafalk-elblag.pl\/wp-content\/uploads\/2020\/03\/slider_h3-3nwp.jpg\"><\/p>\n<h1>GORZKIE \u017bALE<\/h1>\n<p><strong>Gorzkie \u017bale to nabo\u017ce\u0144stwo i zbi\u00f3r pie\u015bni o m\u0119ce Pa\u0144skiej \u015bpiewanych podczas Wielkiego Postu w ramach nabo\u017ce\u0144stwa pasyjnego. Historia powstania Gorzkich \u017bal\u00f3w to koniec XVII i pierwsza po\u0142owa XVIII wieku.<\/strong><br \/>\nCz\u0142onkom Bractwa \u015bw. Rocha z ko\u015bcio\u0142a \u015aw. Krzy\u017ca w Warszawie i ich opiekunowi, ks. Wawrzy\u0144cowi Stanis\u0142awowi Bennikowi CM przypisuje si\u0119, bowiem napisanie tekstu specjalnego nabo\u017ce\u0144stwa. Nie wiemy czy ks. Bennik CM ze Zgromadzenia Ksi\u0119\u017cy Misjonarzy \u015bwi\u0119tego Wincentego a\u2019 Paulo, jest jedynym autorem tego dzie\u0142a, ale na pewno je wyda\u0142 drukiem w lutym 1707 r. pod tytu\u0142em <strong>\u201eSnopek Myrry z Ogroda Gethsema\u0144skiego albo \u017ca\u0142osne Gorzkie M\u0119ki Syna Bo\u017cego (\u2026) rozpami\u0119tywanie\u201d.<\/strong> Nazwa si\u0119 wzi\u0119\u0142a od MIRRY, czyli daru, jaki trzej kr\u00f3lowie z\u0142o\u017cyli Bo\u017cemu Dzieci\u0105tku. Dar mirry by\u0142 zapowiedzi\u0105 m\u0119ki i \u015bmierci zbawczej Chrystusa.<br \/>\n<strong>Pierwsze nabo\u017ce\u0144stwo zosta\u0142o uroczy\u015bcie odprawione w pierwsz\u0105 niedziel\u0119 Wielkiego Postu \u2013 13 marca 1707 roku w ko\u015bciele pw. \u015awi\u0119tego Krzy\u017ca w Warszawie.<\/strong><br \/>\nNabo\u017ce\u0144stwo bardzo szybko zyska\u0142o popularno\u015b\u0107 w ca\u0142ej Polsce i otrzyma\u0142o akceptacj\u0119 Stolicy Apostolskiej. Rozpowszechnili je oczywi\u015bcie Ksi\u0119\u017ca Misjonarze \u015aw. Wincentego a Paulo, kt\u00f3rzy w\u00f3wczas prowadzili w Polsce ponad 20 seminari\u00f3w duchownych. <strong>Gorzkie \u017bale to nabo\u017ce\u0144stwo unikatowe- jedyne takie w swoim rodzaju.&nbsp;&nbsp;&nbsp;&nbsp;&nbsp;&nbsp;&nbsp; O niezwyk\u0142o\u015bci tych misteri\u00f3w M\u0119ki Pa\u0144skiej \u015bwiadczy fakt, i\u017c s\u0105 one odprawiane tylko w Polsce i w tych \u015bwi\u0105tyniach, gdzie docieraj\u0105 polscy ksi\u0119\u017ca.<\/strong><br \/>\nNabo\u017ce\u0144stwo to, odprawiane w okresie Wielkiego Postu zazwyczaj w niedziel\u0119, ma charakter adoracji Naj\u015bwi\u0119tszego Sakramentu, kazania oraz \u015bpiewania pie\u015bni, traktuj\u0105cych o m\u0119ce Pana Jezusa, przedstawionej w formie tradycyjnych element\u00f3w: sta\u0142ej pobudki, kt\u00f3ra wprowadza lud w rozwa\u017canie m\u0119ki pa\u0144skiej, hymn, lament duszy nad cierpi\u0105cym Chrystusem i rozmow\u0119 duszy z Matk\u0105 Bo\u017c\u0105, tak wa\u017cn\u0105 postaci\u0105 dla barokowych chrze\u015bcijan, zamieszkuj\u0105cych tereny Rzeczpospolitej. Ca\u0142o\u015b\u0107 podzielona jest na trzy wersje cykliczne, kt\u00f3re oddaj\u0105 kolejno obraz M\u0119ki Pa\u0144skiej w poszczeg\u00f3lnych etapach jej przebiegu. Zadaniem \u201eGorzkich \u017bali\u201d jest nie tylko wprowadzenie w wydarzenia sprzed 2000 lat, ale tak\u017ce sk\u0142onienie uczestnik\u00f3w do refleksji nad przemijaniem, sensem cierpienia w \u017cyciu, sprawach ostatecznych oraz uto\u017csamianie si\u0119 z cierpi\u0105cym za sw\u00f3j lud Chrystusem.<br \/>\n<strong>Wa\u017cna jest w rozwa\u017caniach obecno\u015b\u0107 Matki Boskiej jako po\u015bredniczki cierpi\u0105cej wraz ze swym Synem, uto\u017csamiaj\u0105cej si\u0119 tak\u017ce z ludzkimi duszami, kt\u00f3re pragn\u0105 pojednania z Bogiem, ale s\u0105 bezradne wobec swoich grzech\u00f3w i potrzebuj\u0105 nawr\u00f3cenia. Nabo\u017ce\u0144stwo to stanowi duchow\u0105 \u0142\u0105czno\u015b\u0107 z Jezusem, co jest wyrazem mi\u0142o\u015bci i wdzi\u0119czno\u015bci za tak wielki dar, jakim by\u0142a Jego \u015bmier\u0107 i Zmartwychwstanie.<\/strong><\/p>\n<p><strong>Przy najbli\u017cszym nabo\u017ce\u0144stwie Gorzkich \u017bali pomy\u015blmy, jak wielki dar otrzymali\u015bmy, a nasze rozwa\u017cania niech b\u0119d\u0105 wyrazem prawdziwego skupienia i pe\u0142nej kontemplacji wielkich tajemnic chrze\u015bcija\u0144stwa.<\/strong><\/p>\n<p>&nbsp;<br \/>\n<img decoding=\"async\" id=\"ogloszenia-844\" src=\"http:\/\/rafalk-elblag.pl\/wp-content\/uploads\/2019\/09\/ogloszenia_parafialne.jpg\" width=\"800px\"><\/p>\n<h2>Og\u0142oszenia parafialne 15.03.2020<\/h2>\n<p>III NIEDZIELA WIELKIEGO POSTU<\/p>\n<p>1. <strong>W zwi\u0105zku z tym, \u017ce Biuletyn Parafialny, a co si\u0119 z tym wi\u0105\u017ce \u2013 Og\u0142oszenia Parafialne s\u0105 redagowane i wysy\u0142ane do drukarni z wyprzedzeniem czasowym \u2013 w zwi\u0105zku z panuj\u0105c\u0105 w kraju sytuacj\u0105, pragniemy poda\u0107 aktualizacj\u0119 og\u0142osze\u0144.<\/strong><br \/>\n2. <strong>Zapraszamy dzisiaj na Adoracj\u0119 Naj\u015bwi\u0119tszego Sakramentu od 16:00 do 17:15<\/strong>. Pom\u00f3dlmy si\u0119 w tym czasie w spos\u00f3b szczeg\u00f3lny \u2013 o \u0142ask\u0119 zdrowia i ustanie epidemii.<br \/>\n3. <strong>W Niedziele i dni powszednie, podczas ka\u017cdej Mszy \u015awi\u0119tej b\u0119dziemy prosi\u0107 Boga o oddalenie epidemii, \u015bpiewaj\u0105c \u201eSuplikacj\u0119\u201d.<\/strong><br \/>\n4. <strong>NIE ULEGA ZMIANIE porz\u0105dek Mszy \u015awi\u0119tych w dni powszednie i niedziele<\/strong>. Zapewniamy, \u017ce wszystkie zam\u00f3wione intencje mszalne zostan\u0105 odprawione zgodnie z wol\u0105 ofiarodawc\u00f3w.<br \/>\n5. <strong>Zgodnie z decyzj\u0105 Biskupa Elbl\u0105skiego zawieszamy do ko\u0144ca marca<\/strong> spotkania wszelkich grup duszpasterskich.<br \/>\n6. <strong>Nabo\u017ce\u0144stwa wielkopostne ulegaj\u0105 zmianom<\/strong>. W niedziel\u0119 zapraszamy o godz. 17:15 na Gorzkie \u017bale z kazaniem pasyjnym, a w pi\u0105tek Wielkiego Postu na Drog\u0119 Krzy\u017cow\u0105: godz. 17:15 dla doros\u0142ych;<br \/>\n7. <strong>Droga Krzy\u017cowa dla dzieci i m\u0142odzie\u017cy o godz. 16.30 i 19.00 zostaje ODWO\u0141ANA.<\/strong><br \/>\n8. <strong>W poniedzia\u0142ek 16 marca br. dzie\u0144 modlitw za BRACTWO SZKAPLERZNE i RODZIN\u0118 KARMELITA\u0143SK\u0104<\/strong>. Zapraszamy osoby, kt\u00f3re s\u0105 zdrowe i czuj\u0105 si\u0119 \u201ena si\u0142ach\u201d.<br \/>\n9. <strong>Osoby, kt\u00f3re \u015bpiewa\u0142y w minionych latach w czasie Triduum Paschalnego<\/strong> oraz wszystkich ch\u0119tnych prosimy o kontakt z p. Piotrem \u2013 organist\u0105.<br \/>\n10. <strong>Pami\u0119tajmy o Skarbonce na Ja\u0142mu\u017cn\u0119 Wielkopostn\u0105 2020<\/strong>. W ten spos\u00f3b w\u0142\u0105czamy si\u0119 w og\u00f3lnopolsk\u0105 akcj\u0119 \u201eDAR JUNIORA DLA SENIORA\u201d.<br \/>\n11. <strong>Zapraszamy serdecznie do udzia\u0142u w VI edycji Ekstremalnej Drogi Krzy\u017cowej<\/strong>. Od\u0119dzie si\u0119 ona w nocy z 3 na 4 kwietnia i rozpocznie si\u0119 Msz\u0105 \u015aw., o godz. 20:00 w parafii \u015bw. Brata Alberta w Elbl\u0105gu. Przygotowane s\u0105 4 trasy &#8211; do Tolkmicka, Fromborka, Zielonki Pas\u0142\u0119ckiej i p\u0119tla, kt\u00f3ra rozpoczyna i ko\u0144czy si\u0119 w Elbl\u0105gu. Ka\u017cda z nich ma ponad 40 km do przej\u015bcia. Wi\u0119cej informacji na stronie www.edk.org.pl.<br \/>\n12. <strong>Przed ko\u015bcio\u0142em mo\u017cna naby\u0107 pras\u0119 katolick\u0105<\/strong>: \u201eGo\u015b\u0107 Niedzielny\u201d w cenie 6 z\u0142.<br \/>\n13. <strong>Zach\u0119camy do zapoznania si\u0119 ze \u201eWskazaniami Biskupa Elbl\u0105skiego wz. Z Zagro\u017ceniem Koronawirusem\u201d<\/strong> umieszczonymi na stronie internetowej Diecezji Elbl\u0105skiej, naszej stronie parafialnej i tablicy og\u0142osze\u0144.<br \/>\n14. <strong>Zach\u0119camy do zapoznania si\u0119 na tablicy og\u0142osze\u0144 z wykazem transmisji Mszy \u015awi\u0119tych<\/strong> Niedzielnych emitowanych w Telewizji.<br \/>\n15. <strong>W tym tygodniu po\u017cegnali\u015bmy do wieczno\u015bci<\/strong>: \u015bp. Helen\u0119 \u0141ado l. 70 z ul. Brzechwy i \u015bp. Iren\u0119 Kali\u0144sk\u0105 l. 65 z ul. Myliusa, Wieczny odpoczynek racz im da\u0107 Panie\u2026<\/p>\n<p>Numer Konta Parafialnego<br \/>\nPKO BP 72 1020 1752 0000 0102 0069 6047<\/p>\n<p>&nbsp;<\/p>\n<p>&nbsp;<\/p>\n<p><img decoding=\"async\" id=\"intencje-844\" src=\"http:\/\/rafalk-elblag.pl\/wp-content\/uploads\/2019\/09\/intencje_mszalne.jpg\" width=\"800px\"><\/p>\n<h2>Intencje mszalne 15.03.2020<\/h2>\n<p>\u2020 INTENCJE MSZALNE \u2020<\/p>\n<p><strong>PONIEDZIA\u0141EK 16 marca 2020r. &nbsp;<\/strong> &nbsp; &nbsp; &nbsp; &nbsp; &nbsp; &nbsp; &nbsp; &nbsp; &nbsp; &nbsp; &nbsp; &nbsp; &nbsp; &nbsp; \u0141k 4, 24-30<br \/>\n8.00 \u2020 Jerzy i Natalia<br \/>\n18.00 \u2020 W\u0142adys\u0142aw Wiadrowski (16. greg.)<br \/>\n18.00 W int. Bractwa Szkaplerznego i os\u00f3b, kt\u00f3re przyjm\u0105 Szkaplerz<\/p>\n<p><strong>WTOREK 17 marca 2020r. &nbsp;<\/strong> &nbsp; &nbsp; &nbsp; &nbsp; &nbsp; &nbsp; &nbsp; &nbsp; &nbsp; &nbsp; &nbsp; &nbsp; &nbsp; &nbsp; &nbsp; &nbsp; &nbsp; &nbsp; &nbsp;&nbsp; Mt 18, 21-35<br \/>\n8.00 \u2020 W\u0142adys\u0142aw Wiadrowski (17. greg.)<br \/>\n18.00 \u2020 Kazimierz Kulma w 8. r.\u015bm.<br \/>\n18.00 \u2020 Henryk Szczepkowski<\/p>\n<p><strong>\u015aRODA 18 marca 2020r.<\/strong>&nbsp;&nbsp;&nbsp;&nbsp;&nbsp;&nbsp;&nbsp;&nbsp;&nbsp;&nbsp;&nbsp;&nbsp;&nbsp;&nbsp;&nbsp;&nbsp;&nbsp;&nbsp;&nbsp;&nbsp;&nbsp;&nbsp;&nbsp;&nbsp;&nbsp;&nbsp;&nbsp;&nbsp;&nbsp;&nbsp;&nbsp;&nbsp;&nbsp;&nbsp;&nbsp;&nbsp;&nbsp;&nbsp;&nbsp;&nbsp;&nbsp;&nbsp;&nbsp;&nbsp;&nbsp; Mt 5, 17-19<br \/>\n8.00 \u2020 Stefan Borowiecki w 33. r.\u015bm., Genowefa, Jadwiga, Kazimierz, Robert i Stanis\u0142aw<br \/>\n18.00 \u2020 W\u0142adys\u0142aw Wiadrowski (18. greg.)<br \/>\n18.00 Dzi\u0119k. w 84. urodziny Czes\u0142awy \u0141ydki z pro\u015bb\u0105 o Bo\u017ce b\u0142og. i opiek\u0119 MB<\/p>\n<p><strong>CZWARTEK 19 marca 2020r. \/ \u015bw. J\u00f3zefa<\/strong>&nbsp;&nbsp;&nbsp;&nbsp;&nbsp;&nbsp;&nbsp;&nbsp;&nbsp;&nbsp;&nbsp;&nbsp;&nbsp;&nbsp;&nbsp;&nbsp;&nbsp;&nbsp;&nbsp; \u0141k 2, 41-51a<br \/>\n8.00 \u2020 W\u0142adys\u0142aw Wiadrowski (19. greg.)<br \/>\n18.00 \u2020 J\u00f3zef i Eufemia Sejmiccy<br \/>\n18.00 \u2020 J\u00f3zef Kwiatosz z ok. imienin i rodzice z obojga stron<br \/>\n18.00 \u2020 Leszek Flaszy\u0144ski w 9. r.\u015bm. i J\u00f3zef Flaszy\u0144ski w 20. r.\u015bm.<\/p>\n<p><strong>PI\u0104TEK 20 marca 2020r.<\/strong>&nbsp;&nbsp;&nbsp;&nbsp;&nbsp;&nbsp;&nbsp;&nbsp;&nbsp;&nbsp;&nbsp;&nbsp;&nbsp;&nbsp;&nbsp;&nbsp;&nbsp;&nbsp;&nbsp;&nbsp;&nbsp;&nbsp;&nbsp;&nbsp;&nbsp;&nbsp;&nbsp;&nbsp;&nbsp;&nbsp;&nbsp;&nbsp;&nbsp;&nbsp;&nbsp;&nbsp;&nbsp;&nbsp;&nbsp;&nbsp;&nbsp;&nbsp;&nbsp;&nbsp; Mk 12, 28b-34<br \/>\n8.00 Zm. rodzice: Bronis\u0142awa i Stanis\u0142aw, Stanis\u0142awa (k) i J\u00f3zef, i zm. z rodz. Wal\u00f3w i Osowskich<br \/>\n18.00 \u2020 W\u0142adys\u0142aw Wiadrowski (20. greg.)<br \/>\n18.00 \u2020 Wac\u0142aw Bazylak w 1. r.\u015bm.<br \/>\n18.00 \u2020 Leon Jurgielewicz w 11. r.\u015bm. i Janina Mossakowska<\/p>\n<p><strong>SOBOTA 21 marca 2020r.<\/strong>&nbsp;&nbsp;&nbsp;&nbsp;&nbsp;&nbsp;&nbsp;&nbsp;&nbsp;&nbsp;&nbsp;&nbsp;&nbsp;&nbsp;&nbsp;&nbsp;&nbsp;&nbsp;&nbsp;&nbsp;&nbsp;&nbsp;&nbsp;&nbsp;&nbsp;&nbsp;&nbsp;&nbsp;&nbsp;&nbsp;&nbsp;&nbsp;&nbsp;&nbsp;&nbsp;&nbsp;&nbsp;&nbsp;&nbsp;&nbsp;&nbsp;&nbsp;&nbsp; \u0141k 18, 9-14<br \/>\n8.00 \u2020 W\u0142adys\u0142aw Wiadrowski (21. greg.)<br \/>\n18.00 \u2020 Czes\u0142aw Buchnowski w 4. r.\u015bm. \u2013 o \u0142ask\u0119 nieba i \u017cycie wieczne<br \/>\n18.00 \u2020 Barbara Jo\u0144ska w 4. r.\u015bm.<\/p>\n<p><strong>IV Niedziela Wielkiego Postu \/ 22 marca 2020r<\/strong>.&nbsp;&nbsp;&nbsp;&nbsp;&nbsp;&nbsp;&nbsp;&nbsp;&nbsp;&nbsp;&nbsp;&nbsp;&nbsp; J 9, 1-41<br \/>\n7.00 \u2020 Cyryla (k), Stanis\u0142aw i Waldemar Kiezowie<br \/>\n9.00 \u2020 Brunon \u015awierczy\u0144ski<br \/>\n9.00 \u2020 W\u0142adys\u0142aw Wiadrowski (22. greg.)<br \/>\n10.30 \u2020 Regina Kowalska i Artur<br \/>\n12.00 W intencji Parafian<br \/>\n15.00 \u2020 Janina Wielesik w 2. r.\u015bm.<br \/>\n18.00 \u2020 zm. z rodz. Gawron: J\u00f3zefa (k) w 10. r.\u015bm., W\u0142adys\u0142aw w 34. r.\u015bm. i Kazimierz<\/p>\n","protected":false},"excerpt":{"rendered":"<p>GORZKIE \u017bALE III Niedziela Wielkiego Postu. Og\u0142oszenia parafialne 15.03.2020 Intencje mszalne 15.03.2020 &nbsp; GORZKIE \u017bALE Gorzkie \u017bale to nabo\u017ce\u0144stwo i zbi\u00f3r pie\u015bni o m\u0119ce Pa\u0144skiej \u015bpiewanych podczas Wielkiego Postu w ramach nabo\u017ce\u0144stwa pasyjnego. Historia powstania Gorzkich \u017bal\u00f3w to koniec XVII i pierwsza po\u0142owa XVIII wieku. Cz\u0142onkom Bractwa \u015bw. Rocha z ko\u015bcio\u0142a \u015aw. Krzy\u017ca w Warszawie [&hellip;]<\/p>\n","protected":false},"author":1,"featured_media":3711,"comment_status":"closed","ping_status":"closed","sticky":false,"template":"","format":"standard","meta":{"ngg_post_thumbnail":0,"footnotes":""},"categories":[11,8,4,3],"tags":[],"class_list":["post-3702","post","type-post","status-publish","format-standard","has-post-thumbnail","hentry","category-aktualnosci","category-blog","category-intencje","category-ogloszenia"],"_links":{"self":[{"href":"https:\/\/rafalk-elblag.pl\/index.php?rest_route=\/wp\/v2\/posts\/3702","targetHints":{"allow":["GET"]}}],"collection":[{"href":"https:\/\/rafalk-elblag.pl\/index.php?rest_route=\/wp\/v2\/posts"}],"about":[{"href":"https:\/\/rafalk-elblag.pl\/index.php?rest_route=\/wp\/v2\/types\/post"}],"author":[{"embeddable":true,"href":"https:\/\/rafalk-elblag.pl\/index.php?rest_route=\/wp\/v2\/users\/1"}],"replies":[{"embeddable":true,"href":"https:\/\/rafalk-elblag.pl\/index.php?rest_route=%2Fwp%2Fv2%2Fcomments&post=3702"}],"version-history":[{"count":3,"href":"https:\/\/rafalk-elblag.pl\/index.php?rest_route=\/wp\/v2\/posts\/3702\/revisions"}],"predecessor-version":[{"id":3712,"href":"https:\/\/rafalk-elblag.pl\/index.php?rest_route=\/wp\/v2\/posts\/3702\/revisions\/3712"}],"wp:featuredmedia":[{"embeddable":true,"href":"https:\/\/rafalk-elblag.pl\/index.php?rest_route=\/wp\/v2\/media\/3711"}],"wp:attachment":[{"href":"https:\/\/rafalk-elblag.pl\/index.php?rest_route=%2Fwp%2Fv2%2Fmedia&parent=3702"}],"wp:term":[{"taxonomy":"category","embeddable":true,"href":"https:\/\/rafalk-elblag.pl\/index.php?rest_route=%2Fwp%2Fv2%2Fcategories&post=3702"},{"taxonomy":"post_tag","embeddable":true,"href":"https:\/\/rafalk-elblag.pl\/index.php?rest_route=%2Fwp%2Fv2%2Ftags&post=3702"}],"curies":[{"name":"wp","href":"https:\/\/api.w.org\/{rel}","templated":true}]}}