{"id":3698,"date":"2020-03-07T08:35:58","date_gmt":"2020-03-07T08:35:58","guid":{"rendered":"http:\/\/rafalk-elblag.pl\/?p=3698"},"modified":"2020-03-07T08:35:58","modified_gmt":"2020-03-07T08:35:58","slug":"biuletyn-parafialny-nr-843-8-marca-2020r-ii-niedziela-wielkiego-postu","status":"publish","type":"post","link":"https:\/\/rafalk-elblag.pl\/?p=3698","title":{"rendered":"Biuletyn parafialny nr 843 \/ 8 marca 2020r. II Niedziela Wielkiego Postu"},"content":{"rendered":"<p><a href=\"#temat-843\">Eucharystia i misje. II Niedziela Wielkiego Postu.<\/a><br \/>\n<a href=\"#ogloszenia-843\">Og\u0142oszenia parafialne 08.03.2020<\/a><br \/>\n<a href=\"#intencje-843\">Intencje mszalne 08.03.2020<\/a><\/p>\n<p>&nbsp;<\/p>\n<p><img decoding=\"async\" id=\"temat-843\" src=\"http:\/\/rafalk-elblag.pl\/wp-content\/uploads\/2020\/03\/843-slider-h3.jpg\"><\/p>\n<h1>EUCHARYSTIA I MISJE<\/h1>\n<p><strong>W II niedziel\u0119 Wielkiego Postu w Ko\u015bciele w Polsce prze\u017cywamy ju\u017c od wielu lat Dzie\u0144 Modlitwy, Postu i Solidarno\u015bci z Misjonarzami. W tym roku obchodzimy go pod has\u0142em \u201eEucharystia i misje\u201d. Chcemy zwr\u00f3ci\u0107 uwag\u0119 na fakt, \u017ce Eucharystia umacnia nas w jedno\u015bci z Chrystusem, buduje Ko\u015bci\u00f3\u0142 i jest \u017ar\u00f3d\u0142em misji. Niezale\u017cnie, czy jest sprawowana we wspania\u0142ych \u015bwi\u0105tyniach w Europie czy te\u017c skromnych i ubogich ko\u015bcio\u0142ach i kaplicach w Afryce, Ameryce \u0141aci\u0144skiej, Azji i Oceanii, jednoczy wierz\u0105cych i pobudza do dzielenia si\u0119 wiar\u0105.<\/strong><br \/>\nEucharystia ko\u0144czy si\u0119 zach\u0119t\u0105, by\u015bmy z Chrystusem szli do bli\u017anich, dalekich lub bliskich. Przypomina, \u017ce jeste\u015bmy pos\u0142ani z Ewangeli\u0105 do \u015bwiata, kt\u00f3ry jeszcze jej nie pozna\u0142. Jest wezwaniem do dawania \u015bwiadectwa wierze i mi\u0142o\u015bci oraz do zdobywania serc dla Boga. Ci, kt\u00f3rzy s\u0105 uczniami Chrystusa i gromadz\u0105 si\u0119 we wsp\u00f3lnocie modlitwy i Ofiary Eucharystycznej staj\u0105 si\u0119 zarazem misjonarzami. Nikt nie mo\u017ce zatrzyma\u0107 rado\u015bci ze zbawienia wy\u0142\u0105cznie dla siebie!<br \/>\n<strong>Dzie\u0144 Modlitwy, Postu i Solidarno\u015bci z Misjonarzami u\u015bwiadamia nam nasz\u0105 odpowiedzialno\u015b\u0107 za g\u0142oszenie Chrystusa w \u015bwiecie. Nawet je\u015bli nie wyje\u017cd\u017camy do kraj\u00f3w misyjnych, jeste\u015bmy misjonarzami. Poprzez modlitwy oraz ofiary wspieramy misjonarki i misjonarzy w ich nie\u0142atwej pos\u0142udze. Razem z nimi dajemy chrze\u015bcija\u0144skie \u015bwiadectwo mi\u0142o\u015bci bli\u017aniego.<\/strong><\/p>\n<p><strong>NABO\u017bE\u0143STWO DROGI KRZY\u017bOWEJ<\/strong><\/p>\n<p><strong>Droga Krzy\u017cowa tak bardzo kojarzy si\u0119 z Wielkim Postem, \u017ce dzi\u015b bez niej trudno wyobrazi\u0107 sobie prze\u017cywanie tego okresu liturgicznego. Cz\u0119sto jednak nawet nie u\u015bwiadamiamy sobie, jak d\u0142ugo kszta\u0142towa\u0142o si\u0119 to nabo\u017ce\u0144stwo.<\/strong><br \/>\nDroga Krzy\u017cowa w formie, jak\u0105 znamy obecnie, ukszta\u0142towa\u0142a si\u0119 na prze\u0142omie XVII i XVIII wieku przede wszystkim w ko\u015bcio\u0142ach franciszka\u0144skich (do po\u0142. XIX stulecia istnia\u0142o nawet ograniczenie w umieszczaniu Dr\u00f3g Krzy\u017cowych w \u015bwi\u0105tyniach niefranciszka\u0144skich). Ma\u0142o kto wie, i\u017c nabo\u017ce\u0144stwo to odprawiano kiedy\u015b nie tylko w pi\u0105tki, ale r\u00f3wnie\u017c w niedziele Wielkiego Postu a\u017c do czasu, kiedy zosta\u0142o i zast\u0105pione \u201eGorzkimi \u017calami\u201d. Obecnie w naszych wielkopostnych Drogach Krzy\u017cowych rozwa\u017camy m\u0119k\u0119 Jezusa Chrystusa przy czternastu stacjach. Dziewi\u0119\u0107 z nich znajduje swe odzwierciedlenie w opisach ewangelicznych. Natomiast o pi\u0119ciu innych m\u00f3wi\u0105 refleksje wyprowadzone z tekst\u00f3w biblijnych (np. nt. stacji IV por. J 19, 25-27) lub przekazy pozabiblijne (trzykrotne upadki Pana Jezusa czy spotkanie z Weronik\u0105). M\u00f3wi\u0105c o Drodze Krzy\u017cowej, nie spos\u00f3b nie wspomnie\u0107 o \u015bw. Janie Pawle II, kt\u00f3ry podkre\u015bla\u0142 ci\u0105g\u0142\u0105 aktualno\u015b\u0107 tego nabo\u017ce\u0144stwa. Wiele w jego \u017cyciu by\u0142o Dr\u00f3g Krzy\u017cowych odprawianych w ciszy prywatnej kaplicy. Przez kolejne lata pontyfikatu w ka\u017cdy Wielki Pi\u0105tek oczy ca\u0142ego \u015bwiata zwraca\u0142y si\u0119 na rzymskie Koloseum, by towarzyszy\u0107 Papie\u017cowi w rozwa\u017caniu tajemnic m\u0119ki i \u015bmierci Syna Bo\u017cego. W czasie jednej z takich Dr\u00f3g Krzy\u017cowych Jan Pawe\u0142 II modli\u0142 si\u0119: \u201ePanie, z Twojego Krzy\u017ca promieniuje \u015bwiat\u0142o. W Twojej \u015bmierci zostaje zwyci\u0119\u017cona nasza \u015bmier\u0107, a my otrzymujemy nadziej\u0119 zmartwychwstania. Trwaj\u0105c przy Twoim Krzy\u017cu, oczekujemy z ufno\u015bci\u0105 Twojego powrotu, Panie Jezu, nasz Odkupicielu!\u201d (28 marca 1997 r.)<\/p>\n<p>&nbsp;<br \/>\n<img decoding=\"async\" id=\"ogloszenia-843\" src=\"http:\/\/rafalk-elblag.pl\/wp-content\/uploads\/2019\/09\/ogloszenia_parafialne.jpg\" width=\"800px\"><\/p>\n<h2>Og\u0142oszenia parafialne 08.03.2020<\/h2>\n<p>OG\u0141OSZENIA PARAFIALNE 08.03.2020r<br \/>\nII NIEDZIELA WIELKIEGO POSTU<\/p>\n<p>1. <strong>Zapraszamy dzisiaj na Adoracj\u0119 Naj\u015bwi\u0119tszego Sakramentu od 16:00 do 17:15<\/strong>. W ka\u017cd\u0105 Niedziel\u0119 WIELKIEGO POSTU mamy mo\u017cliwo\u015b\u0107 spotkania si\u0119 z Jezusem na ADORACJI w ciszy. PRZYJD\u0179 !!!<br \/>\n2. <strong>Dzisiaj w ca\u0142ym ko\u015bciele obchodzimy Niedziel\u0119 AD GENTES \u2013 dzie\u0144 modlitwy, postu i solidarno\u015bci z misjonarzami<\/strong>. Przy drzwiach ko\u015bcio\u0142a zbi\u00f3rka do puszek na rzecz misji. Dzi\u0119kujemy za w\u0142\u0105czenie do og\u00f3lnopolskiej akcji.<br \/>\n3. <strong>Wykorzystajmy czas WIELKIEGO POSTU dla naszego wzrostu duchowego poprzez gorliwy i owocny udzia\u0142u w Liturgii Wielkopostnej i w Nabo\u017ce\u0144stwach Pokutnych<\/strong>. Zapraszamy w ka\u017cd\u0105 niedziel\u0119 o godz. 17:15 na Gorzkie \u017bale z kazaniem pasyjnym, a w ka\u017cdy pi\u0105tek Wielkiego Postu na Drog\u0119 Krzy\u017cow\u0105: godz. 16:30 dla dzieci; godz. 17:15 dla doros\u0142ych; godz.19:00 dla m\u0142odzie\u017cy. PAMI\u0118TAJMY, \u017ce Wielki Post jest tak zwanym \u201eczasem zakazanym\u201d dla wszelkich hucznych wesel, zabaw i dyskotek !!!<br \/>\n4.<strong> Z okazji Dnia Kobiet<\/strong> wszystkim paniom sk\u0142adamy najserdeczniejsze \u017cyczenia wielu \u0142ask Bo\u017cych oraz opieki Matki Naj\u015bwi\u0119tszej. Niech ten dzie\u0144 b\u0119dzie wyrazem wdzi\u0119czno\u015bci za wielk\u0105 mi\u0142o\u015b\u0107 i dobro\u0107, jak\u0105 wnosz\u0105 w nasze rodziny niewiasty.<br \/>\n5. <strong>W Wielkim Po\u015bcie zapraszamy parafian w ka\u017cd\u0105 niedziel\u0119 o godz. 8:40<\/strong> na \u015bpiewanie GODZINEK KU CZCI M\u0118KI PA\u0143SKIEJ.<br \/>\n6. <strong>PRZYPOMINAMY!!!<\/strong> <strong>Spotkania Kr\u0119gu Biblijnego odbywaj\u0105 si\u0119 w ka\u017cd\u0105 II i IV \u015brod\u0119 miesi\u0105ca<\/strong>. Najbli\u017csze spotkanie ju\u017c w \u015brod\u0119 \u2013 11 marca o godz. 18.45 w salce na plebanii. Ks. Piotr serdecznie zaprasza.<br \/>\n7. <strong>Pan Organista Piotr zaprasza 14 marca br.(sobota) dzieci ze SCHOLKI, na WARSZTATY MUZYCZNE<\/strong>, kt\u00f3re odb\u0119d\u0105 si\u0119 na plebanii od 9:30 do 12:00.<br \/>\n8. <strong>Wsp\u00f3lnota Domowego Ko\u015bcio\u0142a zaprasza do uczestnictwa w Drodze Krzy\u017cowej w formie biegu<\/strong>. Spotykamy si\u0119 w ka\u017cd\u0105 sobot\u0119 Wielkiego Postu o godz.8:00 w Ba\u017cantarni przy muszli koncertowej.<br \/>\n9. <strong>Domowy Ko\u015bci\u00f3\u0142 zaprasza na Rejonowy Dzie\u0144 Wsp\u00f3lnoty <\/strong>14 marca br. do parafii Wszystkich \u015awi\u0119tych w Elbl\u0105gu ul. Agrykola. Rozpoczynamy o godz. 15:00.<br \/>\n10.<strong> Osoby, kt\u00f3re \u015bpiewa\u0142y w minionych latach w czasie Triduum Paschalnego<\/strong> oraz wszystkich ch\u0119tnych prosimy o kontakt z p. Piotrem \u2013 organist\u0105.<br \/>\n11. <strong>UWAGA !!! Nasza parafia organizuje pielgrzymk\u0119 autokarow\u0105<\/strong> w dniach od 30 kwietnia do 2 maja br., w programie: Toru\u0144, Liche\u0144, Kazimierz Biskupi i Kalisz. Koszt 300 z\u0142. (ubezpieczenie, autokar, noclegi, \u015bniadania). Zapisy w zakrystii.<br \/>\n12. <strong>Tegoroczne Rekolekcje Wielkopostne dla doros\u0142ych<\/strong> rozpoczn\u0105 si\u0119 <strong>w IV Niedziel\u0119 Wielkiego Postu tj. 22 marca br<\/strong>. Poprowadzi je ks. Piotr Molenda by\u0142y wikariusz a obecnie Proboszcz Parafii Tr\u00f3jcy Przenaj\u015bwi\u0119tszej w Mor\u0105gu. Przypominamy, \u017ce <strong>w poniedzia\u0142ek, wtorek i w \u015brod\u0119 Msze \u015awi\u0119te z naukami dla doros\u0142ych o godz. 8:00, 11:00, 18;00, 20:00. Uczy\u0144my wszystko, aby wzi\u0105\u0107 w nich udzia\u0142<\/strong>. Pro\u015bmy o potrzebne dary Ducha \u015awi\u0119tego dla ksi\u0119dza Rekolekcjonisty i dla nas.<br \/>\n13. <strong>KORZYSTAJMY: z sakramentu spowiedzi \u015bw.<\/strong> &#8211; codziennie przed Msz\u0105 \u015bw. od godz. 7:45 lub od godz.17:30. Zapraszamy.<br \/>\n14. <strong>Przed ko\u015bcio\u0142em mo\u017cna naby\u0107 pras\u0119 katolick\u0105<\/strong>: \u201eGo\u015b\u0107 Niedzielny\u201d w cenie 6 z\u0142.<br \/>\n15. <strong>Pan powo\u0142a\u0142 do wieczno\u015bci<\/strong>: \u015bp. Andrzeja Teyslera lat 72 z ul. Korczaka.<\/p>\n<p>&nbsp;<\/p>\n<p><img decoding=\"async\" id=\"intencje-843\" src=\"http:\/\/rafalk-elblag.pl\/wp-content\/uploads\/2019\/09\/intencje_mszalne.jpg\" width=\"800px\"><\/p>\n<h2>Intencje mszalne 08.03.2020<\/h2>\n<p>\u2020 INTENCJE MSZALNE \u2020<\/p>\n<p><strong>PONIEDZIA\u0141EK 9 marca 2020r.&nbsp;&nbsp;&nbsp;<\/strong>&nbsp;&nbsp;&nbsp;&nbsp;&nbsp;&nbsp;&nbsp;&nbsp;&nbsp;&nbsp;&nbsp;&nbsp;&nbsp;&nbsp;&nbsp;&nbsp;&nbsp;&nbsp;&nbsp;&nbsp;&nbsp;&nbsp;&nbsp; \u0141k 6, 36-38<br \/>\n8.00 \u2020 Kazimiera (k) i W\u0142adys\u0142aw Waszakowie, Wac\u0142aw<br \/>\n18.00 \u2020 W\u0142adys\u0142aw Wiadrowski (9 greg.)<br \/>\n18.00 O Bo\u017ce b\u0142og., opiek\u0119 MB i potrzebne \u0142aski dla Krzysztofa z ok. 35 urodzin i Szymona z ok. 34 urodzin<\/p>\n<p><strong>WTOREK 10 marca 2020r.<\/strong>&nbsp;&nbsp;&nbsp;&nbsp;&nbsp;&nbsp;&nbsp;&nbsp;&nbsp;&nbsp;&nbsp;&nbsp;&nbsp;&nbsp;&nbsp;&nbsp;&nbsp;&nbsp;&nbsp;&nbsp;&nbsp;&nbsp;&nbsp;&nbsp;&nbsp;&nbsp;&nbsp;&nbsp;&nbsp;&nbsp;&nbsp;&nbsp;&nbsp;&nbsp;&nbsp; Mt 23, 1-12<br \/>\n8.00 \u2020 W\u0142adys\u0142aw Wiadrowski (10 greg.)<br \/>\n18.00 \u2020 J\u00f3zef Goldberg w 30 dpp.<br \/>\n18.00 \u2020 Wac\u0142aw Jasiulewicz, Ryszard i Maria<\/p>\n<p><strong>\u015aRODA 11 marca 2020r.<\/strong>&nbsp;&nbsp;&nbsp;&nbsp;&nbsp;&nbsp;&nbsp;&nbsp;&nbsp;&nbsp;&nbsp;&nbsp;&nbsp;&nbsp;&nbsp;&nbsp;&nbsp;&nbsp;&nbsp;&nbsp;&nbsp;&nbsp;&nbsp;&nbsp;&nbsp;&nbsp;&nbsp;&nbsp;&nbsp;&nbsp;&nbsp;&nbsp;&nbsp;&nbsp;&nbsp;&nbsp;&nbsp; Mt 20, 17-28<br \/>\n8.00 \u2020 Zenon Sroczy\u0144ski<br \/>\n18.00 \u2020 W\u0142adys\u0142aw Wiadrowski (11 greg.)<br \/>\n18.00 \u2020 Sabina Sonmak w 4 r.\u015bm. i Stanis\u0142aw Sonmak w 35 r.\u015bm.<\/p>\n<p><strong>CZWARTEK 12 marca 2020r.<\/strong>&nbsp;&nbsp;&nbsp;&nbsp;&nbsp;&nbsp;&nbsp;&nbsp;&nbsp;&nbsp;&nbsp;&nbsp;&nbsp;&nbsp;&nbsp;&nbsp;&nbsp;&nbsp;&nbsp;&nbsp;&nbsp;&nbsp;&nbsp;&nbsp;&nbsp;&nbsp;&nbsp;&nbsp; \u0141k 16, 19-31<br \/>\n8.00 \u2020 W\u0142adys\u0142aw Wiadrowski (12 greg.)<br \/>\n18.00 \u2020 Halina Dzi\u0105bkowska w 1 r.\u015bm.<br \/>\n18.00 \u2020 Zofia Jaworska w 32 r.\u015bm., Jan i Andrzej Jaworscy, Marianna i Boles\u0142aw Stanowie<\/p>\n<p><strong>PI\u0104TEK 13 marca 2020r.<\/strong>&nbsp;&nbsp;&nbsp;&nbsp;&nbsp;&nbsp;&nbsp;&nbsp;&nbsp;&nbsp;&nbsp;&nbsp;&nbsp;&nbsp;&nbsp;&nbsp;&nbsp;&nbsp;&nbsp;&nbsp;&nbsp;&nbsp;&nbsp;&nbsp;&nbsp;&nbsp;&nbsp;&nbsp;&nbsp;&nbsp;&nbsp;&nbsp;&nbsp;&nbsp;&nbsp;&nbsp; Mt 21, 33-43. 45-46<br \/>\n8.00 \u2020 zm. z rodz. Ma\u0142eckich i Wo\u0142od\u017ak\u00f3w<br \/>\n18.00 \u2020 W\u0142adys\u0142aw Wiadrowski (13 greg.)<br \/>\n18.00 \u2020 Kazimierz Standarski w 1 r.\u015bm.<\/p>\n<p><strong>SOBOTA 14 marca 2020r<\/strong>.&nbsp;&nbsp;&nbsp;&nbsp;&nbsp;&nbsp;&nbsp;&nbsp;&nbsp;&nbsp;&nbsp;&nbsp;&nbsp;&nbsp;&nbsp;&nbsp;&nbsp;&nbsp;&nbsp;&nbsp;&nbsp;&nbsp;&nbsp;&nbsp;&nbsp;&nbsp;&nbsp;&nbsp;&nbsp;&nbsp;&nbsp;&nbsp;&nbsp;&nbsp; \u0141k 15, 1-3. 11-32<br \/>\n8.00 \u2020 W\u0142adys\u0142aw Wiadrowski (14 greg.)<br \/>\n18.00 \u2020 Irena W\u00f3jcik w 1 r.\u015bm.<br \/>\n18.00 O opiek\u0119 MB, zdrowie i potrzebne \u0142aski w chorobie dla Beaty<\/p>\n<p><strong>III Niedziela Wielkiego Postu \/ 15 marca 2020r.<\/strong>&nbsp;&nbsp;&nbsp;&nbsp;&nbsp;&nbsp;&nbsp;&nbsp;&nbsp;&nbsp;&nbsp;&nbsp;&nbsp;&nbsp;&nbsp;&nbsp;&nbsp;&nbsp;&nbsp; J 4, 5-42<br \/>\n7.00 O Bo\u017ce b\u0142ogos\u0142awie\u0144stwo, opiek\u0119 MB i potrzebne \u0142aski dla Feliksa Lustyka w 80 urodziny<br \/>\n9.00 O Bo\u017ce b\u0142og. z ok 99 urodzin Ewy Furowicz<br \/>\n9.00 \u2020 W\u0142adys\u0142aw Wiadrowski (15 greg.)<br \/>\n10.30 Dzi\u0119k. z ok. 40 urodzin Doroty i Paw\u0142a Wr\u00f3bl\u00f3w z pro\u015bb\u0105 o Bo\u017ce b\u0142og., opiek\u0119 MB i potrzebne \u0142aski<br \/>\n12.00 W intencji Parafian<br \/>\n15.00 \u2020 Genowefa Tomczy\u0144ska w 4 miesi\u0105c po pogrzebie<br \/>\n18.00 \u2020 Roman Tykarski w 10 miesi\u0105c po \u015bmierci<\/p>\n","protected":false},"excerpt":{"rendered":"<p>Eucharystia i misje. II Niedziela Wielkiego Postu. Og\u0142oszenia parafialne 08.03.2020 Intencje mszalne 08.03.2020 &nbsp; EUCHARYSTIA I MISJE W II niedziel\u0119 Wielkiego Postu w Ko\u015bciele w Polsce prze\u017cywamy ju\u017c od wielu lat Dzie\u0144 Modlitwy, Postu i Solidarno\u015bci z Misjonarzami. W tym roku obchodzimy go pod has\u0142em \u201eEucharystia i misje\u201d. Chcemy zwr\u00f3ci\u0107 uwag\u0119 na fakt, \u017ce Eucharystia [&hellip;]<\/p>\n","protected":false},"author":1,"featured_media":3700,"comment_status":"closed","ping_status":"closed","sticky":false,"template":"","format":"standard","meta":{"ngg_post_thumbnail":0,"footnotes":""},"categories":[11,8,4,3],"tags":[],"class_list":["post-3698","post","type-post","status-publish","format-standard","has-post-thumbnail","hentry","category-aktualnosci","category-blog","category-intencje","category-ogloszenia"],"_links":{"self":[{"href":"https:\/\/rafalk-elblag.pl\/index.php?rest_route=\/wp\/v2\/posts\/3698","targetHints":{"allow":["GET"]}}],"collection":[{"href":"https:\/\/rafalk-elblag.pl\/index.php?rest_route=\/wp\/v2\/posts"}],"about":[{"href":"https:\/\/rafalk-elblag.pl\/index.php?rest_route=\/wp\/v2\/types\/post"}],"author":[{"embeddable":true,"href":"https:\/\/rafalk-elblag.pl\/index.php?rest_route=\/wp\/v2\/users\/1"}],"replies":[{"embeddable":true,"href":"https:\/\/rafalk-elblag.pl\/index.php?rest_route=%2Fwp%2Fv2%2Fcomments&post=3698"}],"version-history":[{"count":1,"href":"https:\/\/rafalk-elblag.pl\/index.php?rest_route=\/wp\/v2\/posts\/3698\/revisions"}],"predecessor-version":[{"id":3701,"href":"https:\/\/rafalk-elblag.pl\/index.php?rest_route=\/wp\/v2\/posts\/3698\/revisions\/3701"}],"wp:featuredmedia":[{"embeddable":true,"href":"https:\/\/rafalk-elblag.pl\/index.php?rest_route=\/wp\/v2\/media\/3700"}],"wp:attachment":[{"href":"https:\/\/rafalk-elblag.pl\/index.php?rest_route=%2Fwp%2Fv2%2Fmedia&parent=3698"}],"wp:term":[{"taxonomy":"category","embeddable":true,"href":"https:\/\/rafalk-elblag.pl\/index.php?rest_route=%2Fwp%2Fv2%2Fcategories&post=3698"},{"taxonomy":"post_tag","embeddable":true,"href":"https:\/\/rafalk-elblag.pl\/index.php?rest_route=%2Fwp%2Fv2%2Ftags&post=3698"}],"curies":[{"name":"wp","href":"https:\/\/api.w.org\/{rel}","templated":true}]}}