{"id":3693,"date":"2020-03-01T08:28:51","date_gmt":"2020-03-01T08:28:51","guid":{"rendered":"http:\/\/rafalk-elblag.pl\/?p=3693"},"modified":"2020-03-01T08:28:51","modified_gmt":"2020-03-01T08:28:51","slug":"biuletyn-parafialny-nr-842-1-marca-2020r-i-niedziela-wielkiego-postu","status":"publish","type":"post","link":"https:\/\/rafalk-elblag.pl\/?p=3693","title":{"rendered":"Biuletyn parafialny nr 842 \/ 1 marca 2020r. I Niedziela Wielkiego Postu"},"content":{"rendered":"<p><a href=\"#temat-842\">Plan na Wielki Post: modlitwa,post, ja\u0142mu\u017cna. I Niedziela Wielkiego Postu.<\/a><br \/>\n<a href=\"#ogloszenia-842\">Og\u0142oszenia parafialne 01.03.2020<\/a><br \/>\n<a href=\"#intencje-842\">Intencje mszalne 01.03.2020<\/a><\/p>\n<p>&nbsp;<\/p>\n<p><img decoding=\"async\" id=\"temat-842\" src=\"http:\/\/rafalk-elblag.pl\/wp-content\/uploads\/2020\/03\/842-slider-h3.jpg\"><\/p>\n<h1>PLAN NA WIELKI POST: POST, MODLITWA I JA\u0141MU\u017bNA<\/h1>\n<p><strong>Podczas tegorocznego Wielkiego Postu zr\u00f3b sobie list\u0119 obszar\u00f3w w swoim \u017cyciu, w kt\u00f3rych czujesz potrzeb\u0119 przezwyci\u0119\u017cenia jakich\u015b niemo\u017cno\u015bci. Nast\u0119pnie podejmij wybran\u0105 form\u0119 postu, prosz\u0105c Pana, by pom\u00f3g\u0142 ci je pokona\u0107. Podj\u0119cie postu, podobnie jak modlitwy, wymaga powzi\u0119cia okre\u015blonych postanowie\u0144.<\/strong><br \/>\n\u25cf Najpierw powiedz Panu, czego pragniesz. Zr\u00f3b list\u0119 zmian, na kt\u00f3rych ci zale\u017cy \u2014 przybli\u017cenie si\u0119 do Jezusa, lepsza komunikacja w ma\u0142\u017ce\u0144stwie, opanowanie gniewu, itp.<br \/>\n\u25cf Nast\u0119pnie wybierz konkretn\u0105 form\u0119 postu i uczy\u0144 wszystko, by pozosta\u0107 jej wiernym. Niepodjadanie pomi\u0119dzy posi\u0142kami? Skromniejsze posi\u0142ki? Jeden wiecz\u00f3r w tygodniu bez telewizji? Powstrzymywanie si\u0119 od ostrych s\u0142\u00f3w? Rezygnacja ze s\u0142odyczy? Niezagl\u0105danie do Facebooka? Wybierz co\u015b, co b\u0119dzie dla ciebie trudne, ale mo\u017cliwe. Staraj si\u0119 ze wszystkich si\u0142 o wytrwanie w postanowieniach, ale tak\u017ce pro\u015b o pomoc Jezusa.<br \/>\n\u25cf Wa\u017cne, by tw\u00f3j post \u2014 pusty \u017co\u0142\u0105dek, czas bez telewizji, trzymanie j\u0119zyka na wodzy \u2014 by\u0142 dla ciebie przypomnieniem, by zwraca\u0107 si\u0119 do Jezusa, dzi\u0119kowa\u0107 Mu za Jego mi\u0142o\u015b\u0107 i prosi\u0107 Go o \u0142ask\u0119 pokonania tego, co oddziela ci\u0119 od Boga.<br \/>\n\u25cf Wzbud\u017a w sobie wiar\u0119, \u017ce tw\u00f3j post przyniesie skutki. Pami\u0119taj o obietnicy Jezusa: \u201eWszystko, o co prosicie w modlitwie, stanie si\u0119 wam, tylko wierzcie, \u017ce otrzymacie\u201d (Mk 11,24). Powtarzaj sobie ten werset za ka\u017cdym razem, gdy masz pokus\u0119 przerwania postu. Jezus b\u0119dzie ci b\u0142ogos\u0142awi\u0107!<br \/>\n\u25cf Wreszcie przebaczaj sobie. Je\u015bli w jakim\u015b momencie Wielkiego Postu za\u0142amiesz si\u0119 w swoich postanowieniach, nie zniech\u0119caj si\u0119. Po prostu zwr\u00f3\u0107 si\u0119 do Pana z pro\u015bb\u0105 o pomoc i zacznij od nowa, wiedz\u0105c, \u017ce Bo\u017ce mi\u0142osierdzie jest wi\u0119ksze ni\u017c wszelkie nasze upadki i s\u0142abo\u015bci.<\/p>\n<p><strong>JA\u0141MU\u017bNA WIELKOPOSTNA 2020<\/strong><\/p>\n<p><strong>Ja\u0142mu\u017cna Wielkopostna to ekumeniczna akcja charytatywna, kt\u00f3rej celem jest zwr\u00f3cenie uwagi na los os\u00f3b starszych, uwra\u017cliwienie m\u0142odego pokolenia na potrzeby senior\u00f3w oraz ich wsparcie dzi\u0119ki datkom zbieranym do skarbonek i przekazywanym wp\u0142atom.<\/strong><br \/>\nTa akcja ma dwa aspekty. Jednym z nich jest konkretna, wymierna pomoc, trafiaj\u0105ca do senior\u00f3w za po\u015brednictwem parafialnych zespo\u0142\u00f3w Caritas oraz szkolnych k\u00f3\u0142 Caritas. Drugi, r\u00f3wnie wa\u017cny, to uwra\u017cliwienie<strong> dzieci, m\u0142odzie\u017cy i doros\u0142ych<\/strong> na potrzeby os\u00f3b starszych, cz\u0119sto samotnych i chorych; zach\u0119cenie najm\u0142odszych do tego, aby dzielili si\u0119 z seniorami tym, co maj\u0105, a przede wszystkim swoim czasem \u2013 podkre\u015bla ks. Marcin I\u017cycki, dyrektor Caritas Polska. \u2013 Ten udzia\u0142 w zbi\u00f3rce wi\u0105\u017ce si\u0119 dla nich z ofiarno\u015bci\u0105 \u2013 po\u015bwi\u0119caj\u0105 sw\u00f3j czas, nierzadko sami przekazuj\u0105 drobne datki, rezygnuj\u0105c z jakiej\u015b codziennej przyjemno\u015bci. Ma to sw\u00f3j wymiar religijny, duchowy \u2013 ja\u0142mu\u017cna jako znak mi\u0142osierdzia \u2013 i wpisuje si\u0119 w charakter Wielkiego Postu, okresu wyrzecze\u0144, kt\u00f3re maj\u0105 przecie\u017c g\u0142\u0119boki, ewangeliczny sens.<br \/>\nOd 15 lat akcja ma ekumeniczny charakter. Caritas prowadzi j\u0105 wsp\u00f3lnie z partnerami z innych ko\u015bcio\u0142\u00f3w chrze\u015bcija\u0144skich.<br \/>\n<strong>Ja\u0142mu\u017cn\u0119 wielkopostn\u0105 przyniesiemy do ko\u015bcio\u0142a w Niedziel\u0119 Bo\u017cego Mi\u0142osierdzia, tj. 19 kwietnia 2020 r.<\/strong><\/p>\n<p>&nbsp;<br \/>\n<img decoding=\"async\" id=\"ogloszenia-842\" src=\"http:\/\/rafalk-elblag.pl\/wp-content\/uploads\/2019\/09\/ogloszenia_parafialne.jpg\" width=\"800px\"><\/p>\n<h2>Og\u0142oszenia parafialne 01.03.2020<\/h2>\n<p>I NIEDZIELA WIELKIEGO POSTU<br \/>\n1.<strong>Zapraszamy dzisiaj na Adoracj\u0119 Naj\u015bwi\u0119tszego Sakramentu od 16:00 do 18:00<\/strong>. Rozpocz\u0119li\u015bmy WIELKI POST, tym bardziej zach\u0119camy do ADORACJI w ciszy.<br \/>\n2. <strong>Dzisiejsze ofiary zabrane na tac\u0119 przeznaczone s\u0105 na uregulowanie zad\u0142u\u017cenia parafii w Kurii Elbl\u0105skiej<\/strong>. Dzi\u0119kujemy za wszelk\u0105 okazan\u0105 \u017cyczliwo\u015b\u0107 i wsparcie.<br \/>\n3. <strong>Przy Biuletynie Parafialnym znajdziemy Skarbonk\u0119 na Ja\u0142mu\u017cn\u0119 Wielkopostn\u0105 2020<\/strong>. W ten spos\u00f3b w\u0142\u0105czamy si\u0119 w og\u00f3lnopolsk\u0105 akcj\u0119 \u201eDAR JUNIORA DLA SENIORA\u201d. Wi\u0119cej informacji w biuletynie. Akcja ta wszystkich nas uczy ofiarno\u015bci tj. dzieci, m\u0142odzie\u017c i doros\u0142ych. Ja\u0142mu\u017cn\u0119 wielkopostn\u0105 przyniesiemy do ko\u015bcio\u0142a w Niedziel\u0119 Bo\u017cego Mi\u0142osierdzia, tj. 19 kwietnia 2020 r<br \/>\n4. <strong>Wykorzystajmy czas WIELKIEGO POSTU dla naszego wzrostu duchowego<\/strong> <strong>poprzez gorliwy i owocny udzia\u0142 w Liturgii Wielkopostnej i Nabo\u017ce\u0144stwach Pokutnych<\/strong>. Zapraszamy w ka\u017cd\u0105 niedziel\u0119 o godz. 17:15 na Gorzkie \u017bale z kazaniem pasyjnym, a w ka\u017cdy pi\u0105tek Wielkiego Postu na Drog\u0119 Krzy\u017cow\u0105: godz. 16:30 dla dzieci, godz. 17:15 dla doros\u0142ych, godz.19:00 dla m\u0142odzie\u017cy. PAMI\u0118TAJMY, \u017ce Wielki Post jest tak zwanym \u201eczasem zakazanym\u201d dla wszelkich hucznych wesel, zabaw i dyskotek !!!<br \/>\n5. <strong>W Wielkim Po\u015bcie zapraszamy parafian w ka\u017cd\u0105 niedziel\u0119 o godz. 8:40 na \u015bpiewanie GODZINEK KU CZCI M\u0118KI PA\u0143SKIEJ<\/strong>.<br \/>\n6. <strong>Kandydat\u00f3w przygotowuj\u0105cych si\u0119 do przyj\u0119cia sakramentu bierzmowania &#8211; zapraszamy<\/strong>:<br \/>\n<strong>Rok II<\/strong> \u2013 <strong>Grupa II<\/strong> \/ spotkanie z ks. Marcinem: <strong>wtorek 3 marca g. 19.00<\/strong><br \/>\n<strong>Rok II \u2013 Grupa II<\/strong> \/ spotkanie z ks. Piotrem: <strong>wtorek 3 marca g. 19.00<\/strong><br \/>\n7. <strong>Ks. Marcin zaprasza m\u0142odzie\u017c na spotkanie Katolickiego Stowarzyszenia M\u0142odzie\u017cy \u201eBoanerges\u201d <\/strong>w ka\u017cd\u0105 \u015brod\u0119 na godz. 19:00 do sali na plebanii.<br \/>\n8. <strong>Diakonia Modlitwy Ruch \u015awiat\u0142o \u2013 \u017bycie zaprasza na Wielkopostny Wiecz\u00f3r Wyzwolenia<\/strong>. Celem spotkania jest modlitwa, adoracja i \u015bpiew w intencji os\u00f3b, rodzin zniewolonych. Wszystkich, kt\u00f3rzy przez modlitw\u0119 chc\u0105 pom\u00f3c osobom uwik\u0142anym w r\u00f3\u017cne na\u0142ogi zapraszamy do Katedry \u015bw. Miko\u0142aja w Elbl\u0105gu 5 marca na godz. 18:00.<br \/>\n9. <strong>W tym tygodniu<\/strong> przypada <strong>pierwszy czwartek, pi\u0105tek i sobota miesi\u0105ca<\/strong>.<br \/>\n&#8211; <strong>w pierwszy czwartek<\/strong> zapraszamy do wsp\u00f3lnej modlitwy o nowe powo\u0142ania kap\u0142a\u0144skie i zakonne. Msza \u015bw. o godz. 18:00, a po niej ,,Godzina \u015awi\u0119ta\u201d, czyli ADORACJA przed Naj\u015bwi\u0119tszym Sakramentem w powy\u017cszych intencjach.<br \/>\n&#8211; <strong>w pierwszy pi\u0105tek<\/strong> spowied\u017a dla dzieci w tygodniu od godz. 17:30, oraz w pi\u0105tek od godz. 16:00 oraz Droga Krzy\u017cowa o godz. 16:30, natomiast dla m\u0142odzie\u017cy i doros\u0142ych spowied\u017a od godz. 17:30, a Msza \u015bw. Wotywna o NSPJ o godz.18:00.<br \/>\n&#8211; <strong>w pierwsz\u0105 sobot\u0119<\/strong> przed Msz\u0105 \u015aw. o godz. 17:00 zapraszamy na nabo\u017ce\u0144stwo wynagradzaj\u0105ce Niepokalanemu Sercu Maryi za zniewagi grzesznik\u00f3w. Tego dnia zmiana tajemnic dla \u017bywego R\u00f3\u017ca\u0144ca.<br \/>\n10. <strong>Z racji pierwszego pi\u0105tku<\/strong> ksi\u0105dz Proboszcz i ks. Marcin udadz\u0105 si\u0119 do chorych 6 marca od godz. 9:30, natomiast ks. Piotr od godz. 11:00.<br \/>\n11. <strong>KORZYSTAJMY z Sakramentu Spowiedzi \u015bw<\/strong>. &#8211; codziennie przed Msz\u0105 \u015bw. od godz. 7:45 lub od godz.17:30. Zapraszamy.<br \/>\n12. <strong>Wsp\u00f3lnota Domowego Ko\u015bcio\u0142a zaprasza do uczestnictwa w Drodze Krzy\u017cowej w formie biegu<\/strong>. Spotykamy si\u0119 w ka\u017cd\u0105 sobot\u0119 Wielkiego Postu o godz.8:00 w Ba\u017cantarni przy muszli koncertowej. Rozwa\u017camy M\u0119k\u0119 Pa\u0144sk\u0105 zatrzymuj\u0105c si\u0119 przy poszczeg\u00f3lnych stacjach. Biegniemy dystans oko\u0142o 3 km. Czas trwania jedna godzina.<br \/>\nTematem tegorocznych rozwa\u017ca\u0144 jest \u201eKrzy\u017c\u201d. Wi\u0119cej informacji na plakatach.<br \/>\n13. <strong>Osoby, kt\u00f3re \u015bpiewa\u0142y w minionych latach w czasie Triduum Paschalnego<\/strong> oraz wszystkich ch\u0119tnych prosimy o kontakt z p. Piotrem \u2013 organist\u0105.<br \/>\n14. <strong>IDZIEMY DO MULTIKINA!!!<\/strong> Film \u201eNAJ\u015aWI\u0118TSZE SERCE\u201d rozpoczyna si\u0119 histori\u0105 objawie\u0144, jakich do\u015bwiadczy\u0142a \u015bw. Ma\u0142gorzata Maria Alacogue i dwunastoma obietnicami z\u0142o\u017conymi przez Pana Jezusa tym, kt\u00f3rzy czci\u0107 b\u0119d\u0105 Jego Serce. Gor\u0105co zach\u0119cam parafian, by wybra\u0107 si\u0119 wsp\u00f3lnie do Multikina \u2013 Ogrody <strong>dnia 4 marca br. (\u015broda)<\/strong> <strong>na godz. 19:30.<\/strong> Bilety w cenie 11 z\u0142, p\u0142acimy przy wej\u015bciu na film. W spos\u00f3b szczeg\u00f3lny zapraszam na film wszystkich czcili Naj\u015bwi\u0119tszego Serca Pana Jezusa.<br \/>\n15. T<strong>egoroczne Rekolekcje Wielkopostne dla doros\u0142ych rozpoczn\u0105 si\u0119 w IV Niedziel\u0119 Wielkiego Postu tj. 22 marca br<\/strong>. Poprowadzi je ks. Piotr Molenda by\u0142y wikariusz a obecnie Proboszcz Parafii Tr\u00f3jcy Przenaj\u015bwi\u0119tszej w Mor\u0105gu. Przypominamy, \u017ce w poniedzia\u0142ek, wtorek i w \u015brod\u0119 Msze \u015awi\u0119te z naukami dla doros\u0142ych o godz. 8:00, 11:00, 18;00, 20:00. Dzieci i m\u0142odzie\u017c swoje rekolekcje rozpoczynaj\u0105 od \u015brody 25 marca. Uczy\u0144my wszystko, aby wzi\u0105\u0107 w nich udzia\u0142. Pro\u015bmy o potrzebne dary Ducha \u015awi\u0119tego dla ksi\u0119dza Rekolekcjonisty i dla nas, by\u015bmy byli otwarci na g\u0142oszone S\u0142owo.<br \/>\n16. <strong>Przed ko\u015bcio\u0142em mo\u017cna naby\u0107 pras\u0119 katolick\u0105<\/strong>: \u201eGo\u015b\u0107 Niedzielny\u201d w cenie 6 z\u0142.<\/p>\n<p>Numer Konta Parafialnego<br \/>\nPKO BP 72 1020 1752 0000 0102 0069 6047<\/p>\n<p>&nbsp;<\/p>\n<p><img decoding=\"async\" id=\"intencje-842\" src=\"http:\/\/rafalk-elblag.pl\/wp-content\/uploads\/2019\/09\/intencje_mszalne.jpg\" width=\"800px\"><\/p>\n<h2>Intencje mszalne 01.03.2020<\/h2>\n<p>\u2020 INTENCJE MSZALNE \u2020<\/p>\n<p><strong>PONIEDZIA\u0141EK 2 marca 2020r.&nbsp;<\/strong>&nbsp;&nbsp;&nbsp;&nbsp;&nbsp;&nbsp;&nbsp; Mt 25, 31-46<br \/>\n8.00 \u2020 Jan Usik w 2 r.\u015bm.<br \/>\n18.00 \u2020 W\u0142adys\u0142aw Wiadrowski (2 greg.)<br \/>\n18.00 \u2020 Pelagia w 8 r.\u015bm. i zm. z rodz. K\u0119dzierskich, Herman\u00f3w, Soleckich; Teresa Jakubkiewicz<\/p>\n<p><strong>WTOREK 3 marca 2020r.&nbsp;&nbsp;&nbsp;&nbsp;&nbsp;&nbsp;&nbsp;<\/strong>&nbsp;&nbsp;&nbsp;&nbsp;&nbsp;&nbsp;&nbsp;&nbsp;&nbsp;&nbsp;&nbsp;&nbsp;&nbsp; Mt 6, 7-15<br \/>\n8.00 \u2020 W\u0142adys\u0142aw Wiadrowski (3 greg.)<br \/>\n18.00 \u2020 J\u00f3zefa (k) Songin<br \/>\n18.00 \u2020 Henryk Pawlicki w 2 r.\u015bm.<\/p>\n<p><strong>\u015aRODA 4 marca 2020r. \/ \u015bw. Kazimierza&nbsp;&nbsp;&nbsp;<\/strong>&nbsp;&nbsp;&nbsp; J 15, 9-17<br \/>\n8.00 \u2020 Krystyna Marycz w 29 r.\u015bm. i Tadeusz Marycz w 27 r.\u015bm.<br \/>\n18.00 \u2020 W\u0142adys\u0142aw Wiadrowski (4 greg.)<br \/>\n18.00 \u2020 Kazimiera Zembrzycka z ok. imienin<\/p>\n<p><strong>CZWARTEK 5 marca 2020r.&nbsp;&nbsp;&nbsp;&nbsp;<\/strong>&nbsp;&nbsp;&nbsp;&nbsp;&nbsp;&nbsp;&nbsp;&nbsp;&nbsp;&nbsp;&nbsp;&nbsp;&nbsp;&nbsp;&nbsp;&nbsp;&nbsp;&nbsp;&nbsp;&nbsp;&nbsp; Mt 7, 7-12<br \/>\n8.00 \u2020 W\u0142adys\u0142aw Wiadrowski (5 greg.)<br \/>\n18.00 O Bo\u017ce b\u0142og., opiek\u0119 MB i potrzebne \u0142aski dla Kazimiery Kachnowicz z ok. imienin i 89 urodzin<br \/>\n18.00 O Bo\u017ce b\u0142og. i potrzebne \u0142aski dla kap\u0142an\u00f3w oraz o nowe i \u015bwi\u0119te powo\u0142ania z naszej wsp\u00f3lnoty<\/p>\n<p><strong>PI\u0104TEK 6 marca 2020r.&nbsp;&nbsp;&nbsp;<\/strong>&nbsp;&nbsp;&nbsp;&nbsp;&nbsp;&nbsp;&nbsp;&nbsp;&nbsp;&nbsp;&nbsp;&nbsp;&nbsp;&nbsp;&nbsp;&nbsp;&nbsp;&nbsp;&nbsp;&nbsp;&nbsp;&nbsp;&nbsp;&nbsp;&nbsp;&nbsp;&nbsp;&nbsp; Mt 5, 20-26<br \/>\n8.00 \u2020 Stefania (k), Ryszard i Mieczys\u0142aw<br \/>\n18.00 \u2020 W\u0142adys\u0142aw Wiadrowski (6 greg.)<br \/>\n18.00 W intencji czcicieli Naj\u015bwi\u0119tszego Serca Pana Jezusa<\/p>\n<p><strong>SOBOTA 7 marca 2020r.&nbsp;&nbsp;&nbsp;&nbsp;<\/strong>&nbsp;&nbsp;&nbsp;&nbsp;&nbsp;&nbsp;&nbsp;&nbsp;&nbsp;&nbsp;&nbsp;&nbsp;&nbsp;&nbsp;&nbsp;&nbsp;&nbsp;&nbsp;&nbsp;&nbsp;&nbsp;&nbsp;&nbsp;&nbsp;&nbsp;&nbsp; Mt 5, 43-48<br \/>\n8.00 \u2020 W\u0142adys\u0142aw Wiadrowski (7 greg.)<br \/>\n18.00 Dzi\u0119k. za otrzymane \u0142aski w czasie choroby z pro\u015bb\u0105 o Bo\u017ce b\u0142og., opiek\u0119 MB dla siostry zakonnej Matei Ku\u015bniewskiej oraz dla ca\u0142ego zgromadzenia si\u00f3str Franciszkanek w Laskach<br \/>\n18.00 Rez.<\/p>\n<p><strong>II Niedziela Wielkiego Postu \/ 8 marca 2020r.&nbsp;&nbsp;&nbsp;&nbsp;<\/strong>&nbsp;&nbsp;&nbsp;&nbsp;&nbsp;&nbsp;&nbsp;&nbsp;&nbsp;&nbsp;&nbsp;&nbsp;&nbsp;&nbsp; Mt 17, 1-9<br \/>\n7.00 O Bo\u017ce b\u0142ogos\u0142awie\u0144stwo dla wnucz\u0105t: Kai i Wojtusia<br \/>\n9.00 Rez.<br \/>\n9.00 \u2020 W\u0142adys\u0142aw Wiadrowski (8 greg.)<br \/>\n10.30 \u2020 Bronis\u0142aw w 19 r.\u015bm. i Wiktoria Janiccy, Wiktoria, Jan, Halina Szcz\u0119\u015bni; Marta, Antoni, Tomek Janiccy i Hermenegilda Molga<br \/>\n12.00 W intencji Parafian<br \/>\n15.00 \u2020 J\u00f3zef w 24 r.\u015bm. i Weronika w 16 r.\u015bm. i ks. Robert Druszkowski w 2 r.\u015bm.<br \/>\n18.00 Dzi\u0119k. z ok. 18 urodzin Jakuba Grabowskiego oraz za Jego braci z pro\u015bb\u0105 o dary Ducha \u015aw.<\/p>\n","protected":false},"excerpt":{"rendered":"<p>Plan na Wielki Post: modlitwa,post, ja\u0142mu\u017cna. I Niedziela Wielkiego Postu. Og\u0142oszenia parafialne 01.03.2020 Intencje mszalne 01.03.2020 &nbsp; PLAN NA WIELKI POST: POST, MODLITWA I JA\u0141MU\u017bNA Podczas tegorocznego Wielkiego Postu zr\u00f3b sobie list\u0119 obszar\u00f3w w swoim \u017cyciu, w kt\u00f3rych czujesz potrzeb\u0119 przezwyci\u0119\u017cenia jakich\u015b niemo\u017cno\u015bci. Nast\u0119pnie podejmij wybran\u0105 form\u0119 postu, prosz\u0105c Pana, by pom\u00f3g\u0142 ci je pokona\u0107. [&hellip;]<\/p>\n","protected":false},"author":1,"featured_media":3695,"comment_status":"closed","ping_status":"closed","sticky":false,"template":"","format":"standard","meta":{"ngg_post_thumbnail":0,"footnotes":""},"categories":[11,8,4,3],"tags":[],"class_list":["post-3693","post","type-post","status-publish","format-standard","has-post-thumbnail","hentry","category-aktualnosci","category-blog","category-intencje","category-ogloszenia"],"_links":{"self":[{"href":"https:\/\/rafalk-elblag.pl\/index.php?rest_route=\/wp\/v2\/posts\/3693","targetHints":{"allow":["GET"]}}],"collection":[{"href":"https:\/\/rafalk-elblag.pl\/index.php?rest_route=\/wp\/v2\/posts"}],"about":[{"href":"https:\/\/rafalk-elblag.pl\/index.php?rest_route=\/wp\/v2\/types\/post"}],"author":[{"embeddable":true,"href":"https:\/\/rafalk-elblag.pl\/index.php?rest_route=\/wp\/v2\/users\/1"}],"replies":[{"embeddable":true,"href":"https:\/\/rafalk-elblag.pl\/index.php?rest_route=%2Fwp%2Fv2%2Fcomments&post=3693"}],"version-history":[{"count":1,"href":"https:\/\/rafalk-elblag.pl\/index.php?rest_route=\/wp\/v2\/posts\/3693\/revisions"}],"predecessor-version":[{"id":3696,"href":"https:\/\/rafalk-elblag.pl\/index.php?rest_route=\/wp\/v2\/posts\/3693\/revisions\/3696"}],"wp:featuredmedia":[{"embeddable":true,"href":"https:\/\/rafalk-elblag.pl\/index.php?rest_route=\/wp\/v2\/media\/3695"}],"wp:attachment":[{"href":"https:\/\/rafalk-elblag.pl\/index.php?rest_route=%2Fwp%2Fv2%2Fmedia&parent=3693"}],"wp:term":[{"taxonomy":"category","embeddable":true,"href":"https:\/\/rafalk-elblag.pl\/index.php?rest_route=%2Fwp%2Fv2%2Fcategories&post=3693"},{"taxonomy":"post_tag","embeddable":true,"href":"https:\/\/rafalk-elblag.pl\/index.php?rest_route=%2Fwp%2Fv2%2Ftags&post=3693"}],"curies":[{"name":"wp","href":"https:\/\/api.w.org\/{rel}","templated":true}]}}