{"id":3688,"date":"2020-02-22T18:08:49","date_gmt":"2020-02-22T18:08:49","guid":{"rendered":"http:\/\/rafalk-elblag.pl\/?p=3688"},"modified":"2020-02-22T18:08:49","modified_gmt":"2020-02-22T18:08:49","slug":"biuletyn-parafialny-nr-841-23-lutego-2020r-vii-niedziela-zwykla","status":"publish","type":"post","link":"https:\/\/rafalk-elblag.pl\/?p=3688","title":{"rendered":"Biuletyn parafialny nr 841 \/ 23 lutego 2020r. VII Niedziela Zwyk\u0142a"},"content":{"rendered":"<p><a href=\"#temat-841\">Dlaczego ,,\u015aroda Popielcowa&#8221;?<br \/>\n<\/a><a href=\"#ogloszenia-841\">Og\u0142oszenia parafialne 23.02.2020<\/a><a href=\"#temat-841\"><br \/>\n<\/a><a href=\"#intencje-841\">Intencje mszalne 23.02.2020<\/a><\/p>\n<p>&nbsp;<\/p>\n<p><img decoding=\"async\" id=\"temat-841\" src=\"http:\/\/rafalk-elblag.pl\/wp-content\/uploads\/2020\/02\/841-slider-h3.jpg\"><\/p>\n<h1><a href=\"#temat-841\">Dlaczego ,,\u015aroda Popielcowa?&#8221;&#8221;<br \/>\n<\/a><\/h1>\n<p><strong>Mo\u017ce niejednego zastanawia\u0107 sk\u0105d si\u0119 wzi\u0119\u0142a praktyka posypywania g\u0142\u00f3w popio\u0142em i dlaczego skojarzono j\u0105 w\u0142a\u015bnie ze \u015arod\u0105 Popielcow\u0105? Wzi\u0119\u0142a si\u0119 ona z chrze\u015bcija\u0144skiej praktyki pokutnej, jak\u0105 od V w. rozpoczynano okres Wielkiego Postu, w poprzedzaj\u0105cy niedziel\u0119 poniedzia\u0142ek, a od 604 r. w \u015brod\u0119<\/strong>. Mia\u0142 bowiem wtedy miejsce sakrament pokuty publicznej. By\u0142 to swoisty obrz\u0119d wyp\u0119dzania publicznych pokutnik\u00f3w z ko\u015bcio\u0142a. Po odbytej spowiedzi publicznej pokutnicy wychodzili przed ko\u015bci\u00f3\u0142, gdzie biskup z prezbiterami sypa\u0142 na ich g\u0142owy popi\u00f3\u0142 parafrazuj\u0105c s\u0142owa z Ksi\u0119gi Rodzaju: \u201ePami\u0119taj cz\u0142owiecze, \u017ce jeste\u015b prochem i w proch si\u0119 obr\u00f3cisz; czy\u0144 pokut\u0119, aby\u015b mia\u0142 \u017cycie wieczne\u201d (3,19). Po czym kropiono ich wod\u0105 \u015bwiecon\u0105 oraz ich szaty pokutne, kt\u00f3re oni przywdziewali na ca\u0142y okres Wielkiego Postu. Wtedy padali twarz\u0105 na ziemi\u0119, a zgromadzony lud w ko\u015bciele \u015bpiewa\u0142 nad nimi Litani\u0119 do Wszystkich \u015awi\u0119tych; w ko\u0144cu wyp\u0119dzano ich z ko\u015bcio\u0142a jak Adama i Ew\u0119 z raju. W X wieku do publicznych pokutnik\u00f3w zacz\u0119li do\u0142\u0105cza\u0107 r\u00f3wnie\u017c inni wierni zgromadzeni w ko\u015bciele, kt\u00f3rzy tak\u017ce uwa\u017cali si\u0119 za grzesznik\u00f3w i chcieli pokutowa\u0107. St\u0105d Ko\u015bci\u00f3\u0142 (papie\u017c Urban II), wychodz\u0105c naprzeciw coraz bardziej rozpowszechniaj\u0105cej si\u0119 praktyce zaleci\u0142 na soborze w Benewencie (1091) praktykowanie obrz\u0119du posypania g\u0142\u00f3w popio\u0142em w \u015brod\u0119 rozpoczynaj\u0105c\u0105 Wielki Post wszystkim wiernym. Praktyka ta nast\u0119pnie przyj\u0119\u0142a si\u0119 w ca\u0142ym Ko\u015bciele od 1099 r.; wtedy te\u017c sama \u015broda przyj\u0119\u0142a nazw\u0119 \u015arody Popielcowej.<\/p>\n<p><strong>Tradycyjnie, u progu Wielkiego Postu w Ko\u015bciele prze\u017cywamy Tydzie\u0144 Modlitw o Trze\u017awo\u015b\u0107 Narodu. Has\u0142o tegorocznego 53. Tygodnia Modlitw o Trze\u017awo\u015b\u0107 Narodu: &#8222;Szcz\u0119\u015bliwe dzieci w trze\u017awych rodzinach&#8221;.<\/strong><\/p>\n<p>W moim domu rozpanoszy\u0142a si\u0119 choroba alkoholowa. Coraz trudniej by\u0142o mi \u017cy\u0107 i polega\u0107 na osobie, kt\u00f3ra nadu\u017cywa\u0142a alkoholu. Zdarza\u0142y si\u0119 te\u017c i dobre dni, ale i tych zaczyna\u0142o by\u0107 coraz mniej. Zachowanie chorego na alkoholizm bywa\u0142o r\u00f3\u017cne w dniach picia i trze\u017awienia. Relacje sta\u0142y si\u0119 chore. Pr\u00f3bowa\u0142am kontrolowa\u0107, kry\u0107, obarcza\u0107 win\u0105. Martwi\u0142am si\u0119, sp\u0142aca\u0142am d\u0142ugi, sprz\u0105ta\u0142am, zacz\u0119\u0142am k\u0142ama\u0107&#8230;<br \/>\nKiedy zacz\u0119\u0142am ucz\u0119szcza\u0107 na spotkania zrozumia\u0142am, \u017ce to choroba ca\u0142ej rodziny. Ca\u0142a rodzina by\u0142a wytr\u0105cona z r\u00f3wnowagi, czasem i s\u0105siedzi. Nasz dom by\u0142 wielkim \u201epolem bitwy&#8221;, z\u0142o\u015bci, zranie\u0144, wstydu&#8230;<\/p>\n<p>Dzisiaj wiem, \u017ce ta sytuacja nie musi by\u0107 beznadziejna. Korzystam systematycznie z pomocy Grup Rodzinnych Al-Anon (dla nastolatk\u00f3w Alateen). Spotykam si\u0119 z osobami, kt\u00f3re s\u0105 w podobnych stanach i oni mnie rozumiej\u0105, a ja ich. Ucz\u0119 si\u0119 jak sta\u0107 si\u0119 na nowo szcz\u0119\u015bliwym, zdrowym emocjonalnie i duchowo cz\u0142owiekiem, takim jakim chc\u0119 by\u0107. Powadz\u0119 uporz\u0105dkowane \u017cycie, decyduj\u0119 o swoich sprawach, modl\u0119 si\u0119, realizuj\u0119 plany, widz\u0119 swoje zalety, ale i wady. Powa\u017cnie traktuj\u0119 prac\u0119 nad sob\u0105, kocham, ufam, wybaczam, stopniowo i \u0142agodnie. Pomagam te\u017c innym b\u0119d\u0105cym w podobnym po\u0142o\u017ceniu. Dostrzegam wyj\u015bcie z trudnych sytuacji, zdarzaj\u0105 si\u0119 cuda, gdy powierzam moj\u0105 wol\u0119 i moje \u017cycie Bogu. Odsuwam si\u0119 od choroby, ale nie od cz\u0142owieka, wiem, \u017ce nie jestem odpowiedzialna za chorob\u0119 ani za jej wyleczenie. Na pierwszym spotkaniu by\u0142am bardzo serdecznie przyj\u0119ta i zrozumiana i tak jest ju\u017c od lat.<\/p>\n<p><strong>Anonimowa &#8211; bo to jest podstawa naszych spotka\u0144. Przy naszej parafii dzia\u0142a grupa rodzinna Al-Anon (\u201e\u015amieszki\u201d), kt\u00f3ra zaprasza zainteresowanych problemem picia bliskiej osoby. Grupa spotyka si\u0119 w ka\u017cdy czwartek na plebanii o godz. 17.00, natomiast w pierwsze czwartki miesi\u0105ca jest mityng otwarty dla zainteresowanych wsp\u00f3lnot\u0105.<\/strong><\/p>\n<p>&nbsp;<br \/>\n<img decoding=\"async\" id=\"ogloszenia-841\" src=\"http:\/\/rafalk-elblag.pl\/wp-content\/uploads\/2019\/09\/ogloszenia_parafialne.jpg\" width=\"800px\"><\/p>\n<h2>Og\u0142oszenia parafialne 23.02.2020<\/h2>\n<p>VII Niedziela Zwyk\u0142a<\/p>\n<p>1. <strong>Wolontariusze Caritas zbieraj\u0105 ofiary do puszki dla os\u00f3b potrzebuj\u0105cych pomocy<\/strong>. Dzi\u0119kujemy za zrozumienie.<br \/>\n2. <strong>Rozpoczynamy 53. Tydzie\u0144 Modlitw o Trze\u017awo\u015b\u0107 Narodu<\/strong>. B\u0119dzie on prze\u017cywany pod has\u0142em: \u201eSZCZ\u0118\u015aLIWE DZIECI W TRZE\u0179WYCH RODZINACH\u201d. Zach\u0119camy do podj\u0119cia modlitwy o trze\u017awo\u015b\u0107 w naszych rodzinach i udzia\u0142u w Drodze Krzy\u017cowej w pi\u0105tek 28 lutego o godz. 17:15. W naszej parafii dzia\u0142a Al\u2013Anon, kt\u00f3ry spotyka si\u0119 w ka\u017cdy czwartek o godz. 17:00 na plebanii. W najbli\u017cszy czwartek (27 lutego) zapraszamy na mityng otwarty z okazji 29 lat istnienia kt\u00f3ry rozpocznie si\u0119 o godz. 17:00.<br \/>\n3. <strong>Kandydat\u00f3w przygotowuj\u0105cych si\u0119 do przyj\u0119cia sakramentu bierzmowania &#8211; zapraszamy:<\/strong><br \/>\n<strong>Rok I \u2013 Grupa I<\/strong> \/ spotkanie z ks. Marcinem: <strong>wtorek 25 lutego g. 19.00<\/strong><br \/>\n<strong>Rok II \u2013 Grupa I<\/strong> \/ spotkanie z ks. Piotrem: <strong>wtorek 25 lutego g. 19.00<\/strong><br \/>\n4. <strong>Z dniem 26 lutego &#8211; \u015arod\u0105 Popielcow\u0105 &#8211; rozpoczynamy WIELKI POST<\/strong>. Przed nami 40 dni przygotowania si\u0119 do Wielkiej Nocy. Zapraszamy w tym dniu na Msze \u015bw. o godzinie 8:00, 11:00, 16:30 (z udzia\u0142em dzieci), 18:00 i 20:00 (z udzia\u0142em m\u0142odzie\u017cy). Wykorzystajmy ten czas do gorliwego i owocnego udzia\u0142u w Liturgii Wielkopostnej i Nabo\u017ce\u0144stwach Pokutnych. Zapraszamy w ka\u017cd\u0105 niedziel\u0119 o godz. 17:15 na Gorzkie \u017bale z kazaniem pasyjnym, a w pi\u0105tki na Drog\u0119 Krzy\u017cow\u0105: godz. 16:30 dla dzieci, o godz. 17:15 dla doros\u0142ych i godz. 19:00 dla m\u0142odzie\u017cy. <strong>Przypominamy, \u017ce w \u015arod\u0119 Popielcow\u0105 obowi\u0105zuje nas post \u015bcis\u0142y<\/strong>. Oznacza to wstrzemi\u0119\u017aliwo\u015b\u0107 od potraw mi\u0119snych i obowi\u0105zuje wszystkich od 14 roku \u017cycia, bez g\u00f3rnej granicy wieku; natomiast post ilo\u015bciowy obowi\u0105zuje od 18 do 60 roku \u017cycia. W ci\u0105gu dnia mo\u017cemy spo\u017cy\u0107 wy\u0142\u0105cznie jeden posi\u0142ek do syta, a pozosta\u0142e dwa niepe\u0142ne. Obowi\u0105zek ten nie dotyczy os\u00f3b chorych.<br \/>\n5. <strong>Wsp\u00f3lnota Domowego Ko\u015bcio\u0142a zaprasza do uczestnictwa w Drodze Krzy\u017cowej w formie biegu<\/strong>. Spotykamy si\u0119 w ka\u017cd\u0105 sobot\u0119 Wielkiego Postu o godz.8:00 w Ba\u017cantarni przy muszli koncertowej. Rozwa\u017camy M\u0119k\u0119 Pa\u0144sk\u0105 zatrzymuj\u0105c si\u0119 przy poszczeg\u00f3lnych stacjach. Biegniemy dystans oko\u0142o 3 km. Czas trwania jedna godzina.<br \/>\nTematem tegorocznych rozwa\u017ca\u0144 jest \u201eKrzy\u017c\u201d. Wi\u0119cej informacji na plakatach.<br \/>\n6. <strong>UWAGA!!! Kancelaria parafialna w \u015arod\u0119 Popielcow\u0105 nieczynna<\/strong>. Zapraszamy w sobot\u0119 od godz. 10:30 do 12:00.<br \/>\n7. <strong>IDZIEMY DO MULTIKINA!!!<\/strong> Od 28 lutego w polskich kinach b\u0119dzie mo\u017cna ogl\u0105da\u0107 pi\u0119kny film o kulcie Naj\u015bwi\u0119tszego Serca Pana Jezusa. Film \u201eNAJ\u015aWI\u0118TSZE SERCE\u201d rozpoczyna si\u0119 histori\u0105 objawie\u0144, jakich do\u015bwiadczy\u0142a \u015bw. Ma\u0142gorzata Maria Alacoque i dwunastoma obietnicami z\u0142o\u017conymi przez Pana Jezusa tym, kt\u00f3rzy czci\u0107 b\u0119d\u0105 Jego Serce. Kult Naj\u015bwi\u0119tszego Seca Pana Jezusa ma w Polsce a szczeg\u00f3lnie w polskich rodzinach, pi\u0119kn\u0105 tradycj\u0119 (I pi\u0105tki miesi\u0105ca). Gor\u0105co zach\u0119cam parafian, by wybra\u0107 si\u0119 wsp\u00f3lnie do Multikina \u2013 Ogrody dnia 4 marca br. (\u015broda) na godz. 19:30. Bilety w cenie 11 z\u0142, p\u0142acimy przy wej\u015bciu na film. W spos\u00f3b szczeg\u00f3lny zapraszam na film wszystkich czcili Naj\u015bwi\u0119tszego Serca Pana Jezusa. Spotkajmy si\u0119 w kinie.<br \/>\n8. <strong>Za tydzie\u0144 taca przeznaczona b\u0119dzie na uregulowanie zad\u0142u\u017cenia parafii w kurii<\/strong>. Dzi\u0119kujemy za wszelk\u0105 okazan\u0105 \u017cyczliwo\u015b\u0107 i wsparcie.<br \/>\n9. <strong>Przed ko\u015bcio\u0142em mo\u017cna naby\u0107 pras\u0119 katolick\u0105<\/strong>: \u201eGo\u015b\u0107 Niedzielny\u201d w cenie 6 z\u0142.<\/p>\n<p>&nbsp;<\/p>\n<p><img decoding=\"async\" id=\"intencje-841\" src=\"http:\/\/rafalk-elblag.pl\/wp-content\/uploads\/2019\/09\/intencje_mszalne.jpg\" width=\"800px\"><\/p>\n<h2>Intencje mszalne 23.02.2020<\/h2>\n<p>\u2020 INTENCJE MSZALNE \u2020<\/p>\n<p><strong>PONIEDZIA\u0141EK 24 lutego 2020r.&nbsp;&nbsp;&nbsp;&nbsp;<\/strong>&nbsp;&nbsp;&nbsp;&nbsp;&nbsp;&nbsp;&nbsp;&nbsp;&nbsp;&nbsp;&nbsp;&nbsp;&nbsp;&nbsp;&nbsp;&nbsp;&nbsp; Mk 9, 14-29<br \/>\n8.00 \u2020 Jadwiga Go\u0142\u0119biewska w 30 dpp.<br \/>\n18.00 \u2020 Zofia Rynkowska-Hipsz (24 greg.)<br \/>\n18.00 Dzi\u0119k. za otrzymane \u0142aski z pro\u015bb\u0105 o dalsze b\u0142og., opiek\u0119 MB i zdrowie dla Ani i mamy Ireny<\/p>\n<p><strong>WTOREK 25 lutego 2020r.&nbsp;&nbsp;<\/strong>&nbsp;&nbsp;&nbsp;&nbsp;&nbsp;&nbsp;&nbsp;&nbsp;&nbsp;&nbsp;&nbsp;&nbsp;&nbsp;&nbsp;&nbsp;&nbsp;&nbsp;&nbsp;&nbsp;&nbsp;&nbsp;&nbsp;&nbsp;&nbsp;&nbsp;&nbsp;&nbsp;&nbsp;&nbsp;&nbsp; Mk 9, 30-37<br \/>\n8.00 \u2020 Zofia Rynkowska-Hipsz (25 greg.)<br \/>\n18.00 \u2020 Krystyna i Robert Bogdanowiczowie w 7 r.\u015bm.<br \/>\n18.00 \u2020 Zofia Pniak, W\u0142adys\u0142awa (k) Pniak i Zygmunt Pniak<\/p>\n<p><strong>\u015aRODA 26 lutego 2020r. \/ \u015aroda Popielcowa&nbsp;&nbsp;<\/strong>&nbsp;&nbsp;&nbsp;&nbsp;&nbsp;&nbsp;&nbsp;&nbsp;&nbsp;&nbsp;&nbsp; Mt 6, 1-6. 16-18<br \/>\n8.00 \u2020 Boles\u0142aw Haufa w 30 dpp.<br \/>\n11.00 \u2020 Bogdan Dziedzicki w 2 r.\u015bm.<br \/>\n16.30 \u2020 Helena i Aleksander \u015aredzi\u0144scy, Bronis\u0142awa (k) Fry\u015bna<br \/>\n16.30 Dzi\u0119k. w 11 urodziny Szymona Mazura z pro\u015bb\u0105 o Bo\u017ce b\u0142og. i potrzebne \u0142aski dla Niego i ca\u0142ej rodziny<br \/>\n18.00 \u2020 Zofia Rynkowska-Hipsz (26 greg.)<br \/>\n20.00 \u2020 Piotr w 18 r.\u015bm.<\/p>\n<p><strong>CZWARTEK 27 lutego 2020r.&nbsp;&nbsp;&nbsp;<\/strong>&nbsp;&nbsp;&nbsp;&nbsp;&nbsp;&nbsp;&nbsp;&nbsp;&nbsp;&nbsp;&nbsp;&nbsp;&nbsp;&nbsp;&nbsp;&nbsp;&nbsp;&nbsp;&nbsp;&nbsp;&nbsp;&nbsp;&nbsp;&nbsp;&nbsp;&nbsp;&nbsp;&nbsp;&nbsp;&nbsp;&nbsp;&nbsp;&nbsp;&nbsp;&nbsp;&nbsp;&nbsp;&nbsp; \u0141k 9, 22-25<br \/>\n8.00 \u2020 Zofia Rynkowska-Hipsz (27 greg.)<br \/>\n18.00 \u2020 Jan Zaj\u0105c w 3 r.\u015bm. i zm. rodzice: Wiktoria i Stanis\u0142aw Romanowscy<br \/>\n18.00 O Bo\u017ce b\u0142og. i potrzebne \u0142aski dla Heleny Lenckowskiej z ok. 65 urodzin<\/p>\n<p><strong>PI\u0104TEK 28 lutego 2020r.&nbsp;&nbsp;&nbsp;<\/strong>&nbsp;&nbsp;&nbsp;&nbsp;&nbsp;&nbsp;&nbsp;&nbsp;&nbsp;&nbsp;&nbsp;&nbsp;&nbsp;&nbsp;&nbsp;&nbsp;&nbsp;&nbsp;&nbsp;&nbsp;&nbsp;&nbsp;&nbsp;&nbsp;&nbsp;&nbsp;&nbsp;&nbsp;&nbsp;&nbsp;&nbsp;&nbsp;&nbsp;&nbsp;&nbsp;&nbsp;&nbsp;&nbsp;&nbsp;&nbsp;&nbsp; Mt 9, 14-15<br \/>\n8.00 \u2020 Zygmunt Janowski w 30 dpp.<br \/>\n18.00 \u2020 Zofia Rynkowska-Hipsz (28 greg.)<br \/>\n18.00 \u2020 Julian Tykarski w 32 r.\u015bm.<br \/>\n18.00 O zdrowie i szcz\u0119\u015bliw\u0105 operacj\u0119 dla Danuty<\/p>\n<p><strong>SOBOTA 29 lutego 2020r.&nbsp;<\/strong>&nbsp;&nbsp;&nbsp;&nbsp;&nbsp;&nbsp;&nbsp;&nbsp;&nbsp;&nbsp;&nbsp;&nbsp;&nbsp;&nbsp;&nbsp;&nbsp;&nbsp;&nbsp;&nbsp;&nbsp;&nbsp;&nbsp;&nbsp;&nbsp;&nbsp;&nbsp;&nbsp;&nbsp;&nbsp;&nbsp;&nbsp;&nbsp;&nbsp;&nbsp;&nbsp;&nbsp;&nbsp;&nbsp;&nbsp;&nbsp;&nbsp;&nbsp;&nbsp;&nbsp;&nbsp;&nbsp; \u0141k 5, 27-32<br \/>\n8.00 \u2020 Zofia Rynkowska-Hipsz (29 greg.)<br \/>\n18.00 \u2020 Kordula i Wac\u0142aw Mat\u0142achowie<br \/>\n18.00 \u2020 Marek Pietrzak \u2013 int. od syna \u0141ukasza z \u017con\u0105<\/p>\n<p><strong>I Niedziela Wielkiego Postu \/ 1 marca 2020r.<\/strong>&nbsp;&nbsp;&nbsp;&nbsp;&nbsp;&nbsp;&nbsp;&nbsp;&nbsp;&nbsp;&nbsp;&nbsp;&nbsp;&nbsp;&nbsp; Mt 4, 1-11<br \/>\n7.00 \u2020 W\u0142adys\u0142aw Wiadrowski (1 greg.)<br \/>\n9.00 O do\u015bwiadczenie Bo\u017cej mi\u0142o\u015bci dla Karoliny i Sebastiana<br \/>\n9.00 \u2020 Zofia Rynkowska-Hipsz (30 greg.)<br \/>\n10.30 O Bo\u017ce b\u0142ogos\u0142awie\u0144stwo i potrzebne \u0142aski dla Adasia z ok. 8 urodzin<br \/>\n12.00 W intencji Parafian<br \/>\n15.00 \u2020 Wac\u0142aw i Bronis\u0142awa (k), brat Kazimierz G\u0105sior<br \/>\n18.00 Dzi\u0119k. z ok. 13 urodzin Wiktorii Kr\u00f3l i Jakuba, z pro\u015bb\u0105 o Bo\u017ce b\u0142og., opiek\u0119 MB i potrzebne \u0142aski, oraz dla Ewy i Arkadiusza<\/p>\n","protected":false},"excerpt":{"rendered":"<p>Dlaczego ,,\u015aroda Popielcowa&#8221;? Og\u0142oszenia parafialne 23.02.2020 Intencje mszalne 23.02.2020 &nbsp; Dlaczego ,,\u015aroda Popielcowa?&#8221;&#8221; Mo\u017ce niejednego zastanawia\u0107 sk\u0105d si\u0119 wzi\u0119\u0142a praktyka posypywania g\u0142\u00f3w popio\u0142em i dlaczego skojarzono j\u0105 w\u0142a\u015bnie ze \u015arod\u0105 Popielcow\u0105? Wzi\u0119\u0142a si\u0119 ona z chrze\u015bcija\u0144skiej praktyki pokutnej, jak\u0105 od V w. rozpoczynano okres Wielkiego Postu, w poprzedzaj\u0105cy niedziel\u0119 poniedzia\u0142ek, a od 604 r. w [&hellip;]<\/p>\n","protected":false},"author":1,"featured_media":3690,"comment_status":"closed","ping_status":"closed","sticky":false,"template":"","format":"standard","meta":{"ngg_post_thumbnail":0,"footnotes":""},"categories":[11,8,4,3],"tags":[],"class_list":["post-3688","post","type-post","status-publish","format-standard","has-post-thumbnail","hentry","category-aktualnosci","category-blog","category-intencje","category-ogloszenia"],"_links":{"self":[{"href":"https:\/\/rafalk-elblag.pl\/index.php?rest_route=\/wp\/v2\/posts\/3688","targetHints":{"allow":["GET"]}}],"collection":[{"href":"https:\/\/rafalk-elblag.pl\/index.php?rest_route=\/wp\/v2\/posts"}],"about":[{"href":"https:\/\/rafalk-elblag.pl\/index.php?rest_route=\/wp\/v2\/types\/post"}],"author":[{"embeddable":true,"href":"https:\/\/rafalk-elblag.pl\/index.php?rest_route=\/wp\/v2\/users\/1"}],"replies":[{"embeddable":true,"href":"https:\/\/rafalk-elblag.pl\/index.php?rest_route=%2Fwp%2Fv2%2Fcomments&post=3688"}],"version-history":[{"count":1,"href":"https:\/\/rafalk-elblag.pl\/index.php?rest_route=\/wp\/v2\/posts\/3688\/revisions"}],"predecessor-version":[{"id":3691,"href":"https:\/\/rafalk-elblag.pl\/index.php?rest_route=\/wp\/v2\/posts\/3688\/revisions\/3691"}],"wp:featuredmedia":[{"embeddable":true,"href":"https:\/\/rafalk-elblag.pl\/index.php?rest_route=\/wp\/v2\/media\/3690"}],"wp:attachment":[{"href":"https:\/\/rafalk-elblag.pl\/index.php?rest_route=%2Fwp%2Fv2%2Fmedia&parent=3688"}],"wp:term":[{"taxonomy":"category","embeddable":true,"href":"https:\/\/rafalk-elblag.pl\/index.php?rest_route=%2Fwp%2Fv2%2Fcategories&post=3688"},{"taxonomy":"post_tag","embeddable":true,"href":"https:\/\/rafalk-elblag.pl\/index.php?rest_route=%2Fwp%2Fv2%2Ftags&post=3688"}],"curies":[{"name":"wp","href":"https:\/\/api.w.org\/{rel}","templated":true}]}}