{"id":3656,"date":"2020-02-15T10:14:50","date_gmt":"2020-02-15T10:14:50","guid":{"rendered":"http:\/\/rafalk-elblag.pl\/?p=3656"},"modified":"2020-02-22T18:11:08","modified_gmt":"2020-02-22T18:11:08","slug":"biuletyn-parafialny-nr-840-16-lutego-2020r-vi-niedziela-zwykla","status":"publish","type":"post","link":"https:\/\/rafalk-elblag.pl\/?p=3656","title":{"rendered":"Biuletyn parafialny nr 840 \/ 16 lutego 2020r. VI Niedziela Zwyk\u0142a"},"content":{"rendered":"<p><a href=\"#temat-840\">VI Rocznica nadania parafii tytu\u0142u Matki Bo\u017cej Szkaplerznej<br \/>\n<\/a><a href=\"#ogloszenia-840\">Og\u0142oszenia parafialne 16.02.2020<\/a><a href=\"#temat-840\"><br \/>\n<\/a><a href=\"#intencje-840\">Intencje mszalne 16.02.2020<\/a><\/p>\n<p>&nbsp;<\/p>\n<p><img decoding=\"async\" id=\"temat-840\" src=\"http:\/\/rafalk-elblag.pl\/wp-content\/uploads\/2020\/02\/slider_h3_830.jpg\"><\/p>\n<h1><a href=\"#temat-840\">VI Rocznica nadania parafii tytu\u0142u Matki Bo\u017cej Szkaplerznej<\/a><\/h1>\n<p><strong>Przez 18 lat w ko\u015bciele \u015bw. Rafa\u0142a Kalinowskiego Szkaplerz \u015awi\u0119ty przyj\u0119\u0142o ok. 3000 os\u00f3b, natomiast do Bractwa Szkaplerznego wst\u0105pi\u0142o 300 os\u00f3b. Od lipca 2002 r. ka\u017cdego szesnastego dnia miesi\u0105ca mo\u017cliwe jest przyj\u0119cie w czasie Mszy \u015awi\u0119tej wieczornej Szkaplerza Karmelita\u0144skiego. Z uwagi na apostolstwo szkaplerzne ko\u015bci\u00f3\u0142 w 2014 r. otrzyma\u0142 drugi tytu\u0142 Matki Bo\u017cej Szkaplerznej i odt\u0105d obok uroczysto\u015bci odpustowych ku czci \u015bw. Rafa\u0142a Kalinowskiego \u2013 20 listopada, parafia \u015bwi\u0119tuje tak\u017ce odpust 16 lipca w \u015bwi\u0119to Matki Bo\u017cej z G\u00f3ry Karmel.<\/strong><br \/>\nSzkaplerz to Znak Macierzy\u0144skiej Mi\u0142o\u015bci i Opieki Maryi. Szkaplerz Karmelita\u0144ski jest wykonany z sukna we\u0142nianego koloru br\u0105zowego. Sk\u0142ada si\u0119 z dw\u00f3ch kawa\u0142k\u00f3w materia\u0142u po\u0142\u0105czonych ze sob\u0105 dwoma sznurkami lub tasiemkami. Na jednym znajduje si\u0119 wizerunek Matki Bo\u017cej Szkaplerznej,<br \/>\na na drugim wizerunek Naj\u015bwi\u0119tszego Serca Pana Jezusa. Jest te\u017c cz\u0119sto zast\u0119powany Medalikiem z podobnymi wizerunkami.<br \/>\nZakon Karmelita\u0144ski zosta\u0142 uformowany i wy\u0142oniony z wsp\u00f3lnoty chrze\u015bcija\u0144skich pustelnik\u00f3w, kt\u00f3rzy przebywali na G\u00f3rze Karmel w Palestynie od V do XIII wieku. W 1209r. zosta\u0142a napisana oraz nadana zakonowi regu\u0142a, kt\u00f3ra by\u0142a oparta na sposobie ich \u017cycia. Pierwotna regu\u0142a napisana przez Alberta, kt\u00f3ry by\u0142 patriarch\u0105 jerozolimskim, zosta\u0142a zatwierdzona przez papie\u017ca Honoriusza III \u2013 3 stycznia 1226 r.<br \/>\nAby odr\u00f3\u017cni\u0107 si\u0119 od innych zakon\u00f3w nadali sobie nazw\u0119 \u201eFratres Beatae Mariae Virginis\u201d. Na Kapitule Generalnej w Barcelonie zosta\u0142y opublikowane pierwsze konstytucje zakonu w roku 1324: \u201edaj\u0105c \u015bwiadectwo prawdzie, m\u00f3wimy, \u017ce nast\u0119pcy Eliasza i Elizeusza zbudowali w tej miejscowo\u015bci (w pobli\u017cu \u017ar\u00f3d\u0142a Eliasza) ko\u015bci\u00f3\u0142 na cze\u015b\u0107 B\u0142ogos\u0142awionej Dziewicy Maryi i wybrali Jej imi\u0119 jako przydomek, z tego powodu i od tego czasu, z przywileju apostolskiego nazywali si\u0119 bra\u0107mi Naj\u015bwi\u0119tszej Maryi Panny z G\u00f3ry Karmelu\u201d. T\u0142umaczy\u0142o to ich nazw\u0119. Budowano wiele ko\u015bcio\u0142\u00f3w pod wezwaniem Matki Bo\u017cej, kt\u00f3re by\u0142y wyrazami wdzi\u0119czno\u015bci i czci. Papie\u017ce Sykstus IV oraz Juliusz II obdarzyli ko\u015bcio\u0142y zawierzone Matce Bo\u017cej odpustami. Zwiastowanie, Oczyszczenie, Narodzenie NMP i Wniebowzi\u0119cie to uroczysto\u015bci maryjne obchodzone od XIII wieku w zakonie. W XIV wieku zacz\u0119to obchodzi\u0107 jeszcze \u015bwi\u0119to Matki Bo\u017cej z G\u00f3ry Karmel, mia\u0142a to by\u0107 pami\u0105tka i wotum wdzi\u0119czno\u015bci za liczne i wielkie dobrodziejstwa, kt\u00f3rymi Maryja obdarzy\u0142a zakon. Pocz\u0105tkowo wprowadzone zosta\u0142o w Anglii, a nast\u0119pnie obowi\u0105zywa\u0142o od roku 1609 w ca\u0142ym zakonie. Nosi\u0142o nazw\u0119: \u015bwi\u0119to Matki Bo\u017cej Szkaplerznej. W Ko\u015bciele Katolickim zosta\u0142o wprowadzone 24 wrze\u015bnia 1726r. przez papie\u017ca Benedykta XIV.<\/p>\n<p><strong>Je\u015bli chodzi o tereny dzisiejszej diecezji elbl\u0105skiej to bractwo szkaplerzne dotar\u0142o do Prus na pocz\u0105tku XVIII wieku. Pierwsze bractwo zosta\u0142o zorganizowane w 1719 roku w Lubieszewie. By\u0142 to teren Oficjalatu Pomeza\u0144skiego. Bractwo to by\u0142o \u015bci\u015ble zwi\u0105zane z krakowskim zakonem karmelit\u00f3w. Na terenie diecezji pomeza\u0144skiej by\u0142o wiele bractw zw\u0142aszcza maryjnych m.in. Bractwo r\u00f3\u017ca\u0144cowe, Bractwo Niepokalanego Serca Maryi i wspomniane ju\u017c wcze\u015bniej Bractwo Szkaplerzne.<\/strong><\/p>\n<p><strong>W naszej parafii istnieje mo\u017cliwo\u015b\u0107 przyj\u0119cia Szkaplerza Karmelita\u0144skiego, a co za tym idzie &#8211; w\u0142\u0105czenia do Rodziny Karmelita\u0144skiej, a nast\u0119pnie do Bractwa Szkaplerznego. Tak\u0105 mo\u017cliwo\u015b\u0107 mamy 16 dnia ka\u017cdego miesi\u0105ca na Mszy \u015aw. o godz. 18.00, kiedy to Rodzina Szkaplerzna gromadzi si\u0119 na comiesi\u0119cznym spotkaniu formacyjnym.<\/strong><\/p>\n<p><strong>&nbsp;<\/strong><br \/>\n<img decoding=\"async\" id=\"ogloszenia-840\" src=\"http:\/\/rafalk-elblag.pl\/wp-content\/uploads\/2019\/09\/ogloszenia_parafialne.jpg\" width=\"800px\"><\/p>\n<h2>Og\u0142oszenia parafialne 16.02.2020<\/h2>\n<p>OG\u0141OSZENIA PARAFIALNE 16.02.2020r.<br \/>\nVI Niedziela Zwyk\u0142a<\/p>\n<p>1. <strong>Dok\u0142adnie dzisiaj &#8211; 16 lutego przypada VI rocznica nadania drugiego tytu\u0142u naszej \u015bwi\u0105tyni: MATKI BO\u017bEJ SZKAPLERZNEJ<\/strong>. Wszystkie osoby nale\u017c\u0105ce do RODZINY KARMELITA\u0143SKIEJ i pragn\u0105ce tego dnia przyj\u0105\u0107 szkaplerz \u015bwi\u0119ty zapraszam na Msz\u0119 \u015bw. o godz. 18:00. Po Mszy \u015bw. kr\u00f3tkie nabo\u017ce\u0144stwo przed obrazem Matki Bo\u017cej Szkaplerznej.<br \/>\n2. <strong>Informujemy o najbli\u017cszych spotkaniach kandydat\u00f3w przygotowuj\u0105cych si\u0119 do przyj\u0119cia sakramentu bierzmowania<\/strong>:<br \/>\n<strong>Rok I<\/strong> \u2013 Grupa I \/ spotkanie z ks. Marcinem: <strong>wtorek 25 lutego g. 19.00<\/strong><br \/>\n<strong>Rok II<\/strong> \u2013 Grupa I \/ spotkanie z ks. Piotrem: <strong>wtorek 25 lutego g. 19.00<\/strong><br \/>\n3. <strong>SZKO\u0141A PODSTAWOWA NR 11 im. Kornela Makuszy\u0144skiego<\/strong> przy ul. Korczaka 34 zaprasza na <strong>Drzwi Otwarte dnia 20.02.2020 r. od godz. 17:00<\/strong> b\u0119dzie EKOSMERFNIE! Serdecznie zapraszamy dzieci 6 i 7- letnie wraz z rodzicami.<br \/>\n4. <strong>Centrum Nowej Ewangelizacji w Elbl\u0105gu wraz ze wsp\u00f3lnot\u0105 \u201eBogu Ducha Winni\u201d<\/strong> zamierza przeprowadzi\u0107 sz\u00f3st\u0105 edycj\u0119 <strong>Kursu Alpha<\/strong>. Kurs Alpha to cykl 11 interaktywnych spotka\u0144, opartych na go\u015bcinno\u015bci, wymianie pogl\u0105d\u00f3w i modlitwie, w czasie kt\u00f3rych odkrywamy podstawy chrze\u015bcija\u0144skiej wiary. Ka\u017cde spotkanie obejmuje posi\u0142ek, wyk\u0142ad i dyskusj\u0119 w ma\u0142ych grupach. Kurs Alpha jest skierowany do os\u00f3b, kt\u00f3re chc\u0105 zaznajomi\u0107 si\u0119 z chrze\u015bcija\u0144stwem, lub tych kt\u00f3rzy pragn\u0105 od\u015bwie\u017cy\u0107 sobie podstawy wiary. <strong>Pierwsze spotkanie odb\u0119dzie si\u0119 w ko\u015bciele Bo\u017cego Cia\u0142a dnia 27 lutego br. o godz. 19:00<\/strong>. Osoby ch\u0119tne s\u0105 proszone o wcze\u015bniejsze zg\u0142oszenie udzia\u0142u telefonicznie lub mailowo (telefon: 735 583 171; e-mail: alphaelblag@gmail.com). Kurs jest bezp\u0142atny.<br \/>\n5. <strong>Za tydzie\u0144 Caritas parafialna<\/strong> b\u0119dzie zbiera\u0142a ofiary do puszki dla os\u00f3b potrzebuj\u0105cych pomocy. Dzi\u0119kujemy za zrozumienie. <strong>Natomiast dzisiaj spotkanie formacyjne dla Apostolatu Bo\u017cego Mi\u0142osierdzia i Wolontariuszy Caritas po Mszy \u015bw. o godz. 15:00.<\/strong><br \/>\n6. <strong>Przypominamy, \u017ce za tydzie\u0144 tj. 23 lutego br. Msza \u015bw. o godz. 15:00 z nauk\u0105 dla rodzic\u00f3w, kt\u00f3rych dzieci przygotowuj\u0105 si\u0119 do I Komunii \u015bw<\/strong>. Zapraszamy te\u017c ca\u0142e rodziny do udzia\u0142u w tej Eucharystii, kt\u00f3ra rozpocznie si\u0119 Koronk\u0105 do Bo\u017cego Mi\u0142osierdzia.<br \/>\n7. <strong>Grupa rodzinna Al-Anon \u015amieszki<\/strong> zaprasza na mityng otwarty z okazji 29 lat istnienia, kt\u00f3ry odb\u0119dzie si\u0119 27 lutego (czwartek) 2020 r. o godz. 17:00 w salce na plebanii.<br \/>\n8. <strong>Pos\u0142uga w konfesjonale w tygodniu<\/strong>: rano od 7:45 a wieczorem od 17:30. Zapraszamy. Przyjd\u017a wcze\u015bniej i skorzystaj z Sakramentu Pokuty.<br \/>\n9. <strong>Wszystkim Jubilatom i Solenizantom<\/strong> tego tygodnia \u017cyczymy wielu \u0142ask Bo\u017cych i opieki Matki Bo\u017cej Szkaplerznej.<br \/>\n10. <strong>Przed ko\u015bcio\u0142em mo\u017cna naby\u0107 pras\u0119 katolick\u0105<\/strong>: \u201eGo\u015b\u0107 Niedzielny\u201d w cenie 6 z\u0142.<\/p>\n<p>Numer Konta Parafialnego<br \/>\nPKO BP 72 1020 1752 0000 0102 0069 6047<\/p>\n<p>&nbsp;<\/p>\n<p><img decoding=\"async\" id=\"intencje-840\" src=\"http:\/\/rafalk-elblag.pl\/wp-content\/uploads\/2019\/09\/intencje_mszalne.jpg\" width=\"800px\"><\/p>\n<h2>Intencje mszalne 16.02.2020<\/h2>\n<p>\u2020 INTENCJE MSZALNE \u2020<\/p>\n<p><strong>PONIEDZIA\u0141EK&nbsp; 17 lutego 2020r.&nbsp;<\/strong>&nbsp;&nbsp;&nbsp;&nbsp;&nbsp;&nbsp;&nbsp; &nbsp; &nbsp; &nbsp; &nbsp; &nbsp; &nbsp; &nbsp; &nbsp; &nbsp; &nbsp; &nbsp; &nbsp; &nbsp; &nbsp;&nbsp; Mk 8, 11-13<br \/>\n8.00 \u2020 Fabian U\u015bcinowicz w 32 r.\u015bm.<br \/>\n18.00 \u2020 Zofia Rynkowska-Hipsz (17 greg.)<br \/>\n18.00 \u2020 Jan Derenda w 5 r.\u015bm.<\/p>\n<p><strong>WTOREK 18 lutego 2020r.&nbsp;&nbsp;&nbsp;&nbsp;<\/strong>&nbsp;&nbsp;&nbsp;&nbsp;&nbsp;&nbsp;&nbsp;&nbsp;&nbsp;&nbsp;&nbsp;&nbsp;&nbsp;&nbsp;&nbsp;&nbsp;&nbsp;&nbsp;&nbsp;&nbsp;&nbsp;&nbsp;&nbsp;&nbsp;&nbsp;&nbsp;&nbsp;&nbsp;&nbsp;&nbsp;&nbsp;&nbsp;&nbsp;&nbsp;&nbsp;&nbsp;&nbsp;&nbsp;&nbsp;&nbsp;&nbsp;&nbsp;&nbsp;&nbsp;&nbsp; Mk 8, 14-21<br \/>\n8.00 \u2020 Zofia Rynkowska-Hipsz (18 greg.)<br \/>\n18.00 \u2020 Sabina Jasnoch w 30 dpp.<br \/>\n18.00 \u2020 Genowefa Tomczy\u0144ska w 3 miesi\u0105c po pogrzebie<\/p>\n<p><strong>\u015aRODA 19 lutego 2020r.&nbsp;&nbsp;&nbsp;&nbsp;&nbsp;&nbsp;&nbsp;&nbsp;<\/strong>&nbsp;&nbsp;&nbsp;&nbsp;&nbsp;&nbsp;&nbsp;&nbsp;&nbsp;&nbsp;&nbsp;&nbsp;&nbsp;&nbsp;&nbsp;&nbsp;&nbsp;&nbsp;&nbsp;&nbsp;&nbsp;&nbsp;&nbsp;&nbsp;&nbsp;&nbsp;&nbsp;&nbsp;&nbsp;&nbsp;&nbsp;&nbsp;&nbsp;&nbsp;&nbsp;&nbsp;&nbsp;&nbsp;&nbsp;&nbsp;&nbsp;&nbsp;&nbsp;&nbsp;&nbsp;&nbsp; Mk 8, 22-26<br \/>\n8.00 \u2020 Janina Rybczy\u0144ska w 30 dpp.<br \/>\n18.00 \u2020 Zofia Rynkowska-Hipsz (19 greg.)<br \/>\n18.00 \u2020 Franciszek i Halina Kre\u0144scy<\/p>\n<p><strong>CZWARTEK 20 lutego 2020r.&nbsp;&nbsp;&nbsp;<\/strong>&nbsp;&nbsp;&nbsp;&nbsp;&nbsp;&nbsp;&nbsp;&nbsp;&nbsp;&nbsp;&nbsp;&nbsp;&nbsp; &nbsp; &nbsp; &nbsp; &nbsp; &nbsp; &nbsp; &nbsp; &nbsp; &nbsp; &nbsp; &nbsp; &nbsp; &nbsp; &nbsp; Mk 8, 27-33<br \/>\n8.00 \u2020 Zofia Rynkowska-Hipsz (20 greg.)<br \/>\n18.00 \u2020 Stanis\u0142aw Jasi\u0144ski z ok. ziemskich urodzin i zm. z rodz. Bajson\u00f3w, Jasi\u0144skich i Kachnowicz\u00f3w<br \/>\n18.00 \u2020 Barbara i Andrzej Zieli\u0144scy w 8 r.\u015bm.<\/p>\n<p><strong>PI\u0104TEK 21 lutego 2020r. \/ \u015bw. Piotra Damianiego&nbsp;<\/strong>&nbsp;&nbsp;&nbsp;&nbsp;&nbsp;&nbsp;&nbsp;&nbsp;&nbsp;&nbsp;&nbsp; Mk 8, 34-9,1<br \/>\n8.00 \u2020 Andrzej W\u0119gielewski w 30 dpp.<br \/>\n18.00 \u2020 Zofia Rynkowska-Hipsz (21 greg.)<br \/>\n18.00 Dzi\u0119k. w 11 urodziny Piotra Abucewicza z pro\u015bb\u0105 o Bo\u017ce b\u0142og. i potrzebne \u0142aski<\/p>\n<p><strong>SOBOTA 22 lutego 2020r. \/ Katedry \u015bw. Piotra Aposto\u0142a<\/strong>&nbsp;&nbsp;&nbsp;&nbsp;&nbsp;&nbsp;&nbsp;&nbsp;&nbsp;&nbsp;&nbsp; Mt 16, 13-19<br \/>\n8.00 \u2020 Zofia Rynkowska-Hipsz (22 greg.)<br \/>\n18.00 \u2020 Roman Potapowicz<br \/>\n18.00 Dzi\u0119k. w dniu urodzin Tomasza Szczepanika z pro\u015bb\u0105 o Bo\u017ce b\u0142og. i dary Ducha \u015aw.<\/p>\n<p><strong>VII Niedziela Zwyk\u0142a \/ 23 lutego 2020r.&nbsp;&nbsp;&nbsp;&nbsp;<\/strong>&nbsp;&nbsp;&nbsp;&nbsp;&nbsp;&nbsp;&nbsp;&nbsp;&nbsp;&nbsp;&nbsp;&nbsp;&nbsp;&nbsp;&nbsp;&nbsp;&nbsp;&nbsp;&nbsp;&nbsp;&nbsp;&nbsp;&nbsp;&nbsp;&nbsp;&nbsp;&nbsp;&nbsp;&nbsp;&nbsp;&nbsp;&nbsp;&nbsp;&nbsp;&nbsp;&nbsp;&nbsp;&nbsp;&nbsp; Mt 5, 38-48<br \/>\n7.00 \u2020 Emilia i Wac\u0142aw Czeszejko-Sochaccy<br \/>\n9.00&nbsp; Rez.<br \/>\n9.00 \u2020 Zofia Rynkowska-Hipsz (23 greg.)<br \/>\n10.30 \u2020 Maciej<br \/>\n12.00 W intencji Parafian<br \/>\n12.00 Dzi\u0119k. w 46 rocz. \u015blubu Barbary i Henryka Jackiewicz\u00f3w z pro\u015bb\u0105 o Bo\u017ce b\u0142og. dla Jubilat\u00f3w<br \/>\n15.00 \u2020 Wiktoria i W\u0142adys\u0142aw Bielscy, Maria Chrapowicka, S\u0142awomir Kulpa<br \/>\n18.00 \u2020 Wac\u0142aw Hryniewicki w r.\u015bm., Janusz i Beata Hryniewiccy<\/p>\n","protected":false},"excerpt":{"rendered":"<p>VI Rocznica nadania parafii tytu\u0142u Matki Bo\u017cej Szkaplerznej Og\u0142oszenia parafialne 16.02.2020 Intencje mszalne 16.02.2020 &nbsp; VI Rocznica nadania parafii tytu\u0142u Matki Bo\u017cej Szkaplerznej Przez 18 lat w ko\u015bciele \u015bw. Rafa\u0142a Kalinowskiego Szkaplerz \u015awi\u0119ty przyj\u0119\u0142o ok. 3000 os\u00f3b, natomiast do Bractwa Szkaplerznego wst\u0105pi\u0142o 300 os\u00f3b. Od lipca 2002 r. ka\u017cdego szesnastego dnia miesi\u0105ca mo\u017cliwe jest przyj\u0119cie [&hellip;]<\/p>\n","protected":false},"author":1,"featured_media":3692,"comment_status":"closed","ping_status":"closed","sticky":false,"template":"","format":"standard","meta":{"ngg_post_thumbnail":0,"footnotes":""},"categories":[11,8,4,3],"tags":[],"class_list":["post-3656","post","type-post","status-publish","format-standard","has-post-thumbnail","hentry","category-aktualnosci","category-blog","category-intencje","category-ogloszenia"],"_links":{"self":[{"href":"https:\/\/rafalk-elblag.pl\/index.php?rest_route=\/wp\/v2\/posts\/3656","targetHints":{"allow":["GET"]}}],"collection":[{"href":"https:\/\/rafalk-elblag.pl\/index.php?rest_route=\/wp\/v2\/posts"}],"about":[{"href":"https:\/\/rafalk-elblag.pl\/index.php?rest_route=\/wp\/v2\/types\/post"}],"author":[{"embeddable":true,"href":"https:\/\/rafalk-elblag.pl\/index.php?rest_route=\/wp\/v2\/users\/1"}],"replies":[{"embeddable":true,"href":"https:\/\/rafalk-elblag.pl\/index.php?rest_route=%2Fwp%2Fv2%2Fcomments&post=3656"}],"version-history":[{"count":2,"href":"https:\/\/rafalk-elblag.pl\/index.php?rest_route=\/wp\/v2\/posts\/3656\/revisions"}],"predecessor-version":[{"id":3662,"href":"https:\/\/rafalk-elblag.pl\/index.php?rest_route=\/wp\/v2\/posts\/3656\/revisions\/3662"}],"wp:featuredmedia":[{"embeddable":true,"href":"https:\/\/rafalk-elblag.pl\/index.php?rest_route=\/wp\/v2\/media\/3692"}],"wp:attachment":[{"href":"https:\/\/rafalk-elblag.pl\/index.php?rest_route=%2Fwp%2Fv2%2Fmedia&parent=3656"}],"wp:term":[{"taxonomy":"category","embeddable":true,"href":"https:\/\/rafalk-elblag.pl\/index.php?rest_route=%2Fwp%2Fv2%2Fcategories&post=3656"},{"taxonomy":"post_tag","embeddable":true,"href":"https:\/\/rafalk-elblag.pl\/index.php?rest_route=%2Fwp%2Fv2%2Ftags&post=3656"}],"curies":[{"name":"wp","href":"https:\/\/api.w.org\/{rel}","templated":true}]}}