{"id":3649,"date":"2020-02-09T08:59:57","date_gmt":"2020-02-09T08:59:57","guid":{"rendered":"http:\/\/rafalk-elblag.pl\/?p=3649"},"modified":"2020-02-09T08:59:57","modified_gmt":"2020-02-09T08:59:57","slug":"biuletyn-parafialny-nr-839-9-lutego-2020r-v-niedziela-zwykla","status":"publish","type":"post","link":"https:\/\/rafalk-elblag.pl\/?p=3649","title":{"rendered":"Biuletyn parafialny nr 839 \/ 9 lutego 2020r. V Niedziela Zwyk\u0142a"},"content":{"rendered":"<p><a href=\"#temat-839\">\u015awi\u0119ci Cyryl i Metody &#8211; patroni Europy<br \/>\n<\/a><a href=\"#ogloszenia-839\">Og\u0142oszenia parafialne 9.02.2020<\/a><a href=\"#temat-839\"><br \/>\n<\/a><a href=\"#intencje-839\">Intencje mszalne 9.02.2020<\/a><\/p>\n<p>&nbsp;<\/p>\n<p><img decoding=\"async\" id=\"temat-839\" src=\"http:\/\/rafalk-elblag.pl\/wp-content\/uploads\/2020\/02\/slider_839.jpg\"><\/p>\n<h1><a href=\"#temat-839\">\u015awi\u0119ci Cyryl i Metody &#8211; patroni Europy<br \/>\n<\/a><\/h1>\n<p>\u015aW. CYRYL I METODY \u2013 PATRONI EUROPY<br \/>\n<strong>31 grudnia 1980 r., w li\u015bcie apostolskim \u201eEgregiae virtutis\u201d, Ojciec \u015awi\u0119ty Jan Pawe\u0142 II og\u0142osi\u0142 \u015awi\u0119tych Cyryla i Metodego wsp\u00f3\u0142patronami Europy &#8211; obok \u015bw. Benedykta. Zamiarem Papie\u017ca by\u0142o ukazanie obu \u015bwi\u0119tych jako patron\u00f3w ruchu ekumenicznego,maj\u0105cego na uwadze powr\u00f3t do utraconej jedno\u015bci Ko\u015bcio\u0142a. \u015awi\u0119ci <\/strong><strong>wsp\u00f3\u0142patronowie Europy ukazuj\u0105, \u017ce tradycje Wschodu i Zachodu mo\u017cna piel\u0119gnowa\u0107 odr\u0119bnie, z zachowaniem jedno\u015bci. W zwi\u0105zku z tym, liturgiczne wspomnienie obu \u015awi\u0119tych, obchodzone 14 lutego, zosta\u0142o podniesione do rangi \u015bwi\u0119ta.<\/strong> Cyryl i Metody, to imiona zakonne braci Konstantyna i Micha\u0142a, zwanych Bra\u0107mi So\u0142u\u0144skimi. Urodzili si\u0119 w Tesalonikach, nazywanych przez S\u0142owian So\u0142uniem (obecne Saloniki), w Grecji. Cyryl (Konstanty) urodzi\u0142 si\u0119 w 826 lub 828 r. w bogobojnej rodzinie, jako ostatni z siedmiorga rodze\u0144stwa. By\u0142 wybitnie uzdolniony, dlatego jego ojciec Leon, wy\u017cszy oficer miejscowego garnizonu, wys\u0142a\u0142 go na dalsze studia do Konstantynopola. Po ich uko\u0144czeniu i przyj\u0119ciu \u015bwi\u0119ce\u0144, Konstanty zosta\u0142 bibliotekarzem przy \u015bwi\u0105tyni Hagia Sofia. Szukaj\u0105c innej drogi \u017cycia, uda\u0142 si\u0119 do pewnego klasztoru nad Bosforem. P\u00f3\u017aniej powo\u0142ano go na wyk\u0142adowc\u0119 filozofii w szkole cesarskiej. W 855 r. uda\u0142 si\u0119 na g\u00f3r\u0119 Olimp do klasztoru Polychron w Bitynii, gdzie ju\u017c przebywa\u0142 jego starszy brat, Metody.<\/p>\n<p>Metody (Micha\u0142) urodzi\u0142 si\u0119 pomi\u0119dzy 815 a 820 r. Jako zdolny prawnik odda\u0142 si\u0119 karierze urz\u0119dniczej. Przez pewien czas by\u0142 namiestnikiem cesarskim w jednej z prowincji s\u0142owia\u0144skich. Micha\u0142 pragn\u0105\u0142 jednak \u017cy\u0107 na chwa\u0142\u0119 Bo\u017c\u0105. W 840 r. wst\u0105pi\u0142 do klasztoru na Olimpie w Bitynii i przybra\u0142 imi\u0119 Metody. B\u0119d\u0105c prze\u0142o\u017conym tego klasztoru, przyj\u0105\u0142 swego brata Cyryla. <strong>Cyryl i Metody s\u0105 uwa\u017cani za aposto\u0142\u00f3w S\u0142owian. Sw\u0105 dzia\u0142alno\u015b\u0107 misyjn\u0105 i apostolsk\u0105 w\u015br\u00f3d S\u0142owian prowadzili w \u0142\u0105czno\u015bci z Patriarchatem w Konstantynopolu oraz ze Stolic\u0105 Apostolsk\u0105 w Rzymie, kt\u00f3ra potwierdzi\u0142a ich misj\u0119. Dali oni w ten spos\u00f3b dow\u00f3d jedno\u015bci Ko\u015bcio\u0142a Wschodu i Zachodu, r\u00f3\u017cni\u0105cego si\u0119 sprawowanym obrz\u0105dkiem liturgicznym, wynikaj\u0105cym z odmiennych mentalno\u015bci ludzi.<\/strong> Cyryl wraz z Metodym przedstawiani s\u0105 jako misjonarze ze zwojami pisma z alfabetem s\u0142owia\u0144skim, ksi\u0119g\u0105 i krzy\u017cem. Ikonografia przedstawia ich tak\u017ce ubranych w ornaty Ko\u015bcio\u0142a zachodniego lub jako biskup\u00f3w s\u0142owia\u0144skich. Przedstawiane bywaj\u0105 tak\u017ce sceny z pracy misyjnej \u015bwi\u0119tych Braci. Ich atrybutem jest r\u00f3wnie\u017c ko\u015bci\u00f3\u0142 jako budowla. Ponadto wyr\u00f3\u017cnikiem Cyryla jest anio\u0142. S\u0105 patronami pojednania Ko\u015bcio\u0142a. Sprawuj\u0105 patronat nad zakonem Braci Pocieszycieli, nad Bu\u0142gari\u0105 i ca\u0142\u0105 Europ\u0105. Od 1863 r. uznawani byli za patron\u00f3w S\u0142owian. Wzywani s\u0105 do ochrony przed burz\u0105. W naszej archidiecezji, \u015awi\u0119tym Cyrylowi i Metodemu (obok \u015bw. Benedykta) jest po\u015bwi\u0119cona parafia w Przemy\u015blu na Kazanowie.<\/p>\n<p>&nbsp;<br \/>\n<img decoding=\"async\" id=\"ogloszenia-839\" src=\"http:\/\/rafalk-elblag.pl\/wp-content\/uploads\/2019\/09\/ogloszenia_parafialne.jpg\" width=\"800px\"><\/p>\n<h2>Og\u0142oszenia parafialne 09.02.2020<\/h2>\n<p>OG\u0141OSZENIA PARAFIALNE 09.02.2020r.<br \/>\nV Niedziela Zwyk\u0142a<\/p>\n<p>1. <strong>Jutro 10 lutego przypada 80 rocznica pierwszej deportacji Polak\u00f3w na Sybir<\/strong>. Tego dnia o godz. 18:00 b\u0119dzie sprawowana Msza \u015bw. w intencji Sybirak\u00f3w. Serdecznie zapraszamy do wsp\u00f3lnej modlitwy.<br \/>\n2.<strong> We wtorek 11 lutego przypada 162 rocznica Objawie\u0144 Matki Bo\u017cej z Lourdes<\/strong>, a zarazem jest to <strong>\u015aWIATOWY DZIE\u0143 CHOREGO<\/strong>. Chorych i ich opiekun\u00f3w zapraszamy szczeg\u00f3lnie na Msz\u0119 \u015bw. o godz. 11:00, w trakcie kt\u00f3rej zostanie udzielony Sakrament Namaszczenia Chorych (jest to sakrament tylko dla tych, kt\u00f3rzy b\u0119d\u0105 w stanie \u0142aski u\u015bwi\u0119caj\u0105cej). Mo\u017cliwo\u015b\u0107 skorzystania z sakramentu spowiedzi przed Msz\u0105 \u015bw. Zapraszamy.<br \/>\n3. <strong>W \u015brod\u0119 12 lutego br. spotkanie Kr\u0119gu Biblijnego o godz. 18:45<\/strong>. Ksi\u0105dz Piotr serdecznie zaprasza i przypomina, \u017ce spotkania KR\u0118GU BIBLIJNEGO odbywaj\u0105 si\u0119 w II i IV \u015brod\u0119 miesi\u0105ca.<br \/>\n4. <strong>Ks. Marcin zaprasza m\u0142odzie\u017c na spotkanie Katolickiego Stowarzyszenia M\u0142odzie\u017cy \u201eBoanerges\u201d<\/strong> w ka\u017cd\u0105 \u015brod\u0119 na godz. 19:00 do sali na plebanii.<br \/>\n5. <strong>M\u0142odzie\u017c przygotowuj\u0105c\u0105 do SAKRAMENTU BIERZMOWANIA zapraszamy:<\/strong><br \/>\n\uf0b7 <strong>pierwszy rok<\/strong> (klasy VIII Szko\u0142y Podstawowej) w czwartek g. 19.00<br \/>\n\uf0b7 <strong>drugi rok<\/strong> (uczniowie po Szkole Podstawowej) we wtorek g. 19.00<br \/>\n\uf0b7 <strong>drugi rok<\/strong> (uczniowie po Gimnazjum) we wtorek g. 19.00<br \/>\nKs. Marcin i ks. Piotr licz\u0105 na 100% obecno\u015b\u0107 \uf04a<\/p>\n<p>6. <strong>Parafia \u015awi\u0119tej Rodziny w Elbl\u0105gu zaprasza na REKOLEKCJE EWANGELIZACYJNE ODNOWY W DUCHU \u015aWI\u0118TYM<\/strong> \u2013 osoby, kt\u00f3re w swoim \u017cyciu prze\u017cywaj\u0105 t\u0119sknot\u0119 za Bogiem, pogubi\u0142y si\u0119, straci\u0142y sens \u017cycia lub chc\u0105 pozna\u0107 prawdziw\u0105 MI\u0141O\u015a\u0106. Rozpocz\u0119cie &#8211; 10 lutego Msz\u0105 \u015bw. o godz. 18:00<br \/>\n7. <strong>Zapraszamy osoby odpowiedzialne za poszczeg\u00f3lne MARGARETKI w naszej parafii<\/strong> na spotkanie w sobot\u0119 15 lutego br. o godz. 19:00 na plebani\u0119. Obecno\u015b\u0107 obowi\u0105zkowa.<br \/>\n8. <strong>W przysz\u0142\u0105 niedziel\u0119 &#8211; 16 lutego br. przypada VI rocznica nadania drugiego tytu\u0142u naszej \u015bwi\u0105tyni: MATKI BO\u017bEJ SZKAPLERZNEJ<\/strong>. Wszystkie osoby nale\u017c\u0105ce do RODZINY KARMELITA\u0143SKIEJ i pragn\u0105ce tego dnia przyj\u0105\u0107 szkaplerz \u015bwi\u0119ty zapraszam na Msz\u0119 \u015bw. o godz. 18:00. Po Mszy \u015bw. kr\u00f3tkie nabo\u017ce\u0144stwo przed obrazem Matki Bo\u017cej Szkaplerznej.<br \/>\n9. <strong>Informujemy o mo\u017cliwo\u015bci rezerwacji i zamawiania Mszy \u015bw. na ca\u0142y bie\u017c\u0105cy rok.<\/strong> Niech Eucharystia stanie si\u0119 dzi\u0119kczynieniem za prze\u017cyte lata, rocznice sakramentu ma\u0142\u017ce\u0144stwa, imienin itp. Msza \u015bw. jest najpi\u0119kniejszym darem, w kt\u00f3rym mo\u017cemy tu na ziemi uczestniczy\u0107.<br \/>\n10. <strong>Przed ko\u015bcio\u0142em mo\u017cna naby\u0107 pras\u0119 katolick\u0105<\/strong>: \u201eGo\u015b\u0107 Niedzielny\u201d w cenie 6 z\u0142.<br \/>\n11. <strong>Kancelaria Parafialna czynna<\/strong>: w \u015brody od godz. 16:00 do godz. 17:30 oraz w sobot\u0119 od godz. 10:30 do 12:00. Zapraszamy.<\/p>\n<p>&nbsp;<\/p>\n<p><img decoding=\"async\" id=\"intencje-839\" src=\"http:\/\/rafalk-elblag.pl\/wp-content\/uploads\/2019\/09\/intencje_mszalne.jpg\" width=\"800px\"><\/p>\n<h2>Intencje mszalne 09.02.2020<\/h2>\n<p>\u2020 INTENCJE MSZALNE \u2020<\/p>\n<p><strong>PONIEDZIA\u0141EK 10 lutego 2020r. \/ \u015bw. Scholastyki&nbsp;&nbsp;&nbsp;&nbsp;<\/strong>&nbsp;&nbsp;&nbsp;&nbsp;&nbsp;&nbsp; Mk 6, 53-56<br \/>\n8.00 \u2020 J\u00f3zef Oszejko w 30 dpp.<br \/>\n18.00\u2020 Zofia Rynkowska-Hipsz (10 greg.)<br \/>\n18.00 W intencji Sybirak\u00f3w \u2013 w rocznic\u0119 1 deportacji na Sybir<\/p>\n<p><strong>WTOREK 11 lutego 2020r.&nbsp;&nbsp;&nbsp;&nbsp;<\/strong>&nbsp;&nbsp;&nbsp;&nbsp;&nbsp;&nbsp;&nbsp;&nbsp;&nbsp;&nbsp;&nbsp;&nbsp;&nbsp;&nbsp;&nbsp;&nbsp;&nbsp;&nbsp;&nbsp;&nbsp;&nbsp;&nbsp;&nbsp;&nbsp;&nbsp;&nbsp;&nbsp;&nbsp;&nbsp;&nbsp;&nbsp;&nbsp;&nbsp;&nbsp;&nbsp;&nbsp;&nbsp;&nbsp;&nbsp;&nbsp;&nbsp;&nbsp;&nbsp;&nbsp;&nbsp;&nbsp;&nbsp;&nbsp;&nbsp;&nbsp; Mk 7, 1-13<br \/>\n8.00 \u2020 Zofia Rynkowska-Hipsz (11 greg.)<br \/>\n11.00 W intencji ludzi chorych<br \/>\n18.00 Dzi\u0119k. za dar \u017cycia dzieci: Grzegorza, Gosi, Janka, Stasia, Jakuba, J\u00f3zia i \u0141ucji, z pro\u015bb\u0105 o uzdrowienie \u0141ucji<br \/>\n18.00 \u2020 Zenobia i J\u00f3zef \u0141ubniccy<br \/>\n18.00 \u2020 Julian Hochleitner w 5 r.\u015bm., Cecylia Lewandowska w 9 r.\u015bm.<\/p>\n<p><strong>\u015aRODA 12 lutego 2020r.&nbsp;&nbsp;&nbsp;&nbsp;&nbsp;&nbsp;&nbsp;<\/strong>&nbsp;&nbsp;&nbsp;&nbsp;&nbsp;&nbsp;&nbsp;&nbsp;&nbsp;&nbsp;&nbsp;&nbsp;&nbsp;&nbsp;&nbsp;&nbsp;&nbsp;&nbsp;&nbsp;&nbsp;&nbsp;&nbsp;&nbsp;&nbsp;&nbsp;&nbsp;&nbsp;&nbsp;&nbsp;&nbsp;&nbsp;&nbsp;&nbsp;&nbsp;&nbsp;&nbsp;&nbsp;&nbsp;&nbsp;&nbsp;&nbsp;&nbsp;&nbsp;&nbsp;&nbsp;&nbsp;&nbsp;&nbsp;&nbsp; Mk 7, 14-23<br \/>\n8.00 \u2020 Danuta Adamczuk w 30 dpp.<br \/>\n18.00 \u2020 Zofia Rynkowska-Hipsz (12 greg.)<br \/>\n18.00 \u2020 Maria i Jan Gibasowie<\/p>\n<p><strong>CZWARTEK 13 lutego 2020r.&nbsp;&nbsp;&nbsp;&nbsp;&nbsp;<\/strong>&nbsp;&nbsp;&nbsp;&nbsp;&nbsp;&nbsp;&nbsp;&nbsp;&nbsp;&nbsp;&nbsp;&nbsp;&nbsp;&nbsp;&nbsp;&nbsp;&nbsp;&nbsp;&nbsp;&nbsp;&nbsp;&nbsp;&nbsp;&nbsp;&nbsp;&nbsp;&nbsp;&nbsp;&nbsp;&nbsp;&nbsp;&nbsp;&nbsp;&nbsp;&nbsp;&nbsp;&nbsp;&nbsp;&nbsp;&nbsp;&nbsp; Mk 7, 24-30<br \/>\n8.00 \u2020 Zofia Rynkowska-Hipsz (13 greg.)<br \/>\n18.00 \u2020 Henryk Pawlicki z ok. ziemskich urodzin<br \/>\n18.00 \u2020 Ryszard Blank (19 r.\u015bm), Andrzej Blank (18 r.\u015bm.), Zofia i Zbigniew<\/p>\n<p><strong>PI\u0104TEK 14 lutego 2020r. \/ \u015bw. Cyryla i Metodego&nbsp;<\/strong>&nbsp;&nbsp;&nbsp;&nbsp;&nbsp;&nbsp;&nbsp;&nbsp;&nbsp;&nbsp;&nbsp;&nbsp; \u0141k 10, 1-9<br \/>\n8.00 \u2020 Krzysztof B\u0105k w 3 r.\u015bm.<br \/>\n18.00 \u2020 Zofia Rynkowska-Hipsz (14 greg.)<br \/>\n18.00 O Bo\u017ce b\u0142. opiek\u0119 MB i potrzebne \u0142aski dla Marii Barbary Przybu\u0142ek z ok. 75 urodzin<\/p>\n<p><strong>SOBOTA 15 lutego 2020r.&nbsp;&nbsp;&nbsp;&nbsp;<\/strong>&nbsp;&nbsp;&nbsp;&nbsp;&nbsp;&nbsp;&nbsp;&nbsp;&nbsp;&nbsp;&nbsp;&nbsp;&nbsp;&nbsp;&nbsp;&nbsp;&nbsp;&nbsp;&nbsp;&nbsp;&nbsp;&nbsp;&nbsp;&nbsp;&nbsp;&nbsp;&nbsp;&nbsp;&nbsp;&nbsp;&nbsp;&nbsp;&nbsp;&nbsp;&nbsp;&nbsp;&nbsp;&nbsp;&nbsp;&nbsp;&nbsp;&nbsp;&nbsp;&nbsp;&nbsp;&nbsp;&nbsp;&nbsp;&nbsp;&nbsp;&nbsp; Mk 8, 1-10<br \/>\n8.00 \u2020 Zofia Rynkowska-Hipsz (15 greg.)<br \/>\n18.00 \u2020 Weronika Czajkowska w 22 r.\u015bm.<br \/>\n18.00 \u2020 Roman Tykarski w 9 miesi\u0105c po \u015bmierci<\/p>\n<p><strong>VI Niedziela Zwyk\u0142a \/ 16 lutego 2020r.&nbsp;<\/strong>&nbsp;&nbsp;&nbsp;&nbsp;&nbsp;&nbsp;&nbsp;&nbsp;&nbsp;&nbsp;&nbsp;&nbsp;&nbsp;&nbsp;&nbsp;&nbsp;&nbsp;&nbsp;&nbsp;&nbsp;&nbsp;&nbsp;&nbsp;&nbsp;&nbsp;&nbsp;&nbsp;&nbsp;&nbsp;&nbsp;&nbsp;&nbsp; Mt 5, 17-37<br \/>\n7.00 \u2020 Teresa Cesarska w 11 r.\u015bm. i zm. z rodz. Tubilewicz\u00f3w<br \/>\n9.00 \u2020 Wanda i Feliks Kwiatkowscy, Jolanta Kaczmarska<br \/>\n9.00 \u2020 Zofia Rynkowska-Hipsz (16 greg.)<br \/>\n10.30 \u2020 Jerzy w 2 r.\u015bm.<br \/>\n12.00 W intencji Parafian<br \/>\n15.00 Dzi\u0119k. w 85 urodziny Marianny Idzikowskiej z pro\u015bb\u0105 o Bo\u017ce b\u0142og., opiek\u0119 MB i dary Ducha \u015bw. dla jubilatki<br \/>\n18.00 W int. Bractwa Szkaplerznego i os\u00f3b, kt\u00f3re przyjm\u0105 szkaplerz<\/p>\n","protected":false},"excerpt":{"rendered":"<p>\u015awi\u0119ci Cyryl i Metody &#8211; patroni Europy Og\u0142oszenia parafialne 9.02.2020 Intencje mszalne 9.02.2020 &nbsp; \u015awi\u0119ci Cyryl i Metody &#8211; patroni Europy \u015aW. CYRYL I METODY \u2013 PATRONI EUROPY 31 grudnia 1980 r., w li\u015bcie apostolskim \u201eEgregiae virtutis\u201d, Ojciec \u015awi\u0119ty Jan Pawe\u0142 II og\u0142osi\u0142 \u015awi\u0119tych Cyryla i Metodego wsp\u00f3\u0142patronami Europy &#8211; obok \u015bw. Benedykta. Zamiarem Papie\u017ca [&hellip;]<\/p>\n","protected":false},"author":1,"featured_media":3652,"comment_status":"closed","ping_status":"closed","sticky":false,"template":"","format":"standard","meta":{"ngg_post_thumbnail":0,"footnotes":""},"categories":[11,8,4,3],"tags":[],"class_list":["post-3649","post","type-post","status-publish","format-standard","has-post-thumbnail","hentry","category-aktualnosci","category-blog","category-intencje","category-ogloszenia"],"_links":{"self":[{"href":"https:\/\/rafalk-elblag.pl\/index.php?rest_route=\/wp\/v2\/posts\/3649","targetHints":{"allow":["GET"]}}],"collection":[{"href":"https:\/\/rafalk-elblag.pl\/index.php?rest_route=\/wp\/v2\/posts"}],"about":[{"href":"https:\/\/rafalk-elblag.pl\/index.php?rest_route=\/wp\/v2\/types\/post"}],"author":[{"embeddable":true,"href":"https:\/\/rafalk-elblag.pl\/index.php?rest_route=\/wp\/v2\/users\/1"}],"replies":[{"embeddable":true,"href":"https:\/\/rafalk-elblag.pl\/index.php?rest_route=%2Fwp%2Fv2%2Fcomments&post=3649"}],"version-history":[{"count":2,"href":"https:\/\/rafalk-elblag.pl\/index.php?rest_route=\/wp\/v2\/posts\/3649\/revisions"}],"predecessor-version":[{"id":3654,"href":"https:\/\/rafalk-elblag.pl\/index.php?rest_route=\/wp\/v2\/posts\/3649\/revisions\/3654"}],"wp:featuredmedia":[{"embeddable":true,"href":"https:\/\/rafalk-elblag.pl\/index.php?rest_route=\/wp\/v2\/media\/3652"}],"wp:attachment":[{"href":"https:\/\/rafalk-elblag.pl\/index.php?rest_route=%2Fwp%2Fv2%2Fmedia&parent=3649"}],"wp:term":[{"taxonomy":"category","embeddable":true,"href":"https:\/\/rafalk-elblag.pl\/index.php?rest_route=%2Fwp%2Fv2%2Fcategories&post=3649"},{"taxonomy":"post_tag","embeddable":true,"href":"https:\/\/rafalk-elblag.pl\/index.php?rest_route=%2Fwp%2Fv2%2Ftags&post=3649"}],"curies":[{"name":"wp","href":"https:\/\/api.w.org\/{rel}","templated":true}]}}