{"id":3638,"date":"2020-02-01T20:10:44","date_gmt":"2020-02-01T20:10:44","guid":{"rendered":"http:\/\/rafalk-elblag.pl\/?p=3638"},"modified":"2020-02-01T20:10:44","modified_gmt":"2020-02-01T20:10:44","slug":"biuletyn-parafialny-nr-838-2-lutego-2020r-iv-niedziela-zwykla-swieto-ofiarowania-panskiego","status":"publish","type":"post","link":"https:\/\/rafalk-elblag.pl\/?p=3638","title":{"rendered":"Biuletyn parafialny nr 838 \/ 2 lutego 2020r. IV Niedziela Zwyk\u0142a\/ \u015awi\u0119to Ofiarowania Pa\u0144skiego"},"content":{"rendered":"<p><a href=\"#temat-838\">\u015awiatowy Dzie\u0144 \u017bycia Konsekrowanego<br \/>\n<\/a><a href=\"#ogloszenia-838\">Og\u0142oszenia parafialne 02.02.2020<\/a><a href=\"#temat-838\"><br \/>\n<\/a><a href=\"#intencje-838\">Intencje mszalne 02.02.2020<\/a><\/p>\n<p>&nbsp;<br \/>\n<img decoding=\"async\" id=\"temat-838\" src=\"http:\/\/rafalk-elblag.pl\/wp-content\/uploads\/2020\/02\/838-slider-h3.jpg\"><br \/>\n\u015awiatowy Dzie\u0144 \u017bycia Konsekrowanego<\/p>\n<p><strong>2 lutego Ko\u015bci\u00f3\u0142 obchodzi \u015bwi\u0119to Ofiarowania Pa\u0144skiego. W ten spos\u00f3b ca\u0142y lud Bo\u017cy prze\u017cywa na nowo to, co wydarzy\u0142o si\u0119 w \u015bwi\u0105tyni Jerozolimskiej &#8211; Maryja wraz z J\u00f3zefem ofiarowa\u0142a Dzieci\u0105tko Jezus Bogu Ojcu, a Symeon og\u0142osi\u0142, \u017ce nowo narodzony Syn Bo\u017cy jest \u015awiat\u0142em \u015bwiata i Zbawieniem narod\u00f3w. W 1997 r. Jan Pawe\u0142 II w\u0142a\u015bnie w to \u015bwi\u0119to ustanowi\u0142 \u015awiatowy Dzie\u0144 \u017bycia Konsekrowanego, stwarzaj\u0105c okazj\u0119 do g\u0142\u0119bszej refleksji ca\u0142ego Ko\u015bcio\u0142a nad darem \u017cycia po\u015bwi\u0119conego Bogu.<\/strong><br \/>\nMatka Naj\u015bwi\u0119tsza ofiaruje Panu Bogu najwi\u0119kszy Dar, jaki otrzyma\u0142a &#8211; Syna, Jezusa Chrystusa, a tym samym sk\u0142ada w ofierze siebie. Podobn\u0105 ofiar\u0119, z siebie samych w mi\u0142o\u015bci do Chrystusa, sk\u0142adaj\u0105 osoby konsekrowane. Podkre\u015bli\u0142 to Jan Pawe\u0142 II, m\u00f3wi\u0105c: &#8222;Ofiarowanie Jezusa staje si\u0119 wymown\u0105 ikon\u0105 ca\u0142kowitego oddania w\u0142asnego \u017cycia dla tych, kt\u00f3rzy powo\u0142ani s\u0105, aby odtworzy\u0107 w Ko\u015bciele i w \u015bwiecie, poprzez rady ewangeliczne \u00abcharakterystyczne przymioty Jezusa, dziewictwo, ub\u00f3stwo i pos\u0142usze\u0144stwo\u00bb&#8221;.<br \/>\n<strong>Historia Ko\u015bcio\u0142a pokazuje, \u017ce w ka\u017cdym czasie s\u0105 ludzie, kt\u00f3rzy na wz\u00f3r ewangelicznej Marii pragn\u0105 &#8222;obra\u0107 lepsz\u0105 cz\u0105stk\u0119&#8221; &#8211; podejmuj\u0105 \u017cycie w czysto\u015bci, ub\u00f3stwie i pos\u0142usze\u0144stwie, by sercem czystym i niepodzielnym s\u0142u\u017cy\u0107 Chrystusowi Panu i bli\u017anim. Historia ukazuje, \u017ce \u017cycie w czysto\u015bci, ub\u00f3stwie i pos\u0142usze\u0144stwie pozwala na osi\u0105gni\u0119cie mi\u0142o\u015bci doskona\u0142ej. Praktykowanie rad ewangelicznych stanowi o\u015b \u017cycia zakonnego. <\/strong><strong>Sk\u0142adane \u015bluby czysto\u015bci, ub\u00f3stwa i pos\u0142usze\u0144stwa dotykaj\u0105 trzech podstawowych dziedzin \u017cycia. Pierwszy &#8211; \u015blub czysto\u015bci &#8211; jest wyborem Chrystusa jako jedynej mi\u0142o\u015bci i dlatego wi\u0105\u017ce si\u0119 z dobrowoln\u0105 rezygnacj\u0105 z \u017cycia ma\u0142\u017ce\u0144skiego. Ta mi\u0142o\u015b\u0107 oblubienicy do Oblubie\u0144ca znajduje swoje przed\u0142u\u017cenie w mi\u0142o\u015bci do tych, kt\u00f3rych wszyscy opu\u015bcili. <\/strong><strong>\u015alub ub\u00f3stwa jest odpowiedzi\u0105 \u017cycia konsekrowanego na powszechnie obecn\u0105 dzisiaj &#8222;materialistyczn\u0105 \u017c\u0105dz\u0119 posiadania. \u015alub pos\u0142usze\u0144stwa zwi\u0105zany jest natomiast z kultur\u0105 wolno\u015bci, \u015bci\u015ble zwi\u0105zan\u0105 z szacunkiem dla osoby ludzkiej, z pomniejszaniem obszar\u00f3w niesprawiedliwo\u015bci i przemocy.<\/strong><\/p>\n<p>Powo\u0142anie do \u017cycia zakonnego jest rad\u0105, do kt\u00f3rej wzywa nas Jezus Chrystus. Rady ewangeliczne, w ich wielo\u015bci, s\u0105 proponowane wszystkim uczniom Chrystusa. Doskona\u0142o\u015b\u0107 mi\u0142o\u015bci, do kt\u00f3rej s\u0105 powo\u0142ani wszyscy wierni, nak\u0142ada na tych, kt\u00f3rzy w spos\u00f3b wolny przyjmuj\u0105 wezwanie do \u017cycia konsekrowanego, obowi\u0105zek praktykowania ub\u00f3stwa i pos\u0142usze\u0144stwa oraz czysto\u015bci w bez\u017cenno\u015bci dla Kr\u00f3lestwa.<\/p>\n<p><strong>Zakony wyrasta\u0142y w historii Ko\u015bcio\u0142a, powstawa\u0142y w nim i jemu s\u0142u\u017cy\u0142y. Chrze\u015bcijanie pragn\u0105cy \u017cy\u0107 w ca\u0142kowitej zgodzie z idea\u0142ami swojej religii, zasilali \u017ar\u00f3d\u0142o Ko\u015bcio\u0142a zagro\u017conego stale przez osch\u0142o\u015b\u0107, zepsucie. Zakony s\u0105 wa\u017cn\u0105 cz\u0105stk\u0105 Ko\u015bcio\u0142a. Zapotrzebowanie na ich dzia\u0142alno\u015b\u0107 nie maleje, lecz wr\u0119cz przeciwnie &#8211; ro\u015bnie. Jan Pawe\u0142 II w czasie spotkania z zakonami na Jasnej G\u00f3rze 5 czerwca 1979 r. stwierdzi\u0142, \u017ce bez zgromadze\u0144 zakonnych, bez \u017cycia po\u015bwi\u0119conego Bogu poprzez \u015bluby czysto\u015bci, ub\u00f3stwa i pos\u0142usze\u0144stwa Ko\u015bci\u00f3\u0142 nie by\u0142by w pe\u0142ni samym sob\u0105. &#8222;Wasze domy &#8211; m\u00f3wi\u0142 Ojciec \u015awi\u0119ty &#8211; powinny by\u0107 przede wszystkim o\u015brodkami modlitwy, skupienia i dialogu, osobistego i wsp\u00f3lnotowego z tym, kt\u00f3ry jest i ma pozosta\u0107 pierwszym i naczelnym rozm\u00f3wc\u0105 w ka\u017cdym waszym pracowitym dniu&#8221;.<\/strong><\/p>\n<p>&nbsp;<br \/>\n<img decoding=\"async\" id=\"ogloszenia-837\" src=\"http:\/\/rafalk-elblag.pl\/wp-content\/uploads\/2019\/09\/ogloszenia_parafialne.jpg\" width=\"800px\"> &#8211;<\/p>\n<h2>Og\u0142oszenia parafialne 02.02.2020<\/h2>\n<p>OG\u0141OSZENIA PARAFIALNE 02.02.2020r.<br \/>\nIV Niedziela Zwyk\u0142a<\/p>\n<p>1. <strong>Zapraszamy dzisiaj na Adoracj\u0119 Naj\u015bwi\u0119tszego Sakramentu<\/strong> od 16:00 do 18:00<br \/>\n2. <strong>W poniedzia\u0142ek wspomnienie \u015bw. B\u0142a\u017ceja patrona od chor\u00f3b gard\u0142a, natomiast w \u015brod\u0119 wspomnienie \u015bw. Agaty, dziewicy i m\u0119czennicy<\/strong> &#8211; w tym dniu po\u015bwiecenie chleba. Zapraszamy do wsp\u00f3lnej modlitwy podczas Mszy \u015bw. o godz. 8:00 i 18:00 za wstawiennictwem \u015bwi\u0119tych patron\u00f3w.<br \/>\n3. <strong>W tym tygodniu przypada pierwszy czwartek i pi\u0105tek miesi\u0105ca<\/strong>:<br \/>\n&#8211; <strong>w<\/strong> <strong>pierwszy czwartek<\/strong> zapraszamy do wsp\u00f3lnej modlitwy za powo\u0142anych i nowe powo\u0142ania kap\u0142a\u0144skie i zakonne. Msza \u015bw. o godz. 18:00, a po niej ,,Godzina \u015awi\u0119ta\u201d, czyli na ADORACJA przed Naj\u015bwi\u0119tszym Sakramentem w powy\u017cszych intencjach.<br \/>\n&#8211; <strong>w<\/strong> <strong>pierwszy pi\u0105tek<\/strong> zapraszamy do spowiedzi od godz. 17:30, a Msza \u015bw. Wotywna o NSPJ o godz.18:00.<br \/>\n4. <strong>Z racji pierwszego pi\u0105tku kap\u0142ani udadz\u0105 si\u0119 do chorych<\/strong>: ks. Proboszcz i ks. Marcin od godz. 9:30, natomiast ks. Piotr od godz. 11:30.<br \/>\n5. <strong>Po feriach zapraszamy do sta\u0142ych spotka\u0144<\/strong>:<br \/>\n&#8211; Dzieci ze Scholki Parafialnej \u2013 pi\u0105tek o godz. 17:00, niedziela godz. 10:00<br \/>\n&#8211; Ministranci &#8211; zbi\u00f3rka \u2013 sobota godz. 10:00<br \/>\n&#8211; Zesp\u00f3\u0142 M\u0142odzie\u017cowy \u2013 niedziela, godz. 17:15<br \/>\n&#8211; Odnowa w Duchu \u015awi\u0119tym \u2013 poniedzia\u0142ek godz. 18.45<br \/>\n6. <strong>Ks. Marcin zaprasza m\u0142odzie\u017c na spotkanie Katolickiego Stowarzyszenia M\u0142odzie\u017cy<\/strong> \u201eBoanerges\u201d w ka\u017cd\u0105 \u015brod\u0119 na godz. 19:00 do sali na plebanii.<br \/>\n7. <strong>Informujemy o mo\u017cliwo\u015bci rezerwacji i zamawiania Mszy \u015bw. na ca\u0142y bie\u017c\u0105cy rok<\/strong>. Niech Eucharystia stanie si\u0119 dzi\u0119kczynieniem za prze\u017cyte lata, rocznice sakramentu ma\u0142\u017ce\u0144stwa, imienin itp. Msza \u015bw. jest najpi\u0119kniejszym darem, w kt\u00f3rym mo\u017cemy tu na ziemi uczestniczy\u0107.<br \/>\n8. <strong>Przed ko\u015bcio\u0142em mo\u017cna naby\u0107 pras\u0119 katolick\u0105<\/strong>: \u201eGo\u015b\u0107 Niedzielny\u201d w cenie 6 z\u0142.<br \/>\n9. <strong>Kancelaria Parafialna czynna: w \u015brody od godz. 16:00 do godz. 17:30 oraz sobot\u0119 od godz. 10:30 do 12:00<\/strong>. Zapraszamy.<\/p>\n<p>Numer Konta Parafialnego<br \/>\nPKO BP 72 1020 1752 0000 0102 0069 6047<\/p>\n<p>&nbsp;<\/p>\n<p><img decoding=\"async\" id=\"intencje-837\" src=\"http:\/\/rafalk-elblag.pl\/wp-content\/uploads\/2019\/09\/intencje_mszalne.jpg\" width=\"800px\"><\/p>\n<h2>Intencje mszalne 02.02.2020<\/h2>\n<p>\u2020 INTENCJE MSZALNE \u2020<\/p>\n<p><strong>PONIEDZIA\u0141EK 3 lutego 2020r. \/ \u015bw. B\u0142a\u017ceja<\/strong>&nbsp;&nbsp;&nbsp;&nbsp;&nbsp;&nbsp;&nbsp;&nbsp;&nbsp;&nbsp;&nbsp;&nbsp;&nbsp;&nbsp;&nbsp;&nbsp; Mk 5, 1-20<br \/>\n8.00 O Bo\u017ce b\u0142og. i potrzebne \u0142aski z okazji urodzin dla \u0141ukasza, J\u00f3zefa i Anny<br \/>\n18.00 \u2020 Zofia Rynkowska-Hipsz (3 greg.)<br \/>\n18.00 \u2020 Bogus\u0142aw Kondrat w 3 r.\u015bm. i Stanis\u0142awa (k) i Stanis\u0142aw Kondratowie<\/p>\n<p><strong>WTOREK 4 lutego 2020r.&nbsp;&nbsp;&nbsp;&nbsp;&nbsp;&nbsp;&nbsp;&nbsp;&nbsp;&nbsp;&nbsp;&nbsp;&nbsp;&nbsp;&nbsp;&nbsp;&nbsp;&nbsp;&nbsp;&nbsp;&nbsp;&nbsp;&nbsp;&nbsp;&nbsp;&nbsp;&nbsp;&nbsp;&nbsp;&nbsp;&nbsp;&nbsp;&nbsp;&nbsp;&nbsp;&nbsp;&nbsp;&nbsp;&nbsp;&nbsp;&nbsp;&nbsp;&nbsp;&nbsp;&nbsp;&nbsp;&nbsp; <\/strong>Mk 5, 21-43<br \/>\n8.00 \u2020 Zofia Rynkowska-Hipsz (4 greg.)<br \/>\n18.00 \u2020 Walentyna Myszk w 16 r.\u015bm.<br \/>\n18.00 Zm. rodzice: Janina w 3 r.\u015bm. Jan, Tadeusz i Zbigniew Pastuszkowie, Wojciech Lewicki<\/p>\n<p><strong>\u015aRODA 5 lutego 2020r. \/ \u015bw. Agaty&nbsp;&nbsp;&nbsp;&nbsp;&nbsp;&nbsp;&nbsp;&nbsp;&nbsp;&nbsp;&nbsp;&nbsp;&nbsp;&nbsp;&nbsp;&nbsp;&nbsp;&nbsp;&nbsp;&nbsp;&nbsp;&nbsp;&nbsp;&nbsp;&nbsp;&nbsp;&nbsp;&nbsp;&nbsp;&nbsp;&nbsp; <\/strong>Mk 6, 1-6<br \/>\n8.00<br \/>\n18.00 \u2020 Zofia Rynkowska-Hipsz (5 greg.)<br \/>\n18.00 \u2020 Adolf w rocznic\u0119 \u015bmierci i zm. z rodz. Adamowicz\u00f3w<\/p>\n<p><strong>CZWARTEK 6 lutego 2020r. \/ \u015bw. Paw\u0142a Miki i towarzyszy&nbsp;&nbsp;&nbsp; <\/strong>Mk 6, 7-13<br \/>\n8.00 \u2020 Zofia Rynkowska-Hipsz (6 greg.)<br \/>\n18.00 O nowe i \u015bwi\u0119te powo\u0142ania kap\u0142a\u0144skie, dn Micha\u0142a i kleryk\u00f3w WSD DE<\/p>\n<p><strong>PI\u0104TEK 7 lutego 2020r.&nbsp;&nbsp;&nbsp;&nbsp;&nbsp;&nbsp;&nbsp;&nbsp;&nbsp;&nbsp;&nbsp;&nbsp;&nbsp;&nbsp;&nbsp;&nbsp;&nbsp;&nbsp;&nbsp;&nbsp;&nbsp;&nbsp;&nbsp;&nbsp;&nbsp;&nbsp;&nbsp;&nbsp;&nbsp;&nbsp;&nbsp;&nbsp;&nbsp;&nbsp;&nbsp;&nbsp;&nbsp;&nbsp;&nbsp;&nbsp;&nbsp;&nbsp;&nbsp;&nbsp;&nbsp;&nbsp;&nbsp; <\/strong>Mk 6, 14-29<br \/>\n8.00 \u2020 Zdzis\u0142aw Brdak w 2 r.\u015bm.<br \/>\n18.00 \u2020 Zofia Rynkowska-Hipsz (7 greg.)<br \/>\n18.00 W intencji czcicieli Naj\u015bwi\u0119tszego Serca Pana Jezusa<\/p>\n<p><strong>SOBOTA 8 lutego 2020r.&nbsp;&nbsp;&nbsp;&nbsp;&nbsp;&nbsp;&nbsp;&nbsp;&nbsp;&nbsp;&nbsp;&nbsp;&nbsp;&nbsp;&nbsp;&nbsp;&nbsp;&nbsp;&nbsp;&nbsp;&nbsp;&nbsp;&nbsp;&nbsp;&nbsp;&nbsp;&nbsp;&nbsp;&nbsp;&nbsp;&nbsp;&nbsp;&nbsp;&nbsp;&nbsp;&nbsp;&nbsp;&nbsp;&nbsp;&nbsp;&nbsp;&nbsp;&nbsp;&nbsp;&nbsp; <\/strong>Mk 6, 30-34<br \/>\n8.00 \u2020 Zofia Rynkowska-Hipsz (8 greg.)<br \/>\n18.00 \u2020 Stanis\u0142awa (k) K\u0119pi\u0144ska w 8 r.\u015bm. i Antoni<br \/>\n18.00 \u2020 Wac\u0142aw w 23 r.\u015bm., Wiktoria i Bogdan<\/p>\n<p><strong>V Niedziela Zwyk\u0142a \/ 9 lutego 2020r.&nbsp;&nbsp;&nbsp;&nbsp;&nbsp;&nbsp;&nbsp;&nbsp;&nbsp;&nbsp;&nbsp;&nbsp;&nbsp;&nbsp;&nbsp;&nbsp;&nbsp;&nbsp;&nbsp;&nbsp;&nbsp;&nbsp;&nbsp;&nbsp;&nbsp;&nbsp; <\/strong>Mt 15, 13-16<br \/>\n7.00 \u2020 Boles\u0142awa (k) Szulczyk w 7 r.\u015bm. i Bronis\u0142aw Szulczyk<br \/>\n9.00 Rez.<br \/>\n9.00 \u2020 Zofia Rynkowska-Hipsz (9 greg.)<br \/>\n10.30 \u2020 Maria S\u0142omi\u0144ska w 7 r.\u015bm. i zm. z rodz.<br \/>\n12.00 W intencji Parafian<br \/>\n15.00 Zmarli rodzice: Bronis\u0142awa (k) w 17 r.\u015bm. i Wac\u0142aw G\u0105siorowie w 37 r.\u015bm.<br \/>\n18.00 Dzi\u0119k. w 5 urodziny Dominika Wi\u015bniewskiego z pro\u015bb\u0105 o Bo\u017ce b\u0142og. i potrzebne \u0142aski dla ca\u0142ej rodziny<\/p>\n","protected":false},"excerpt":{"rendered":"<p>\u015awiatowy Dzie\u0144 \u017bycia Konsekrowanego Og\u0142oszenia parafialne 02.02.2020 Intencje mszalne 02.02.2020 &nbsp; \u015awiatowy Dzie\u0144 \u017bycia Konsekrowanego 2 lutego Ko\u015bci\u00f3\u0142 obchodzi \u015bwi\u0119to Ofiarowania Pa\u0144skiego. W ten spos\u00f3b ca\u0142y lud Bo\u017cy prze\u017cywa na nowo to, co wydarzy\u0142o si\u0119 w \u015bwi\u0105tyni Jerozolimskiej &#8211; Maryja wraz z J\u00f3zefem ofiarowa\u0142a Dzieci\u0105tko Jezus Bogu Ojcu, a Symeon og\u0142osi\u0142, \u017ce nowo narodzony Syn [&hellip;]<\/p>\n","protected":false},"author":1,"featured_media":3641,"comment_status":"closed","ping_status":"closed","sticky":false,"template":"","format":"standard","meta":{"ngg_post_thumbnail":0,"footnotes":""},"categories":[11,8,4,3],"tags":[],"class_list":["post-3638","post","type-post","status-publish","format-standard","has-post-thumbnail","hentry","category-aktualnosci","category-blog","category-intencje","category-ogloszenia"],"_links":{"self":[{"href":"https:\/\/rafalk-elblag.pl\/index.php?rest_route=\/wp\/v2\/posts\/3638","targetHints":{"allow":["GET"]}}],"collection":[{"href":"https:\/\/rafalk-elblag.pl\/index.php?rest_route=\/wp\/v2\/posts"}],"about":[{"href":"https:\/\/rafalk-elblag.pl\/index.php?rest_route=\/wp\/v2\/types\/post"}],"author":[{"embeddable":true,"href":"https:\/\/rafalk-elblag.pl\/index.php?rest_route=\/wp\/v2\/users\/1"}],"replies":[{"embeddable":true,"href":"https:\/\/rafalk-elblag.pl\/index.php?rest_route=%2Fwp%2Fv2%2Fcomments&post=3638"}],"version-history":[{"count":2,"href":"https:\/\/rafalk-elblag.pl\/index.php?rest_route=\/wp\/v2\/posts\/3638\/revisions"}],"predecessor-version":[{"id":3642,"href":"https:\/\/rafalk-elblag.pl\/index.php?rest_route=\/wp\/v2\/posts\/3638\/revisions\/3642"}],"wp:featuredmedia":[{"embeddable":true,"href":"https:\/\/rafalk-elblag.pl\/index.php?rest_route=\/wp\/v2\/media\/3641"}],"wp:attachment":[{"href":"https:\/\/rafalk-elblag.pl\/index.php?rest_route=%2Fwp%2Fv2%2Fmedia&parent=3638"}],"wp:term":[{"taxonomy":"category","embeddable":true,"href":"https:\/\/rafalk-elblag.pl\/index.php?rest_route=%2Fwp%2Fv2%2Fcategories&post=3638"},{"taxonomy":"post_tag","embeddable":true,"href":"https:\/\/rafalk-elblag.pl\/index.php?rest_route=%2Fwp%2Fv2%2Ftags&post=3638"}],"curies":[{"name":"wp","href":"https:\/\/api.w.org\/{rel}","templated":true}]}}