{"id":3632,"date":"2020-01-26T16:02:00","date_gmt":"2020-01-26T16:02:00","guid":{"rendered":"http:\/\/rafalk-elblag.pl\/?p=3632"},"modified":"2020-01-26T16:02:47","modified_gmt":"2020-01-26T16:02:47","slug":"biuletyn-parafialny-nr-837-26-stycznia-2020r-iii-niedziela-zwykla","status":"publish","type":"post","link":"https:\/\/rafalk-elblag.pl\/?p=3632","title":{"rendered":"Biuletyn parafialny nr 837 \/ 26 stycznia 2020r. III Niedziela Zwyk\u0142a"},"content":{"rendered":"<p><a href=\"#temat-837\">\u015awi\u0119ty Tomasz z Akwinu &#8211; zrozumie\u0107 Boga<br \/>\n<\/a><a href=\"#ogloszenia-837\">Og\u0142oszenia parafialne 26.01.2020<\/a><a href=\"#temat-837\"><br \/>\n<\/a><a href=\"#intencje-837\">Intencje mszalne 26.01.2020<\/a><\/p>\n<p>&nbsp;<\/p>\n<p><img decoding=\"async\" id=\"temat-837\" src=\"http:\/\/rafalk-elblag.pl\/wp-content\/uploads\/2020\/01\/h2-837.jpg\"><\/p>\n<h1><a href=\"#temat-837\">\u015awi\u0119ty Tomasz z Akwinu &#8211; zrozumie\u0107 Boga<br \/>\n<\/a><\/h1>\n<p><strong>Tomasz w&nbsp;Sumie teologicznej&nbsp;przedstawia pi\u0119\u0107 dr\u00f3g, sposob\u00f3w poznania Boga. Napisa\u0142 tyle, ile mo\u017cna o Bogu powiedzie\u0107, bo wiedzia\u0142 z osobistego do\u015bwiadczenia modlitwy, \u017ce jest On niezg\u0142\u0119bion\u0105 tajemnic\u0105 Mi\u0142o\u015bci. W\u0142a\u015bnie dlatego sylogizmy i filozoficzne rozwa\u017canie nie wystarcz\u0105, by wyrazi\u0107 Jego istot\u0119.<\/strong><br \/>\nAkwinata wyznaczy\u0142 jasne granice i specyfik\u0119 poznania Boga na drodze czysto rozumowej odr\u00f3\u017cniaj\u0105c je od poznania nadprzyrodzonego, kt\u00f3re jest bezpo\u015brednim udzielaniem si\u0119 Stw\u00f3rcy stworzeniu. Kiedy b\u0119d\u0105c dzieckiem, wo\u0142a\u0142: &#8222;chcia\u0142bym zrozumie\u0107 Boga&#8221;, m\u00f3wi\u0142 to jako rodz\u0105cy si\u0119 mistyk i cz\u0142owiek Ko\u015bcio\u0142a,<br \/>\na nie filozof. Gdy ju\u017c ko\u0144czy\u0142 najwa\u017cniejsze swoje dzie\u0142a, pokornie stwierdzi\u0142, \u017ce wszystko, co napisa\u0142 jest tylko s\u0142om\u0105. Wiedzia\u0142 bowiem, \u017ce B\u00f3g jest zawsze wi\u0119kszy!<br \/>\nTomasz urodzi\u0142 si\u0119 w 1225 r. na zamku Roccasecca w diecezji Aquino. Jego rodzina by\u0142a bardzo zamo\u017cna. W dzieci\u0144stwie by\u0142 pobo\u017cnym i bardzo zdolnym ch\u0142opcem. Z wielk\u0105 pilno\u015bci\u0105 ch\u0142on\u0105\u0142 wiedz\u0119 w opactwie benedyktyn\u00f3w na Monte Cassino. <strong>Opanowany w reakcjach i wewn\u0119trznie skupiony, bardzo wcze\u015bnie posiada\u0142 duchowe poznanie delikatnego g\u0142osu Pan Boga, kt\u00f3ry&nbsp;wzywa\u0142 go do s\u0142u\u017cby w swoim Ko\u015bciele. Pewnego razu s\u0142yszano go jak g\u0142o\u015bno wo\u0142a\u0142 na ca\u0142\u0105 okolic\u0119:&nbsp;&#8222;Chcia\u0142bym zrozumie\u0107 Boga!&#8221;.<\/strong><\/p>\n<p>Tomaszowi z Akwinu zawdzi\u0119czamy&nbsp;Sum\u0119 teologiczn\u0105, kilkana\u015bcie traktat\u00f3w o Bogu, Ko\u015bciele i powo\u0142aniu cz\u0142owieka, w kt\u00f3rych obecna jest synteza ca\u0142ej my\u015bli chrze\u015bcija\u0144skiej odwo\u0142uj\u0105cej si\u0119 do Bo\u017cego Objawienia. W swej teologicznej refleksji Tomasz docenia\u0142 znaczenie rozumu i greckiej my\u015bli filozoficznej, kt\u00f3ra zosta\u0142a ocalona i przekazana Europie g\u0142\u00f3wnie przez muzu\u0142ma\u0144skich my\u015blicieli. W dzie\u0142ach Akwinaty do dzisiaj uderza nas precyzja my\u015bli i jasno\u015b\u0107 teologicznych sformu\u0142owa\u0144. Jest to my\u015bl \u017cywa, b\u0119d\u0105ca w dialogu z \u00f3wczesn\u0105 wiedz\u0105. Obok wielu innych dzie\u0142 teologicznych i filozoficznych napisa\u0142 tak\u017ce&nbsp;Summa&nbsp;Contra Gentiles, a tak\u017ce szereg komentarzy do r\u00f3\u017cnych ksi\u0105g Starego i Nowego Testamentu.<\/p>\n<p>Tomasz by\u0142 przede wszystkim modl\u0105cym si\u0119 zakonnikiem, cz\u0142owiekiem, kt\u00f3ry spotyka\u0142 Boga w Ko\u015bciele i w ca\u0142ym stworzeniu nieustannie podtrzymywanym przez Boga w istnieniu. I cho\u0107 napisa\u0142 traktaty o Tr\u00f3jcy \u015awi\u0119tej i Eucharystii, to przecie\u017c&nbsp;w spontanicznej modlitwie dziecka, w prostocie ewangelicznych zda\u0144 i w akcie adoracji Naj\u015bwi\u0119tszego Sakramentu odkrywa\u0142 g\u0142\u0119bi\u0119 katolickiej wiary, kt\u00f3ra jest przede wszystkim \u0142ask\u0105 i nieprzebran\u0105 m\u0105dro\u015bci\u0105 Boga, zrodzon\u0105 z Chrystusowego Krzy\u017ca.&nbsp;&nbsp;&nbsp;<\/p>\n<p><strong>W jednym z wielu opracowa\u0144 na temat \u015bwi\u0119tego Tomasza, 6 grudnia 1273 roku dominikanin wci\u0105\u017c by\u0142 w trakcie pracy nad&nbsp;Sum\u0105 teologiczn\u0105. Jednak od czasu odprawienia porannej Mszy \u015bwi\u0119tej, pomimo wielokrotnych zach\u0119t, nigdy ju\u017c nie wzi\u0105\u0142 pi\u00f3ra do r\u0119ki. To, co wydarzy\u0142o si\u0119 podczas Mszy, wyjawi\u0142 jedynie Reginaldowi, swemu sekretarzowi i najbli\u017cszemu z przyjaci\u00f3\u0142. Historia wysz\u0142a na jaw dopiero trzydzie\u015bci lat p\u00f3\u017aniej, na kr\u00f3tko przed \u015bmierci\u0105 Reginalda. Ot\u00f3\u017c podczas odprawiania pami\u0119tnej Mszy \u015bwi\u0119tej &#8211; zwierzy\u0142 si\u0119 Tomasz Reginaldowi &#8211; mia\u0142 on wizj\u0119 Chrystusa ukrzy\u017cowanego, kt\u00f3ry przem\u00f3wi\u0142 do niego s\u0142owami:&nbsp;&#8222;Dobrze o Mnie napisa\u0142e\u015b, Tomaszu. O co chcia\u0142by\u015b Mnie prosi\u0107?&#8221;. Odpowied\u017a mog\u0142a by\u0107 tylko jedna: &#8222;O nic, pr\u00f3cz Ciebie samego, Panie&#8221;.&nbsp;Jak wyja\u015bni\u0142 Tomasz, w por\u00f3wnaniu z tym, co zobaczy\u0142 i zrozumia\u0142 w tym do\u015bwiadczeniu, wszystkie jego dzie\u0142a wydawa\u0142y si\u0119 mie\u0107 nie wi\u0119ksz\u0105 warto\u015b\u0107 ni\u017c s\u0142oma. Odt\u0105d nie by\u0142 ju\u017c w stanie tworzy\u0107 dzie\u0142 teologicznych.<\/strong><\/p>\n<p><strong>&nbsp;<\/strong><br \/>\n<img decoding=\"async\" id=\"ogloszenia-837\" src=\"http:\/\/rafalk-elblag.pl\/wp-content\/uploads\/2019\/09\/ogloszenia_parafialne.jpg\" width=\"800px\"><\/p>\n<h2>Og\u0142oszenia parafialne 26.01.2020<\/h2>\n<p>OG\u0141OSZENIA PARAFIALNE 26.01.2020r.<br \/>\nIII Niedziela Zwyk\u0142a<\/p>\n<p>1. <strong>Wolontariusze parafialnego Caritas zbieraj\u0105 ofiary do puszek<\/strong> dla os\u00f3b najbardziej potrzebuj\u0105cych naszej pomocy. Punkt Caritas Parafialnego czynny jest w czwartki od 16:00 do 17:00 przy ul. Myliusa 1A.<br \/>\n2. <strong>W pi\u0105tek zako\u0144czyli\u015bmy wizyt\u0119 duszpastersk\u0105 w naszej parafii<\/strong>. Dzi\u0119kujemy za przyj\u0119cie nas do waszych dom\u00f3w. Jeste\u015bmy wdzi\u0119czni za okazane nam dobro i wszelkie przejawy \u017cyczliwo\u015bci. Wszystkim sk\u0142adamy z serca p\u0142yn\u0105ce B\u00f3g Zap\u0142a\u0107.<br \/>\n3. <strong>Za tydzie\u0144 przypada \u015awi\u0119to Ofiarowania Pa\u0144skiego<\/strong>. W ca\u0142ym Ko\u015bciele obchodzimy \u015awiatowy Dzie\u0144 \u017bycia Konsekrowanego. W tym dniu czcimy Chrystusa Pana &#8211; \u015awiat\u0142o\u015b\u0107 \u015awiata (symbolizuj\u0105 to \u015bwiece) i Jego Matk\u0119 pod nazw\u0105 Matki Bo\u017cej Gromnicznej. Po\u015bwi\u0119cenie \u015bwiec podczas ka\u017cdej Mszy \u015bw.&nbsp;&nbsp;&nbsp;&nbsp;&nbsp;&nbsp;&nbsp;&nbsp;&nbsp;&nbsp;&nbsp;&nbsp;&nbsp;&nbsp;&nbsp;&nbsp;&nbsp;&nbsp;&nbsp;&nbsp;&nbsp;&nbsp;&nbsp; UWAGA !!! W przysz\u0142\u0105 niedziel\u0119 tj. 2 lutego br. przed Msz\u0105 \u015bw. b\u0119dzie mo\u017cna naby\u0107 \u015bwiec\u0119 \u201egromnic\u0119\u201d w cenie 10 z\u0142.<br \/>\n4. <strong>W tym tygodniu przypada pierwsza sobota miesi\u0105ca<\/strong>. Przed Msz\u0105 \u015bw. o godz. 17:00 zapraszamy na nabo\u017ce\u0144stwo wynagradzaj\u0105ce Niepokalanemu Sercu Maryi za zniewagi grzesznik\u00f3w. Tego dnia zmiana tajemnic dla \u017bywego R\u00f3\u017ca\u0144ca.<br \/>\n5. <strong>Informujemy o mo\u017cliwo\u015bci rezerwacji i zamawiania Mszy \u015bw. na ca\u0142y bie\u017c\u0105cy rok. <\/strong>Niech Eucharystia stanie si\u0119 dzi\u0119kczynieniem za prze\u017cyte lata, rocznice sakramentu ma\u0142\u017ce\u0144stwa a nawet dnia urodzin czy imienin. Msza \u015bw. jest najpi\u0119kniejszym darem, w kt\u00f3rym mo\u017cemy tu na ziemi uczestniczy\u0107.<br \/>\n6.<strong> Rekolekcje powo\u0142aniowe rozpoczn\u0105 si\u0119 w naszym Seminarium Duchownym, 1 lutego 2020r<\/strong>. (zjazd uczestnik\u00f3w do godz. 1600), a zako\u0144cz\u0105 5 lutego 2020r. oko\u0142o godz. 14:00. Na rekolekcje mo\u017cna zg\u0142asza\u0107 m\u0142odzie\u017c m\u0119sk\u0105 szk\u00f3\u0142 \u015brednich i student\u00f3w. Nale\u017cy na nie przywie\u017a\u0107: notatnik, d\u0142ugopis; Pismo \u015awi\u0119te; \u015bpiw\u00f3r (je\u015bli kto\u015b chce tak\u017ce poduszk\u0119); rzeczy osobiste. Koszt rekolekcji wynosi 50 z\u0142. Zg\u0142oszenia przyjmujemy do 28 stycznia 2020! Zg\u0142oszenia nale\u017cy wysy\u0142a\u0107 na adres e-mail: kolopowolaniowe@gmail.com lub telefonicznie:&nbsp;(55) 235 51 83.<br \/>\n7. <strong>Na czas ferii zimowych<\/strong> &#8211; wszystkim dzieciom, m\u0142odzie\u017cy i nauczycielom \u017cyczymy na ten czas b\u0142ogos\u0142awie\u0144stwa Bo\u017cego, bezpiecznego i pe\u0142nego rado\u015bci wypoczynku.<br \/>\n8. <strong>Przed ko\u015bcio\u0142em mo\u017cna naby\u0107 pras\u0119 katolick\u0105<\/strong>: \u201eGo\u015b\u0107 Niedzielny\u201d w cenie 6 z\u0142.<br \/>\n9. <strong>Kancelaria Parafialna w trakcie trwania ferii zimowych czynna tylko w sobot\u0119<\/strong> od godz. 10:30 do 12:00. Zapraszamy.<br \/>\n10. <strong>Pan powo\u0142a\u0142 do wieczno\u015bci<\/strong>: \u015bp. Zygmunta Janowskiego, lat 99 z ul. Brzechwy<\/p>\n<p>Numer Konta Parafialnego<br \/>\nPKO BP 72 1020 1752 0000 0102 0069 6047<\/p>\n<p>&nbsp;<\/p>\n<p><img decoding=\"async\" id=\"intencje-837\" src=\"http:\/\/rafalk-elblag.pl\/wp-content\/uploads\/2019\/09\/intencje_mszalne.jpg\" width=\"800px\"><\/p>\n<h2>Intencje mszalne 26.01.2020<\/h2>\n<p>\u2020 INTENCJE MSZALNE \u2020<\/p>\n<p><strong>PONIEDZIA\u0141EK 27 stycznia 2020r<\/strong>.&nbsp;&nbsp;&nbsp;&nbsp;&nbsp;&nbsp;&nbsp;&nbsp;&nbsp;&nbsp;&nbsp;&nbsp; Mk 3, 22-30<\/p>\n<p>8.00 \u2020 Wac\u0142aw Bazylak (27 greg.)<br \/>\n18.00 \u2020 Mieczys\u0142aw w 23 r.\u015bm. i Kazimiera (k) D\u0105bkowscy<\/p>\n<p><strong>WTOREK 28 stycznia 2020r.<\/strong> \/ <strong>\u015bw. Tomasza z Akwinu<\/strong>&nbsp;&nbsp;&nbsp;&nbsp;&nbsp;&nbsp;&nbsp;&nbsp;&nbsp;&nbsp;&nbsp; Mk 3, 31-35<br \/>\n8.00 \u2020 Wac\u0142aw Bazylak (28 greg.)<br \/>\n18.00 \u2020 Kordula i Wac\u0142aw Mat\u0142achowie<\/p>\n<p><strong>\u015aRODA 29 stycznia 2020r.&nbsp;&nbsp;&nbsp;&nbsp;&nbsp;&nbsp;<\/strong>&nbsp;&nbsp;&nbsp;&nbsp;&nbsp;&nbsp;&nbsp;&nbsp;&nbsp;&nbsp;&nbsp;&nbsp;&nbsp;&nbsp;&nbsp;&nbsp;&nbsp;&nbsp;&nbsp;&nbsp;&nbsp;&nbsp;&nbsp;&nbsp;&nbsp;&nbsp;&nbsp;&nbsp;&nbsp;&nbsp; Mk 4, 1-20<\/p>\n<p>8.00 \u2020 Wac\u0142aw Bazylak (29 greg.)<br \/>\n18.00 \u2020 J\u00f3zef Smolak w 16 r.\u015bm.<\/p>\n<p><strong>CZWARTEK 30 stycznia 2020r<\/strong>.&nbsp;&nbsp;&nbsp;&nbsp;&nbsp;&nbsp;&nbsp;&nbsp;&nbsp;&nbsp;&nbsp;&nbsp;&nbsp;&nbsp;&nbsp;&nbsp;&nbsp;&nbsp;&nbsp;&nbsp;&nbsp;&nbsp;&nbsp;&nbsp;&nbsp;&nbsp;&nbsp;&nbsp;&nbsp;&nbsp;&nbsp;&nbsp; Mk 4, 21-25<\/p>\n<p>8.00 \u2020 Wac\u0142aw Bazylak (30 greg.)<br \/>\n18.00 \u2020 Marek Pietrzak w dniu ziemskich urodzin<\/p>\n<p><strong>PI\u0104TEK 31 stycznia 2020r. \/ \u015bw. Jana Bosko<\/strong>&nbsp;&nbsp;&nbsp;&nbsp;&nbsp;&nbsp;&nbsp;&nbsp;&nbsp;&nbsp;&nbsp;&nbsp;&nbsp; Mk 4, 26-34<\/p>\n<p>8.00 \u2020 Marek Piechowicz w 1 r.\u015bm.<br \/>\n18.00 \u2020 Franciszka (k) i Stanis\u0142aw Zaborowscy i zmarli rodzice<\/p>\n<p><strong>SOBOTA 1 lutego 2020r.<\/strong>&nbsp;&nbsp;&nbsp;&nbsp;&nbsp;&nbsp;&nbsp;&nbsp;&nbsp;&nbsp;&nbsp;&nbsp;&nbsp;&nbsp;&nbsp;&nbsp;&nbsp;&nbsp;&nbsp;&nbsp;&nbsp;&nbsp;&nbsp;&nbsp;&nbsp;&nbsp;&nbsp;&nbsp;&nbsp;&nbsp;&nbsp;&nbsp;&nbsp;&nbsp;&nbsp;&nbsp;&nbsp;&nbsp;&nbsp;&nbsp;&nbsp; Mk 4, 35-41<\/p>\n<p>8.00 \u2020 Zofia Rynkowska-Hipsz (1 greg.)<br \/>\n18.00 W int. cz\u0142onk\u00f3w XII R\u00f3\u017cy im. \u015aw. Maksymiliana Marii Kolbego z pro\u015bb\u0105 o Bo\u017ce b\u0142og. i opiek\u0119 MB<\/p>\n<p><strong>NIEDZIELA&nbsp; 2 lutego 2020r.\/&nbsp; \u015awi\u0119to Ofiarowania Pa\u0144skiego<\/strong> &nbsp;&nbsp;&nbsp;&nbsp;&nbsp;&nbsp;&nbsp;&nbsp;&nbsp;&nbsp;&nbsp;&nbsp;&nbsp; \u0141k 2, 22-40<br \/>\n7.00 Zmarli z rodz. Renda i Radziszewskich<br \/>\n9.00 O do\u015bwiadczenie Bo\u017cej mi\u0142o\u015bci dla Karoliny i Sebastiana<br \/>\n9.00 \u2020 Zofia Rynkowska-Hipsz (2 greg.)<br \/>\n10.30 Dzi\u0119k. w 70 urodziny Krystyny Salewskiej z pro\u015bb\u0105 o Bo\u017ce b\u0142og., opiek\u0119 MB i<br \/>\npotrzebne \u0142aski<br \/>\n12.00 O Bo\u017ce b\u0142og., opiek\u0119 MB i potrzebne \u0142aski dla Adrianny Stankiewicz z okazji 18 urodzin i ca\u0142ej Jej rodziny<br \/>\n15.00 Dzi\u0119kczynna za otrzymane \u0142aski z pro\u015bb\u0105 o dalsze b\u0142ogos\u0142awie\u0144stwo dla rodz. Urbanowskich i D\u0119bickich<br \/>\n18.00 \u2020 Wies\u0142aw Wojniak w 26 r.\u015bm. i zm. z rodz. Uzdowskich, Malinowskich i Czy\u017cyk\u00f3w-Skoczyk\u00f3w<\/p>\n","protected":false},"excerpt":{"rendered":"<p>\u015awi\u0119ty Tomasz z Akwinu &#8211; zrozumie\u0107 Boga Og\u0142oszenia parafialne 26.01.2020 Intencje mszalne 26.01.2020 &nbsp; \u015awi\u0119ty Tomasz z Akwinu &#8211; zrozumie\u0107 Boga Tomasz w&nbsp;Sumie teologicznej&nbsp;przedstawia pi\u0119\u0107 dr\u00f3g, sposob\u00f3w poznania Boga. Napisa\u0142 tyle, ile mo\u017cna o Bogu powiedzie\u0107, bo wiedzia\u0142 z osobistego do\u015bwiadczenia modlitwy, \u017ce jest On niezg\u0142\u0119bion\u0105 tajemnic\u0105 Mi\u0142o\u015bci. W\u0142a\u015bnie dlatego sylogizmy i filozoficzne rozwa\u017canie nie [&hellip;]<\/p>\n","protected":false},"author":1,"featured_media":3637,"comment_status":"closed","ping_status":"closed","sticky":false,"template":"","format":"standard","meta":{"ngg_post_thumbnail":0,"footnotes":""},"categories":[11,8,4,3],"tags":[],"class_list":["post-3632","post","type-post","status-publish","format-standard","has-post-thumbnail","hentry","category-aktualnosci","category-blog","category-intencje","category-ogloszenia"],"_links":{"self":[{"href":"https:\/\/rafalk-elblag.pl\/index.php?rest_route=\/wp\/v2\/posts\/3632","targetHints":{"allow":["GET"]}}],"collection":[{"href":"https:\/\/rafalk-elblag.pl\/index.php?rest_route=\/wp\/v2\/posts"}],"about":[{"href":"https:\/\/rafalk-elblag.pl\/index.php?rest_route=\/wp\/v2\/types\/post"}],"author":[{"embeddable":true,"href":"https:\/\/rafalk-elblag.pl\/index.php?rest_route=\/wp\/v2\/users\/1"}],"replies":[{"embeddable":true,"href":"https:\/\/rafalk-elblag.pl\/index.php?rest_route=%2Fwp%2Fv2%2Fcomments&post=3632"}],"version-history":[{"count":1,"href":"https:\/\/rafalk-elblag.pl\/index.php?rest_route=\/wp\/v2\/posts\/3632\/revisions"}],"predecessor-version":[{"id":3636,"href":"https:\/\/rafalk-elblag.pl\/index.php?rest_route=\/wp\/v2\/posts\/3632\/revisions\/3636"}],"wp:featuredmedia":[{"embeddable":true,"href":"https:\/\/rafalk-elblag.pl\/index.php?rest_route=\/wp\/v2\/media\/3637"}],"wp:attachment":[{"href":"https:\/\/rafalk-elblag.pl\/index.php?rest_route=%2Fwp%2Fv2%2Fmedia&parent=3632"}],"wp:term":[{"taxonomy":"category","embeddable":true,"href":"https:\/\/rafalk-elblag.pl\/index.php?rest_route=%2Fwp%2Fv2%2Fcategories&post=3632"},{"taxonomy":"post_tag","embeddable":true,"href":"https:\/\/rafalk-elblag.pl\/index.php?rest_route=%2Fwp%2Fv2%2Ftags&post=3632"}],"curies":[{"name":"wp","href":"https:\/\/api.w.org\/{rel}","templated":true}]}}