{"id":3614,"date":"2020-01-18T10:44:37","date_gmt":"2020-01-18T10:44:37","guid":{"rendered":"http:\/\/rafalk-elblag.pl\/?p=3614"},"modified":"2020-01-18T11:04:25","modified_gmt":"2020-01-18T11:04:25","slug":"biuletyn-parafialny-nr-836-19-stycznia-2020r-ii-niedziela-zwykla","status":"publish","type":"post","link":"https:\/\/rafalk-elblag.pl\/?p=3614","title":{"rendered":"Biuletyn parafialny nr 836 \/ 19 stycznia 2020r. II Niedziela Zwyk\u0142a"},"content":{"rendered":"<p><a href=\"#temat-836\">Nawr\u00f3cenie \u015bw. Paw\u0142a Aposto\u0142a<br \/>\n<\/a><a href=\"#ogloszenia-836\">Og\u0142oszenia parafialne 19.01.2020<\/a><a href=\"#temat-836\"><br \/>\n<\/a><a href=\"#intencje-836\">Intencje mszalne 19.01.2020<\/a><\/p>\n<p>&nbsp;<\/p>\n<p><img decoding=\"async\" id=\"temat-836\" src=\"http:\/\/rafalk-elblag.pl\/wp-content\/uploads\/2020\/01\/slider-nawrocenie-pawala-180120.jpg\"><br \/>\nKadr z serialu Anno Domini<\/p>\n<h1><a href=\"#temat-836\"><br \/>\nNawr\u00f3cenie \u015bw. Paw\u0142a Aposto\u0142a <\/a><\/h1>\n<p><strong>25 stycznia Ko\u015bci\u00f3\u0142 wspomina prze\u0142omowe wydarzenie w \u017cyciu Aposto\u0142a Narod\u00f3w \u015bw. Paw\u0142a. To, co wydarzy\u0142o si\u0119 pod Damaszkiem, zmieni\u0142o ca\u0142e jego \u017cycie i sprawi\u0142o, \u017ce Pawe\u0142 sta\u0142 si\u0119 wielkim aposto\u0142em Chrystusa.<\/strong><br \/>\nParadoksalnie celem podr\u00f3\u017cy Paw\u0142a do Damaszku by\u0142o definitywne sko\u0144czenie z sekt\u0105 chrze\u015bcijan. Dla swojej misji mia\u0142 nawet oficjalne listy polecaj\u0105ce. Pawe\u0142 opu\u015bci\u0142 Jerozolim\u0119 przez Bram\u0119 P\u00f3\u0142nocn\u0105, w pobli\u017cu kt\u00f3rej znajdowa\u0142 si\u0119 gr\u00f3b \u015bw. Szczepana. \u015amier\u0107 Szczepana jeszcze bardziej podsyca\u0142a Szaw\u0142a do prze\u015bladowania tych, kt\u00f3rzy wyznawali, \u017ce Jezus jest Panem. Damaszek jest oddalony od Jerozolimy o 250 km. Szawe\u0142 potrzebowa\u0142 na przebycie tej drogi o\u015bmiu dni podr\u00f3\u017cy karawan\u0105 przez P\u0142askowy\u017c Judejski. <strong>Kiedy ju\u017c przekroczy\u0142 granic\u0119 miasta utworzon\u0105 z pier\u015bcienia drzew, zdarzy\u0142 si\u0119 cud. Nagle upad\u0142 na ziemi\u0119, straci\u0142 r\u00f3wnowag\u0119 i us\u0142ysza\u0142 g\u0142os Jezusa, kt\u00f3ry wezwa\u0142 Paw\u0142a po imieniu i w jego j\u0119zyku. Szawe\u0142 w jednej chwili prze\u017cy\u0142 swoje nawr\u00f3cenie, rozpozna\u0142 Jezusa i postanowi\u0142 nie tylko przerwa\u0107 prze\u015bladowanie chrze\u015bcijan, ale wkroczy\u0107 radykalnie na drog\u0119 wyznawc\u00f3w Chrystusa. Damaszek by\u0142 dla Paw\u0142a \u017ar\u00f3d\u0142em jego si\u0142y w pracy apostolskiej. Zawsze, gdy czu\u0142 si\u0119 zm\u0119czony lub rozczarowany swoj\u0105 misj\u0105, wraca\u0142 do wydarzenia spod Damaszku, przypominaj\u0105c sobie, \u017ce przecie\u017c Jezus \u017cyje i on, Pawe\u0142, spotka\u0142 Go osobi\u015bcie.<\/strong><\/p>\n<p>Tajemnicze nawr\u00f3cenie Paw\u0142a przypomina nam, \u017ce Chrystus szuka nas i pragnie, aby\u015bmy zrezygnowali z w\u0142asnych zabezpiecze\u0144 i pozwolili si\u0119 ca\u0142kowicie poprowadzi\u0107 Bogu. Ka\u017cdy z nas powinien odszuka\u0107 w swoim \u017cyciu podobnej chwili nawr\u00f3cenia, kiedy B\u00f3g by\u0142 dla nas tak wyra\u017any i oczywisty, \u017ce poszli\u015bmy za Nim.<\/p>\n<p>&nbsp;<br \/>\n<img decoding=\"async\" id=\"ogloszenia-836\" src=\"http:\/\/rafalk-elblag.pl\/wp-content\/uploads\/2019\/09\/ogloszenia_parafialne.jpg\" width=\"800px\"><\/p>\n<h2>Og\u0142oszenia parafialne 19.01.2020, II Niedziela Zwyk\u0142a<\/h2>\n<p>1. <strong>Trwa wizyta duszpasterska w naszej parafii<\/strong>. W tym tygodniu ko\u0144czymy kol\u0119d\u0119, dlatego prosimy o zg\u0142aszanie do zakrystii rodzin, kt\u00f3re z r\u00f3\u017cnych przyczyn w wyznaczonym terminie nie przyj\u0119\u0142y kap\u0142ana a pragn\u0105 spotka\u0107 si\u0119 na wsp\u00f3lnej modlitwie i po\u015bwieci\u0107 mieszkanie. Do tych rodzin udamy si\u0119 w pi\u0105tek (24.01.) od godz. 16:00. W trakcie kol\u0119dy codziennie o godz. 8:00 jest sprawowana Eucharystia za rodziny, do kt\u00f3rych udamy si\u0119 z Wizyt\u0105 Duszpastersk\u0105. Tym bardziej zach\u0119camy osoby dysponuj\u0105ce czasem do wsp\u00f3lnej modlitwy.<br \/>\n2. <strong>UWAGA!!! Woda po\u015bwi\u0119cona znajduje w specjalnym naczyniu pod ch\u00f3rem.<\/strong> Prosimy tylko o zabranie odpowiedniego pojemnika by nabra\u0107 sobie wod\u0119.<br \/>\n3. <strong>Informujemy o mo\u017cliwo\u015bci rezerwacji i zamawiania Mszy \u015bw. na ca\u0142y bie\u017c\u0105cy rok. <\/strong>Niech Eucharystia stanie si\u0119 dzi\u0119kczynieniem za prze\u017cyte lata, rocznice sakramentu ma\u0142\u017ce\u0144stwa a nawet dnia urodzin czy imienin. Msza \u015bw. jest najpi\u0119kniejszym darem.<br \/>\n4. <strong>Seminarium Duchowne w Elbl\u0105gu zaprasza m\u0142odzie\u017c m\u0119sk\u0105 szk\u00f3\u0142 ponadpodstawowych<\/strong> do udzia\u0142u w rekolekcjach, kt\u00f3re odb\u0119d\u0105 si\u0119 w dniach 1-5 lutego br. Szczeg\u00f3\u0142owe informacje w Internecie. Zg\u0142oszenia do 28 stycznia br. droga e-mail: kolopowolaniowe@gmail.com lub telefonicznie 550 235 51 83.<br \/>\n5. <strong>Na czas ferii zimowych<\/strong> &#8211; wszystkim dzieciom, m\u0142odzie\u017cy i nauczycielom \u017cyczymy bezpiecznego, pe\u0142nego rado\u015bci wypoczynku i b\u0142ogos\u0142awie\u0144stwa Bo\u017cego na ten czas.<br \/>\n6. <strong>Od 18 stycznia br. w ko\u015bciele obchodzimy TYDZIE\u0143 MODLITW O JEDNO\u015a\u0106 CHRZE\u015aCIJAN<\/strong>. Zach\u0119camy wszystkich do wsp\u00f3lnej modlitwy.<br \/>\n7. <strong>SPOTKANIE OP\u0141ATKOWE<\/strong>. Zapraszamy dzisiaj na Msz\u0119 \u015bw. o godz. 18:00 wsp\u00f3lnoty parafialne: Bractwo Szkaplerzne, Odnowa w Duchu \u015awi\u0119tym, Wsp\u00f3lnota Krwi Chrystusa, Kr\u0105g Biblijny, Apostolat Margaretka, Apostolat Bo\u017cego Mi\u0142osierdzia, Wolontariuszy Caritas i \u017bywego R\u00f3\u017ca\u0144ca. Przyjd\u017a, czekamy na Ciebie.<br \/>\n8. <strong>PIELGRZYMKA W ROKU 2020 !!!<\/strong> Parafia organizuje samolotow\u0105 pielgrzymk\u0119 do W\u0142och Po\u0142udniowych w dniach 21 \u2013 28 wrze\u015bnia 2020 roku. Zobaczymy takie miejsca jak: Bari, San Giovanni Rotondo, Monte Sant Angelo, Matera, Pietrelcina, Pompeje, Salerno, Neapol oraz wypoczynek nad Morzem Adriatyckim. Koszt 3550 z\u0142. plus 150 euro. Zapisy u ks. Proboszcza do ko\u0144ca stycznia 2020 r. Wpisowe 1000 z\u0142. Pomy\u015bl i zaplanuj ju\u017c dzi\u015b Tw\u00f3j wyjazd do tak wa\u017cnych i cudownych miejsc.<br \/>\n9. <strong>Przed ko\u015bcio\u0142em mo\u017cna naby\u0107 pras\u0119 katolick\u0105<\/strong>: \u201eGo\u015b\u0107 Niedzielny\u201d w cenie 6 z\u0142.<br \/>\n10. <strong>Kancelaria Parafialna w trakcie trwania kol\u0119dy czynna tylko w sobot\u0119<\/strong> od godz. 10:30 do 12:00. Zapraszamy.<br \/>\n11. <strong>Pan powo\u0142a\u0142 do wieczno\u015bci<\/strong>: \u015bp. Sabin\u0119 Jasnoch lat 82 z ul. \u0141okietka, \u015bp. Janin\u0119 Rybczy\u0144sk\u0105 lat 89 z ul. Broniewskiego, \u015bp. Andrzeja W\u0119gielewskiego lat 66 z ul. Leszczy\u0144skiego, \u015bp. Jadwig\u0119 Go\u0142\u0119biewsk\u0105 lat 78 z ul. Broniewskiego.<\/p>\n<p>&nbsp;<\/p>\n<h2>Program wizyty duszpasterskiej w parafii \u015bw. Rafa\u0142a Kalinowskiego<\/h2>\n<p><strong>Poniedzia\u0142ek 20.01. 2020 r. od 16:00<br \/>\n<\/strong>ul. Sobieskiego 6, 4, 2, 2B<br \/>\nul. Myliusa 19, 18, 17, 16, 15<br \/>\nul. Myliusa 14, 13, 12, 11<\/p>\n<p><strong>Wtorek 21. 01.2020 r. od 16:00<br \/>\n<\/strong>ul. Myliusa 10, 8, 7, 6<br \/>\nul. Myliusa 5, 4, 3, 2<br \/>\nul. Myliusa 1<\/p>\n<p><strong>\u015aroda 22. 01.2020 r. od 16:00<br \/>\n<\/strong>ul. Leszczy\u0144skiego 31, 30, 29, 28<br \/>\nul. Leszczy\u0144skiego 27, 26, 25, 24<br \/>\nul. Leszczy\u0144skiego 23, 22, 21, 20<\/p>\n<p><strong>Czwartek 23. 01. 2020 r. od 16:00<br \/>\n<\/strong>ul. Leszczy\u0144skiego 16, 15, 14, 13<br \/>\nul. Leszczy\u0144skiego 12, 11, 10, 9<br \/>\nul. Leszczy\u0144skiego 8, 7, 6, 5<\/p>\n<p><strong>Pi\u0105tek 24. 01. 2020 r. od 16:00<br \/>\n<\/strong>ul. Leszczy\u0144skiego 4, 3, 2, 1<br \/>\nul. Legion\u00f3w 42<br \/>\nUZUPE\u0141NIENIA NA ZAPROSZENIA<\/p>\n<p><strong>Prosimy o przygotowanie si\u0119 do wizyty duszpasterskiej:<\/strong><\/p>\n<ul>\n<li>Obecna ca\u0142a rodzina;<\/li>\n<li>Dzieci i m\u0142odzie\u017c przygotowuj\u0105 zeszyty do religii, ksi\u0105\u017ceczki potwierdzaj\u0105ce udzia\u0142 we Mszy \u015bw. Niedzielnej oraz do Sakramentu Bierzmowania;<\/li>\n<li>Bia\u0142y obrus, Pismo \u015awi\u0119te, Krzy\u017c, \u015bwiecznik, woda \u015bwi\u0119cona i kropid\u0142o;<\/li>\n<li>Has\u0142o tegorocznego Roku Duszpasterskiego w Polsce brzmi: \u201eWIELKA TAJEMNICA WIARY\u201d, nawi\u0105zuj\u0105c do tajemnicy Eucharystii. Dlatego powy\u017cszy temat, b\u0119dzie r\u00f3wnie\u017c poruszany podczas wizyty duszpasterskiej;<\/li>\n<li>W tym roku ka\u017cda rodzina otrzyma przed kol\u0119d\u0105 ksi\u0105\u017ceczk\u0119, kt\u00f3ra umo\u017cliwi przygotowanie si\u0119 do om\u00f3wienia powy\u017cszego tematu duszpasterskiego. Prosimy o zapoznanie si\u0119 z tre\u015bci\u0105 tej ma\u0142ej ksi\u0105\u017ceczki;<\/li>\n<li>UWAGA!!! Kol\u0119dy od poniedzia\u0142ku do pi\u0105tku rozpoczynamy od godz. 16:00, natomiast w soboty od godz. 15:00.<\/li>\n<\/ul>\n<p>&nbsp;<\/p>\n<p><img decoding=\"async\" id=\"intencje-836\" src=\"http:\/\/rafalk-elblag.pl\/wp-content\/uploads\/2019\/09\/intencje_mszalne.jpg\" width=\"800px\"><\/p>\n<h2>Intencje mszalne 19.01.2020<\/h2>\n<p>\u2020 INTENCJE MSZALNE \u2020<br \/>\n<strong>PONIEDZIA\u0141EK 20 stycznia 2020r.&nbsp;&nbsp;<\/strong>&nbsp;&nbsp;&nbsp;&nbsp;&nbsp;&nbsp;&nbsp;&nbsp;&nbsp;&nbsp;&nbsp;&nbsp;&nbsp;&nbsp;&nbsp;&nbsp;&nbsp;&nbsp;&nbsp;&nbsp;&nbsp;&nbsp;&nbsp;&nbsp;&nbsp;&nbsp;&nbsp; Mk 2, 18-22<br \/>\n8.00 W intencji rodzin odwiedzanych w czasie wizyty duszpasterskiej<br \/>\n8.00 \u2020 Wac\u0142aw Bazylak (20 greg.)<br \/>\n8.00<br \/>\n18.00 Dzi\u0119k. za wszelkie otrzymane \u0142aski w dniu imienin Sebastiana<br \/>\n<strong>WTOREK 21 stycznia 2020r. \/ \u015bw. Agnieszki<\/strong>&nbsp;&nbsp;&nbsp;&nbsp;&nbsp;&nbsp;&nbsp;&nbsp;&nbsp;&nbsp;&nbsp;&nbsp; Mk 2, 23-28<br \/>\n8.00 W intencji rodzin odwiedzanych w czasie kol\u0119dy<br \/>\n8.00 \u2020 Wac\u0142aw Bazylak (21 greg.)<br \/>\n8.00<br \/>\n18.00 \u2020 Stefan Makowski w 2 r.\u015bm., Julianna i Kazimierz Makowscy i zm. z rodz.<br \/>\n<strong>\u015aRODA 22 stycznia 2020r<\/strong>.&nbsp;&nbsp;&nbsp;&nbsp;&nbsp;&nbsp;&nbsp;&nbsp;&nbsp;&nbsp;&nbsp;&nbsp;&nbsp;&nbsp;&nbsp;&nbsp;&nbsp;&nbsp;&nbsp;&nbsp;&nbsp;&nbsp;&nbsp;&nbsp;&nbsp;&nbsp;&nbsp;&nbsp;&nbsp;&nbsp;&nbsp;&nbsp;&nbsp;&nbsp;&nbsp;&nbsp;&nbsp;&nbsp;&nbsp;&nbsp;&nbsp;&nbsp; Mk 3, 1-6<br \/>\n8.00 \u2020 Wac\u0142aw Bazylak (22 greg.)<br \/>\n8.00 W intencji rodzin odwiedzanych w czasie kol\u0119dy<br \/>\n8.00 O Bo\u017ce b\u0142og., opiek\u0119 MB i dary Ducha \u015aw. dla Uli i Krzysia z ok. 9 urodzin oraz dla Oli<br \/>\n18.00 \u2020 Krzysztof Wernerowicz w 30 dpp.<br \/>\n<strong>CZWARTEK 23 stycznia 2020r<\/strong>.&nbsp;&nbsp;&nbsp;&nbsp;&nbsp;&nbsp;&nbsp;&nbsp;&nbsp;&nbsp;&nbsp;&nbsp;&nbsp;&nbsp;&nbsp;&nbsp;&nbsp;&nbsp;&nbsp;&nbsp;&nbsp;&nbsp;&nbsp;&nbsp;&nbsp;&nbsp;&nbsp;&nbsp;&nbsp;&nbsp;&nbsp;&nbsp;&nbsp; &nbsp; &nbsp; &nbsp; &nbsp; &nbsp; &nbsp; Mk 3, 7-12<br \/>\n8.00 \u2020 Wac\u0142aw Bazylak (23 greg.)<br \/>\n8.00 W intencji rodzin odwiedzanych w czasie kol\u0119dy<br \/>\n8.00<br \/>\n18.00 \u2020 Micha\u0142 i J\u00f3zefa (k) Jackiewiczowie<br \/>\n<strong>PI\u0104TEK 24 stycznia 2020r. \/ \u015bw. Franciszka Salezego<\/strong>&nbsp;&nbsp;&nbsp;&nbsp;&nbsp;&nbsp;&nbsp;&nbsp;&nbsp;&nbsp; Mk 3, 13-19<br \/>\n8.00 \u2020 Wac\u0142aw Bazylak (17 greg.)<br \/>\n8.00 W intencji rodzin odwiedzanych w czasie kol\u0119dy<br \/>\n8.00<br \/>\n18.00 \u2020 Henryk Sienkiewicz w 9 r.\u015bm. i Stanis\u0142aw Sienkiewicz w 3 r.\u015bm.<br \/>\n<strong>SOBOTA 25 stycznia 2020r. \/ \u015awi\u0119to nawr\u00f3cenia \u015bw. Paw\u0142a<\/strong>&nbsp;&nbsp;&nbsp;&nbsp;&nbsp;&nbsp;&nbsp;&nbsp;&nbsp;&nbsp;&nbsp;&nbsp;&nbsp;&nbsp;&nbsp;&nbsp;&nbsp;&nbsp; Mk 16, 15-18<br \/>\n8.00<br \/>\n8.00 W intencji rodzin odwiedzanych w czasie kol\u0119dy<br \/>\n8.00<br \/>\n18.00 \u2020 Wac\u0142aw Bazylak (25 greg.)<br \/>\n<strong>III Niedziela Zwyk\u0142a \/ 26 stycznia 2020r.<\/strong>&nbsp;&nbsp;&nbsp;&nbsp;&nbsp;&nbsp;&nbsp;&nbsp;&nbsp;&nbsp;&nbsp;&nbsp;&nbsp;&nbsp;&nbsp;&nbsp;&nbsp;&nbsp;&nbsp;&nbsp;&nbsp;&nbsp;&nbsp;&nbsp;&nbsp;&nbsp;&nbsp;&nbsp;&nbsp;&nbsp;&nbsp;&nbsp;&nbsp;&nbsp;&nbsp;&nbsp; Mt 4, 12-23<br \/>\n7.00 \u2020 Jadwiga w 10 r.\u015bm., Kazimierz i Norbert<br \/>\n9.00 Rez.<br \/>\n9.00 \u2020 Wac\u0142aw Bazylak (26 greg.)<br \/>\n10.30 \u2020 Jan Bralewski w 19 r.\u015bm.<br \/>\n12.00 W intencji Parafian<br \/>\n12.00 Dzi\u0119kczynna w 22 rocz. powstania wsp\u00f3lnoty Odnowy w Duchu \u015aw. \u201eKana Galilejska\u201d z pro\u015bb\u0105 o Dary Ducha \u015aw.<br \/>\n15.00 Dzi\u0119k. z okazji 1 urodzin Marcela Abucewicza z pro\u015bb\u0105 o Bo\u017ce b\u0142og. i potrzebne \u0142aski dla ca\u0142ej rodziny<br \/>\n18.00 \u2020 Franciszek Niewi\u0144ski w 7 r.\u015bm., El\u017cbieta, Piotr i Mariusz<\/p>\n","protected":false},"excerpt":{"rendered":"<p>Nawr\u00f3cenie \u015bw. Paw\u0142a Aposto\u0142a Og\u0142oszenia parafialne 19.01.2020 Intencje mszalne 19.01.2020 &nbsp; Kadr z serialu Anno Domini Nawr\u00f3cenie \u015bw. Paw\u0142a Aposto\u0142a 25 stycznia Ko\u015bci\u00f3\u0142 wspomina prze\u0142omowe wydarzenie w \u017cyciu Aposto\u0142a Narod\u00f3w \u015bw. Paw\u0142a. To, co wydarzy\u0142o si\u0119 pod Damaszkiem, zmieni\u0142o ca\u0142e jego \u017cycie i sprawi\u0142o, \u017ce Pawe\u0142 sta\u0142 si\u0119 wielkim aposto\u0142em Chrystusa. Paradoksalnie celem podr\u00f3\u017cy Paw\u0142a [&hellip;]<\/p>\n","protected":false},"author":1,"featured_media":3616,"comment_status":"closed","ping_status":"closed","sticky":false,"template":"","format":"standard","meta":{"ngg_post_thumbnail":0,"footnotes":""},"categories":[11,8,4,3],"tags":[],"class_list":["post-3614","post","type-post","status-publish","format-standard","has-post-thumbnail","hentry","category-aktualnosci","category-blog","category-intencje","category-ogloszenia"],"_links":{"self":[{"href":"https:\/\/rafalk-elblag.pl\/index.php?rest_route=\/wp\/v2\/posts\/3614","targetHints":{"allow":["GET"]}}],"collection":[{"href":"https:\/\/rafalk-elblag.pl\/index.php?rest_route=\/wp\/v2\/posts"}],"about":[{"href":"https:\/\/rafalk-elblag.pl\/index.php?rest_route=\/wp\/v2\/types\/post"}],"author":[{"embeddable":true,"href":"https:\/\/rafalk-elblag.pl\/index.php?rest_route=\/wp\/v2\/users\/1"}],"replies":[{"embeddable":true,"href":"https:\/\/rafalk-elblag.pl\/index.php?rest_route=%2Fwp%2Fv2%2Fcomments&post=3614"}],"version-history":[{"count":14,"href":"https:\/\/rafalk-elblag.pl\/index.php?rest_route=\/wp\/v2\/posts\/3614\/revisions"}],"predecessor-version":[{"id":3630,"href":"https:\/\/rafalk-elblag.pl\/index.php?rest_route=\/wp\/v2\/posts\/3614\/revisions\/3630"}],"wp:featuredmedia":[{"embeddable":true,"href":"https:\/\/rafalk-elblag.pl\/index.php?rest_route=\/wp\/v2\/media\/3616"}],"wp:attachment":[{"href":"https:\/\/rafalk-elblag.pl\/index.php?rest_route=%2Fwp%2Fv2%2Fmedia&parent=3614"}],"wp:term":[{"taxonomy":"category","embeddable":true,"href":"https:\/\/rafalk-elblag.pl\/index.php?rest_route=%2Fwp%2Fv2%2Fcategories&post=3614"},{"taxonomy":"post_tag","embeddable":true,"href":"https:\/\/rafalk-elblag.pl\/index.php?rest_route=%2Fwp%2Fv2%2Ftags&post=3614"}],"curies":[{"name":"wp","href":"https:\/\/api.w.org\/{rel}","templated":true}]}}