{"id":3607,"date":"2020-01-13T10:07:55","date_gmt":"2020-01-13T10:07:55","guid":{"rendered":"http:\/\/rafalk-elblag.pl\/?p=3607"},"modified":"2020-01-13T10:08:16","modified_gmt":"2020-01-13T10:08:16","slug":"biuletyn-parafialny-nr-835-12-stycznia-2020r-niedziela-chrztu-panskiego","status":"publish","type":"post","link":"https:\/\/rafalk-elblag.pl\/?p=3607","title":{"rendered":"Biuletyn parafialny nr 835 \/ 12 stycznia 2020r. Niedziela Chrztu Pa\u0144skiego."},"content":{"rendered":"<p><a href=\"#temat-835\">Chrzest Pa\u0144ski<br \/>\n<\/a><a href=\"#ogloszenia-835\">Og\u0142oszenia parafialne 12.01.2020<\/a><a href=\"#temat-835\"><br \/>\n<\/a><a href=\"#intencje-835\">Intencje mszalne 12.01.2020<\/a><\/p>\n<p>&nbsp;<\/p>\n<p><img decoding=\"async\" id=\"temat-835\" src=\"http:\/\/rafalk-elblag.pl\/wp-content\/uploads\/2020\/01\/slider_chrzest.jpg\"><\/p>\n<h1><a href=\"#temat-835\">Chrzest Pa\u0144ski <\/a><\/h1>\n<p>Chrzest Pa\u0144ski<\/p>\n<p><strong>Po prze\u017cywaniu tajemnicy Narodzenia Pana Jezusa, Macierzy\u0144stwa Naj\u015bwi\u0119tszej Maryi Panny i Objawieniu Pa\u0144skim (Epifanii) Ko\u015bci\u00f3\u0142 \u015bwi\u0119tuje Objawienie Tr\u00f3jcy Przenaj\u015bwi\u0119tszej (epifania trynitarna) &#8211; pierwsze w historii \u015bwiata pojawienie si\u0119 w postaci widzialnej ca\u0142ej Tr\u00f3jcy \u015awi\u0119tej podczas chrztu Jezusa w Jordanie:&nbsp; B\u00f3g Ojciec przemawia. Syn Bo\u017cy jest w postaci ludzkiej, a Duch \u015awi\u0119ty pojawia si\u0119 nad Nim w postaci go\u0142\u0119bicy.<\/strong><br \/>\nJezus poddaje si\u0119 chrztowi, by w pe\u0142ni objawi\u0142a si\u0119 jego relacja z Ojcem i Duchem \u015aw. Przy chrzcie Jezus poznaje w pe\u0142ni swoj\u0105 to\u017csamo\u015b\u0107. Jezus rozpoczyna drog\u0119 do miasta \u015bwi\u0119tego Jerozolimy i dope\u0142nianie tej misji (objawienie Bo\u017cej mi\u0142o\u015bci) od miejsca dok\u0105d doszed\u0142 Moj\u017cesz w drodze do ziemi obiecanej wraz z objawionym Bo\u017cym prawem. <strong>\u015awi\u0119to Chrztu Pa\u0144skiego obchodzone jest w pierwsz\u0105 niedziel\u0119 przypadaj\u0105c\u0105 po uroczysto\u015bci Objawienia Pa\u0144skiego. Jest to ju\u017c I Niedziela Zwyk\u0142a (okresu liturgicznego). \u015awi\u0119to Chrztu Pa\u0144skiego ko\u0144czy okres Bo\u017cego Narodzenia, cho\u0107 w polskiej tradycji jeszcze do 2 lutego \u015bpiewa si\u0119 kol\u0119dy <\/strong><strong>i zachowuje wystr\u00f3j \u015bwi\u0105teczny.<\/strong><br \/>\nRytualne obmywania by\u0142y znane w staro\u017cytno\u015bci u wielu lud\u00f3w. By\u0142 to zewn\u0119trzny znak wewn\u0119trznego nawr\u00f3cenia, \u017calu za pope\u0142nione grzechy i gotowo\u015bci zado\u015b\u0107uczynienia za nie. By\u0142 to wyraz t\u0119sknoty, aby B\u00f3g w swoim mi\u0142osierdziu oczy\u015bci\u0142 cz\u0142owieka z win na spos\u00f3b duchowy, tak jak woda oczyszcza cia\u0142o z materialnego brudu zewn\u0119trznego. Najstarsza tradycja \u015bwi\u0119ta Chrztu Pa\u0144skiego jest opisana w Ewangeliach. Najszczeg\u00f3\u0142owiej to wydarzenie zrelacjonowa\u0142 \u015bw. Mateusz, cho\u0107 opis chrztu Jezusa zostawili wszyscy trzej synoptycy.<br \/>\n<strong>Podczas chrztu Jezus zosta\u0142 przedstawiony przez swojego Ojca jako Syn pos\u0142any dla dokonania dzie\u0142a zbawienia. B\u00f3g Ojciec potwierdzi\u0142 z nieba Misj\u0119 Chrystusa Pana, daj\u0105c \u015bwiadectwo, \u017ce jest Synem Bo\u017cym i ma prawo przemawia\u0107 w imieniu Boga.<\/strong><\/p>\n<p>&nbsp;<br \/>\n<img decoding=\"async\" id=\"ogloszenia-835\" src=\"http:\/\/rafalk-elblag.pl\/wp-content\/uploads\/2019\/09\/ogloszenia_parafialne.jpg\" width=\"800px\"><\/p>\n<h2>Og\u0142oszenia parafialne 12.01.2020<\/h2>\n<p>OG\u0141OSZENIA PARAFIALNE 12.01.2020r.<br \/>\nNiedziela Chrztu Pa\u0144skiego<\/p>\n<p>1.<strong> Niedziela Chrztu Pa\u0144skiego ko\u0144czy okres Bo\u017cego Narodzenia<\/strong>, a rozpoczyna si\u0119 Okres Zwyk\u0142y. Trwaj\u0105c w tradycji Ko\u015bcio\u0142a jeszcze do 2 lutego \u015bpiewamy kol\u0119dy.<br \/>\n2.<strong> UWAGA!!! Woda po\u015bwi\u0119cona znajduje si\u0119 w specjalnym naczyniu pod ch\u00f3rem<\/strong>. Prosimy o zabranie odpowiedniego pojemnika by nabra\u0107 sobie wod\u0119.<br \/>\n3. <strong>Ka\u017cdy 16 dzie\u0144 miesi\u0105ca to dzie\u0144 spotkania si\u0119 Bractwa Szkaplerznego i Rodziny Szkaplerznej<\/strong>. Zapraszamy 16 stycznia (czwartek) wszystkich nale\u017c\u0105cych i pragn\u0105cych w\u0142\u0105czy\u0107 si\u0119 do tej wsp\u00f3lnoty na Msz\u0119 \u015bw. z katechez\u0105 o godz. 18:00.<br \/>\n4. <strong>Od 18 stycznia rozpoczyna si\u0119 w ko\u015bciele TYDZIE\u0143 MODLITW O JEDNO\u015a\u0106 CHRZE\u015aCIJAN<\/strong>. Zach\u0119camy wszystkich do wsp\u00f3lnej modlitwy.<br \/>\n5. <strong>Trwa wizyta duszpasterska w parafii (program znajdziemy w Biuletynie<\/strong>). Dzi\u0119kujemy za sk\u0142adane ofiary podczas kol\u0119dy. By\u0107 mo\u017ce pozwol\u0105 na sp\u0142at\u0119 ostateczn\u0105 za wykonane \u0142awki w Ko\u015bciele. W trakcje kol\u0119dy codziennie o godz. 8:00 sprawowana jest Msza \u015bw. za rodziny, do kt\u00f3rych udamy si\u0119 z Wizyt\u0105 Duszpastersk\u0105. Tym bardziej zach\u0119camy osoby dysponuj\u0105ce czasem do wsp\u00f3lnej modlitwy.<br \/>\n6. <strong>Za tydzie\u0144 19 stycznia (niedziela)<\/strong> po wsp\u00f3lnej Mszy \u015bw. o godz. 18:00 odb\u0119dzie si\u0119 <strong>spotkanie op\u0142atkowe dla wsp\u00f3lnot parafialnych<\/strong>: Bractwo Szkaplerzne, Odnowa w Duchu \u015awi\u0119tym, Wsp\u00f3lnota Krwi Chrystusa, Kr\u0105g Biblijny, Apostolat Margaretka, Apostolat Bo\u017cego Mi\u0142osierdzia, Wolontariuszy Caritas i \u017bywego R\u00f3\u017ca\u0144ca na kt\u00f3re zapraszamy. Przyjd\u017a, czekamy na Ciebie.<br \/>\n7. <strong>PIELGRZYMKA W ROKU 2020 !!!<\/strong> Parafia organizuje samolotow\u0105 pielgrzymk\u0119 do W\u0142och Po\u0142udniowych w dniach 21 \u2013 28 wrze\u015bnia 2020 roku. Zobaczymy takie miejsca jak: Bari, San Giovanni Rotondo, Monte Sant Angelo, Matera, Pietrelcina, Pompeje, Salerno, Neapol oraz wypoczynek nad Morzem Adriatyckim. Koszt 3550 z\u0142. plus 150 euro. Zapisy u ks. Proboszcza do ko\u0144ca stycznia 2020 r. Wpisowe 1000 z\u0142. Pomy\u015bl i zaplanuj ju\u017c dzi\u015b Tw\u00f3j wyjazd do tak wa\u017cnych i cudownych miejsc.<br \/>\n8. <strong>Zach\u0119camy do zamawiania Mszy \u015bw. dzi\u0119kczynnych<\/strong> (rodzinnych) za miniony rok z pro\u015bb\u0105 o dalsz\u0105 opiek\u0119 i Bo\u017ce b\u0142ogos\u0142awie\u0144stwo w Nowym Roku.<br \/>\n9. C<strong>aritas Archidiecezji Warmi\u0144skiej organizuje w dniach 26.01.2020 \u2013 1.02.2020 &#8222;FERIE Z KOPERNIKIEM WE FROMBORKU&#8221;, <\/strong>w programie wiele atrakcji, mi\u0119dzy innymi: Muzeum Miko\u0142aja Kopernika; obserwatorium astronomiczne; multimedialny seans w planetarium; Katedra we Fromborku; wie\u017ca widokowa; Szpital \u015bw. Ducha &#8211; muzeum medycyny; dyskoteka karnawa\u0142owa; wiele innych atrakcji. KOSZT: 600z\u0142. ZAPISY DO: 20.01.2020 tel.797-866-005 (7.00-16.00) e-mail: frombork@caritas.pl<br \/>\n10 <strong>Centrum Nowej Ewangelizacji zaprasza wszystkich zainteresowanych medytacj\u0105 S\u0142owa Bo\u017cego<\/strong> na kolejne spotkanie w ramach Szko\u0142y Modlitwy S\u0142owem Bo\u017cym w sobot\u0119 18 stycznia br. B\u0119dziemy medytowa\u0107 tekst z Ewangelii wed\u0142ug \u015bw. \u0141ukasza (\u0141k 8, 1 &#8211; 3). Rozpoczynamy, jak zwykle, o godz. 10.00 w ko\u015bciele Bo\u017cego Cia\u0142a, przy ul. Robotniczej 29. Prosimy zabra\u0107 ze sob\u0105 Pismo \u015bwi\u0119te i notatnik.<br \/>\n11. <strong>Przed ko\u015bcio\u0142em mo\u017cna naby\u0107 pras\u0119 katolick\u0105<\/strong>: \u201eGo\u015b\u0107 Niedzielny\u201d w cenie 6 z\u0142.<br \/>\n12. <strong>Kancelaria Parafialna w trakcie trwania kol\u0119dy czynna tylko w sobot\u0119<\/strong> od godz. 10:30 do 12:00. Zapraszamy.<br \/>\n13. <strong>W tym tygodniu odeszli do wieczno\u015bci<\/strong>: \u015bp. J\u00f3zef Oszejko l. 90 z ul. Korczaka i Danuta Adamczuk l. 80 z ul. Brzechwy. Wieczny odpoczynek racz im da\u0107 Panie\u2026<\/p>\n<p>&nbsp;<\/p>\n<p><strong>PROGRAM WIZYTY DUSZPASTERSKIEJ<\/strong><br \/>\n<strong> W PARAFII \u015aW. RAFA\u0141A KALINOWSKIEGO<\/strong><\/p>\n<p><strong>Poniedzia\u0142ek<\/strong><br \/>\n<strong> 13.01. 2020 r. od 16:00<\/strong><br \/>\nul. K\u0142oczowskiego 35, 34, 33, 32<br \/>\nul. K\u0142oczowskiego 31, 30, 29, 28, 27<br \/>\nul. K\u0142oczowskiego 26, 25, 24, 23<br \/>\n<strong>Wtorek<\/strong><br \/>\n<strong> 14. 01.2020 r. od 16:00<\/strong><br \/>\nul. K\u0142oczowskiego 22, 21, 20, 19<br \/>\nul. K\u0142oczowskiego 18, 17, 16, 15<br \/>\nul. K\u0142oczowskiego 11, 10, 9, 8<br \/>\n<strong>\u015aroda<\/strong><br \/>\n<strong> 15. 01.2020 r. od 16:00<\/strong><br \/>\nul. K\u0142oczowskiego 12, 12A<br \/>\nul. K\u0142oczowskiego 13, 13A<br \/>\nul. K\u0142oczowskiego blok 14(ca\u0142y) oraz 2, 1<br \/>\n<strong>Czwartek<\/strong><br \/>\n<strong> 16. 01. 2020 r. od 16:00<\/strong><br \/>\nul. K\u0142oczowskiego 7, 6, 5, 4, 3<br \/>\nul. Sobieskiego domki 35, 33, 29 oraz klatki 40, 38, 36 w bloku<br \/>\nul. Sobieskiego 34, 32, 30, 28<br \/>\n<strong>Pi\u0105tek<\/strong><br \/>\n<strong> 17. 01. 2020 r. od 16:00<\/strong><br \/>\nul. Sobieskiego 20, 18, 16, 16A<br \/>\nul. Sobieskiego 14, 12, 10, 8<br \/>\nul. Sobieskiego domki 25, 23,21 i 2A<br \/>\n<strong>Sobota<\/strong><br \/>\n<strong> 18. 01. 2020 r. od 15:00<\/strong><br \/>\nul. Krzywoustego<br \/>\nul. Mieszka I<br \/>\nul. Sobieskiego 26, 24, 22, 18A<\/p>\n<p><strong>Prosimy o przygotowanie si\u0119 do wizyty duszpasterskiej:<\/strong><br \/>\n\u2022 Obecna ca\u0142a rodzina;<br \/>\n\u2022 Dzieci i m\u0142odzie\u017c przygotowuj\u0105 zeszyty do religii, ksi\u0105\u017ceczki potwierdzaj\u0105ce udzia\u0142 we Mszy \u015bw. Niedzielnej oraz do Sakramentu Bierzmowania;<br \/>\n\u2022 Bia\u0142y obrus, Pismo \u015awi\u0119te, Krzy\u017c, \u015bwiecznik, woda \u015bwi\u0119cona i kropid\u0142o;<br \/>\n\u2022 Has\u0142o tegorocznego Roku Duszpasterskiego w Polsce brzmi: \u201eWIELKA TAJEMNICA WIARY\u201d, nawi\u0105zuj\u0105c do tajemnicy Eucharystii. Dlatego powy\u017cszy temat, b\u0119dzie r\u00f3wnie\u017c poruszany podczas wizyty duszpasterskiej;<\/p>\n<p>W tym roku ka\u017cda rodzina otrzyma przed kol\u0119d\u0105 ksi\u0105\u017ceczk\u0119, kt\u00f3ra umo\u017cliwi przygotowanie si\u0119 do om\u00f3wienia powy\u017cszego tematu duszpasterskiego. Prosimy o zapoznanie si\u0119 z jej tre\u015bci\u0105<br \/>\n\u2022 UWAGA !!! Kol\u0119dy od poniedzia\u0142ku do pi\u0105tku rozpoczynamy od godz. 16:00, natomiast w soboty od godz. 15:00.<\/p>\n<p>&nbsp;<\/p>\n<p><img decoding=\"async\" id=\"intencje-834\" src=\"http:\/\/rafalk-elblag.pl\/wp-content\/uploads\/2019\/09\/intencje_mszalne.jpg\" width=\"800px\"><\/p>\n<h2>Intencje mszalne 12.01.2020<\/h2>\n<p>\u2020 INTENCJE MSZALNE \u2020<br \/>\n<strong>PONIEDZIA\u0141EK 13 stycznia 2020. \/ \u015bw. Hilarego<\/strong>&nbsp;&nbsp;&nbsp;&nbsp;&nbsp;&nbsp;&nbsp;&nbsp;&nbsp;&nbsp;&nbsp;&nbsp;&nbsp;&nbsp;&nbsp;&nbsp;&nbsp;&nbsp;&nbsp;&nbsp;&nbsp;&nbsp;&nbsp; Mk 1, 14-20<br \/>\n8.00 W intencji rodzin odwiedzanych w czasie wizyty duszpasterskiej<br \/>\n8.00 \u2020 Wac\u0142aw Bazylak (13 greg.)<br \/>\n8.00 Dzi\u0119kczynna z ok. imienin ks. Arkadiusza z pro\u015bb\u0105 o Bo\u017ce b\u0142og. i opiek\u0119 MB w s\u0142u\u017cbie Bogu i ludziom<br \/>\n18.00 O szcz\u0119\u015bliw\u0105 operacj\u0119 dla Aleksandry (k) oraz o \u015bwiat\u0142o Ducha \u015aw. dla lekarzy<\/p>\n<p><strong>WTOREK 14 stycznia 2020.&nbsp;&nbsp;&nbsp;&nbsp;&nbsp;<\/strong>&nbsp;&nbsp;&nbsp;&nbsp;&nbsp;&nbsp;&nbsp;&nbsp;&nbsp;&nbsp;&nbsp;&nbsp;&nbsp;&nbsp;&nbsp;&nbsp;&nbsp;&nbsp;&nbsp;&nbsp;&nbsp;&nbsp;&nbsp;&nbsp;&nbsp;&nbsp;&nbsp;&nbsp;&nbsp;&nbsp;&nbsp;&nbsp;&nbsp;&nbsp;&nbsp;&nbsp;&nbsp;&nbsp;&nbsp;&nbsp;&nbsp;&nbsp;&nbsp;&nbsp;&nbsp;&nbsp;&nbsp;&nbsp;&nbsp;&nbsp;&nbsp;&nbsp; Mk 1, 21-28<br \/>\n8.00 W intencji rodzin odwiedzanych w czasie kol\u0119dy<br \/>\n8.00 \u2020 Wac\u0142aw Bazylak (14 greg.)<br \/>\n8.00<br \/>\n18.00 \u2020 Irena i J\u00f3zef Jachowiczowie, Marianna i J\u00f3zef Ciurowie, Stanis\u0142awa i Stanis\u0142aw Jeznachowie, Lucyna i J\u00f3zef Kosterscy<\/p>\n<p><strong>\u015aRODA 15 stycznia 2020r.&nbsp;&nbsp;&nbsp;&nbsp;&nbsp;&nbsp;&nbsp;<\/strong>&nbsp;&nbsp;&nbsp;&nbsp;&nbsp;&nbsp;&nbsp;&nbsp;&nbsp;&nbsp;&nbsp;&nbsp;&nbsp;&nbsp;&nbsp;&nbsp;&nbsp;&nbsp;&nbsp;&nbsp;&nbsp;&nbsp;&nbsp;&nbsp;&nbsp;&nbsp;&nbsp;&nbsp;&nbsp;&nbsp;&nbsp;&nbsp;&nbsp;&nbsp;&nbsp;&nbsp;&nbsp;&nbsp;&nbsp;&nbsp;&nbsp;&nbsp;&nbsp;&nbsp;&nbsp;&nbsp;&nbsp;&nbsp;&nbsp;&nbsp;&nbsp;&nbsp;&nbsp; Mk 1, 29-39<br \/>\n8.00 \u2020 Wac\u0142aw Bazylak (15 greg.)<br \/>\n8.00 W intencji rodzin odwiedzanych w czasie kol\u0119dy<br \/>\n8.00 \u2020 Roman Tykarski w 8 miesi\u0105c po \u015bmierci<br \/>\n18.00 \u2020 Genowefa Tomczy\u0144ska w 2 miesi\u0105c po pogrzebie<\/p>\n<p><strong>CZWARTEK 16 stycznia 2020r.&nbsp;&nbsp;&nbsp;&nbsp;&nbsp;<\/strong>&nbsp;&nbsp;&nbsp;&nbsp;&nbsp;&nbsp;&nbsp;&nbsp;&nbsp;&nbsp;&nbsp;&nbsp;&nbsp;&nbsp;&nbsp;&nbsp;&nbsp;&nbsp;&nbsp;&nbsp;&nbsp;&nbsp;&nbsp;&nbsp;&nbsp;&nbsp;&nbsp;&nbsp;&nbsp;&nbsp;&nbsp;&nbsp;&nbsp;&nbsp;&nbsp;&nbsp;&nbsp;&nbsp;&nbsp;&nbsp;&nbsp;&nbsp;&nbsp;&nbsp;&nbsp;&nbsp;&nbsp;&nbsp;&nbsp;&nbsp;&nbsp; Mk 1, 40-45<br \/>\n8.00 \u2020 Wac\u0142aw Bazylak (16 greg.)<br \/>\n8.00 W intencji rodzin odwiedzanych w czasie kol\u0119dy<br \/>\n8.00 \u2020 Wojciech w 20 r.\u015bm.<br \/>\n18.00 W intencji Bractwa Szkaplerznego i os\u00f3b, kt\u00f3re przyjm\u0105 szkaplerz<\/p>\n<p><strong>PI\u0104TEK 17 stycznia 2020r. \/ \u015bw. Antoniego&nbsp;&nbsp;&nbsp;<\/strong>&nbsp;&nbsp;&nbsp;&nbsp;&nbsp;&nbsp;&nbsp;&nbsp;&nbsp;&nbsp;&nbsp;&nbsp;&nbsp;&nbsp;&nbsp;&nbsp;&nbsp;&nbsp;&nbsp;&nbsp;&nbsp;&nbsp;&nbsp;&nbsp;&nbsp;&nbsp;&nbsp;&nbsp;&nbsp;&nbsp;&nbsp;&nbsp;&nbsp;&nbsp;&nbsp;&nbsp; Mk 2, 1-12<br \/>\n8.00 \u2020 Wac\u0142aw Bazylak (17 greg.)<br \/>\n8.00 W intencji rodzin odwiedzanych w czasie kol\u0119dy<br \/>\n8.00 \u2020 Karol Wi\u015bniewski w 11 r.\u015bm.<br \/>\n18.00 \u2020 Jan Szczepan Kaczmarek i zm. z rodz. Kaczmark\u00f3w i Ziegert\u00f3w<\/p>\n<p><strong>SOBOTA 18 stycznia 2020r.&nbsp;&nbsp;&nbsp;&nbsp;&nbsp;&nbsp;&nbsp;&nbsp;<\/strong>&nbsp;&nbsp;&nbsp;&nbsp;&nbsp;&nbsp;&nbsp;&nbsp;&nbsp;&nbsp;&nbsp;&nbsp;&nbsp;&nbsp;&nbsp;&nbsp;&nbsp;&nbsp;&nbsp;&nbsp;&nbsp;&nbsp;&nbsp;&nbsp;&nbsp;&nbsp;&nbsp;&nbsp;&nbsp;&nbsp;&nbsp;&nbsp;&nbsp;&nbsp;&nbsp;&nbsp;&nbsp;&nbsp;&nbsp;&nbsp;&nbsp;&nbsp;&nbsp;&nbsp;&nbsp;&nbsp;&nbsp;&nbsp;&nbsp;&nbsp;&nbsp;&nbsp;&nbsp;&nbsp;&nbsp;&nbsp;&nbsp;&nbsp;&nbsp;&nbsp; Mk 2, 13-17<br \/>\n8.00 \u2020 Stanis\u0142awa i Stanis\u0142aw G\u0142owaccy, Franciszka (k) i Antoni Menca\u0142owie<br \/>\n8.00 W intencji rodzin odwiedzanych w czasie kol\u0119dy<br \/>\n8.00<br \/>\n18.00 \u2020 Wac\u0142aw Bazylak (18 greg.)<\/p>\n<p><strong>II Niedziela Zwyk\u0142a \/ 19 stycznia 2020r<\/strong>. &nbsp; &nbsp; &nbsp; &nbsp; &nbsp; &nbsp; &nbsp; &nbsp; &nbsp; &nbsp; &nbsp; &nbsp; &nbsp; &nbsp; &nbsp; &nbsp; &nbsp; &nbsp; &nbsp; &nbsp; &nbsp; &nbsp; &nbsp; &nbsp; &nbsp; &nbsp; J 1, 29-34<br \/>\n7.00<br \/>\n9.00 O Bo\u017ce b\u0142og. dla Wsp\u00f3lnoty \u201ePrzemienienie\u201d<br \/>\n9.00 \u2020 Wac\u0142aw Bazylak (19 greg.)<br \/>\n10.30 O Bo\u017ce b\u0142og., opiek\u0119 MB i potrzebne \u0142aski dla Agnieszki, Dawida i Szymona<br \/>\n12.00 W intencji Parafian<br \/>\n15.00<br \/>\n18.00 \u2020 Krystian W\u0105sowski w 30 dpp.<\/p>\n","protected":false},"excerpt":{"rendered":"<p>Chrzest Pa\u0144ski Og\u0142oszenia parafialne 12.01.2020 Intencje mszalne 12.01.2020 &nbsp; Chrzest Pa\u0144ski Chrzest Pa\u0144ski Po prze\u017cywaniu tajemnicy Narodzenia Pana Jezusa, Macierzy\u0144stwa Naj\u015bwi\u0119tszej Maryi Panny i Objawieniu Pa\u0144skim (Epifanii) Ko\u015bci\u00f3\u0142 \u015bwi\u0119tuje Objawienie Tr\u00f3jcy Przenaj\u015bwi\u0119tszej (epifania trynitarna) &#8211; pierwsze w historii \u015bwiata pojawienie si\u0119 w postaci widzialnej ca\u0142ej Tr\u00f3jcy \u015awi\u0119tej podczas chrztu Jezusa w Jordanie:&nbsp; B\u00f3g Ojciec przemawia. [&hellip;]<\/p>\n","protected":false},"author":1,"featured_media":3612,"comment_status":"closed","ping_status":"closed","sticky":false,"template":"","format":"standard","meta":{"ngg_post_thumbnail":0,"footnotes":""},"categories":[11,8,4,3,6],"tags":[],"class_list":["post-3607","post","type-post","status-publish","format-standard","has-post-thumbnail","hentry","category-aktualnosci","category-blog","category-intencje","category-ogloszenia","category-wizyta-duszpasterska"],"_links":{"self":[{"href":"https:\/\/rafalk-elblag.pl\/index.php?rest_route=\/wp\/v2\/posts\/3607","targetHints":{"allow":["GET"]}}],"collection":[{"href":"https:\/\/rafalk-elblag.pl\/index.php?rest_route=\/wp\/v2\/posts"}],"about":[{"href":"https:\/\/rafalk-elblag.pl\/index.php?rest_route=\/wp\/v2\/types\/post"}],"author":[{"embeddable":true,"href":"https:\/\/rafalk-elblag.pl\/index.php?rest_route=\/wp\/v2\/users\/1"}],"replies":[{"embeddable":true,"href":"https:\/\/rafalk-elblag.pl\/index.php?rest_route=%2Fwp%2Fv2%2Fcomments&post=3607"}],"version-history":[{"count":3,"href":"https:\/\/rafalk-elblag.pl\/index.php?rest_route=\/wp\/v2\/posts\/3607\/revisions"}],"predecessor-version":[{"id":3613,"href":"https:\/\/rafalk-elblag.pl\/index.php?rest_route=\/wp\/v2\/posts\/3607\/revisions\/3613"}],"wp:featuredmedia":[{"embeddable":true,"href":"https:\/\/rafalk-elblag.pl\/index.php?rest_route=\/wp\/v2\/media\/3612"}],"wp:attachment":[{"href":"https:\/\/rafalk-elblag.pl\/index.php?rest_route=%2Fwp%2Fv2%2Fmedia&parent=3607"}],"wp:term":[{"taxonomy":"category","embeddable":true,"href":"https:\/\/rafalk-elblag.pl\/index.php?rest_route=%2Fwp%2Fv2%2Fcategories&post=3607"},{"taxonomy":"post_tag","embeddable":true,"href":"https:\/\/rafalk-elblag.pl\/index.php?rest_route=%2Fwp%2Fv2%2Ftags&post=3607"}],"curies":[{"name":"wp","href":"https:\/\/api.w.org\/{rel}","templated":true}]}}