{"id":3596,"date":"2020-01-06T11:03:14","date_gmt":"2020-01-06T11:03:14","guid":{"rendered":"http:\/\/rafalk-elblag.pl\/?p=3596"},"modified":"2020-01-06T11:29:33","modified_gmt":"2020-01-06T11:29:33","slug":"biuletyn-parafialny-nr-834-05-stycznia-2020r-ii-niedziela-po-narodzeniu-panskim-swieto-objawienia-panskiego","status":"publish","type":"post","link":"https:\/\/rafalk-elblag.pl\/?p=3596","title":{"rendered":"Biuletyn parafialny nr 834 \/ 05 stycznia 2020r. II Niedziela po Narodzeniu Pa\u0144skim. \u015awi\u0119to Objawienia Pa\u0144skiego"},"content":{"rendered":"<p><a href=\"#temat-834\">Dzie\u0144 Objawienia Pa\u0144skiego<br \/>\n<\/a><a href=\"#ogloszenia-834\">Og\u0142oszenia parafialne 05.01.2020<\/a><a href=\"#temat-834\"><br \/>\n<\/a><a href=\"#intencje-834\">Intencje mszalne 05.01.2020<\/a><\/p>\n<p>&nbsp;<\/p>\n<p><img decoding=\"async\" id=\"temat-834\" src=\"http:\/\/rafalk-elblag.pl\/wp-content\/uploads\/2020\/01\/slider_h3_05012020.jpg\"><\/p>\n<h1><a href=\"#temat-834\">Dzie\u0144 Objawienia Pa\u0144skiego <\/a><\/h1>\n<p><strong>\u015awi\u0119to Trzech Kr\u00f3li lub te\u017c Objawienie Pa\u0144skie, przypadaj\u0105ce na 6 stycznia, jest jedn\u0105 z najstarszych uroczysto\u015bci u\u015bwi\u0119conych przez Ko\u015bci\u00f3\u0142. Ju\u017c w III w. Ko\u015bci\u00f3\u0142 Wschodni nadaje szczeg\u00f3lne znaczenie temu \u015bwi\u0119tu. Tego dnia Ko\u015bci\u00f3\u0142 grecki obchodzi\u0142 Bo\u017ce Narodzenie jako uroczysto\u015b\u0107 Epifanii, tzn. zjawienie si\u0119 Boga na ziemi w tajemnicy Wcielenia.<\/strong><br \/>\nKo\u015bci\u00f3\u0142 pierwotny m\u00f3wi o Trzech Magach, kt\u00f3rzy symbolizowa\u0107 maj\u0105 w\u0142a\u015bnie Ko\u015bci\u00f3\u0142, \u015bwiat poga\u0144ski oraz ca\u0142\u0105 rodzin\u0119 ludzk\u0105, po\u015br\u00f3d kt\u00f3rej pojawi\u0142 si\u0119 Jezus Chrystus. I w\u0142a\u015bnie przedstawiciele owej wielkiej ludzkiej rodziny przychodz\u0105 z kra\u0144c\u00f3w \u015bwiata, aby odda\u0107 pok\u0142on Panu Wszech\u015bwiata. Gest ten oznacza ho\u0142d najwy\u017cszej podzi\u0119ki z\u0142o\u017cony przez narody poga\u0144skie, za uczynienie z nich narodu wybranego.<br \/>\n<strong>Aby podkre\u015bli\u0107 uniwersalno\u015b\u0107 misji Chrystusa, w\u015br\u00f3d Trzech Mag\u00f3w (Kr\u00f3l\u00f3w), umieszcza si\u0119 tak\u017ce przybysza z Afryki. Zbawienie bowiem dotyczy wszystkich ras bez wyj\u0105tku. Prorok Izajasz m\u00f3wi, i\u017c \u015bwiat\u0142o\u015b\u0107 wychodzi od Izraela, lecz nie jest jego wy\u0142\u0105czn\u0105 w\u0142asno\u015bci\u0105, st\u0105d bowiem rozchodzi si\u0119 na ca\u0142y \u015bwiat. Dzi\u0119ki takiemu spojrzeniu i uj\u0119ciu problemu Ko\u015bci\u00f3\u0142 m\u00f3g\u0142 otworzy\u0107 swe drzwi Dobrej Nowinie, kt\u00f3ra w wieku I ogarn\u0119\u0142a ca\u0142y \u00f3wczesny \u015bwiat.<\/strong><br \/>\nLegenda o tym, i\u017c jeden z Mag\u00f3w by\u0142 z Afryki Czarnej pochodzi z proroctwa Psalmu 72: \u201eKr\u00f3lowie Tarszisz i wysp przynios\u0105 dary, kr\u00f3lowie Szeby i Saby z\u0142o\u017c\u0105 danin\u0119. I oddadz\u0105 Mu pok\u0142on wszyscy kr\u00f3lowie&#8230; Przeto b\u0119dzie \u017cy\u0142 i dadz\u0105 mu z\u0142oto z Saby\u201d (Ps 72, 10-11a i 15a). Na podstawie tego proroctwa zapisa\u0142a si\u0119 tradycja, \u017ce owi Magowie byli w\u0142a\u015bnie kr\u00f3lami.<br \/>\nW rzeczywisto\u015bci owi tajemniczy przybysze byli prawdopodobnie astrologami. Byli to ludzie zamo\u017cni, ale i wielce pobo\u017cni, mogli by\u0107 tak\u017ce naczelnikami swych plemion. Pochodzili oni z Persji, a do Betlejem przywiod\u0142a ich cudowna gwiazda. Wielce prawdopodobne jest, i\u017c otrzymali oni tak\u017ce nadprzyrodzone o\u015bwiecenie. Przybysze byli pierwszymi poganami, dlatego \u015bwi\u0119to Trzech Kr\u00f3li nosi urz\u0119dow\u0105 nazw\u0119 ustanowion\u0105 przez Ko\u015bci\u00f3\u0142 \u2013 Objawienie Pa\u0144skie, gdy\u017c Mesjasz objawi\u0142 si\u0119 tak\u017ce ludom poga\u0144skim.<br \/>\n<strong>W Polsce od XV\/XVI w. w \u015bwi\u0119to Trzech Kr\u00f3li Ko\u015bci\u00f3\u0142 \u015bwi\u0119ci z\u0142oto i kadzid\u0142o. Natomiast kred\u0119 dopiero w XVIII w. Po\u015bwi\u0119con\u0105 kred\u0105 nale\u017cy, wed\u0142ug tradycji, wypisa\u0107 na drzwiach wej\u015bciowych pierwsze litery imion Mag\u00f3w K+M+B oraz nowy rok. Do szopki natomiast nale\u017cy wstawi\u0107 figury Trzech Kr\u00f3li wraz z ich orszakiem. Okres od Bo\u017cego Narodzenia po uroczysto\u015b\u0107 Objawienia Pa\u0144skiego uwa\u017cany by\u0142 w tradycji polskiej za najbardziej \u015bwi\u0119ty. Unikano w\u00f3wczas wykonywania ci\u0119\u017ckich prac, w domach \u015bpiewano kol\u0119dy o Trzech Kr\u00f3lach, a roz\u015bpiewane dzieci kol\u0119dowa\u0142y od domu do domu z gwiazd\u0105 w r\u0119ku, otrzymuj\u0105c w zamian od pani domu rogale.<\/strong><\/p>\n<p>&nbsp;<br \/>\n<img decoding=\"async\" id=\"ogloszenia-834\" src=\"http:\/\/rafalk-elblag.pl\/wp-content\/uploads\/2019\/09\/ogloszenia_parafialne.jpg\" width=\"800px\"><\/p>\n<h2>Og\u0142oszenia parafialne 05.01.2020<\/h2>\n<p>OG\u0141OSZENIA PARAFIALNE 05.01.2020r.<br \/>\nDRUGA NIEDZIELA PO NARODZENIU PA\u0143SKIM<\/p>\n<p>1.<strong>Zapraszamy dzisiaj na comiesi\u0119czn\u0105 Adoracj\u0119 Naj\u015bwi\u0119tszego Sakramentu<\/strong> od godz. 16.00 do 18.00. Przyjd\u017a i oddaj Panu Bogu rozpocz\u0119ty Nowy Rok 2020.<br \/>\n2.<strong>Ofiary sk\u0142adane dzisiaj na tac\u0119 przeznaczone s\u0105 na uregulowanie rachunku za ogrzewanie Ko\u015bcio\u0142a<\/strong>. Dzi\u0119kuj\u0119 za zrozumienie i z\u0142o\u017cone ofiary.<br \/>\n3.<strong>JUTRO W KO\u015aCIELE OBCHODZIMY UROCZYSTO\u015a\u0106 OBJAWIENIA PA\u0143SKIEGO (TRZECH KR\u00d3LI)<\/strong>. Jest to dzie\u0144 modlitw za misje, dlatego pami\u0119tajmy o misjonarzach pochodz\u0105cych z naszej parafii. Ofiary zbierane do puszek przeznaczone b\u0119d\u0105 na pomoc dla o. Dariusza Maruta CSSp pracuj\u0105cego na Madagaskarze. B\u00f3g zap\u0142a\u0107 za zrozumienie. W tym dniu podczas ka\u017cdej Mszy \u015awi\u0119tej po\u015bwi\u0119cenie kredy i wody, kt\u00f3r\u0105 zabieramy do domu.<br \/>\n4.<strong>W naszym mie\u015bcie organizowany jest Orszak Trzech Kr\u00f3li.<\/strong> Wydarzenie to przywraca star\u0105 polsk\u0105 tradycj\u0119 jase\u0142ek ulicznych. W tym dniu mo\u017cemy by\u0107 jak Trzej M\u0119drcy- ujrze\u0107 \u015bwiat\u0142o betlejemskiej gwiazdy, p\u00f3j\u015b\u0107 za ni\u0105 i odnale\u017a\u0107 Prawd\u0119, Dobro i Pi\u0119kno. Orszak rozpocznie si\u0119 na Placu Jagiello\u0144czyka o godz. 13:00 a zako\u0144czy si\u0119 Msz\u0105 \u015bwi\u0119t\u0105 w Katedrze \u015bw. Miko\u0142aja. Wierni z dekanatu Elbl\u0105g-P\u00f3\u0142noc reprezentuj\u0105 Afryk\u0119 i prosimy o zabranie ze sob\u0105 element\u00f3w odzie\u017cy lub materia\u0142u w kolorze niebieskiem.<br \/>\n5.<strong>Spotkanie op\u0142atkowe Grupy Pielgrzymkowej Elbl\u0105g \u2013 P\u00f3\u0142noc<\/strong> 6 stycznia br. rozpocznie si\u0119 Msz\u0105 \u015bw. o godz. 18:00. Zapraszamy serdecznie wszystkich by\u0142ych i pragn\u0105cych pielgrzymowa\u0107 pieszo na Jasna G\u00f3r\u0119. Ks. Marcin, ks. Tomasz, ks. Wojciech i trzon grupy oczekuj\u0105\uf04a. Nie zapomnij !!!!<br \/>\n6.<strong>Trwa wizyta duszpasterska w parafii (program znajdziemy w Biuletynie)<\/strong>. Dzi\u0119kujemy za sk\u0142adane ofiary podczas kol\u0119dy. By\u0107 mo\u017ce pozwol\u0105 na sp\u0142at\u0119 za wykonane \u0142awki. W trakcje kol\u0119dy codziennie o godz. 8:00 sprawowana jest Msza \u015bw. za rodziny, do kt\u00f3rych udamy si\u0119 z Wizyt\u0105 Duszpastersk\u0105. Tym bardziej zach\u0119camy osoby dysponuj\u0105ce czasem do wsp\u00f3lnej modlitwy.<br \/>\n7.<strong>Zapraszamy do wsp\u00f3lnego kol\u0119dowania wszystkich parafian, go\u015bci a szczeg\u00f3lnie rodzic\u00f3w z dzie\u0107mi<\/strong>. 12 stycznia (niedziela), oko\u0142o godz. 11:15, bezpo\u015brednio po Mszy \u015bw. o godz.10:30. PRZYJD\u0179 I W\u0141\u0104CZ SI\u0118 WE WSP\u00d3LNY \u015aPIEW KOL\u0118D.<br \/>\nScholka parafialna \u201eRAFAEL\u201d serdecznie zaprasza.<br \/>\n8.<strong>Dnia 19 stycznia (niedziela) po wsp\u00f3lnej Mszy \u015bw. o godz. 18:00<\/strong> odb\u0119dzie si\u0119 <strong>spotkanie op\u0142atkowe dla wsp\u00f3lnot parafialnych<\/strong>: Bractwo Szkaplerzne, Odnowa w Duchu \u015awi\u0119tym, Wsp\u00f3lnota Krwi Chrystusa, Kr\u0105g Biblijny, Apostolat Margaretka, Apostolat Bo\u017cego Mi\u0142osierdzia, Wolontariuszy Caritas i \u017bywego R\u00f3\u017ca\u0144ca, na kt\u00f3re zapraszamy. Przyjd\u017a, czekamy na Ciebie.<br \/>\n9.<strong>Zach\u0119camy do zamawiania Mszy \u015aw. dzi\u0119kczynnych<\/strong> (rodzinnych) za miniony rok z pro\u015bb\u0105 o dalsz\u0105 opiek\u0119 i Bo\u017ce b\u0142ogos\u0142awie\u0144stwo w Nowym Roku.<br \/>\n10.<strong>Przed ko\u015bcio\u0142em mo\u017cna naby\u0107 pras\u0119 katolick\u0105<\/strong>: \u201eGo\u015b\u0107 Niedzielny\u201d w cenie 6 z\u0142.<br \/>\n11. <strong>Kancelaria Parafialna w trakcie trwania kol\u0119dy czynna tylko w sobot\u0119 od godz. 10:30 do 12:00<\/strong>. Zapraszamy.<br \/>\n12. <strong>W minionym tygodniu odszed\u0142 do wieczno\u015bci<\/strong> \u015bp. Krzysztof Wernerowicz, l. 47. Wieczny odpoczynek racz Mu da\u0107 Panie\u2026<\/p>\n<p>Numer Konta Parafialnego<br \/>\nPKO BP 72 1020 1752 0000 0102 0069 6047<\/p>\n<p><strong>PROGRAM WIZYTY DUSZPASTERSKIEJ<\/strong><br \/>\n<strong> W PARAFII \u015aW. RAFA\u0141A KALINOWSKIEGO<\/strong><\/p>\n<p><strong>Wtorek<\/strong><br \/>\n07. 01.2020 r. od 16:00<br \/>\nul. Brzechwy 13, 12, 11, 10<br \/>\nul. Brzechwy 9, 8, 7, 6<br \/>\nul. Brzechwy 4, 3, 2, 1<br \/>\n<strong>\u015aroda<\/strong><br \/>\n08. 01.2020 r. od 16:00<br \/>\nul. Broniewskiego 35, 33, 31, 29, 27<br \/>\nul. Broniewskiego 25, 22, 20, 18<br \/>\nul. Broniewskiego 23, 21, 19, 17<br \/>\n<strong>Czwartek<\/strong><br \/>\n09. 01. 2020 r. od 16:00<br \/>\nul. Broniewskiego 16, 14, 12, 10<br \/>\nul. Broniewskiego 15, 13, 11, 9<br \/>\nul. Broniewskiego 7, 5, 3. 1<br \/>\n<strong>Pi\u0105tek<\/strong><br \/>\n10. 01. 2020 r. od 16:00<br \/>\nul. Tuwima 5<br \/>\nul. Tuwima 13, 12, 11, 10<br \/>\nul. Tuwima 9, 8, 3, 2, 1<br \/>\n<strong>Sobota<\/strong><br \/>\n11. 01. 2020 r. od 15:00<br \/>\nul. \u0141okietka 65 -1<br \/>\nul. \u0141okietka 127 -67<br \/>\nul. \u0141okietka 62 -2<\/p>\n<p><strong>Prosimy o przygotowanie si\u0119 do wizyty duszpasterskiej:<\/strong><br \/>\n\u2022 Obecna ca\u0142a rodzina;<br \/>\n\u2022 Dzieci i m\u0142odzie\u017c przygotowuj\u0105 zeszyty do religii, ksi\u0105\u017ceczki potwierdzaj\u0105ce udzia\u0142 we Mszy \u015bw. Niedzielnej oraz do Sakramentu Bierzmowania;<br \/>\n\u2022 Bia\u0142y obrus, Pismo \u015awi\u0119te, Krzy\u017c, \u015bwiecznik, woda \u015bwi\u0119cona i kropid\u0142o;<br \/>\n\u2022 Has\u0142o tegorocznego Roku Duszpasterskiego w Polsce brzmi: \u201eWIELKA TAJEMNICA WIARY\u201d, nawi\u0105zuj\u0105c do tajemnicy Eucharystii. Dlatego powy\u017cszy temat, b\u0119dzie r\u00f3wnie\u017c poruszany podczas wizyty duszpasterskiej;<br \/>\n\u2022 W tym roku ka\u017cda rodzina otrzyma przed kol\u0119d\u0105 ksi\u0105\u017ceczk\u0119, kt\u00f3ra umo\u017cliwi przygotowanie si\u0119 do om\u00f3wienia powy\u017cszego tematu duszpasterskiego.<br \/>\nProsimy o zapoznanie si\u0119 z tre\u015bci\u0105 tej ma\u0142ej ksi\u0105\u017ceczki;<br \/>\n\u2022 UWAGA !!! Kol\u0119dy od poniedzia\u0142ku do pi\u0105tku rozpoczynamy od godz. 16:00. Natomiast w soboty od godz. 15:00.<\/p>\n<p>&nbsp;<\/p>\n<p><img decoding=\"async\" id=\"intencje-834\" src=\"http:\/\/rafalk-elblag.pl\/wp-content\/uploads\/2019\/09\/intencje_mszalne.jpg\" width=\"800px\"><\/p>\n<h2>Intencje mszalne 29.12.2019<\/h2>\n<p>\u2020 INTENCJE MSZALNE \u2020<br \/>\n<strong>PONIEDZIA\u0141EK 6 stycznia 2020. \/ Uroczysto\u015b\u0107 Objawienia Pa\u0144skiego<\/strong>&nbsp;&nbsp;&nbsp;&nbsp;&nbsp;&nbsp;&nbsp;&nbsp;&nbsp; Mt 2, 1-12<br \/>\n7.00<br \/>\n9.00 \u2020 Wac\u0142aw Bazylak (6 greg.)<br \/>\n9.00 \u2020 Stanis\u0142aw Waszak, Ewa, Stefan i Jerzy<br \/>\n10.30 \u2020 J\u00f3zef Wr\u00f3bel w 4 r.\u015bm.<br \/>\n12.00 W intencji Parafian<br \/>\n15.00 \u2020 Krystyna Kami\u0144ska w 6 r.\u015bm.<br \/>\n18.00 Rez.<\/p>\n<p><strong>WTOREK 7 stycznia 2020.<\/strong>&nbsp;&nbsp;&nbsp;&nbsp;&nbsp;&nbsp;&nbsp;&nbsp;&nbsp;&nbsp;&nbsp;&nbsp;&nbsp;&nbsp;&nbsp;&nbsp;&nbsp;&nbsp;&nbsp;&nbsp;&nbsp;&nbsp;&nbsp;&nbsp;&nbsp;&nbsp;&nbsp;&nbsp;&nbsp;&nbsp;&nbsp;&nbsp;&nbsp;&nbsp;&nbsp;&nbsp;&nbsp;&nbsp;&nbsp;&nbsp;&nbsp;&nbsp;&nbsp;&nbsp;&nbsp;&nbsp;&nbsp;&nbsp;&nbsp;&nbsp;&nbsp;&nbsp;&nbsp;&nbsp;&nbsp;&nbsp;&nbsp;&nbsp;&nbsp;&nbsp;&nbsp;&nbsp;&nbsp;&nbsp;&nbsp;&nbsp;&nbsp;&nbsp;&nbsp; Mt 4, 12-17. 23-25<br \/>\n8.00 W intencji rodzin odwiedzanych w czasie kol\u0119dy<br \/>\n8.00 \u2020 Wac\u0142aw Bazylak (7 greg.)<br \/>\n8.00<br \/>\n18.00<\/p>\n<p><strong>\u015aRODA 8 stycznia 2020r.<\/strong>&nbsp;&nbsp;&nbsp;&nbsp;&nbsp;&nbsp;&nbsp;&nbsp;&nbsp;&nbsp;&nbsp;&nbsp;&nbsp;&nbsp;&nbsp;&nbsp;&nbsp;&nbsp;&nbsp;&nbsp;&nbsp;&nbsp;&nbsp;&nbsp;&nbsp;&nbsp;&nbsp;&nbsp;&nbsp;&nbsp;&nbsp;&nbsp;&nbsp;&nbsp;&nbsp;&nbsp;&nbsp;&nbsp;&nbsp;&nbsp;&nbsp;&nbsp;&nbsp;&nbsp;&nbsp;&nbsp;&nbsp;&nbsp;&nbsp;&nbsp;&nbsp;&nbsp;&nbsp;&nbsp;&nbsp;&nbsp;&nbsp;&nbsp;&nbsp;&nbsp;&nbsp;&nbsp;&nbsp;&nbsp;&nbsp;&nbsp;&nbsp;&nbsp;&nbsp; Mk 6, 34-44<br \/>\n8.00 \u2020 Wac\u0142aw Bazylak (8 greg.)<br \/>\n8.00 W intencji rodzin odwiedzanych w czasie kol\u0119dy<br \/>\n8.00<br \/>\n18.00<\/p>\n<p><strong>CZWARTEK 9 stycznia 2020r.<\/strong>&nbsp;&nbsp;&nbsp;&nbsp;&nbsp;&nbsp;&nbsp;&nbsp;&nbsp;&nbsp;&nbsp;&nbsp;&nbsp;&nbsp;&nbsp;&nbsp;&nbsp;&nbsp;&nbsp;&nbsp;&nbsp;&nbsp;&nbsp;&nbsp;&nbsp;&nbsp;&nbsp;&nbsp;&nbsp;&nbsp;&nbsp;&nbsp;&nbsp;&nbsp;&nbsp;&nbsp;&nbsp;&nbsp;&nbsp;&nbsp;&nbsp;&nbsp;&nbsp;&nbsp;&nbsp;&nbsp;&nbsp;&nbsp;&nbsp;&nbsp;&nbsp;&nbsp;&nbsp;&nbsp;&nbsp;&nbsp;&nbsp;&nbsp;&nbsp;&nbsp;&nbsp; Mk 6, 45-52<br \/>\n8.00 \u2020 Wac\u0142aw Bazylak (9 greg.)<br \/>\n8.00 W intencji rodzin odwiedzanych w czasie kol\u0119dy<br \/>\n8.00<br \/>\n18.00<\/p>\n<p><strong>PI\u0104TEK 10 stycznia 2020r<\/strong>.&nbsp;&nbsp;&nbsp;&nbsp;&nbsp;&nbsp;&nbsp;&nbsp;&nbsp;&nbsp;&nbsp;&nbsp;&nbsp;&nbsp;&nbsp;&nbsp;&nbsp;&nbsp;&nbsp;&nbsp;&nbsp;&nbsp;&nbsp;&nbsp;&nbsp;&nbsp;&nbsp;&nbsp;&nbsp;&nbsp;&nbsp;&nbsp;&nbsp;&nbsp;&nbsp;&nbsp;&nbsp;&nbsp;&nbsp;&nbsp;&nbsp;&nbsp;&nbsp;&nbsp;&nbsp;&nbsp;&nbsp;&nbsp;&nbsp;&nbsp;&nbsp;&nbsp;&nbsp;&nbsp;&nbsp;&nbsp;&nbsp;&nbsp;&nbsp;&nbsp;&nbsp;&nbsp;&nbsp;&nbsp;&nbsp; \u0141k 4, 14-22a<br \/>\n8.00 \u2020 Wac\u0142aw Bazylak (10 greg.)<br \/>\n8.00 W intencji rodzin odwiedzanych w czasie kol\u0119dy<br \/>\n8.00<br \/>\n18.00<\/p>\n<p><strong>SOBOTA 11 stycznia 2020r<\/strong>.&nbsp;&nbsp;&nbsp;&nbsp;&nbsp;&nbsp;&nbsp;&nbsp;&nbsp;&nbsp;&nbsp;&nbsp;&nbsp;&nbsp;&nbsp;&nbsp;&nbsp;&nbsp;&nbsp;&nbsp;&nbsp;&nbsp;&nbsp;&nbsp;&nbsp;&nbsp;&nbsp;&nbsp;&nbsp;&nbsp;&nbsp;&nbsp;&nbsp;&nbsp;&nbsp;&nbsp;&nbsp;&nbsp;&nbsp;&nbsp;&nbsp;&nbsp;&nbsp;&nbsp;&nbsp;&nbsp;&nbsp;&nbsp;&nbsp;&nbsp;&nbsp;&nbsp;&nbsp;&nbsp;&nbsp;&nbsp;&nbsp;&nbsp;&nbsp;&nbsp;&nbsp;&nbsp; \u0141k 5, 12-16<br \/>\n8.00 \u2020 Wac\u0142aw Bazylak (11 greg.)<br \/>\n8.00 W intencji rodzin odwiedzanych w czasie kol\u0119dy<br \/>\n8.00<br \/>\n18.00 \u2020 Jerzy Rutkowski (28 r.\u015bm.) Adam Rutkowski (6 r.\u015bm.) i zmarli rodzice z obojga stron<\/p>\n<p><strong>Niedziela Chrztu Pa\u0144skiego \/ 12 stycznia 2020r<\/strong>.&nbsp;&nbsp;&nbsp;&nbsp;&nbsp;&nbsp;&nbsp;&nbsp;&nbsp;&nbsp;&nbsp;&nbsp;&nbsp;&nbsp;&nbsp;&nbsp;&nbsp;&nbsp;&nbsp;&nbsp;&nbsp;&nbsp;&nbsp;&nbsp;&nbsp;&nbsp;&nbsp;&nbsp;&nbsp;&nbsp; Mt 3, 13-17<br \/>\n7.00<br \/>\n9.00 Rez.<br \/>\n9.00 \u2020 Wac\u0142aw Bazylak (12 greg.)<br \/>\n10.30 \u2020 Jan Przedwojewski w 1 r.\u015bm. oraz Gra\u017cyna i Krystyna<br \/>\n12.00 W intencji Parafian<br \/>\n15.00 O Bo\u017ce b\u0142og., opiek\u0119 MB i dary Ducha \u015aw. dla ks. Arkadiusza Grabowskiego \u2013 int. od Margaretki<br \/>\n18.00 \u2020 Jadwiga i Teofil<\/p>\n","protected":false},"excerpt":{"rendered":"<p>Dzie\u0144 Objawienia Pa\u0144skiego Og\u0142oszenia parafialne 05.01.2020 Intencje mszalne 05.01.2020 &nbsp; Dzie\u0144 Objawienia Pa\u0144skiego \u015awi\u0119to Trzech Kr\u00f3li lub te\u017c Objawienie Pa\u0144skie, przypadaj\u0105ce na 6 stycznia, jest jedn\u0105 z najstarszych uroczysto\u015bci u\u015bwi\u0119conych przez Ko\u015bci\u00f3\u0142. Ju\u017c w III w. Ko\u015bci\u00f3\u0142 Wschodni nadaje szczeg\u00f3lne znaczenie temu \u015bwi\u0119tu. Tego dnia Ko\u015bci\u00f3\u0142 grecki obchodzi\u0142 Bo\u017ce Narodzenie jako uroczysto\u015b\u0107 Epifanii, tzn. zjawienie [&hellip;]<\/p>\n","protected":false},"author":1,"featured_media":3602,"comment_status":"closed","ping_status":"closed","sticky":false,"template":"","format":"standard","meta":{"ngg_post_thumbnail":0,"footnotes":""},"categories":[11,8,4,3,6],"tags":[],"class_list":["post-3596","post","type-post","status-publish","format-standard","has-post-thumbnail","hentry","category-aktualnosci","category-blog","category-intencje","category-ogloszenia","category-wizyta-duszpasterska"],"_links":{"self":[{"href":"https:\/\/rafalk-elblag.pl\/index.php?rest_route=\/wp\/v2\/posts\/3596","targetHints":{"allow":["GET"]}}],"collection":[{"href":"https:\/\/rafalk-elblag.pl\/index.php?rest_route=\/wp\/v2\/posts"}],"about":[{"href":"https:\/\/rafalk-elblag.pl\/index.php?rest_route=\/wp\/v2\/types\/post"}],"author":[{"embeddable":true,"href":"https:\/\/rafalk-elblag.pl\/index.php?rest_route=\/wp\/v2\/users\/1"}],"replies":[{"embeddable":true,"href":"https:\/\/rafalk-elblag.pl\/index.php?rest_route=%2Fwp%2Fv2%2Fcomments&post=3596"}],"version-history":[{"count":4,"href":"https:\/\/rafalk-elblag.pl\/index.php?rest_route=\/wp\/v2\/posts\/3596\/revisions"}],"predecessor-version":[{"id":3606,"href":"https:\/\/rafalk-elblag.pl\/index.php?rest_route=\/wp\/v2\/posts\/3596\/revisions\/3606"}],"wp:featuredmedia":[{"embeddable":true,"href":"https:\/\/rafalk-elblag.pl\/index.php?rest_route=\/wp\/v2\/media\/3602"}],"wp:attachment":[{"href":"https:\/\/rafalk-elblag.pl\/index.php?rest_route=%2Fwp%2Fv2%2Fmedia&parent=3596"}],"wp:term":[{"taxonomy":"category","embeddable":true,"href":"https:\/\/rafalk-elblag.pl\/index.php?rest_route=%2Fwp%2Fv2%2Fcategories&post=3596"},{"taxonomy":"post_tag","embeddable":true,"href":"https:\/\/rafalk-elblag.pl\/index.php?rest_route=%2Fwp%2Fv2%2Ftags&post=3596"}],"curies":[{"name":"wp","href":"https:\/\/api.w.org\/{rel}","templated":true}]}}