{"id":3585,"date":"2019-12-28T09:15:20","date_gmt":"2019-12-28T09:15:20","guid":{"rendered":"http:\/\/rafalk-elblag.pl\/?p=3585"},"modified":"2019-12-28T09:19:20","modified_gmt":"2019-12-28T09:19:20","slug":"biuletyn-parafialny-nr-833-29-grudnia-2019r-swieto-swietej-rodziny-i-niedziela-po-narodzeniu-panskim","status":"publish","type":"post","link":"https:\/\/rafalk-elblag.pl\/?p=3585","title":{"rendered":"Biuletyn parafialny nr 833 \/ 29 grudnia 2019r. \u015awi\u0119to \u015awi\u0119tej Rodziny, I Niedziela po Narodzeniu Pa\u0144skim"},"content":{"rendered":"<p><a href=\"#temat-833\">Rodzina z Nazaretu wzorem dla wszystkich Rodzin.<br \/>\n<\/a><a href=\"#ogloszenia-833\">Og\u0142oszenia parafialne 29.12.2019<\/a><a href=\"#temat-833\"><br \/>\n<\/a><a href=\"#intencje-833\">Intencje mszalne 29.12.2019<\/a><\/p>\n<p>&nbsp;<\/p>\n<p><img decoding=\"async\" id=\"temat-833\" src=\"http:\/\/rafalk-elblag.pl\/wp-content\/uploads\/2019\/12\/slider_h3_291219c.jpg\"><\/p>\n<h1><a href=\"#temat-833\">Rodzina z Nazaretu wzorem dla wszystkich Rodzin. <\/a><\/h1>\n<p><strong>Rodzina odgrywa niezwyk\u0142\u0105 rol\u0119 w \u017cyciu cz\u0142owieka i spo\u0142ecze\u0144stwa, dlatego Ko\u015bci\u00f3\u0142 pragnie, aby wszystkie rodziny czerpa\u0142y przyk\u0142ad z Naj\u015bwi\u0119tszej Maryi Panny, Jej przeczystego Oblubie\u0144ca J\u00f3zefa oraz Jezusa, kt\u00f3rzy tworz\u0105 \u015awi\u0119t\u0105 Rodzin\u0119 z Nazaretu. Zwr\u00f3\u0107my uwag\u0119, \u017ce sam Syn Bo\u017cy, aby przyj\u015b\u0107 do nas, zechcia\u0142 si\u0119 urodzi\u0107 i \u017cy\u0107 na \u0142onie rodziny, podkre\u015blaj\u0105c tym samym wa\u017cno\u015b\u0107 i niezmienno\u015b\u0107 tej najbardziej powszechnej i niezb\u0119dnej spo\u015br\u00f3d struktur ludzkich.<\/strong><br \/>\nRodzina nie jest wynikiem zwyk\u0142ej umowy prawnej, podlegaj\u0105cej zmianom i przekszta\u0142ceniom w czasie, lecz jest to zwi\u0105zek o niezast\u0105pionej i trwa\u0142ej warto\u015bci, kt\u00f3ra ma sw\u00f3j fundament w wiecznej i niezmiennej mi\u0142o\u015bci Boga, kt\u00f3rego jest obrazem i odbiciem. Ma\u0142\u017ce\u0144stwo jest arcydzie\u0142em stworzenia: w nim m\u0119\u017cczyzna i kobieta s\u0105 powo\u0142ani do zjednoczenia si\u0119 w jedno we wzajemnym darze z siebie, kt\u00f3ry trwa przez ca\u0142e \u017cycie. Mi\u0142o\u015b\u0107 ze swej natury, jest sta\u0142a i wierna; mi\u0142o\u015b\u0107 jest wierna i p\u0142odna. M\u0119\u017cczyzna i kobieta s\u0105 powo\u0142ani do ojcostwa i do macierzy\u0144stwa &#8211; niewyobra\u017calne jest \u017cycie ludzkie bez mi\u0142o\u015bci ojcowskiej i matczynej. Mi\u0142o\u015b\u0107 ma\u0142\u017ce\u0144ska jest tak wielka, \u017ce zosta\u0142a podniesiona przez Chrystusa do godno\u015bci Sakramentu, czyli sta\u0142a si\u0119 \u015brodkiem do zjednoczenia<br \/>\nz Bogiem oraz skutecznym znakiem jedno\u015bci Chrystusa z Ko\u015bcio\u0142em i znakiem mi\u0142o\u015bci i wierno\u015bci Boga wobec ludzi.<br \/>\n<strong>Rodzina zosta\u0142a zdefiniowana przez Sob\u00f3r Watyka\u0144ski II, jako \u201eKo\u015bci\u00f3\u0142 domowy\u201d &#8211; miejsce, w kt\u00f3rym przekazuje si\u0119 najwa\u017cniejsze warto\u015bci religijne, w kt\u00f3rym ma\u0142\u017conkowie powinni by\u0107 dla swoich dzieci pierwszymi<\/strong><br \/>\n<strong> i niezast\u0105pionymi wychowawcami, kt\u00f3rzy nauczaj\u0105 s\u0142owem i przyk\u0142adem. Rodzina jest miejscem, gdzie rozwija si\u0119 i kwitnie wzajemna mi\u0142o\u015b\u0107 mi\u0119dzy ma\u0142\u017conkami oraz mi\u0119dzy rodzicami a dzie\u0107mi; Rodzina powinna dba\u0107 o \u017cycie modlitwy, o udzia\u0142 w niedzielnej Mszy \u015awi\u0119tej i przyst\u0119powanie do Sakrament\u00f3w Spowiedzi i Komunii \u015bw. Powinna r\u00f3wnie\u017c wpaja\u0107 mi\u0142o\u015b\u0107 do Maryi, do odmawiania r\u00f3\u017ca\u0144ca i by\u0107 szko\u0142\u0105 po\u015bwi\u0119cania si\u0119, cierpliwo\u015bci i wzajemnego przebaczenia.<\/strong><\/p>\n<p>W sytuacji pogarszania si\u0119 kryzysu, kt\u00f3ry obecnie zagra\u017ca rodzinie chrze\u015bcija\u0144skiej, Ko\u015bci\u00f3\u0142 nie znajduje lepszego rozwi\u0105zania, ni\u017c przedstawienie godnego podziwu modelu, jakim jest Rodzina z Nazaretu.<br \/>\nWszyscy dobrze znamy histori\u0119 ucieczki do Egiptu i prze\u015bladowania rozp\u0119tanego przez Heroda przeciwko Jezusowi, kt\u00f3ra jest jedn\u0105 z najtragiczniejszych chwil w \u017cyciu \u015awi\u0119tej Rodziny. Ile i jak\u017ce wspania\u0142ych przyk\u0142ad\u00f3w i nauk mo\u017cemy czerpa\u0107 z \u017cycia Maryi i J\u00f3zefa! Pomimo wielkich trud\u00f3w podczas ucieczki i okresu wygnania, ub\u00f3stwa i niepewno\u015bci, przyjmuj\u0105 wszystkie cierpienia w duchu wiary i synowskiego zaufania do Boga.<\/p>\n<p><strong>Id\u0105c po \u015bladach Jezusa, Maryi i J\u00f3zefa, nauczymy si\u0119 modli\u0107, rozwa\u017ca\u0107, odkrywa\u0107 i rozumie\u0107 tajemnic\u0119 wewn\u0119trznego bogactwa, kt\u00f3re o\u017cywia\u0142o ich ca\u0142e \u017cycie. A bogactwem tym jest: nieustanne i pe\u0142ne zaufania zawierzenie Bogu, natychmiastowe i nadprzyrodzone pos\u0142usze\u0144stwo Jego woli oraz wierne przestrzeganie Jego \u015bwi\u0119tego Prawa.<\/strong><br \/>\n<strong> Miejmy nadziej\u0119, \u017ce rodziny naszych czas\u00f3w odnowi\u0105 w sobie \u015bwiadomo\u015b\u0107 ich \u015bwi\u0119tego charakteru i b\u0119d\u0105 mog\u0142y odkry\u0107 ich Boskie pochodzenie, a na\u015bladuj\u0105c wznios\u0142y przyk\u0142ad Rodziny z Nazaretu, sta\u0142y si\u0119 prawdziwie chrze\u015bcija\u0144skie.<\/strong><\/p>\n<p>&nbsp;<br \/>\n<img decoding=\"async\" id=\"ogloszenia-833\" src=\"http:\/\/rafalk-elblag.pl\/wp-content\/uploads\/2019\/09\/ogloszenia_parafialne.jpg\" width=\"800px\"><\/p>\n<h2>Og\u0142oszenia parafialne 29.12.2019<\/h2>\n<p>OG\u0141OSZENIA PARAFIALNE 29.12.2019r.<br \/>\n\u015aWI\u0118TEJ RODZINY: JEZUSA, MARYI I J\u00d3ZEFA<br \/>\n\u015aWI\u0118TEJ BO\u017bEJ RODZICIELKI MARYI &#8211; 01. 01. 2020r.<\/p>\n<p>1. <strong>Parafian, kt\u00f3rzy pragn\u0105 podzi\u0119kowa\u0107 za miniony rok<\/strong>, zapraszamy we wtorek na nabo\u017ce\u0144stwo dzi\u0119kczynno-przeb\u0142agalne po Mszy \u015bw. o godz.18:00 zako\u0144czone b\u0142ogos\u0142awie\u0144stwem Naj\u015bwi\u0119tszym Sakramentem.<br \/>\n2. <strong>Za tydzie\u0144 comiesi\u0119czna Adoracja Naj\u015bwi\u0119tszego Sakramentu<\/strong> od godz. 16:00 do 18:00. Przyjd\u017a i oddaj Panu Bogu rozpocz\u0119ty Nowy Rok.<br \/>\n3. <strong>W \u015brod\u0119 Nowy Rok. Ko\u015bci\u00f3\u0142 obchodzi Uroczysto\u015b\u0107 \u015awi\u0119tej Bo\u017cej Rodzicielki Maryi<\/strong>. Jest to \u015awiatowy Dzie\u0144 Modlitw o Pok\u00f3j. Uwaga. Pierwsza Msza \u015bw. w tym dniu o godz. 9:00, a nast\u0119pne o godz. 10:30, 12:00 i 18:00.<br \/>\n4. W tym tygodniu przypada <strong>pierwszy czwartek, pi\u0105tek i sobota miesi\u0105ca<\/strong>:<\/p>\n<p>\u2022 pierwszy czwartek miesi\u0105ca \u2013 zapraszamy na Msz\u0119 \u015bw. o godz. 18:00, a po niej na Adoracj\u0119 Naj\u015bwi\u0119tszego Sakramentu tj. na \u201eGODZIN\u0118 \u015aWI\u0118T\u0104\u201d. Zapraszamy wszystkie \u201eMargaretki\u201d do wsp\u00f3lnej modlitwy.<br \/>\n\u2022 w pierwszy pi\u0105tek spowied\u017a dla dzieci, m\u0142odzie\u017cy i doros\u0142ych od godz. 17:30 a Msza \u015bw. o godz. 18:00 dla wszystkich.<br \/>\n\u2022 w pierwsz\u0105 sobot\u0119 o godz. 17:00 zapraszamy na NABO\u017bE\u0143STWO WYNAGRADZAJ\u0104CE ZA BLU\u0179NIERSTWA PRZEZ KT\u00d3RE USI\u0141UJE SI\u0118 WPOI\u0106 W SERCA DZIECI OBOJ\u0118TNO\u015a\u0106, WZGARD\u0118 I NIENAWI\u015a\u0106 WOBEC MARYI. w ramach nabo\u017ce\u0144stwa pierwszych pi\u0119ciu sob\u00f3t miesi\u0105ca.<\/p>\n<p>5. <strong>Z racji I pi\u0105tku miesi\u0105ca w tym tygodniu ksi\u0119\u017ca udadz\u0105 si\u0119 do chorych<\/strong>. Ks. Proboszcz i ks. Marcin od godz. 9:30, ks. Piotr od godz. 11:30.<br \/>\n6. <strong>Dnia 19 stycznia (Niedziela) po wsp\u00f3lnej Mszy \u015bw. o godz. 18:00<\/strong> odb\u0119dzie si\u0119 <strong>spotkanie op\u0142atkowe dla wszystkich wsp\u00f3lnot naszej parafii<\/strong>. Przyjd\u017a, czekamy na Ciebie.<br \/>\n7. <strong>Zapraszamy 6 stycznia 2020 roku na spotkanie op\u0142atkowe dla grupy pielgrzymkowej Elbl\u0105g \u2013 P\u00f3\u0142noc<\/strong>, kt\u00f3re rozpocznie si\u0119 po Mszy \u015bw. o godz. 18:00 na plebanii. Wszystkich by\u0142ych i pragn\u0105cych pielgrzymowa\u0107 pieszo na Jasna G\u00f3r\u0119 zaprasza ks. Wojciech, ks. Marcin i ks. Tomasz.<br \/>\n8.<strong> Trwa Wizyta duszpasterska w parafii (program znajdziemy w Biuletynie)<\/strong>. Dzi\u0119kujemy za sk\u0142adane ofiary podczas kol\u0119dy. By\u0107 mo\u017ce pozwol\u0105 one na ostateczn\u0105 sp\u0142at\u0119 za wykonane \u0142awki do naszego Ko\u015bcio\u0142a. W trakcje kol\u0119dy codziennie o godz. 8:00 sprawowana jest Msza \u015bw. za rodziny, do kt\u00f3rych udamy si\u0119 z Wizyt\u0105&nbsp; Duszpastersk\u0105.&nbsp; Tym bardziej zach\u0119camy osoby dysponuj\u0105ce czasem do wsp\u00f3lnej modlitwy.<br \/>\n9. <strong>Scholka parafialna \u201eRAFAEL\u201d zaprasza<\/strong> do wsp\u00f3lnego kol\u0119dowania wszystkich parafian, go\u015bci, rodzic\u00f3w z dzie\u0107mi (przygotowuj\u0105cych si\u0119 do I Komunii \u015awi\u0119tej); 12 stycznia (niedziela), o godz. 11.15, do naszego Ko\u015bcio\u0142a. <strong>PRZYJD\u0179 I W\u0141\u0104CZ SI\u0118 WE WSP\u00d3LNY \u015aPIEW KOL\u0118D<\/strong>.<br \/>\n10. <strong>Zach\u0119camy do zamawiania Mszy \u015aw. dzi\u0119kczynnych (rodzinnych)<\/strong> za miniony rok z pro\u015bb\u0105 o dalsz\u0105 opiek\u0119 i Bo\u017ce b\u0142ogos\u0142awie\u0144stwo w Nowym Roku.<br \/>\n11. Za tydzie\u0144 ofiary z\u0142o\u017cone na tac\u0119 przeznaczone b\u0119d\u0105 uregulowanie rachunku za ogrzewanie Ko\u015bcio\u0142a. Dzi\u0119kuj\u0119 za zrozumienie i z\u0142o\u017cone ofiary.<br \/>\n12. <strong>Jak ju\u017c informowali\u015bmy \u2013 dnia 25 grudnia, w wieku 91 lat, w 69 roku kap\u0142a\u0144stwa odszed\u0142 do wieczno\u015bci ks. Infu\u0142at dr Mieczys\u0142aw J\u00f3zefczyk<\/strong>, wieloletni proboszcz parafii katedralnej \u015bw. Miko\u0142aja w Elbl\u0105gu, honorowy obywatel Elbl\u0105ga. Uroczysto\u015bci pogrzebowe odb\u0119d\u0105 si\u0119 we wtorek 31.12.2019 o godz. 11.00 w katedrze elbl\u0105skiej.<\/p>\n<p>13. <strong>Wszystkim parafianom i przyby\u0142ym go\u015bciom do naszej wsp\u00f3lnoty \u017cyczymy szcz\u0119\u015bliwego Nowego Roku 2020, wielu \u0142ask i opieki Matki Bo\u017cej Szkaplerznej<\/strong>.<\/p>\n<p><strong>PROGRAM WIZYTY DUSZPASTERSKIEJ<\/strong><br \/>\n<strong> W PARAFII \u015aW. RAFA\u0141A KALINOWSKIEGO<\/strong><\/p>\n<p><strong>Poniedzia\u0142ek 30.12.2019 r<\/strong>. od 16.00<\/p>\n<p>ul. Korczaka 20, 19, 18, 17<br \/>\nul. Korczaka 24, 23, 22, 21<br \/>\nul. Korczaka 28, 27, 26, 25<\/p>\n<p><strong>Czwartek 02.01.2020 r<\/strong>. od 16.00<\/p>\n<p>ul. Korczaka 33, 32, 31, 30<br \/>\nul. Brzechwy 36, 35, 34, 33, 32<br \/>\nul. Brzechwy 31, 30, 29, 28, 27<\/p>\n<p><strong>Pi\u0105tek 03.01.2020 r<\/strong>. od 16.00<\/p>\n<p>ul. Brzechwy 26, 25, 24, 23, 22<br \/>\nul. Brzechwy 21, 20, 19, 18<br \/>\nul. Brzechwy 17, 16, 15, 14<\/p>\n<p><strong>Sobota 04.01.2020 r<\/strong>. od 15.00<\/p>\n<p>ul. Tuwima 7, 6<br \/>\nul. Broniewskiego 8, 6<br \/>\nul. Broniewskiego 4, 2<\/p>\n<p><strong>Prosimy o przygotowanie si\u0119 do wizyty duszpasterskiej:<\/strong><br \/>\n\u2022 Obecna ca\u0142a rodzina;<br \/>\n\u2022 Dzieci i m\u0142odzie\u017c przygotowuj\u0105 zeszyty do religii, ksi\u0105\u017ceczki potwierdzaj\u0105ce udzia\u0142 we Mszy \u015bw. Niedzielnej oraz do Sakramentu Bierzmowania;<br \/>\n\u2022 Bia\u0142y obrus, Pismo \u015awi\u0119te, Krzy\u017c, \u015bwiecznik, woda \u015bwi\u0119cona i kropid\u0142o;<br \/>\n\u2022 Has\u0142o tegorocznego Roku Duszpasterskiego w Polsce brzmi: \u201eWIELKA TAJEMNICA WIARY\u201d, nawi\u0105zuj\u0105c do tajemnicy Eucharystii. Dlatego powy\u017cszy temat, b\u0119dzie r\u00f3wnie\u017c poruszany podczas wizyty duszpasterskiej;<br \/>\n\u2022 W tym roku ka\u017cda rodzina otrzyma przed kol\u0119d\u0105 ksi\u0105\u017ceczk\u0119, kt\u00f3ra umo\u017cliwi przygotowanie si\u0119 do om\u00f3wienia powy\u017cszego tematu duszpasterskiego. Prosimy o zapoznanie si\u0119 z tre\u015bci\u0105 tej \u201ema\u0142ej ksi\u0105\u017ceczki\u201d;<br \/>\n\u2022 UWAGA !!! Kol\u0119dy od poniedzia\u0142ku do pi\u0105tku rozpoczynamy od godz. 16:00, natomiast w soboty od godz. 15:00.<\/p>\n<p>&nbsp;<\/p>\n<p><img decoding=\"async\" id=\"intencje-833\" src=\"http:\/\/rafalk-elblag.pl\/wp-content\/uploads\/2019\/09\/intencje_mszalne.jpg\" width=\"800px\"><\/p>\n<h2>Intencje mszalne 29.12.2019<\/h2>\n<p>\u2020 INTENCJE MSZALNE \u2020<\/p>\n<p><strong>PONIEDZIA\u0141EK 30 grudnia 2019r. \u0141k 2, 36-40<\/strong><br \/>\n8.00 \u2020 Roman Tykarski (30 greg.)<br \/>\n8.00 Dzi\u0119k. z okazji imienin Eugeniusza Wile\u0144skiego z pro\u015bb\u0105 o Bo\u017ce b\u0142og., opiek\u0119 MB i wszelkie \u0142aski na ka\u017cdy dzie\u0144<br \/>\n8.00 W intencji rodzin odwiedzanych w czasie kol\u0119dy<br \/>\n18.00 \u2020 Rodzice: Albina (k) i Tadeusz Leszczy\u0144scy, Jan Przeworski<\/p>\n<p><strong>WTOREK 31 grudnia 2019r. \/ \u015bw. Sylwestra J 1, 1-18<\/strong><br \/>\n8.00 \u2020 Kordula Mat\u0142ach<br \/>\n18.00 W intencji Parafian<\/p>\n<p><strong>\u015aRODA 1 stycznia 2020r. \/ Uroczysto\u015b\u0107 \u015aw. Bo\u017cej Rodzicielki Maryi \u0141k 2, 16-21<\/strong><br \/>\n9.00 \u2020 Wac\u0142aw Bazylak (1 greg.)<br \/>\n10.30 O Bo\u017ce b\u0142og. i zdrowie dla Mieczys\u0142awa Lenckowskiego z ok. imienin i 69 urodzin \u2013 int. od \u017cony<br \/>\n12.00 W intencji Parafian<br \/>\n18.00<\/p>\n<p><strong>CZWARTEK 2 stycznia 2020r. \/ \u015bw. Bazylego Wielkiego i Grzegorza z Nazjanzu J 1, 19-28<\/strong><br \/>\n8.00 W intencji rodzin odwiedzanych w czasie kol\u0119dy<br \/>\n8.00 \u2020 Wac\u0142aw Bazylak (2 greg.)<br \/>\n8.00<br \/>\n18.00 O dary Ducha \u015aw. i potrzebne \u0142aski dla kap\u0142an\u00f3w pracuj\u0105cych w naszej parafii oraz o nowe i \u015bwi\u0119te powo\u0142ania kap\u0142a\u0144skie i zakonne<\/p>\n<p><strong>PI\u0104TEK 3 stycznia 2020r. \/ Naj\u015bwi\u0119tszego Imienia Jezus J 1, 29-34<\/strong><br \/>\n8.00 \u2020 Wac\u0142aw Bazylak (3 greg.)<br \/>\n8.00 W intencji rodzin odwiedzanych w czasie kol\u0119dy<br \/>\n8.00<br \/>\n18.00 W intencji czcicieli Naj\u015bwi\u0119tszego Serca Pana Jezusa<\/p>\n<p><strong>SOBOTA 4 stycznia 2020r. J 1, 35-42<\/strong><br \/>\n8.00 \u2020 Wac\u0142aw Bazylak (4 greg.)<br \/>\n8.00 W intencji rodzin odwiedzanych w czasie kol\u0119dy<br \/>\n8.00<br \/>\n18.00 Rez.<\/p>\n<p><strong>II Niedziela po Narodzeniu Pa\u0144skim \/ 5 stycznia 2020r. J 1, 1-18<\/strong><br \/>\n7.00 O zdrowie dla Ma\u0142gorzaty<br \/>\n9.00 \u2020 Wac\u0142aw Bazylak (5 greg.)<br \/>\n9.00 O do\u015bwiadczenie Bo\u017cej mi\u0142o\u015bci dla Karoliny i Sebastiana<br \/>\n10.30 \u2020 Boles\u0142aw Malinowski w 1 r.\u015bm.<br \/>\n12.00 W intencji Parafian<br \/>\n15.00<br \/>\n18.00 \u2020 Apoloniusz Komuda w 7 r.\u015bm. i rodzice i rodze\u0144stwo z obojga stron<\/p>\n","protected":false},"excerpt":{"rendered":"<p>Rodzina z Nazaretu wzorem dla wszystkich Rodzin. Og\u0142oszenia parafialne 29.12.2019 Intencje mszalne 29.12.2019 &nbsp; Rodzina z Nazaretu wzorem dla wszystkich Rodzin. Rodzina odgrywa niezwyk\u0142\u0105 rol\u0119 w \u017cyciu cz\u0142owieka i spo\u0142ecze\u0144stwa, dlatego Ko\u015bci\u00f3\u0142 pragnie, aby wszystkie rodziny czerpa\u0142y przyk\u0142ad z Naj\u015bwi\u0119tszej Maryi Panny, Jej przeczystego Oblubie\u0144ca J\u00f3zefa oraz Jezusa, kt\u00f3rzy tworz\u0105 \u015awi\u0119t\u0105 Rodzin\u0119 z Nazaretu. Zwr\u00f3\u0107my [&hellip;]<\/p>\n","protected":false},"author":1,"featured_media":3591,"comment_status":"closed","ping_status":"closed","sticky":false,"template":"","format":"standard","meta":{"ngg_post_thumbnail":0,"footnotes":""},"categories":[11,8,4,3],"tags":[],"class_list":["post-3585","post","type-post","status-publish","format-standard","has-post-thumbnail","hentry","category-aktualnosci","category-blog","category-intencje","category-ogloszenia"],"_links":{"self":[{"href":"https:\/\/rafalk-elblag.pl\/index.php?rest_route=\/wp\/v2\/posts\/3585","targetHints":{"allow":["GET"]}}],"collection":[{"href":"https:\/\/rafalk-elblag.pl\/index.php?rest_route=\/wp\/v2\/posts"}],"about":[{"href":"https:\/\/rafalk-elblag.pl\/index.php?rest_route=\/wp\/v2\/types\/post"}],"author":[{"embeddable":true,"href":"https:\/\/rafalk-elblag.pl\/index.php?rest_route=\/wp\/v2\/users\/1"}],"replies":[{"embeddable":true,"href":"https:\/\/rafalk-elblag.pl\/index.php?rest_route=%2Fwp%2Fv2%2Fcomments&post=3585"}],"version-history":[{"count":3,"href":"https:\/\/rafalk-elblag.pl\/index.php?rest_route=\/wp\/v2\/posts\/3585\/revisions"}],"predecessor-version":[{"id":3594,"href":"https:\/\/rafalk-elblag.pl\/index.php?rest_route=\/wp\/v2\/posts\/3585\/revisions\/3594"}],"wp:featuredmedia":[{"embeddable":true,"href":"https:\/\/rafalk-elblag.pl\/index.php?rest_route=\/wp\/v2\/media\/3591"}],"wp:attachment":[{"href":"https:\/\/rafalk-elblag.pl\/index.php?rest_route=%2Fwp%2Fv2%2Fmedia&parent=3585"}],"wp:term":[{"taxonomy":"category","embeddable":true,"href":"https:\/\/rafalk-elblag.pl\/index.php?rest_route=%2Fwp%2Fv2%2Fcategories&post=3585"},{"taxonomy":"post_tag","embeddable":true,"href":"https:\/\/rafalk-elblag.pl\/index.php?rest_route=%2Fwp%2Fv2%2Ftags&post=3585"}],"curies":[{"name":"wp","href":"https:\/\/api.w.org\/{rel}","templated":true}]}}