{"id":3572,"date":"2019-12-21T08:24:14","date_gmt":"2019-12-21T08:24:14","guid":{"rendered":"http:\/\/rafalk-elblag.pl\/?p=3572"},"modified":"2019-12-21T08:24:14","modified_gmt":"2019-12-21T08:24:14","slug":"biuletyn-parafialny-nr-832-22-grudnia-2019r-iv-niedziela-adwentu","status":"publish","type":"post","link":"https:\/\/rafalk-elblag.pl\/?p=3572","title":{"rendered":"Biuletyn parafialny nr 832 \/ 22 grudnia 2019r. IV Niedziela Adwentu"},"content":{"rendered":"<p><a href=\"#temat-832\">Pok\u00f3j zamieszka, kiedy Pan przyb\u0119dzie<br \/>\n<\/a><br \/>\n<a href=\"#ogloszenia-832\">Og\u0142oszenia parafialne 22.12.2019<\/a><br \/>\n<a href=\"#intencje-832\">Intencje mszalne 22.12.2019<\/a><\/p>\n<p>&nbsp;<\/p>\n<p><img decoding=\"async\" id=\"temat-832\" src=\"http:\/\/rafalk-elblag.pl\/wp-content\/uploads\/2019\/12\/slider-h3-iv.jpg\"><\/p>\n<h1><a href=\"#temat-832\">Pok\u00f3j zamieszka, kiedy Pan przyb\u0119dzie <\/a><\/h1>\n<p>Wraz z nadchodz\u0105cymi \u015awi\u0119tami Narodzenia Pa\u0144skiego sk\u0142adamy Wam najserdeczniejsze \u017cyczenia pokoju, Bo\u017cej Rado\u015bci i Mi\u0142o\u015bci<br \/>\nw tym szczeg\u00f3lnym czasie.<\/p>\n<p>Wierzymy, \u017ce Nowonarodzone Dzieci\u0105tko pob\u0142ogos\u0142awi Wam i Waszym Rodzinom w Nowym Roku. Niech w ka\u017cdym dniu dane Wam b\u0119dzie odnale\u017a\u0107 Boga, a wraz z Nim &#8211; szcz\u0119\u015bcie.<\/p>\n<p>Z \u017cyczeniami dla ca\u0142ej wsp\u00f3lnoty Parafialnej i przyby\u0142ych go\u015bci:<br \/>\nKs. Proboszcz i duszpasterze parafii pw. \u015aw. Rafa\u0142a Kalinowskiego<\/p>\n<p>&nbsp;<br \/>\n<img decoding=\"async\" id=\"ogloszenia-832\" src=\"http:\/\/rafalk-elblag.pl\/wp-content\/uploads\/2019\/09\/ogloszenia_parafialne.jpg\" width=\"800px\"><\/p>\n<h2>Og\u0142oszenia parafialne 22.12.2019<\/h2>\n<p>1. <strong>Je\u015bli kto\u015b nie ma jeszcze po\u015bwi\u0119conego op\u0142atka<\/strong> na st\u00f3\u0142 wigilijny, mo\u017ce go naby\u0107 w zakrystii u pana ko\u015bcielnego. Zapraszamy.<br \/>\n2. <strong>Jeszcze dzi\u015b S\u0142u\u017cba Liturgiczna rozprowadza za dobrowoln\u0105 ofiar\u0119 sianko na st\u00f3\u0142 wigilijny.<\/strong><br \/>\n3. <strong>UWAGA !!!<\/strong> Jeszcze jutro tj. 23 grudnia (poniedzia\u0142ek) mamy mo\u017cliwo\u015b\u0107 <strong>skorzystania z sakramentu spowiedzi od godz. 17:30<\/strong> Zapraszamy, by \u015bwi\u0119ta prze\u017cywa\u0107 w prawdziwej rado\u015bci z nowonarodzonym Chrystusem.<br \/>\n4. <strong>Zach\u0119camy do godnego prze\u017cycia WIGILII BO\u017bEGO NARODZENIA. Zapraszamy na Pasterk\u0119 o godz. 22:00 lub o godz. 24:00.<\/strong> Przypominamy, \u017ce Msze \u015bw. w Uroczysto\u015b\u0107 Narodzenia Pa\u0144skiego b\u0119d\u0105 odprawione o godz. 9:00, 10:30, 12:00 i 18:00. Nie ma Mszy \u015aw. o godz. 7:00 i 15:00. Przypominamy, \u017ce wed\u0142ug niepami\u0119tnej tradycji, wieczerza wigilijna powinna by\u0107 posi\u0142kiem bezmi\u0119snym i rozpoczyna\u0107 si\u0119 odczytaniem fragmentu Ewangelii i modlitw\u0105. Na stole wigilijnym niech zap\u0142onie \u015bwieca Caritas.<br \/>\n5. <strong>Dzi\u0119kujemy tym wszystkim, kt\u00f3rzy w\u0142\u0105czyli si\u0119 w przygotowanie naszej \u015bwi\u0105tyni do \u015awi\u0105t Bo\u017cego Narodzenia<\/strong>. Szczeg\u00f3lne wyrazy wdzi\u0119czno\u015bci sk\u0142adamy panu Zbigniewowi Kimsowi i panu J\u00f3zefowi Brz\u00f3sce \u2013 ko\u015bcielnym oraz wszystkim, kt\u00f3rzy po\u015bwiecili sw\u00f3j czas.<br \/>\n6. <strong>Zach\u0119camy do czytania prasy katolickiej<\/strong>: przed ko\u015bcio\u0142em mo\u017cemy kupi\u0107 \u015bwi\u0105teczny numer \u201eGo\u015bcia Niedzielnego\u201d.<\/p>\n<p><strong>UROCZYSTO\u015a\u0106 BO\u017bEGO NARODZENIA 25.12.2019r.<\/strong><\/p>\n<p>1. <strong>Jak co roku, tak i na te \u015bwi\u0119ta klerycy z naszej parafii rozprowadza\u0107 b\u0119d\u0105 \u201eMy\u015blnik Klerycki\u201d<\/strong> &#8211; jest on wydawany przez alumn\u00f3w naszego seminarium. Zach\u0119camy do nabywania za dobrowoln\u0105 ofiar\u0119.<br \/>\n2. <strong>W drugi dzie\u0144 \u015bwi\u0105t: \u015bw. Szczepana, pierwszego m\u0119czennika<\/strong>. Taca z tego dnia przeznaczona jest na KATOLICKI UNIWERSYTET LUBELSKI oraz na Wy\u017csze Seminarium Duchowne Diecezji Elbl\u0105skiej, gdzie studiuje nasz diakon Micha\u0142 i kleryk Amadeusz. B\u00f3g zap\u0142a\u0107 za z\u0142o\u017cone ofiary. Msze \u015bw. w tym dniu o godz. 7:00, 9:00, 10:30, 12:00 i o godz. 18:00.<br \/>\n3. <strong>Od 26 grudnia rozpoczyna si\u0119 Oktawa Narodzenia Pa\u0144skiego<\/strong>, kt\u00f3ra jest przed\u0142u\u017ceniem rado\u015bci wierz\u0105cych z przyj\u015bcia na \u015bwiat Syna Bo\u017cego.<br \/>\n<strong>UWAGA! Powracamy do porz\u0105dku Mszy \u015bw. o godz. 8:00 i 18:00.<\/strong><br \/>\n5. <strong>Dnia 27 grudnia rozpoczynamy Wizyt\u0119 Duszpastersk\u0105<\/strong>. Kol\u0119d\u0119 rozpoczynamy od godz. 16:00. W trakcie kol\u0119dy codziennie o godz. 8:00 b\u0119dzie sprawowana Eucharystia za rodziny, do kt\u00f3rych udamy si\u0119 z Wizyt\u0105 Duszpastersk\u0105. Tym bardziej zach\u0119camy osoby dysponuj\u0105ce czasem do wsp\u00f3lnej modlitwy.<br \/>\n6. <strong>W tradycji przyj\u0119te jest, \u017ce podczas kol\u0119dy ministranci i lektorzy otrzymuj\u0105 dobrowolne ofiary jako wyraz wdzi\u0119czno\u015bci za pos\u0142ug\u0119 przy O\u0142tarzu Pa\u0144skim<\/strong>. Zebrane ofiary przeznaczone b\u0119d\u0105 na ich wsp\u00f3lny wyjazd wakacyjny. Za okazane dobro dzi\u0119kujemy!<br \/>\n7. <strong>Mo\u017cliwo\u015b\u0107 skorzystania z Sakramentu Spowiedzi \u015bw. w trakcie kol\u0119dy jest znacznie ograniczona. Dlatego zach\u0119camy do spowiedzi przed Msz\u0105 \u015bw. od godz. 7:45 lub od godz.17:30.<\/strong><br \/>\n8. <strong>Wsp\u00f3lnota Domowego Ko\u015bcio\u0142a zaprasza<\/strong> wszystkich cz\u0142onk\u00f3w na Rejonowe Spotkanie Op\u0142atkowe, kt\u00f3re odb\u0119dzie si\u0119 w niedziel\u0119 29 grudnia w parafii \u015bw. Paw\u0142a, ul. Obro\u0144c\u00f3w Pokoju. Rozpocznie si\u0119 ono Eucharysti\u0105 o godz. 16:00, a po niej agapa w sali na plebanii.<br \/>\n9. <strong>PIELGRZYMKA W ROKU 2020 !!!<\/strong> Parafia organizuje samolotow\u0105 pielgrzymk\u0119 do W\u0142och Po\u0142udniowych w dniach 21 \u2013 28 wrze\u015bnia 2020 roku. Zobaczymy takie miejsca jak: Bari, San Giovanni Rotondo, Monte Sant Angelo, Matera, Pietrelcina, Pompeje, Salerno, Neapol oraz wypoczynek nad Morzem Adriatyckim . Koszt 3550 z\u0142. plus 150 euro.<br \/>\nZapisy u ks. Proboszcza do ko\u0144ca stycznia 2020 r. Wpisowe 1000 z\u0142. Pomy\u015bl i zaplanuj ju\u017c dzi\u015b Tw\u00f3j wyjazd do tak wa\u017cnych i cudownych miejsc.<br \/>\n10. <strong>Wszystkim parafianom i przyby\u0142ym go\u015bciom do naszej wsp\u00f3lnoty \u017cyczymy b\u0142ogos\u0142awionych \u015awi\u0105t Bo\u017cego Narodzenia<\/strong>. Niech b\u0119d\u0105 pe\u0142ne mi\u0142o\u015bci, zgody i rodzinnych spotka\u0144.<\/p>\n<p><strong>PROGRAM WIZYTY DUSZPASTERSKIEJ<\/strong><br \/>\n<strong> W PARAFII \u015aW. RAFA\u0141A KALINOWSKIEGO<\/strong><\/p>\n<p><strong>Pi\u0105tek <\/strong><strong>27.12. 2019r<\/strong>. od 16:00<\/p>\n<p>ul. Porazi\u0144skiej, Lubelska<br \/>\nul. Og\u00f3lna &#8211; domki<br \/>\nul. Korczaka 4, 3, 2, 1 + domki<br \/>\n<strong>Sobota 28.12. 2019r<\/strong>. od 15:00<\/p>\n<p>ul. Korczaka 8, 7, 6, 5<br \/>\nul. Korczaka 12, 11, 10, 9<br \/>\nul. Korczaka 16, 15, 14, 13<\/p>\n<p><strong>Prosimy o przygotowanie si\u0119 do wizyty duszpasterskiej:<\/strong><\/p>\n<p>\u2022 Obecna ca\u0142a rodzina;<br \/>\n\u2022 Dzieci i m\u0142odzie\u017c przygotowuj\u0105 zeszyty do religii, ksi\u0105\u017ceczki potwierdzaj\u0105ce udzia\u0142 we Mszy \u015bw. Niedzielnej oraz do Sakramentu Bierzmowania;<br \/>\n\u2022 Bia\u0142y obrus, Pismo \u015awi\u0119te, Krzy\u017c, \u015bwiecznik, woda \u015bwi\u0119cona i kropid\u0142o;<br \/>\n\u2022 Has\u0142o tegorocznego Roku Duszpasterskiego w Polsce brzmi: \u201eWIELKA TAJEMNICA WIARY\u201d, nawi\u0105zuj\u0105c do tajemnicy Eucharystii. Dlatego powy\u017cszy temat, b\u0119dzie r\u00f3wnie\u017c poruszany podczas wizyty duszpasterskiej;<br \/>\n\u2022 W tym roku ka\u017cda rodzina otrzyma przed kol\u0119d\u0105 ksi\u0105\u017ceczk\u0119, kt\u00f3ra umo\u017cliwi przygotowanie si\u0119 do om\u00f3wienia powy\u017cszego tematu duszpasterskiego.<br \/>\nProsimy o zapoznanie si\u0119 z tre\u015bci\u0105 tej \u201ema\u0142ej ksi\u0105\u017ceczki\u201d;<br \/>\n\u2022 UWAGA !!! Kol\u0119dy od poniedzia\u0142ku do pi\u0105tku rozpoczynamy od godz. 16:00, natomiast w soboty od godz. 15:00.<\/p>\n<p>&nbsp;<\/p>\n<p><img decoding=\"async\" id=\"intencje-832\" src=\"http:\/\/rafalk-elblag.pl\/wp-content\/uploads\/2019\/09\/intencje_mszalne.jpg\" width=\"800px\"><\/p>\n<h2>Intencje mszalne 22.12.2019<\/h2>\n<p>\u2020 INTENCJE MSZALNE \u2020<br \/>\n<strong>PONIEDZIA\u0141EK 23 grudnia 2019r. \u0141k 1, 57-66<\/strong><br \/>\n6.30 \u2020 Roman Tykarski (23 greg.)<br \/>\n18.00 \u2020 Marek Pietrzak w 30 dzie\u0144 \u015bmierci<\/p>\n<p><strong>WTOREK 24 grudnia 2019r. \/ Wigilia Narodzenia Pa\u0144skiego \u0141k 1, 67-79<\/strong><br \/>\n6.30 \u2020 Roman Tykarski (24 greg.)<br \/>\n22.00 W intencji Parafian<br \/>\n22.00 \u2020 Jolanta w 7 r.\u015bm. i zm. z rodz. Karman<br \/>\n24.00 W intencji Parafian<br \/>\n24.00 Rez.<\/p>\n<p><strong>\u015aRODA 25 grudnia 2019r. \/ Uroczysto\u015b\u0107 Narodzenia Pa\u0144skiego \u0141k 2, 1-14<\/strong><br \/>\n9.00 \u2020 Irena W\u00f3jcik<br \/>\n10.30 Dzi\u0119k. w 13 urodziny Amelii Kurowskiej z pro\u015bb\u0105 o Bo\u017ce b\u0142og. i wszelkie potrzebne \u0142aski dla niej i ca\u0142ej rodziny<br \/>\n12.00 Dzi\u0119k. z okazji 45 rocz. \u015blubu Krystyny i Jana Romanowskich z pro\u015bb\u0105 o Bo\u017ce b\u0142og., wszelkie potrzebne \u0142aski i opiek\u0119 MB oraz zdrowie dla ca\u0142ej rodziny \u2013 Grzegorza i Sylwii z dzie\u0107mi<br \/>\n18.00 \u2020 Roman Tykarski (19 greg.)<\/p>\n<p><strong>CZWARTEK 26 grudnia 2019r. \/ \u015bw. Szczepana Mt 10, 17-22<\/strong><br \/>\n7.00<br \/>\n9.00 \u2020 Henryk Walkowiak w 38 r.\u015bm., Alfreda (k) Walkowiak i Apolonia Groszek w 16 r.\u015bm.<br \/>\n10.30 \u2020 Maria, Waldemar i zm. z rodz. Boguszewskich<br \/>\n12.00 \u2020 Barbara Ulkowska w 13 r.\u015bm.<br \/>\n18.00 \u2020 Roman Tykarski (26 greg.)<\/p>\n<p><strong>PI\u0104TEK 27 grudnia 2019r. \/ \u015bw. Jana Aposto\u0142a J 20, 2-8<\/strong><br \/>\n8.00 \u2020 Roman Tykarski (27 greg.)<br \/>\n8.00 W intencji rodzin odwiedzanych w czasie kol\u0119dy<br \/>\n8.00<br \/>\n18.00 \u2020 Adam Zieli\u0144ski w 5 r.\u015bm.<\/p>\n<p><strong>SOBOTA 28 grudnia 2019r. \/ \u015bw. M\u0142odziank\u00f3w M\u0119czennik\u00f3w Mt 2, 13-18<\/strong><br \/>\n8.00 \u2020 Roman Tykarski (28 greg.)<br \/>\n8.00 W intencji rodzin odwiedzanych w czasie kol\u0119dy<br \/>\n18.00 \u2020 Jan Schilder<\/p>\n<p><strong>Niedziela \u015awi\u0119tej Rodziny \/ 29 grudnia 2019r. Mt 2, 13-23<\/strong><br \/>\n7.00 O Bo\u017ce b\u0142og. i opiek\u0119 MB, zdrowie dla Stanis\u0142awy i Jana w 56 rocznic\u0119 \u015blubu<br \/>\n9.00 \u2020 Marta (14 r.\u015bm.) i Maksymilian (33 r.\u015bm) Szyd\u0142owscy<br \/>\n10.30 Dzi\u0119k. w 30 urodziny Macieja Kruczy\u0144skiego z pro\u015bb\u0105 o Bo\u017ce b\u0142og. i potrzebne \u0142aski w dalszym \u017cyciu<br \/>\n12.00 W intencji Parafian<br \/>\n15.00 \u2020 Roman Tykarski (29 greg.)<br \/>\n18.00 Dzi\u0119k. w 13 rocznic\u0119 \u015blubu Magdy i Piotra Asiukiewicz\u00f3w z pro\u015bb\u0105 o Bo\u017ce b\u0142og. i dary Ducha \u015aw. dla ca\u0142ej rodziny<\/p>\n","protected":false},"excerpt":{"rendered":"<p>Pok\u00f3j zamieszka, kiedy Pan przyb\u0119dzie Og\u0142oszenia parafialne 22.12.2019 Intencje mszalne 22.12.2019 &nbsp; Pok\u00f3j zamieszka, kiedy Pan przyb\u0119dzie Wraz z nadchodz\u0105cymi \u015awi\u0119tami Narodzenia Pa\u0144skiego sk\u0142adamy Wam najserdeczniejsze \u017cyczenia pokoju, Bo\u017cej Rado\u015bci i Mi\u0142o\u015bci w tym szczeg\u00f3lnym czasie. Wierzymy, \u017ce Nowonarodzone Dzieci\u0105tko pob\u0142ogos\u0142awi Wam i Waszym Rodzinom w Nowym Roku. Niech w ka\u017cdym dniu dane Wam b\u0119dzie [&hellip;]<\/p>\n","protected":false},"author":1,"featured_media":3575,"comment_status":"closed","ping_status":"closed","sticky":false,"template":"","format":"standard","meta":{"ngg_post_thumbnail":0,"footnotes":""},"categories":[11,8,4,3],"tags":[],"class_list":["post-3572","post","type-post","status-publish","format-standard","has-post-thumbnail","hentry","category-aktualnosci","category-blog","category-intencje","category-ogloszenia"],"_links":{"self":[{"href":"https:\/\/rafalk-elblag.pl\/index.php?rest_route=\/wp\/v2\/posts\/3572","targetHints":{"allow":["GET"]}}],"collection":[{"href":"https:\/\/rafalk-elblag.pl\/index.php?rest_route=\/wp\/v2\/posts"}],"about":[{"href":"https:\/\/rafalk-elblag.pl\/index.php?rest_route=\/wp\/v2\/types\/post"}],"author":[{"embeddable":true,"href":"https:\/\/rafalk-elblag.pl\/index.php?rest_route=\/wp\/v2\/users\/1"}],"replies":[{"embeddable":true,"href":"https:\/\/rafalk-elblag.pl\/index.php?rest_route=%2Fwp%2Fv2%2Fcomments&post=3572"}],"version-history":[{"count":3,"href":"https:\/\/rafalk-elblag.pl\/index.php?rest_route=\/wp\/v2\/posts\/3572\/revisions"}],"predecessor-version":[{"id":3577,"href":"https:\/\/rafalk-elblag.pl\/index.php?rest_route=\/wp\/v2\/posts\/3572\/revisions\/3577"}],"wp:featuredmedia":[{"embeddable":true,"href":"https:\/\/rafalk-elblag.pl\/index.php?rest_route=\/wp\/v2\/media\/3575"}],"wp:attachment":[{"href":"https:\/\/rafalk-elblag.pl\/index.php?rest_route=%2Fwp%2Fv2%2Fmedia&parent=3572"}],"wp:term":[{"taxonomy":"category","embeddable":true,"href":"https:\/\/rafalk-elblag.pl\/index.php?rest_route=%2Fwp%2Fv2%2Fcategories&post=3572"},{"taxonomy":"post_tag","embeddable":true,"href":"https:\/\/rafalk-elblag.pl\/index.php?rest_route=%2Fwp%2Fv2%2Ftags&post=3572"}],"curies":[{"name":"wp","href":"https:\/\/api.w.org\/{rel}","templated":true}]}}