{"id":3566,"date":"2019-12-14T12:34:12","date_gmt":"2019-12-14T12:34:12","guid":{"rendered":"http:\/\/rafalk-elblag.pl\/?p=3566"},"modified":"2019-12-14T12:34:12","modified_gmt":"2019-12-14T12:34:12","slug":"biuletyn-parafialny-nr-831-15-grudnia-2019r-iii-niedziela-adwentugaudete","status":"publish","type":"post","link":"https:\/\/rafalk-elblag.pl\/?p=3566","title":{"rendered":"Biuletyn parafialny nr 831 \/ 15 grudnia 2019r. III Niedziela Adwentu\/Gaudete"},"content":{"rendered":"<p><a href=\"#temat-831\">Historia Bo\u017conarodzeniowego Drzewka<\/a><br \/>\n<a href=\"#ogloszenia-831\">Og\u0142oszenia parafialne 15.12.2019<\/a><br \/>\n<a href=\"#intencje-831\">Intencje mszalne 15.12.2019<\/a><\/p>\n<p><img decoding=\"async\" id=\"temat-831\" src=\"http:\/\/rafalk-elblag.pl\/wp-content\/uploads\/2019\/12\/slider_h3_iiia.jpg\"><\/p>\n<h1>Historia Bo\u017conarodzeniowego Drzewka<\/h1>\n<p><strong>\u015awi\u0119ta Bo\u017cego Narodzenia \u2013 to g\u0142\u0119bokie prze\u017cywanie narodzenia Chrystusa w \u017cyciu ka\u017cdego z nas, ale to tak\u017ce czas szczeg\u00f3lnej go\u015bcinno\u015bci, troski o bli\u017aniego, rodzinnych spotka\u0144 i refleksji. Dodatkowo, klimat \u015bwi\u0105t podkre\u015blaj\u0105 zimowa aura i powszechnie przyj\u0119te zwyczaje \u015bwi\u0105teczne. Oczekujemy na wsp\u00f3lne dekorowanie choinki, dawanie prezent\u00f3w czy wieczorn\u0105 pasterk\u0119. Historia tradycji bo\u017conarodzeniowego drzewka wydaje si\u0119 szczeg\u00f3lnie ciekawa. W niemal ka\u017cdym domu zapach le\u015bnego, zielonego \u015bwierku jest dobrze znany, ale czy wiemy, jak to si\u0119 sta\u0142o, \u017ce co roku go\u015bci ono w naszych domach w okresie \u015bwi\u0105t Bo\u017cego Narodzenia?<\/strong><br \/>\nZielona, pachn\u0105ca, ozdobiona bombkami, lampkami oraz gwiazd\u0105 na czubku choinka to symbol, kt\u00f3ry dodaje \u015bwi\u0119tom niepowtarzalnego charakteru i pozwala nam lepiej wczu\u0107 si\u0119 w ich radosn\u0105 atmosfer\u0119. Choinka jest nawi\u0105zaniem do rajskiego drzewa poznania dobra i z\u0142a. Cz\u0119sto okre\u015blana jest tak\u017ce jako \u201edrzewo \u017cycia\u201d\u2013 poprzez swoj\u0105 trwa\u0142\u0105 ziele\u0144 (symbol nadziei p\u0142yn\u0105cej z narodzenia Jezusa). Pomaga prze\u017cywa\u0107 \u015bwi\u0105teczn\u0105 rado\u015b\u0107, przez co idealnie wpisuje si\u0119 w klimat \u015awi\u0105t Bo\u017cego Narodzenia \u2013 przypomina o chrze\u015bcija\u0144skim fundamencie tych \u015awi\u0105t i potrzebie piel\u0119gnowaniu warto\u015bci, kt\u00f3re s\u0105 o\u017cywcze i niezb\u0119dne do \u017cycia. Co ciekawe, zwyczaj stawiania drzewka jest w Europie stosunkowo m\u0142ody. Najstarsze doniesienia o choince \u2013 drzewku przyozdabianym na Bo\u017ce Narodzenie, wywodz\u0105 si\u0119 z Alzacji \u2013 pogranicza Niemiec i Francji. Pierwsze przekazy pochodzi\u0142y z ko\u0144ca XV wieku. Wtedy domy ozdabia\u0142a jab\u0142o\u0144, ale poniewa\u017c zim\u0105, w czasie \u015awi\u0105t Bo\u017cego Narodzenia trudno by\u0142o znale\u017a\u0107 kwitn\u0105ce drzewka li\u015bciaste, st\u0105d szukano innego pomys\u0142u. W naturalny spos\u00f3b wyb\u00f3r pad\u0142 na iglaki.<br \/>\nW ten spos\u00f3b na wspomnianych terenach pojawi\u0142a si\u0119 tradycja stawiania w domach sosen, \u015bwierk\u00f3w lub jode\u0142, kt\u00f3re nast\u0119pnie przyozdabiano m.in. jab\u0142kami, orzechami czy r\u00f3\u017cnego rodzaju ozdobami z papieru.<\/p>\n<p><strong>W Polsce z kolei zwyczaj ozdabiania izby w wigili\u0119 Bo\u017cego Narodzenia znany by\u0142 od bardzo dawna jako zawieszanie pod\u0142a\u017aniczki (czubka jod\u0142y, \u015bwierku lub sosny) pod sufitem lub jako ustawianie snop\u00f3w zbo\u017ca, symbolizuj\u0105cych urodzaj. Nie jest to jednak tradycja si\u0119gaj\u0105ca czas\u00f3w poga\u0144skich, ani nawet staro\u017cytno\u015bci chrze\u015bcija\u0144skiej, lecz powsta\u0142a znacznie p\u00f3\u017aniej. Na ziemiach polskich zakorzeni\u0142a si\u0119 na dobre dopiero w XIX wieku, cho\u0107 ju\u017c w 1698 r. mo\u017cna by\u0142o kupi\u0107 \u015bwi\u0105teczn\u0105 choink\u0119 na jarmarku w Gda\u0144sku \u2013 by\u0142o to pierwsze miasto na terenie Rzeczypospolitej, gdzie u schy\u0142ku XVII stulecia zacz\u0119to dekorowa\u0107 choinki. W\u00f3wczas jednak zwyczaj ten nie rozprzestrzeni\u0142 si\u0119 na inne tereny Polski. Na sta\u0142e do naszego kraju przenie\u015bli go niemieccy protestanci na prze\u0142omie XVIII i XIX wieku.<\/strong><\/p>\n<p>Pocz\u0105tkowo spotykana by\u0142a jedynie w miastach, dopiero p\u00f3\u017aniej tradycja przenios\u0142a si\u0119 na wie\u015b, w wi\u0119kszo\u015bci wypieraj\u0105c tradycyjn\u0105 polsk\u0105 ozdob\u0119, jak\u0105 by\u0142a pod\u0142a\u017aniczka czy jemio\u0142a. Obecnie choinka jest na tyle popularna, \u017ce wi\u0119kszo\u015b\u0107 z nas nie wyobra\u017ca sobie \u015bwi\u0105t bez ozdobnego \u015bwierku czy jod\u0142y. Przyj\u0119\u0142o si\u0119 w Polsce, \u017ce choink\u0119 zwyczajowo \u201eubieramy\u201d w Wigili\u0119. Wsp\u00f3lne ubieranie choinki to doskona\u0142a okazja, \u017ceby po\u015br\u00f3d przed\u015bwi\u0105tecznego zabiegania odnale\u017a\u0107 czas na sp\u0119dzenie radosnych chwil w gronie najbli\u017cszych. Dodatkowo, coroczne bo\u017conarodzeniowe drzewo jednoznacznie kojarzy nam si\u0119 ze \u015bwi\u0119tami \u2013 szczeg\u00f3lnie uwielbiaj\u0105 j\u0105 dzieci, kt\u00f3re pod ga\u0142\u0105zkami w dniu Wigilii zawsze znajduj\u0105 prezenty.<\/p>\n<p><strong>Zwyczaj dekorowania zielonego iglaka jest obecny tak\u017ce w Watykanie \u2013 od 35. lat na Placu \u015aw. Piotra, co roku podziwia\u0107 mo\u017cemy Bo\u017conarodzeniow\u0105 Choink\u0119, przekazywan\u0105 przez europejskie kraje w darze dla Ojca \u015awi\u0119tego. Warto wiedzie\u0107, \u017ce ten pi\u0119kny zwyczaj zosta\u0142 zapocz\u0105tkowany przez Papie\u017ca-Polaka Jana Paw\u0142a II. Pierwsze drzewko (pochodz\u0105ce z W\u0142och) stan\u0119\u0142o tam w\u0142a\u015bnie z jego inicjatywy w 1982 r. Papie\u017c Polak t\u0119skni\u0142 za polsk\u0105 opraw\u0105 \u015bwi\u0105t i uczyni\u0142 z tego zwyczaj, kt\u00f3ry jest obecny do dzi\u015b. Pierwsza polska choinka zosta\u0142a podarowana papie\u017cowi w 1997 r. i pochodzi\u0142a z Tatr.<\/strong><\/p>\n<p>&nbsp;<br \/>\n<img decoding=\"async\" id=\"ogloszenia-831\" src=\"http:\/\/rafalk-elblag.pl\/wp-content\/uploads\/2019\/09\/ogloszenia_parafialne.jpg\" width=\"800px\"><\/p>\n<h2>Og\u0142oszenia parafialne 15.12.2019<\/h2>\n<p>1.<strong> Przed nami ostatni tydzie\u0144 Adwentu<\/strong> \u2013 czasu, w kt\u00f3rym pragniemy przygotowa\u0107 si\u0119 do \u015bwi\u0105t Bo\u017cego Narodzenia. ZAPRASZAMY!!! W dni powszednie na Msze \u015bw. RORATNIE ku czci Matki Bo\u017cej o godz. 6:30.<br \/>\n&nbsp;&nbsp;&nbsp; Dzieci zapraszamy we wtorki i czwartki, a m\u0142odzie\u017c z doros\u0142ymi w pi\u0105tek o godz. 6:00.<br \/>\n2. <strong>Zapraszamy w ADWENCIE<\/strong> na wsp\u00f3lne \u015bpiewanie Godzinek ku czci Niepokalanego Pocz\u0119cia NMP: niedziela godz. 8:40.<br \/>\n3. <strong>Dzisiaj ministranci rozprowadzaj\u0105 sianko<\/strong> na st\u00f3\u0142 wigilijny za dobrowoln\u0105 ofiar\u0119. Zadbajmy o to, by tego symbolu ub\u00f3stwa nie zabrak\u0142o w naszym domu.<br \/>\n4. <strong>Je\u015bli kto\u015b nie ma jeszcze po\u015bwi\u0119conego op\u0142atka na st\u00f3\u0142 wigilijny<\/strong>, mo\u017ce go naby\u0107 w zakrystii u pana ko\u015bcielnego. Mamy jeszcze mo\u017cliwo\u015b\u0107 nabycia \u015bwiecy na st\u00f3\u0142 wigilijny w ramach og\u00f3lnopolskiej<br \/>\n&nbsp;&nbsp;&nbsp; akcji \u201eWigilijne Dzie\u0142o Pomocy Dzieciom\u201d w cenie: 6 z\u0142. Nabywaj\u0105c \u015bwiece okazujesz serce tym, kt\u00f3rzy licz\u0105 na Tw\u0105 dobro\u0107.<br \/>\n5. <strong>Jutro o godz. 18:00 Msza \u015bw. i spotkanie formacyjno &#8211; modlitewne<\/strong> dla Rodziny Karmelita\u0144skiej i Bractwa Szkaplerznego. Zapraszamy.<br \/>\n6. <strong>Osoby pragn\u0105ce pom\u00f3c przy Szopce i dekoracji<\/strong> Ko\u015bcio\u0142a zapraszamy w \u015brod\u0119 tj. 18 grudnia br. na godz. 9:00. Pro\u015bba, aby w\u015br\u00f3d ch\u0119tnych nie zabrak\u0142o m\u0119\u017cczyzn.<br \/>\n7. <strong>PRZYPOMINAMY!!! Nauka dla rodzic\u00f3w i chrzestnych<\/strong>: 21 grudnia (sobota) o godz. 19:00 na plebanii. Obecno\u015b\u0107 obowi\u0105zkowa.<br \/>\n8. <strong>Przypominamy, \u017ce najpi\u0119kniejsz\u0105 modlitw\u0105 Ko\u015bcio\u0142a jest Msza \u015awi\u0119ta<\/strong>, kt\u00f3r\u0105 mo\u017cna zamawia\u0107 za \u017cywych i umar\u0142ych lub ofiarowa\u0107 jako wspania\u0142y chrze\u015bcija\u0144ski prezent z okazji rocznicy \u015blubu, chrztu,<br \/>\nurodzin i imienin, prosz\u0105c o \u0142aski lub za nie dzi\u0119kuj\u0105c. Mo\u017cna zamawia\u0107 i rezerwowa\u0107 Msze \u015awi\u0119te na rok 2020.<br \/>\n9. <strong>PIELGRZYMKI W ROKU 2020<\/strong> !!! Parafia organizuje:<br \/>\n&nbsp; &#8211; autokarow\u0105 pielgrzymk\u0119 parafialn\u0105 w maju 2020 roku.<br \/>\n&nbsp; &#8211; samolotow\u0105 pielgrzymk\u0119 do W\u0142och Po\u0142udniowych w dniach 21- 28 wrze\u015bnia 2020 roku. Koszt: 3550z\u0142. i 150 euro. Zapisy i wi\u0119cej informacji u ks.Proboszcza.<br \/>\n&nbsp;&nbsp; Pomy\u015bl i zaplanuj ju\u017c dzi\u015b Tw\u00f3j wyjazd do tak wa\u017cnych i cudownych miejsc.<\/p>\n<p>10. <strong>Wszystkim Jubilatom i Solenizantom<\/strong> tego tygodnia \u017cyczymy wielu \u0142ask Bo\u017cych i opieki Matki Bo\u017cej Szkaplerznej.<br \/>\n11. <strong>Zach\u0119camy do czytania prasy katolickiej<\/strong>: nowy numer \u201eGo\u015bcia Niedzielnego\u201d w cenie 6 z\u0142. wraz z dodatkiem \u201eGo\u015b\u0107 Elbl\u0105ski\u201d.<\/p>\n<p>&nbsp;<\/p>\n<p><img decoding=\"async\" id=\"intencje-831\" src=\"http:\/\/rafalk-elblag.pl\/wp-content\/uploads\/2019\/09\/intencje_mszalne.jpg\" width=\"800px\"><\/p>\n<h2>Intencje mszalne 15.12.2019<\/h2>\n<p>\u2020 INTENCJE MSZALNE \u2020<br \/>\n<strong>PONIEDZIA\u0141EK 16 grudnia 2019r.&nbsp;<\/strong>&nbsp;&nbsp;&nbsp;&nbsp;&nbsp;&nbsp;&nbsp; Mt 21, 23-27<\/p>\n<p>6.30 \u2020 Roman Tykarski (16 greg.)<br \/>\n18.00 \u2020 Piotr Lietz w 2 r.\u015bm. i Pawe\u0142ek Lietz<br \/>\n18.00 W int. Rodziny Karmelita\u0144skiej i Bractwa Szkaplerznego<\/p>\n<p><strong>WTOREK 17 grudnia 2019r.&nbsp;&nbsp;&nbsp;&nbsp;&nbsp;<\/strong>&nbsp;&nbsp;&nbsp;&nbsp;&nbsp;&nbsp;&nbsp;&nbsp;&nbsp;&nbsp;&nbsp; Mt 1, 1-17<\/p>\n<p>6.30 \u2020 Roman Tykarski (17 greg.)<br \/>\n18.00 \u2020 Genowefa Tomczy\u0144ska w 30 dpp.<br \/>\n18.00 \u2020 Roman \u017belazny w 7 r.\u015bm. i zmarli rodzice i rodze\u0144stwo z obojga stron<\/p>\n<p><strong>\u015aRODA 18 grudnia 2019r.&nbsp;<\/strong>&nbsp;&nbsp;&nbsp;&nbsp;&nbsp;&nbsp;&nbsp;&nbsp;&nbsp;&nbsp;&nbsp;&nbsp;&nbsp;&nbsp;&nbsp; Mt 1, 18-24<\/p>\n<p>6.30 \u2020 Roman Tykarski (18 greg.)<br \/>\n18.00 \u2020 Jan Walko i Jadwiga Dobejko<br \/>\n18.00 \u2020 Weronika Kijuc w 37 r.\u015bm.<\/p>\n<p><strong>CZWARTEK 19 grudnia 2019r. &nbsp;<\/strong> &nbsp; &nbsp; &nbsp; &nbsp; &nbsp; &nbsp;&nbsp; \u0141k 1, 5-25<\/p>\n<p>6.30 \u2020 Marek Pietrzak \u2013 int. od Teresy i Stanis\u0142awa<br \/>\n18.00 \u2020 Roman Tykarski (19 greg.)<\/p>\n<p><strong>PI\u0104TEK 20 grudnia 2019r.<\/strong> &nbsp; &nbsp; &nbsp; &nbsp; &nbsp; &nbsp; &nbsp; &nbsp; &nbsp; \u0141k 1, 26-38<\/p>\n<p>6.00 \u2020 Adam Zasada w 32 r.\u015bm. i Tomasz Piwnikiewicz w 5 r.\u015bm.<br \/>\n18.00 \u2020 Roman Tykarski (20 greg.)<\/p>\n<p><strong>SOBOTA 21 grudnia 2019r.&nbsp;&nbsp;&nbsp;&nbsp;&nbsp;&nbsp;&nbsp;&nbsp;<\/strong>&nbsp;&nbsp;&nbsp;&nbsp;&nbsp;&nbsp;&nbsp;&nbsp;&nbsp;&nbsp;&nbsp;&nbsp;&nbsp;&nbsp;&nbsp;&nbsp;&nbsp; \u0141k 1, 39-45<\/p>\n<p>6.30<br \/>\n18.00 \u2020 Roman Tykarski (21 greg.)<br \/>\n18.00 \u2020 Feliksa (k) i Eryk, zm. rodzice i zm. z rodz. Ogiermann\u00f3w, Wi\u015bniewskich,<br \/>\nKlonowskich, Pepli\u0144skich i Dura\u0142\u00f3w<\/p>\n<p><strong>IV Niedziela Adwentu \/ 22 grudnia 2019r.&nbsp;&nbsp;<\/strong>&nbsp;&nbsp;&nbsp;&nbsp;&nbsp;&nbsp;&nbsp; Mt 1, 18-24<\/p>\n<p>7.00 \u2020 Anna Napieraj w 1 r.\u015bm. i zmarli rodzice: Stefan, Maria i Tadeusz<br \/>\n9.00 \u2020 Edward i Janina i zmarli rodzice w obojga stron<br \/>\n9.00 \u2020 Brat Roman o zmarli rodzice: Regina i Stefan oraz Franciszek i J\u00f3zef<br \/>\n10.30 Dzi\u0119k. w 40 urodziny Sylwii Szczepanik z pro\u015bb\u0105 o Bo\u017ce b\u0142og. i opiek\u0119 MB<br \/>\n12.00 W intencji Parafian<br \/>\n15.00 \u2020 Jadwiga i Stanis\u0142aw Byzdrowie w 25 r.\u015bm.<br \/>\n18.00 \u2020 Roman Tykarski (22 greg.)<\/p>\n","protected":false},"excerpt":{"rendered":"<p>Historia Bo\u017conarodzeniowego Drzewka Og\u0142oszenia parafialne 15.12.2019 Intencje mszalne 15.12.2019 Historia Bo\u017conarodzeniowego Drzewka \u015awi\u0119ta Bo\u017cego Narodzenia \u2013 to g\u0142\u0119bokie prze\u017cywanie narodzenia Chrystusa w \u017cyciu ka\u017cdego z nas, ale to tak\u017ce czas szczeg\u00f3lnej go\u015bcinno\u015bci, troski o bli\u017aniego, rodzinnych spotka\u0144 i refleksji. Dodatkowo, klimat \u015bwi\u0105t podkre\u015blaj\u0105 zimowa aura i powszechnie przyj\u0119te zwyczaje \u015bwi\u0105teczne. Oczekujemy na wsp\u00f3lne dekorowanie choinki, [&hellip;]<\/p>\n","protected":false},"author":1,"featured_media":3569,"comment_status":"closed","ping_status":"closed","sticky":false,"template":"","format":"standard","meta":{"ngg_post_thumbnail":0,"footnotes":""},"categories":[11,8,4,3],"tags":[],"class_list":["post-3566","post","type-post","status-publish","format-standard","has-post-thumbnail","hentry","category-aktualnosci","category-blog","category-intencje","category-ogloszenia"],"_links":{"self":[{"href":"https:\/\/rafalk-elblag.pl\/index.php?rest_route=\/wp\/v2\/posts\/3566","targetHints":{"allow":["GET"]}}],"collection":[{"href":"https:\/\/rafalk-elblag.pl\/index.php?rest_route=\/wp\/v2\/posts"}],"about":[{"href":"https:\/\/rafalk-elblag.pl\/index.php?rest_route=\/wp\/v2\/types\/post"}],"author":[{"embeddable":true,"href":"https:\/\/rafalk-elblag.pl\/index.php?rest_route=\/wp\/v2\/users\/1"}],"replies":[{"embeddable":true,"href":"https:\/\/rafalk-elblag.pl\/index.php?rest_route=%2Fwp%2Fv2%2Fcomments&post=3566"}],"version-history":[{"count":2,"href":"https:\/\/rafalk-elblag.pl\/index.php?rest_route=\/wp\/v2\/posts\/3566\/revisions"}],"predecessor-version":[{"id":3570,"href":"https:\/\/rafalk-elblag.pl\/index.php?rest_route=\/wp\/v2\/posts\/3566\/revisions\/3570"}],"wp:featuredmedia":[{"embeddable":true,"href":"https:\/\/rafalk-elblag.pl\/index.php?rest_route=\/wp\/v2\/media\/3569"}],"wp:attachment":[{"href":"https:\/\/rafalk-elblag.pl\/index.php?rest_route=%2Fwp%2Fv2%2Fmedia&parent=3566"}],"wp:term":[{"taxonomy":"category","embeddable":true,"href":"https:\/\/rafalk-elblag.pl\/index.php?rest_route=%2Fwp%2Fv2%2Fcategories&post=3566"},{"taxonomy":"post_tag","embeddable":true,"href":"https:\/\/rafalk-elblag.pl\/index.php?rest_route=%2Fwp%2Fv2%2Ftags&post=3566"}],"curies":[{"name":"wp","href":"https:\/\/api.w.org\/{rel}","templated":true}]}}