{"id":3561,"date":"2019-12-07T18:25:38","date_gmt":"2019-12-07T18:25:38","guid":{"rendered":"http:\/\/rafalk-elblag.pl\/?p=3561"},"modified":"2019-12-07T18:27:41","modified_gmt":"2019-12-07T18:27:41","slug":"biuletyn-parafialny-nr-830-8-grudnia-2019r-ii-niedziela-adwentu","status":"publish","type":"post","link":"https:\/\/rafalk-elblag.pl\/?p=3561","title":{"rendered":"Biuletyn parafialny nr 830 \/ 8 grudnia 2019r. II Niedziela Adwentu"},"content":{"rendered":"<p><a href=\"#temat-830\">Niepokalane Pocz\u0119cie \u2013 dla w\u0105tpi\u0105cych<\/a><br \/>\n<a href=\"#ogloszenia-830\">Og\u0142oszenia parafialne 08.12.2019<\/a><br \/>\n<a href=\"#intencje-830\">Intencje mszalne 08.12.2019<\/a><\/p>\n<p>&nbsp;<\/p>\n<p><img decoding=\"async\" id=\"temat-830\" src=\"http:\/\/rafalk-elblag.pl\/wp-content\/uploads\/2019\/12\/slider_830.jpg\"><\/p>\n<h1>Niepokalane Pocz\u0119cie \u2013 dla w\u0105tpi\u0105cych<\/h1>\n<p><strong>Historia doj\u015bcia Ko\u015bcio\u0142a do og\u0142oszenia dogmatu o Niepokalanym Pocz\u0119ciu Maryi, tak samo jak dogmatu Wniebowzi\u0119cia, nasuwa pytania i w\u0105tpliwo\u015bci: Jak rozumie\u0107 to, \u017ce dopiero w 19. stuleciu istnienia Ko\u015bcio\u0142a zdano sobie spraw\u0119, \u017ce co\u015b jest objawion\u0105 prawd\u0105 wiary? Czy Ko\u015bci\u00f3\u0142 czego\u015b tutaj po prostu nie wymy\u015bli\u0142?<\/strong><br \/>\nKatechizm Ko\u015bcio\u0142a Katolickiego poucza nas, \u017ce objawienie, kt\u00f3re dokona\u0142o si\u0119 w Jezusie Chrystusie, jest pe\u0142ne i definitywne \u2013 i nie nale\u017cy oczekiwa\u0107 \u017cadnego innego objawienia, kt\u00f3re mia\u0142oby co\u015b doda\u0107 do tego, co ju\u017c otrzymali\u015bmy. Nie mo\u017cna zatem sobie wyobra\u017ca\u0107, \u017ce oto og\u0142oszono jaki\u015b nowy dogmat, gdy\u017c pojawi\u0142o si\u0119 nieznane dot\u0105d objawienie. Katechizm dodaje jednak, \u017ce chocia\u017c \u201eObjawienie zosta\u0142o ju\u017c zako\u0144czone, to nie jest jeszcze ca\u0142kowicie wyja\u015bnione\u201d (nr 66). A skoro tak, to \u201ezadaniem wiary chrze\u015bcija\u0144skiej w ci\u0105gu wiek\u00f3w b\u0119dzie stopniowe wnikanie w jego znaczenie\u201d. Dogmat o niepokalanym pocz\u0119ciu Maryi jest w\u0142a\u015bnie rezultatem takiego stopniowego, dzi\u0119ki \u0142asce Bo\u017cej, wnikania w znaczenie tego, co zosta\u0142o nam dane na pocz\u0105tku w osobie i historii Jezusa oraz w Pi\u015bmie \u015awi\u0119tym. I tak na przyk\u0142ad potrzeba by\u0142o czasu, aby s\u0142owa skierowane przez anio\u0142a Gabriela do Maryi: \u201eB\u0105d\u017a pozdrowiona, pe\u0142na \u0142aski\u2026\u201d, zrozumiano g\u0142\u0119biej, a mianowicie, \u017ce owo \u201epe\u0142na \u0142aski\u201d zawiera w sobie tak\u017ce zachowanie od zmazy pierworodnej. Na ten proces dochodzenia do prawdy o Niepokalanym Pocz\u0119ciu wskazuje Katechizm: \u201eW ci\u0105gu wiek\u00f3w Ko\u015bci\u00f3\u0142 u\u015bwiadomi\u0142 sobie, \u017ce Maryja, nape\u0142niona \u00ab\u0142ask\u0105\u00bb przez Boga, zosta\u0142a odkupiona od chwili swego pocz\u0119cia\u201d (nr 491).<\/p>\n<p><strong>Jezus powiedzia\u0142 swoim uczniom: \u201eJeszcze wiele mam wam do powiedzenia, ale teraz jeszcze znie\u015b\u0107 nie mo\u017cecie. Gdy za\u015b przyjdzie On, Duch Prawdy, doprowadzi was do ca\u0142ej prawdy\u201d (J 16,12-13). A zatem Duch \u015awi\u0119ty prowadzi Chrystusowy Ko\u015bci\u00f3\u0142 przez wieki i pozwala mu coraz g\u0142\u0119biej wnika\u0107 w prawdy dane nam, niekiedy jakby jedynie w zal\u0105\u017cku, w historii Jezusa z Nazaretu. Dogmat o Niepokalanym Pocz\u0119ciu Maryi jest jednym z owoc\u00f3w tego\u017c w\u0142a\u015bnie dzia\u0142ania Ducha Prawdy.<\/strong><\/p>\n<p><strong>PROGRAM REKOLEKCJI ADWENTOWYCH 2019<\/strong><\/p>\n<p><strong>CZWARTEK 12 grudnia 2019<\/strong><br \/>\n6.30 Msza \u015bw. Roratnia z nauk\u0105 dla doros\u0142ych<br \/>\n11.00 Msza \u015bw. z nauk\u0105 dla doros\u0142ych \/ 10.30 &#8211; Spowied\u017a<br \/>\n16.00 Nauka dla klas 0-III Szko\u0142y Podstawowej<br \/>\n17.00 Nauka dla klas IV-VII Szko\u0142y Podstawowej<br \/>\n18.00 Msza \u015bw. z nauk\u0105 dla doros\u0142ych \/ 17.30 &#8211; Spowied\u017a<br \/>\n19.30 Msza \u015bw. z nauk\u0105 dla m\u0142odzie\u017cy i kand. do Bierzmowania<\/p>\n<p><strong>PI\u0104TEK 13 grudnia 2019<\/strong><br \/>\n6.00 Msza \u015bw. Roratnia z nauk\u0105 dla m\u0142odzie\u017cy<br \/>\n11.00 Msza \u015bw. z nauk\u0105 dla doros\u0142ych \/ 10.30 &#8211; Spowied\u017a<br \/>\n16.00 Nauka dla klas 0-III Szko\u0142y Podstawowej<br \/>\n17.00 Nauka dla klas IV-VII Szko\u0142y Podstawowej<br \/>\n18.00 Msza \u015bw. z nauk\u0105 dla doros\u0142ych \/ 17.30 &#8211; Spowied\u017a<br \/>\n19.30 Nabo\u017ce\u0144stwo Pokutne dla m\u0142odzie\u017cy i doros\u0142ych<\/p>\n<p><strong>SOBOTA 14 grudnia 2019<\/strong><br \/>\n6.30 Msza \u015bw. Roratnia z nauk\u0105 dla doros\u0142ych<br \/>\n9.00 Msza \u015bw. dla SP, Klasy I-VII \/ 8.45 &#8211; Spowied\u017a<br \/>\n11.00 Msza \u015bw. z nauk\u0105 dla doros\u0142ych \/ 10.30 &#8211; Spowied\u017a<br \/>\n18.00 Msza \u015bw. z nauk\u0105 dla doros\u0142ych \/ 17.30 &#8211; Spowied\u017a<br \/>\n19.30 Msza \u015bw. z nauk\u0105 dla Klas VIII, kand. do Bierzmowania i starszych \/ 19.15 &#8211; Spowied\u017a<\/p>\n<p><strong>ZACH\u0118CAMY DO SPOWIEDZI \u015aWI\u0118TEJ<\/strong><br \/>\n<strong> NA P\u00d3\u0141 GODZINY PRZED MSZ\u0104 \u015aWI\u0118T\u0104<\/strong><\/p>\n<p>&nbsp;<br \/>\n<img decoding=\"async\" id=\"ogloszenia-830\" src=\"http:\/\/rafalk-elblag.pl\/wp-content\/uploads\/2019\/09\/ogloszenia_parafialne.jpg\" width=\"800px\"><\/p>\n<h2>Og\u0142oszenia parafialne 08.12.2019<\/h2>\n<p>1.<strong>PROSIMY O ZAMYKANIE DRZWI<\/strong> PRZY WCHODZENIU I WYCHODZENIU Z KO\u015aCIO\u0141A PONIEWA\u017b KO\u015aCI\u00d3\u0141 JEST OGRZEWANY. DZI\u0118KUJEMY.<br \/>\n2.<strong>Dzisiaj swoj\u0105 modlitw\u0105 i ofiarami<\/strong> sk\u0142adanymi do puszek przed ko\u015bcio\u0142em wspieramy Ko\u015bci\u00f3\u0142 na Wschodzie. B\u00f3g zap\u0142a\u0107 za z\u0142o\u017cone ofiary.<br \/>\n3.<strong>Witamy w naszej wsp\u00f3lnocie ks. dr Tomasza Biedrzyckiego, p<\/strong>roboszcza Parafii Matki Bo\u017cej Bolesnej w Gdyni \u2013 Or\u0142owo, kt\u00f3ry poprowadzi tegoroczne Rekolekcje Adwentowe w naszej parafii. Rozpoczynamy dzisiaj a kontynuowa\u0107 b\u0119dziemy w dniach 12, 13, 14 grudnia. Pro\u015bmy o \u015bwiat\u0142o Ducha \u015awi\u0119tego dla Rekolekcjonisty<br \/>\ni ca\u0142ej parafii. <em>Zaplanujmy dobrze swoje obowi\u0105zki domowe, by wzi\u0105\u0107 udzia\u0142 w duchowym przygotowaniu do \u015bwi\u0105t Narodzenia Pa\u0144skiego. Dok\u0142adny program w Biuletynie Parafialnym.<\/em><br \/>\n4.<strong>Zapraszamy w ADWENCIE<\/strong> na wsp\u00f3lne \u015bpiewanie Godzinek ku czci Niepokalanego Pocz\u0119cia NMP: niedziela godz. 8:40.<br \/>\n5.<strong>Rozpocz\u0119ty Adwent to czas<\/strong>, w kt\u00f3rym pragniemy jak najlepiej przygotowa\u0107 si\u0119 do \u015bwi\u0105t Bo\u017cego Narodzenia. UWAGA!!! W dni powszednie zapraszamy na Msze \u015bw. RORATNIE ku czci Matki Bo\u017cej o godz. 6:30. Dzieci zapraszamy we wtorki i czwartki o godz. 6:30, a m\u0142odzie\u017c z doros\u0142ymi w pi\u0105tek o godz. 6:00. Dzisiaj nie wszyscy jednak rodzice gotowi s\u0105 mobilizowa\u0107 swoje pociechy do p\u00f3j\u015bcia rano na Msz\u0119 \u015bw. To raczej doro\u015bli, a nie dzieci, maj\u0105 problemy z porannymi Roratami. A trzeba pami\u0119ta\u0107, i\u017c w tym zwyczaju kryje si\u0119 mo\u017cliwo\u015b\u0107 \u0107wiczenia woli i umiej\u0119tno\u015bci wyrzeczenia, tak potrzebnych p\u00f3\u017aniej w doros\u0142ym \u017cyciu.<br \/>\n6.<strong>Wyj\u0105tkowo w czwartek, tj. 12 grudnia<\/strong>, ze wzgl\u0119du na rekolekcje adwentowe nie b\u0119dzie Mszy \u015bw. roratniej dla Dzieci. Tego dnia dzieci maj\u0105 swoje spotkanie popo\u0142udniu.<br \/>\n7.<strong>Wszystkich pragn\u0105cych pog\u0142\u0119bia\u0107<\/strong> swoj\u0105 wiar\u0119 i relacj\u0119 z Bogiem poprzez Pismo \u015awi\u0119te, zapraszamy na spotkanie Kr\u0119gu Biblijnego w \u015brod\u0119 o godz. 18.45.<br \/>\n8.<strong>Wolontariusze Caritas<\/strong> przed ko\u015bcio\u0142em rozprowadzaj\u0105 \u015bwiece na st\u00f3\u0142 wigilijny w ramach og\u00f3lnopolskiej akcji \u201eWigilijne Dzie\u0142o Pomocy Dzieciom\u201d w cenie: 6 z\u0142 \u2013 ma\u0142e \u015bwiece i 20 z\u0142 du\u017ce \u015bwiece. Nabywaj\u0105c \u015bwiece pomagamy potrzebuj\u0105cym.<br \/>\n9.<strong>Je\u015bli kto\u015b nie ma jeszcze po\u015bwi\u0119conego op\u0142atka<\/strong> na st\u00f3\u0142 wigilijny, mo\u017ce go naby\u0107<br \/>\nw zakrystii u pana ko\u015bcielnego. Zapraszamy.<br \/>\n10.<strong>Za tydzie\u0144 w niedziel\u0119 tj. 15.12<\/strong>. po ka\u017cdej Mszy \u015bw. S\u0142u\u017cba Liturgiczna b\u0119dzie rozprowadza\u0107 sianko pod obrus wigilijny. Zebrane ofiary zasil\u0105 Fundusz Ministrancki. Za wszelkie ofiary sk\u0142adamy B\u00f3g zap\u0142a\u0107.<br \/>\n11.<strong>Zach\u0119camy do czytania prasy katolickiej<\/strong>: nowy numer \u201eGo\u015bcia Niedzielnego\u201d w cenie 6 z\u0142. wraz z dodatkiem \u201eGo\u015b\u0107 Elbl\u0105ski\u201d a w nim wydarzenia z diecezji.<\/p>\n<p>&nbsp;<\/p>\n<p><img decoding=\"async\" id=\"intencje-830\" src=\"http:\/\/rafalk-elblag.pl\/wp-content\/uploads\/2019\/09\/intencje_mszalne.jpg\" width=\"800px\"><\/p>\n<h2>Intencje mszalne 08.12.2019<\/h2>\n<p>\u2020 INTENCJE MSZALNE \u2020<br \/>\n<strong>PONIEDZIA\u0141EK 9 grudnia 2019r. \u0141k 1, 26-38<\/strong><br \/>\n6.30 \u2020 Roman Tykarski (9 greg.)<br \/>\n18.00 \u2020 Waldemar Kaniewski w 3 r.\u015bm.<br \/>\n18.00 \u2020 Stefania (k) w 7 r.\u015bm., Bazyli i Boles\u0142aw<\/p>\n<p><strong>WTOREK 10 grudnia 2019r. Mt 18, 12-14<\/strong><br \/>\n6.30 \u2020 Adela Demska w 1 r.\u015bm.<br \/>\n18.00 \u2020 Roman Tykarski (10 greg.)<br \/>\n18.00 \u2020 Janina Kaczor w 30 dpp.<\/p>\n<p><strong>\u015aRODA 11 grudnia 2019r.&nbsp;&nbsp;&nbsp; Mt 11, 28-30<\/strong><br \/>\n6.30 \u2020 Micha\u0142 Jakubiak w 5 r.\u015bm<br \/>\n18.00 \u2020 Roman Tykarski (11 greg.)<br \/>\n18.00 W intencji czcicieli MB NP<\/p>\n<p><strong>CZWARTEK 12 grudnia 2019r. \/ REKOLEKCJE Mt 11, 11-15<\/strong><br \/>\n6.30 \u2020 Roman Tykarski (12 greg.)<br \/>\n11.00 \u2020 Marek Pietrzak \u2013 int. od rodziny Kuciar\u00f3w<br \/>\n18.00 \u2020 Irena Kozak w 3 r.\u015bm. i m\u0105\u017c Mieczys\u0142aw Kozak<br \/>\n19.30 \u2020 Krzysztof Zgliczy\u0144ski<\/p>\n<p><strong>PI\u0104TEK 13 grudnia 2019r. \/ REKOLEKCJE Mt 11, 16-19<\/strong><br \/>\n6.00 \u2020 Roman Tykarski (13 greg.)<br \/>\n11.00 \u2020 Marek Pietrzak \u2013 int. od Rajmunda i El\u017cbiety Mikulskich<br \/>\n18.00 \u2020 Stanis\u0142aw Klonkowski w 3 r.\u015bm. i Stanis\u0142awa (k) Klonkowska w 2 r.\u015bm.<br \/>\n18.00 \u2020 Waldemar Malinowski w 2 r.\u015bm. i zm. z rodz. Malinowskich i Mo\u0142b\u00f3w<\/p>\n<p><strong>SOBOTA 14 grudnia 2019r. \/ REKOLEKCJE Mt 17, 10-13<\/strong><br \/>\n6.30 \u2020 Marek Pietrzak \u2013 int. od Zdzis\u0142awy i Jana Wawrzyniak\u00f3w ze Stegny<br \/>\n11.00 \u2020 Marek Pietrzak \u2013 int. od Marii Mikulskiej i rodziny Sikor\u00f3w<br \/>\n18.00 \u2020 Roman Tykarski (14 greg.)<br \/>\n18.00 \u2020 Maria i Tomasz Piotrowscy z ok. ziemskich imienin<br \/>\n19.30 \u2020 Marek Pietrzak \u2013 int. od pracownik\u00f3w<\/p>\n<p><strong>III Niedziela Adwentu \/ 15 grudnia 2019r. Mt 11, 2-11<\/strong><br \/>\n7.00 \u2020 Marian Tadeusz Sawicz w 49 r.\u015bm.<br \/>\n9.00 Dzi\u0119k. za obfite \u0142aski udzielone Nikodemowi i jego rodzinie, Agnieszce i ca\u0142ej rodzinie zakonnej oraz Magdalenie i Maciejowi<br \/>\n9.00 Dzi\u0119k. w 16 urodziny Filipa i 50 urodziny Mamy Katarzyny Abucewicz z pro\u015bb\u0105 o Bo\u017ce b\u0142og., dary Ducha \u015aw. i potrzebne \u0142aski<br \/>\n10.30 Dzi\u0119k. w 7 urodziny Tatiany Kaban z pro\u015bb\u0105 o Bo\u017ce b\u0142og. i \u0142aski dla niej i rodziny<br \/>\n12.00 W intencji Parafian<br \/>\n15.00 \u2020 Roman Tykarski (15 greg.)<br \/>\n18.00 \u2020 Dariusz Nikiciuk w 1 r.\u015bm.<\/p>\n","protected":false},"excerpt":{"rendered":"<p>Niepokalane Pocz\u0119cie \u2013 dla w\u0105tpi\u0105cych Og\u0142oszenia parafialne 08.12.2019 Intencje mszalne 08.12.2019 &nbsp; Niepokalane Pocz\u0119cie \u2013 dla w\u0105tpi\u0105cych Historia doj\u015bcia Ko\u015bcio\u0142a do og\u0142oszenia dogmatu o Niepokalanym Pocz\u0119ciu Maryi, tak samo jak dogmatu Wniebowzi\u0119cia, nasuwa pytania i w\u0105tpliwo\u015bci: Jak rozumie\u0107 to, \u017ce dopiero w 19. stuleciu istnienia Ko\u015bcio\u0142a zdano sobie spraw\u0119, \u017ce co\u015b jest objawion\u0105 prawd\u0105 wiary? [&hellip;]<\/p>\n","protected":false},"author":1,"featured_media":3565,"comment_status":"closed","ping_status":"closed","sticky":false,"template":"","format":"standard","meta":{"ngg_post_thumbnail":0,"footnotes":""},"categories":[11,8,4,3],"tags":[],"class_list":["post-3561","post","type-post","status-publish","format-standard","has-post-thumbnail","hentry","category-aktualnosci","category-blog","category-intencje","category-ogloszenia"],"_links":{"self":[{"href":"https:\/\/rafalk-elblag.pl\/index.php?rest_route=\/wp\/v2\/posts\/3561","targetHints":{"allow":["GET"]}}],"collection":[{"href":"https:\/\/rafalk-elblag.pl\/index.php?rest_route=\/wp\/v2\/posts"}],"about":[{"href":"https:\/\/rafalk-elblag.pl\/index.php?rest_route=\/wp\/v2\/types\/post"}],"author":[{"embeddable":true,"href":"https:\/\/rafalk-elblag.pl\/index.php?rest_route=\/wp\/v2\/users\/1"}],"replies":[{"embeddable":true,"href":"https:\/\/rafalk-elblag.pl\/index.php?rest_route=%2Fwp%2Fv2%2Fcomments&post=3561"}],"version-history":[{"count":1,"href":"https:\/\/rafalk-elblag.pl\/index.php?rest_route=\/wp\/v2\/posts\/3561\/revisions"}],"predecessor-version":[{"id":3564,"href":"https:\/\/rafalk-elblag.pl\/index.php?rest_route=\/wp\/v2\/posts\/3561\/revisions\/3564"}],"wp:featuredmedia":[{"embeddable":true,"href":"https:\/\/rafalk-elblag.pl\/index.php?rest_route=\/wp\/v2\/media\/3565"}],"wp:attachment":[{"href":"https:\/\/rafalk-elblag.pl\/index.php?rest_route=%2Fwp%2Fv2%2Fmedia&parent=3561"}],"wp:term":[{"taxonomy":"category","embeddable":true,"href":"https:\/\/rafalk-elblag.pl\/index.php?rest_route=%2Fwp%2Fv2%2Fcategories&post=3561"},{"taxonomy":"post_tag","embeddable":true,"href":"https:\/\/rafalk-elblag.pl\/index.php?rest_route=%2Fwp%2Fv2%2Ftags&post=3561"}],"curies":[{"name":"wp","href":"https:\/\/api.w.org\/{rel}","templated":true}]}}