{"id":3556,"date":"2019-12-01T09:29:58","date_gmt":"2019-12-01T09:29:58","guid":{"rendered":"http:\/\/rafalk-elblag.pl\/?p=3556"},"modified":"2019-12-01T09:34:42","modified_gmt":"2019-12-01T09:34:42","slug":"biuletyn-parafialny-nr-829-1-grudnia-2019r-i-niedziela-adwentu","status":"publish","type":"post","link":"https:\/\/rafalk-elblag.pl\/?p=3556","title":{"rendered":"Biuletyn parafialny nr 829 \/ 1 grudnia 2019r. I Niedziela Adwentu"},"content":{"rendered":"<p><a href=\"#temat-829\">Po co Adwent ?<\/a><br \/>\n<a href=\"#ogloszenia-829\">Og\u0142oszenia parafialne 01.12.2019<\/a><br \/>\n<a href=\"#intencje-829\">Intencje mszalne 01.12.2019<\/a><\/p>\n<p>&nbsp;<\/p>\n<p><img decoding=\"async\" id=\"temat-829\" src=\"http:\/\/rafalk-elblag.pl\/wp-content\/uploads\/2019\/12\/adwent_slider_1.jpg\"><\/p>\n<h1>Po co Adwent ?<\/h1>\n<p><strong>S\u0142owo adwent pochodzi od \u0142aci\u0144skiego &#8222;adventus&#8221; i oznacza przyj\u015bcie. Dla staro\u017cytnych Rzymian s\u0142owo to oznacza\u0142o oficjalny przyjazd cezara. Dla chrze\u015bcijan oznacza radosny czas przygotowania na przyj\u015bcie Pana, a wi\u0119c przygotowanie do Bo\u017cego Narodzenia, gdy wspomina si\u0119 pierwsze przyj\u015bcie Syna Bo\u017cego na ziemi\u0119 i oznacza radosne oczekiwanie na ponowne Jego przyj\u015bcie na ziemi\u0119.<br \/>\n<\/strong><br \/>\nAdwent rozpoczyna kolejny rok liturgiczny i obejmuje 4 kolejne tygodnie pocz\u0105wszy od pierwszej niedzieli po uroczysto\u015bci Chrystusa Kr\u00f3la, do pierwszych nieszpor\u00f3w Bo\u017cego Narodzenia. Ko\u015bci\u00f3\u0142 bowiem poprzez liturgi\u0119 tego okresu budzi w nas uczucia nadziei, t\u0119sknoty i radosnego oczekiwania.<br \/>\nOczekiwanie na przyj\u015bcie Jezusa jest \u017ar\u00f3d\u0142em rado\u015bci. Jakkolwiek przygotowanie na przyj\u015bcie Pana polega na oczekiwaniu i pokucie, st\u0105d fioletowy kolor szat liturgicznych, to jednak pokuta jest przepe\u0142niona rado\u015bci\u0105.<\/p>\n<p>Adwent przypomina nam, \u017ce ca\u0142e nasze \u017cycie jest oczekiwaniem. G\u0142\u00f3wne postacie adwentu: Naj\u015bwi\u0119tsza Maryja Panna, Patronka adwentowego czuwania; prorok Izajasz zapowiadaj\u0105cy przyj\u015bcie Zbawiciela i \u015bw. Jan Chrzciciel, kt\u00f3ry bezpo\u015brednio przygotowywa\u0142 lud na spotkanie Mesjasza, wzywaj\u0105 nas do prostowania Chrystusowi \u015bcie\u017cek w naszym sercu.<\/p>\n<p>B\u00f3g da\u0142 \u015bwiatu najwi\u0119kszy dar jako szans\u0119 na to, by sta\u0142 si\u0119 lepszy, nikogo z tej \u0142aski nie wykluczaj\u0105c. Powinni\u015bmy si\u0119 przebudzi\u0107 i przygotowa\u0107 na przyj\u0119cie tego daru. Dany jest nam czas Adwentu. Kolejny ju\u017c w naszym \u017cyciu i powinien by\u0107 wyj\u0105tkowy, bo przecie\u017c przyrzekali\u015bmy sobie nigdy wi\u0119cej go nie zmarnowa\u0107.<\/p>\n<p>Czas Adwentu jest jakby wielk\u0105 wigili\u0105 Bo\u017cego Narodzenia. Jak ka\u017cdego dnia wykroi\u0107 cho\u0107 kr\u00f3tk\u0105 chwil\u0119 od zwyk\u0142ych zaj\u0119\u0107, obowi\u0105zk\u00f3w, by rozwa\u017cy\u0107 kogo i dlaczego oczekujemy? Kto i jak\u0105 moc nam objawi?<br \/>\nCo us\u0142yszymy w g\u0142osie wo\u0142aj\u0105cego na pustyni i czy cho\u0107 jedn\u0105 ze swych \u015bcie\u017cek wyprostujemy dla Niego? Na ile znamy siebie i na ile siebie oszukujemy balansuj\u0105c mi\u0119dzy Bogiem a \u015bwiatem? Nie widzimy dobra do kt\u00f3rego jeste\u015bmy powo\u0142ani, a poci\u0105ga nas z\u0142o, kt\u00f3rego si\u0119 dopuszczamy.<\/p>\n<p>Cz\u0142owiek w ka\u017cdym czasie ma sk\u0142onno\u015b\u0107 do nadawania wierze takiego kszta\u0142tu, kt\u00f3ry zaciera obraz jego grzeszno\u015bci. Daj\u0105c si\u0119 prowadzi\u0107 m\u0105dro\u015bci Bo\u017cej mamy szanse i \u015brodki by widzie\u0107 ja\u015bniej, rozumie\u0107 pe\u0142niej i nie ucieka\u0107 od prawdy o sobie. Pragniemy i oczekujemy dobrych przemian, a tak bardzo oci\u0105gamy si\u0119 by zmienia\u0107 samych siebie. Mo\u017ce warto zastanowi\u0107 si\u0119, dlaczego nasz rachunek sumienia nie boli, po\u017cegna\u0107 pych\u0119, kt\u00f3ra upewnia nas, \u017ce jeste\u015bmy tacy nie najgorsi. Z nadziej\u0105 ko\u0144czy\u0107 dzie\u0144 i nie ba\u0107 si\u0119 jutra, nie unosi\u0107 si\u0119 s\u0142owem i gorycz\u0105 wobec tych, kt\u00f3rzy daj\u0105 nam pozna\u0107 nasze b\u0142\u0119dy lub bole\u015bnie dotykaj\u0105 skutkami swoich. Wej\u015b\u0107 w nowy czas z prawdziwym postanowieniem dobra i wol\u0105 by to dobro wype\u0142nia\u0107. Tak by nie sta\u0107 si\u0119 kolejnym Herodem, przed kt\u00f3rym przyjdzie Bogu ucieka\u0107 do Egiptu.<\/p>\n<p>&nbsp;<br \/>\n<img decoding=\"async\" id=\"ogloszenia-829\" src=\"http:\/\/rafalk-elblag.pl\/wp-content\/uploads\/2019\/09\/ogloszenia_parafialne.jpg\" width=\"800px\"><\/p>\n<h2>Og\u0142oszenia parafialne 01.12.2019<\/h2>\n<p><strong>1. Zapraszamy dzisiaj na Adoracj\u0119<\/strong> Naj\u015bwi\u0119tszego Sakramentu od godz. 16.00.<br \/>\n<strong>2. Dzisiejsza taca<\/strong> przeznaczona jest na sp\u0142acenie kolejnej raty za wykonane \u0142awki i krzes\u0142a w prezbiterium naszej \u015bwi\u0105tyni. B\u00f3g zap\u0142a\u0107 za z\u0142o\u017cone ofiary. PROSIMY O ZAMYKANIE DRZWI PRZY WCHODZENIU I WYCHODZENIU Z KO\u015aCIO\u0141A PONIEWA\u017b KO\u015aCI\u00d3\u0141 JEST OGRZEWANY. DZI\u0118KUJEMY.<br \/>\n<strong>3. Zapraszamy w ADWENCIE<\/strong> na wsp\u00f3lne \u015bpiewanie Godzinek ku czci Niepokalanego Pocz\u0119cia NMP: niedziela godz. 8:40.<br \/>\n<strong>4. Rozpocz\u0119ty Adwent to czas,<\/strong> w kt\u00f3rym pragniemy jak najlepiej przygotowa\u0107 si\u0119 do \u015bwi\u0105t Bo\u017cego Narodzenia. UWAGA!!! W dni powszednie zapraszamy na Msze \u015bw. RORATNIE ku czci Matki Bo\u017cej o godz. 6:30. Dzieci zapraszamy we wtorki i czwartki o godz. 6:30, a m\u0142odzie\u017c z doros\u0142ymi w pi\u0105tek o godz. 6:00. Dzisiaj jednak nie wszyscy rodzice gotowi s\u0105 mobilizowa\u0107 swoje pociechy do p\u00f3j\u015bcia rano na Msz\u0119 \u015bw. To raczej doro\u015bli, a nie dzieci, maj\u0105 problemy z porannymi Roratami. A trzeba pami\u0119ta\u0107, i\u017c w tym zwyczaju kryje si\u0119 mo\u017cliwo\u015b\u0107 \u0107wiczenia woli i umiej\u0119tno\u015bci wyrzeczenia, tak potrzebnych p\u00f3\u017aniej w doros\u0142ym \u017cyciu.<\/p>\n<p>5. W tym tygodniu przypada pierwszy czwartek, pi\u0105tek i sobota miesi\u0105ca:<br \/>\n<strong>\u2022 I czwartek miesi\u0105ca<\/strong> \u2013 zapraszamy na Msz\u0119 \u015bw. o godz. 18:00, a po niej na Adoracj\u0119 Naj\u015bwi\u0119tszego Sakramentu tj. na \u201eGODZIN\u0118 \u015aWI\u0118T\u0104\u201d. Zapraszamy wszystkie \u201eMargaretki\u201d do wsp\u00f3lnej modlitwy.<br \/>\n<strong>\u2022 I pi\u0105tek miesi\u0105ca:<\/strong> spowied\u017a dla dzieci, m\u0142odzie\u017cy, doros\u0142ych a szczeg\u00f3lnie dzieci klas IV od godz. 17:30<br \/>\n<strong>\u2022 I sobota miesi\u0105ca:<\/strong> zapraszamy wszystkich czcicieli Matki Bo\u017cej na nabo\u017ce\u0144stwo po\u0142\u0105czone z Adoracj\u0105 Naj\u015bwi\u0119tszego Sakramentu od godz. 17:00.<\/p>\n<p><strong>6. W pierwszy pi\u0105tek miesi\u0105ca (6 grudnia)<\/strong> z Panem Jezusem udamy si\u0119 do chorych: ksi\u0105dz Proboszcz i ks. Marcin od godz. 9:30, ks. Piotr od godz. 11:30. Prosimy zg\u0142asza\u0107 chorych do kap\u0142an\u00f3w.<br \/>\n<strong>7. W sobot\u0119 7 grudnia<\/strong> przypada Uroczysto\u015b\u0107 Niepokalanego Pocz\u0119cia NMP. Dzie\u0144 ten jest \u015bwi\u0119tem patronalnym Ruchu \u015awiat\u0142o-\u017bycie, i jej ga\u0142\u0119zi &#8211; Domowego Ko\u015bcio\u0142a. Tego dnia od godz. 15:00, prze\u017cywa\u0107 b\u0119dziemy Rejonowy Dzie\u0144 Wsp\u00f3lnoty pt. \u201eKrucjata Wyzwolenia Cz\u0142owieka &#8211; dzie\u0142o mi\u0142o\u015bci\u201d<br \/>\n<strong>8. Od przysz\u0142ej niedzieli<\/strong> Wolontariusze Caritas b\u0119d\u0105 rozprowadza\u0107 \u015bwiece na st\u00f3\u0142 wigilijny w ramach og\u00f3lnopolskiej akcji \u201eWigilijne Dzie\u0142o Pomocy Dzieciom\u201d w cenie: 6 z\u0142 \u2013 ma\u0142e \u015bwiece i 20 z\u0142 du\u017ce \u015bwiece. Nabywaj\u0105c \u015bwiece okazujesz serce tym, kt\u00f3rzy licz\u0105 na Tw\u0105 dobro\u0107.<br \/>\n<strong>9. Rekolekcje Adwentowe<\/strong> w naszej parafii odb\u0119d\u0105 si\u0119 w dniach: <strong>8 grudnia (niedziela) oraz 12, 13, 14 grudnia<\/strong>. W tym roku rekolekcje poprowadzi ks. dr Tomasz Biedrzycki, proboszcz Parafii Matki Bo\u017cej Bolesnej w Gdyni \u2013 Or\u0142owo. Zaplanujmy dobrze swoje obowi\u0105zki domowe, by wzi\u0105\u0107 udzia\u0142 w duchowym przygotowaniu do \u015bwi\u0105t Narodzenia Pa\u0144skiego.<br \/>\n<strong>10. Za tydzie\u0144<\/strong> sk\u0142adamy ofiary do puszek na tzw. pomoc Ko\u015bcio\u0142owi na Wschodzie.<br \/>\n<strong>11. Po\u015bwi\u0119cone op\u0142atki na st\u00f3\u0142 wigilijny<\/strong>, s\u0105 roznoszone przez upowa\u017cnione osoby z naszej parafii. Mo\u017cna je r\u00f3wnie\u017c naby\u0107 u pana Ko\u015bcielnego w zakrystii.<br \/>\n<strong>12. Wszystkim Jubilatom i Solenizantom<\/strong> tego tygodnia \u017cyczymy wielu \u0142ask Bo\u017cych i opieki Matki Bo\u017cej Szkaplerznej.<br \/>\n<strong>13. Zach\u0119camy do czytania prasy katolickiej<\/strong>: nowy numer \u201eGo\u015bcia Niedzielnego\u201d w cenie 6 z\u0142. wraz z dodatkiem \u201eGo\u015b\u0107 Elbl\u0105ski\u201d a w nim wydarzenia z diecezji.<br \/>\n<strong>14. Pan powo\u0142a\u0142 do wieczno\u015bci:<\/strong> \u015bp. Marka Pietrzaka lat 61 z ul. Sobieskiego. Wieczny odpoczynek racz mu da\u0107 Panie\u2026<\/p>\n<p>&nbsp;<\/p>\n<p><img decoding=\"async\" id=\"intencje-829\" src=\"http:\/\/rafalk-elblag.pl\/wp-content\/uploads\/2019\/09\/intencje_mszalne.jpg\" width=\"800px\"><\/p>\n<h2>Intencje mszalne 01.12.2019<\/h2>\n<p><strong>\u2020 INTENCJE MSZALNE \u2020<\/strong><br \/>\n<strong>PONIEDZIA\u0141EK 2 grudnia 2019r. \/ Mt 8, 5-11<\/strong><br \/>\n6:30&nbsp; &nbsp; \u2020 Roman Tykarski (2 greg.)<br \/>\n18:00 O Bo\u017ce b\u0142og. i opiek\u0119 MB dla Barbary z ok. urodzin i zbli\u017caj\u0105cych si\u0119 imienin, dla Niej i ca\u0142ej rodziny<br \/>\n18:00 O potrzebne \u0142aski w walce z chorob\u0105 dla Marka Malinowskiego oraz opiek\u0119 MB Szkaplerznej dla ca\u0142ej rodziny<br \/>\n<strong>WTOREK 3 grudnia 2019r. \/ \u015bw. Franciszka Ksawerego \u0141k 10, 21-24<\/strong><br \/>\n6:30&nbsp; &nbsp;\u2020 Roman Tykarski (3 greg.)<br \/>\n18:00 \u2020 Roman Kami\u0144ski w 23 r.\u015bm.<br \/>\n18:00<br \/>\n<strong>\u015aRODA 4 grudnia 2019r. \/ \u015bw. Barbary Mt 15, 29-37<\/strong><br \/>\n6:30&nbsp; &nbsp; \u2020 Monika i Jan Ostrowscy, Barbara Skorupska<br \/>\n18:00&nbsp; \u2020 Roman Tykarski (4 greg.)<br \/>\n18:00&nbsp;&nbsp;<strong>W intencji czcicieli MB NP<\/strong><br \/>\n<strong>CZWARTEK 5 grudnia 2019r. Mt 7, 21.24-27<\/strong><br \/>\n6:30&nbsp; &nbsp;\u2020 Roman Tykarski (5 greg.)<br \/>\n18:00 \u2020 Ireneusz Szudzik w 30 r.\u015bm., dziadkowie: Jadwiga, Wanda, Jan Szudzik; Maria i Ignacy Krasowscy<br \/>\n18:00 O nowe i \u015bwi\u0119te powo\u0142ania z naszej wsp\u00f3lnoty parafialnej<br \/>\nPI\u0104TEK 6 grudnia 2019r. \/ \u015bw. Miko\u0142aja Mt 9, 27-31<br \/>\n6:00&nbsp; &nbsp;\u2020 Krystyna Ma\u0107ko w 9 r.\u015bm.<br \/>\n18:00 \u2020 Roman Tykarski (6 greg.)<br \/>\n18:00<strong> W intencji czcicieli NSPJ<\/strong><br \/>\n<strong>SOBOTA 7 grudnia 2019r. \/ \u015bw. Ambro\u017cego Mt 9, 35; 10, 1-8<\/strong><br \/>\n6:30&nbsp; &nbsp;\u2020 Roman Tykarski (7 greg.)<br \/>\n18:00&nbsp; Rez.<br \/>\n18:00&nbsp; O do\u015bwiadczenie Bo\u017cej mi\u0142o\u015bci dla Karoliny i Sebastiana<br \/>\n<strong>II Niedziela Adwentu \/ 8 grudnia 2019r. Mt 3, 1-12<\/strong><br \/>\n7:00&nbsp; &nbsp;\u2020 Maria Za\u0142\u0119ska w 4 r.\u015bm.<br \/>\n9:00&nbsp; &nbsp;\u2020 Krystyna Ma\u0107ko w 9 r.\u015bm.<br \/>\n9:00&nbsp; &nbsp;Dzi\u0119kczynna z ok. urodzin El\u017cbiety Skrobun, z pro\u015bb\u0105 o Bo\u017ce b\u0142og., opiek\u0119 MB i potrzebne \u0142aski<br \/>\n10:30 Dzi\u0119k. z ok. 13 urodzin Maksymiliana Banasiuka i Juliana Karpowicza z pro\u015bb\u0105 o Bo\u017ce b\u0142og. i opiek\u0119 MB<br \/>\n12:00 <strong>W intencji Parafian<\/strong><br \/>\n15:00 \u2020 Marianna M\u0142ynarska w 6 r.\u015bm. i zm. z rodz. M\u0142ynarskich; Anna Nadolska<br \/>\n18:00 \u2020 Roman Tykarski (8 greg.)<\/p>\n","protected":false},"excerpt":{"rendered":"<p>Po co Adwent ? Og\u0142oszenia parafialne 01.12.2019 Intencje mszalne 01.12.2019 &nbsp; Po co Adwent ? S\u0142owo adwent pochodzi od \u0142aci\u0144skiego &#8222;adventus&#8221; i oznacza przyj\u015bcie. Dla staro\u017cytnych Rzymian s\u0142owo to oznacza\u0142o oficjalny przyjazd cezara. Dla chrze\u015bcijan oznacza radosny czas przygotowania na przyj\u015bcie Pana, a wi\u0119c przygotowanie do Bo\u017cego Narodzenia, gdy wspomina si\u0119 pierwsze przyj\u015bcie Syna Bo\u017cego [&hellip;]<\/p>\n","protected":false},"author":1,"featured_media":3554,"comment_status":"closed","ping_status":"closed","sticky":false,"template":"","format":"standard","meta":{"ngg_post_thumbnail":0,"footnotes":""},"categories":[11,8,4,3],"tags":[],"class_list":["post-3556","post","type-post","status-publish","format-standard","has-post-thumbnail","hentry","category-aktualnosci","category-blog","category-intencje","category-ogloszenia"],"_links":{"self":[{"href":"https:\/\/rafalk-elblag.pl\/index.php?rest_route=\/wp\/v2\/posts\/3556","targetHints":{"allow":["GET"]}}],"collection":[{"href":"https:\/\/rafalk-elblag.pl\/index.php?rest_route=\/wp\/v2\/posts"}],"about":[{"href":"https:\/\/rafalk-elblag.pl\/index.php?rest_route=\/wp\/v2\/types\/post"}],"author":[{"embeddable":true,"href":"https:\/\/rafalk-elblag.pl\/index.php?rest_route=\/wp\/v2\/users\/1"}],"replies":[{"embeddable":true,"href":"https:\/\/rafalk-elblag.pl\/index.php?rest_route=%2Fwp%2Fv2%2Fcomments&post=3556"}],"version-history":[{"count":3,"href":"https:\/\/rafalk-elblag.pl\/index.php?rest_route=\/wp\/v2\/posts\/3556\/revisions"}],"predecessor-version":[{"id":3559,"href":"https:\/\/rafalk-elblag.pl\/index.php?rest_route=\/wp\/v2\/posts\/3556\/revisions\/3559"}],"wp:featuredmedia":[{"embeddable":true,"href":"https:\/\/rafalk-elblag.pl\/index.php?rest_route=\/wp\/v2\/media\/3554"}],"wp:attachment":[{"href":"https:\/\/rafalk-elblag.pl\/index.php?rest_route=%2Fwp%2Fv2%2Fmedia&parent=3556"}],"wp:term":[{"taxonomy":"category","embeddable":true,"href":"https:\/\/rafalk-elblag.pl\/index.php?rest_route=%2Fwp%2Fv2%2Fcategories&post=3556"},{"taxonomy":"post_tag","embeddable":true,"href":"https:\/\/rafalk-elblag.pl\/index.php?rest_route=%2Fwp%2Fv2%2Ftags&post=3556"}],"curies":[{"name":"wp","href":"https:\/\/api.w.org\/{rel}","templated":true}]}}