{"id":3546,"date":"2019-11-24T20:17:53","date_gmt":"2019-11-24T20:17:53","guid":{"rendered":"http:\/\/rafalk-elblag.pl\/?p=3546"},"modified":"2019-11-27T20:47:36","modified_gmt":"2019-11-27T20:47:36","slug":"biuletyn-parafialny-nr-828-24-listopada-2019r-xxxiv-niedziela-zwykla","status":"publish","type":"post","link":"https:\/\/rafalk-elblag.pl\/?p=3546","title":{"rendered":"Biuletyn parafialny nr 828 \/ 24 listopada 2019r. XXXIV Niedziela Zwyk\u0142a"},"content":{"rendered":"<p><a href=\"#temat-828\">Kr\u00f3luj nam Chryste !<\/a><br \/>\n<a href=\"#ogloszenia-828\">Og\u0142oszenia parafialne 24.11.2019<\/a><br \/>\n<a href=\"#intencje-828\">Intencje mszalne 24.11.2019<\/a><\/p>\n<p>&nbsp;<\/p>\n<p><img decoding=\"async\" id=\"temat-828\" src=\"http:\/\/rafalk-elblag.pl\/wp-content\/uploads\/2019\/11\/jezus-kr\u00f3l.jpg\"><\/p>\n<h1>Kr\u00f3luj nam Chryste !<\/h1>\n<p><strong>Ostatnia niedziela roku liturgicznego jest dedykowana uroczysto\u015bci Chrystusa Kr\u00f3la Wszech\u015bwiata. Ustanowi\u0142 j\u0105 papie\u017c Pius XI w 1925 roku na zako\u0144czenie roku jubileuszowego. Przed wielk\u0105 reform\u0105 liturgiczn\u0105 kalendarza, kt\u00f3ra nast\u0105pi\u0142a po Soborze Watyka\u0144skim II (1965), uroczysto\u015b\u0107 t\u0119 obchodzono w ostatni\u0105 niedziel\u0119 pa\u017adziernika. Papie\u017c Pawe\u0142 VI z tych samych racji, dla kt\u00f3rych w og\u00f3le ustanowiono t\u0119 uroczysto\u015b\u0107, przeni\u00f3s\u0142 j\u0105 (w 1969) w\u0142a\u015bnie na koniec roku liturgicznego, bo bardziej odpowiada atmosferze ko\u0144ca czas\u00f3w, z jakim kojarzy si\u0119 koniec roku, przywo\u0142uj\u0105c Chrystusa jako powszechnego Pana czasu i wieczno\u015bci.<\/strong><\/p>\n<h3>Chrystus wodzem, Chrystus kr\u00f3lem, Chrystus w\u0142adc\u0105 nam!<\/h3>\n<p>Tak \u015bpiewamy w pie\u015bni ko\u015bcielnej uznaj\u0105c prawd\u0119 o Chrystusowym panowaniu w \u015bwiecie i Ko\u015bciele. Papie\u017c Pius XI ustalaj\u0105c t\u0119 uroczysto\u015b\u0107, da\u0142 jej uzasadnienie przeno\u015bne i dos\u0142owne. Uzasadnienie przeno\u015bne nale\u017cy rozumie\u0107 w sensie najwy\u017cszego stopnia dostoje\u0144stwa, przez kt\u00f3re Chrystus wyprzedza wszystkie stworzenia i przewy\u017csza je jawi\u0105c si\u0119 jako najwy\u017csza prawda, dobro i pi\u0119kno, z kt\u00f3rej cz\u0142owiek winien wci\u0105\u017c czerpa\u0107 i j\u0105 przyjmowa\u0107 w swoim umy\u015ble i woli. Tym samym mo\u017ce dozna\u0107 prawdziwej m\u0105dro\u015bci i \u015bwi\u0119to\u015bci ucz\u0105c si\u0119 pos\u0142usze\u0144stwa naj\u015bwi\u0119tszej woli Bo\u017cej. Wtedy te\u017c Chrystus zaczyna kr\u00f3lowa\u0107 niepodzielnie w naszych umys\u0142ach i sercach, a poprzez nie w ca\u0142ym \u015bwiecie, bowiem \u015bwiat z cz\u0142owiekiem na czele zaczyna funkcjonowa\u0107 wed\u0142ug plan\u00f3w Boga, zgodnie z dzie\u0142em stworzenia i odkupienia.<\/p>\n<p>W sensie dos\u0142ownym \u201eimi\u0119 i w\u0142adz\u0119 kr\u00f3la nale\u017cy przyzna\u0107 Chrystusowi jako Cz\u0142owiekowi, albowiem tylko o Chrystusie jako Cz\u0142owieku mo\u017cna powiedzie\u0107, i\u017c otrzyma\u0142 od Ojca \u2018w\u0142adz\u0119, cze\u015b\u0107 i kr\u00f3lestwo\u2019.<\/p>\n<p>W perspektywie ko\u0144ca roku liturgicznego przywo\u0142uj\u0105cego koniec czas\u00f3w, Chrystus \u2013z racji synostwa Bo\u017cego i wype\u0142nienia planu zbawienia odnawiaj\u0105cego wszelkie stworzenie\u2013 jawi si\u0119 jako absolutny Pan wszech\u015bwiata, kt\u00f3rego panowaniu nie b\u0119dzie ko\u0144ca, mimo i\u017c sko\u0144czy si\u0119 kiedy\u015b nasz \u015bwiat. Z racji bycia Synem Bo\u017cym, r\u00f3wnym natur\u0105 Bogu, drug\u0105 Osob\u0105 Tr\u00f3jcy \u015awi\u0119tej, jest Panem nieba i ziemi, Panem najwy\u017cszym i absolutnym, bez por\u00f3wnania z innymi kr\u00f3lestwami tego przemijaj\u0105cego \u015bwiata.<\/p>\n<h3>Przyjd\u017a kr\u00f3lestwo Twoje!<\/h3>\n<p>Chrystus sam nazywa\u0142 si\u0119 kr\u00f3lem daj\u0105c swemu kr\u00f3lestwu podobne uzasadnienie. W rozmowie z Pi\u0142atem zaznaczy\u0142, \u017ce Jego kr\u00f3lestwo nie jest z tego \u015bwiata, to znaczy na wz\u00f3r tego \u015bwiata, jednak sugerowa\u0142, \u017ce jest ono najlepszym rozwi\u0105zaniem dla tego \u015bwiata, by go utrzyma\u0107 w istnieniu i porz\u0105dku zamierzonym od pocz\u0105tku przez Boga. Rzeczywi\u015bcie Chrystus w ci\u0105gu swego \u017cycia ziemskiego wykazywa\u0142 swoje panowanie nad \u015bwiatem fizycznym i duchowym: ucisza\u0142 burze i \u017cywio\u0142y, zamieni\u0142 wod\u0119 w wino, rozmna\u017ca\u0142 chleb, chodzi\u0142 po wzburzonych falach, czyni\u0142 cudowne po\u0142owy ryb, uzdrawia\u0142 chorych, wskrzesza\u0142 umar\u0142ych, poskramia\u0142 z\u0142e moce, m\u00f3wi\u0142, \u017ce jest panem szabatu, dawa\u0142 swoim uczniom moc odpuszczania grzech\u00f3w i czynienia cud\u00f3w. Nie waha\u0142 si\u0119 przyzna\u0107, \u017ce \u201edana jest Mu wszelka w\u0142adza na niebie i ziemi\u201d, i \u017ce przyjdzie na ko\u0144cu \u015bwiata jako kr\u00f3l w towarzystwie anio\u0142\u00f3w i zacznie s\u0105dzi\u0107 wszystkie pokolenia ludzkie na podstawie ich \u017cycia zgodnego z ewangeli\u0105.<\/p>\n<p>Chodzi tu o kr\u00f3lowanie nad sumieniami ludzkimi, o Kr\u00f3lestwo Bo\u017ce, kt\u00f3re stanowi dusz\u0119 i osnow\u0119 ca\u0142ej reszty \u015bwiata, a jego zaczynem tu na ziemi jest Ko\u015bci\u00f3\u0142. Brak tej pe\u0142ni Kr\u00f3lestwa Bo\u017cego Jezusa Chrystusa tu na ziemi ka\u017ce Ludowi Bo\u017cemu Ko\u015bcio\u0142a modli\u0107 si\u0119 s\u0142owami samego Jezusa: \u201ePrzyjd\u017a Kr\u00f3lestwo Twoje\u201d, tzn., niech nastanie wreszcie powszechne panowanie Boga i Kr\u00f3la wszech\u015bwiata, Jezusa Chrystusa.<\/p>\n<p>&nbsp;<br \/>\n<img decoding=\"async\" id=\"ogloszenia-828\" src=\"http:\/\/rafalk-elblag.pl\/wp-content\/uploads\/2019\/09\/ogloszenia_parafialne.jpg\" width=\"800px\"><\/p>\n<h2>Og\u0142oszenia parafialne 24.11.2019<\/h2>\n<p><strong>1. Dzi\u015b obchodzimy Uroczysto\u015b\u0107 Jezusa Chrystusa,<\/strong> Kr\u00f3la Wszech\u015bwiata i zako\u0144czenie roku liturgicznego, za tydzie\u0144 rozpoczynamy ADWENT.<br \/>\n<strong>2. Wolontariusze Caritas<\/strong> zbieraj\u0105 dzi\u015b ofiary przed ko\u015bcio\u0142em dla najubo\u017cszych i potrzebuj\u0105cych z naszej parafii. Za okazan\u0105 pomoc dzi\u0119kujemy. Punkt Caritas Parafialnego czynny jest w czwartki od 16:00 do 17:00 przy ul. Myliusa 1A.<br \/>\n<strong>3. Dobiega ko\u0144ca czas wsp\u00f3lnych modlitw za zmar\u0142ych,<\/strong> zach\u0119camy do wzi\u0119cia udzia\u0142u we Mszy \u015bw. zbiorowej o godz. 18:00 oraz w Wypominkach. Pami\u0119tajmy: \u201e\u015awi\u0119t\u0105 i zbawienn\u0105 rzecz\u0105 jest modli\u0107 si\u0119 za \u017cywych i zmar\u0142ych.\u201d Czy to ju\u017c uczyni\u0142e\u015b?!<br \/>\n<strong>4. Zapraszamy na Msz\u0119 \u015bwi\u0119t\u0105 dla chorych w pi\u0105tek 29 listopada o godz. 18:00.<\/strong> Po Mszy \u015bwi\u0119tej na\u0142o\u017cenie r\u0105k przez kap\u0142an\u00f3w oraz modlitwa o przywr\u00f3cenie zdrowia fizycznego i duchowego.<br \/>\n<strong>5. Wszystkich ch\u0119tnych chc\u0105cych pog\u0142\u0119bi\u0107 swoj\u0105 wiedz\u0119 i relacj\u0119 z Bogiem poprzez Pismo \u015awi\u0119te,<\/strong> zapraszamy na spotkanie Kr\u0119gu Biblijnego w \u015brod\u0119 27 listopada o godz. 19.00.<br \/>\n<strong>6. Przypominamy, \u017ce najpi\u0119kniejsz\u0105 modlitw\u0105 Ko\u015bcio\u0142a jest Msza \u015bwi\u0119ta,<\/strong> kt\u00f3r\u0105 mo\u017cna zamawia\u0107 za \u017cywych i umar\u0142ych lub ofiarowa\u0107 jako wspania\u0142y chrze\u015bcija\u0144ski prezent z okazji rocznicy \u015blubu, chrztu, urodzin i imienin prosz\u0105c o \u0142aski lub za nie dzi\u0119kuj\u0105c.<br \/>\nMo\u017cna zamawia\u0107 i rezerwowa\u0107 Msze \u015bw. na rok 2020.<br \/>\n<strong>7. Centrum Nowej Ewangelizacji<\/strong> zaprasza na rekolekcje dla doros\u0142ych, kt\u00f3re odb\u0119d\u0105 si\u0119 w Hali Sportowo &#8211; Widowiskowej MOSiR przy ul. Grunwaldzkiej w Elbl\u0105gu w dniach 26 &#8211; 28 listopada w godz. 18:00- 21:00. Rekolekcje poprowadzi o. Maciej Zi\u0119biec, redemptorysta, Tre\u015bci\u0105 spotka\u0144 b\u0119d\u0105: uzdrowienie, uwolnienie i misja. Wst\u0119p wolny! Zapraszamy!<br \/>\n<strong>8. Organizowany jest wyjazd na Europejskie Spotkanie M\u0142odych Taize.<\/strong> Wyjazd 27 grudnia, powr\u00f3t 2 stycznia. Tegoroczne spotkanie odbywa si\u0119 we Wroc\u0142awiu. Wi\u0119cej informacji i zapisy u ks. Marcina. Koszt 400 z\u0142.<br \/>\n<strong>9. W \u015brod\u0119 27 listopada br. zapraszamy na czuwanie w Duchu Taize<\/strong> m\u0142odzie\u017c naszej parafii i kandydat\u00f3w do bierzmowania. Rozpocz\u0119cie o godz. 19:30 w Ko\u015bciele.<br \/>\n<strong>10. Za tydzie\u0144 ofiary<\/strong> zbierane na tac\u0119 przeznaczone b\u0119d\u0105 na sp\u0142at\u0119 kolejnej raty za wykonane \u0142awki i krzes\u0142a w naszym Ko\u015bciele. B\u00f3g zap\u0142a\u0107 za sk\u0142adane ofiary.<br \/>\n<strong>11. Po\u015bwi\u0119cone op\u0142atki na st\u00f3\u0142 wigilijny,<\/strong> s\u0105 roznoszone przez upowa\u017cnione osoby z naszej parafii. Mo\u017cna je r\u00f3wnie\u017c naby\u0107 u pana Ko\u015bcielnego w zakrystii.<br \/>\n<strong>12. Dzi\u0119kuj\u0119 wszystkim osobom,<\/strong> kt\u00f3re zaanga\u017cowa\u0142y si\u0119 w Uroczysto\u015bci zwi\u0105zane z pierwsz\u0105 rocznic\u0105 po\u015bwi\u0119cenia Ko\u015bcio\u0142a oraz z Odpustem ku czci \u015bw. Rafa\u0142a Kalinowskiego.<br \/>\n<strong>13. Wszystkim Jubilatom i Solenizantom<\/strong> tego tygodnia \u017cyczymy wielu \u0142ask Bo\u017cych i opieki Matki Bo\u017cej Szkaplerznej.<br \/>\n<strong>14. Mo\u017cliwo\u015b\u0107 skorzystania<\/strong> z Sakramentu Spowiedzi \u015awi\u0119tej w tygodniu mamy: od godz. 7:45 oraz od godz. 17:30.<br \/>\n<strong>15. Kancelaria Parafialna<\/strong> czynna jest w \u015brody od 16:00 do 17:30 i w soboty od 10:30 do 12:00.<br \/>\n<strong>16. Zach\u0119camy do czytania<\/strong> prasy katolickiej: nowy numer \u201eGo\u015bcia Niedzielnego\u201d w cenie 6 z\u0142. wraz z dodatkiem \u201eGo\u015b\u0107 Elbl\u0105ski\u201d a w nim wydarzenia z diecezji.<br \/>\n<strong>17. Pan powo\u0142a\u0142 do wieczno\u015bci:<\/strong> \u015bp. Leokadi\u0119 Stefani\u0119 Sakowsk\u0105 lat 89 z ul. Tuwima. Wieczny odpoczynek racz jej da\u0107 Panie! A \u015bwiat\u0142o\u015b\u0107 wiekuista niechaj jej \u015bwieci.<\/p>\n<p>&nbsp;<\/p>\n<p><img decoding=\"async\" id=\"intencje-828\" src=\"http:\/\/rafalk-elblag.pl\/wp-content\/uploads\/2019\/09\/intencje_mszalne.jpg\" width=\"800px\"><\/p>\n<h2>Intencje mszalne 24.11.2019<\/h2>\n<p><strong>PONIEDZIA\u0141EK 25 listopada 2019r. \/ \u015bw. Katarzyny Aleksandryjskiej \u0141k 21, 1-4<\/strong><br \/>\n8.00 \u2020 Stefania (k) Sakowska i W\u0142adys\u0142aw Uler \u2013 int. od R\u00f3\u017cy R\u00f3\u017ca\u0144ca i Apostolatu Bo\u017cego Mi\u0142osierdzia<br \/>\n18.00 \u2020 Alfred Jaskulski w 20 r.\u015bm.<br \/>\n18.00 \u2020 Msza \u015awi\u0119ta zbiorowa \u2020<br \/>\n<strong>WTOREK 26 listopada 2019r. \u0141k 21, 5-11<\/strong><br \/>\n8.00 \u2020 Stefania Sakowska<br \/>\n18.00 \u2020 Adam \u017bukowski w 16 r.\u015bm., Zofia i W\u0142adys\u0142aw Nazarek i zm. z obojga stron<br \/>\n18.00 \u2020 Msza \u015awi\u0119ta zbiorowa \u2020<br \/>\n<strong>\u015aRODA 27 listopada 2019r. \u0141k 21, 12-19<\/strong><br \/>\n8.00 \u2020<br \/>\n18.00 \u2020 Tadeusz Reczek w 2 r.\u015bm.<br \/>\n18.00 \u2020 Msza \u015awi\u0119ta zbiorowa \u2020<br \/>\n<strong>CZWARTEK 28 listopada 2019r. \u0141k 21, 20-28<\/strong><br \/>\n8.00 \u2020 Kazimiera Zembrzycka w 8 r.\u015bm.<br \/>\n18.00 \u2020 Msza \u015awi\u0119ta zbiorowa \u2020<br \/>\n<strong>PI\u0104TEK 29 listopada 2019r. \u0141k 21, 29-33<\/strong><br \/>\n7.00 \u2020 Donat Wo\u017aniak w 10 r.\u015bm.<br \/>\n18.00 \u2020 Pawe\u0142 Ejsymont w 1 rocznic\u0119 tragicznej \u015bmierci<br \/>\n18.00 \u2020 Msza \u015awi\u0119ta zbiorowa \u2020<br \/>\n<strong>SOBOTA 30 listopada 2019r. \/ \u015bw. Andrzeja Aposto\u0142a Mt 4, 18-22<\/strong><br \/>\n8.00 O Bo\u017ce b\u0142og. i opiek\u0119 MB dla Barbary z okazji imienin<br \/>\n18.00 \u2020 Stanis\u0142awa (k), J\u00f3zef, Edward, Barbara z rodz. Osowskich; Bronis\u0142awa (k), Stanis\u0142aw, Maria, Edward, Stanis\u0142awa (k) i Wojciech z rodz. Wala<br \/>\n18.00 \u2020 Msza \u015awi\u0119ta zbiorowa \u2020<br \/>\n<strong>I Niedziela Adwentu \/ 1 grudnia 2019r. Mt 24, 37-44<\/strong><br \/>\n7.00 \u2020 Roman Tykarski (1 greg.)<br \/>\n9.00 \u2020 Antoni K\u0119pi\u0144ski w 27 r.\u015bm., Stanis\u0142awa (k), Krystyna Przedwojewska<br \/>\n9.00 \u2020 Norbert i zm. rodzice i te\u015bciowie<br \/>\n10.30 \u2020 Janina i Kazimierz Jarz\u0119bkowscy<br \/>\n12.00 W intencji Parafian<br \/>\n15.00 \u2020 Irena, Zygmunt i Henryk Jasi\u0144scy, Maria i Stanis\u0142aw Kara\u017aniewicz i dziadkowie z obojga stron<br \/>\n18.00 Rez.<\/p>\n","protected":false},"excerpt":{"rendered":"<p>Kr\u00f3luj nam Chryste ! Og\u0142oszenia parafialne 24.11.2019 Intencje mszalne 24.11.2019 &nbsp; Kr\u00f3luj nam Chryste ! Ostatnia niedziela roku liturgicznego jest dedykowana uroczysto\u015bci Chrystusa Kr\u00f3la Wszech\u015bwiata. Ustanowi\u0142 j\u0105 papie\u017c Pius XI w 1925 roku na zako\u0144czenie roku jubileuszowego. Przed wielk\u0105 reform\u0105 liturgiczn\u0105 kalendarza, kt\u00f3ra nast\u0105pi\u0142a po Soborze Watyka\u0144skim II (1965), uroczysto\u015b\u0107 t\u0119 obchodzono w ostatni\u0105 niedziel\u0119 [&hellip;]<\/p>\n","protected":false},"author":1,"featured_media":3548,"comment_status":"closed","ping_status":"closed","sticky":false,"template":"","format":"standard","meta":{"ngg_post_thumbnail":0,"footnotes":""},"categories":[11,8,4,3],"tags":[],"class_list":["post-3546","post","type-post","status-publish","format-standard","has-post-thumbnail","hentry","category-aktualnosci","category-blog","category-intencje","category-ogloszenia"],"_links":{"self":[{"href":"https:\/\/rafalk-elblag.pl\/index.php?rest_route=\/wp\/v2\/posts\/3546","targetHints":{"allow":["GET"]}}],"collection":[{"href":"https:\/\/rafalk-elblag.pl\/index.php?rest_route=\/wp\/v2\/posts"}],"about":[{"href":"https:\/\/rafalk-elblag.pl\/index.php?rest_route=\/wp\/v2\/types\/post"}],"author":[{"embeddable":true,"href":"https:\/\/rafalk-elblag.pl\/index.php?rest_route=\/wp\/v2\/users\/1"}],"replies":[{"embeddable":true,"href":"https:\/\/rafalk-elblag.pl\/index.php?rest_route=%2Fwp%2Fv2%2Fcomments&post=3546"}],"version-history":[{"count":3,"href":"https:\/\/rafalk-elblag.pl\/index.php?rest_route=\/wp\/v2\/posts\/3546\/revisions"}],"predecessor-version":[{"id":3551,"href":"https:\/\/rafalk-elblag.pl\/index.php?rest_route=\/wp\/v2\/posts\/3546\/revisions\/3551"}],"wp:featuredmedia":[{"embeddable":true,"href":"https:\/\/rafalk-elblag.pl\/index.php?rest_route=\/wp\/v2\/media\/3548"}],"wp:attachment":[{"href":"https:\/\/rafalk-elblag.pl\/index.php?rest_route=%2Fwp%2Fv2%2Fmedia&parent=3546"}],"wp:term":[{"taxonomy":"category","embeddable":true,"href":"https:\/\/rafalk-elblag.pl\/index.php?rest_route=%2Fwp%2Fv2%2Fcategories&post=3546"},{"taxonomy":"post_tag","embeddable":true,"href":"https:\/\/rafalk-elblag.pl\/index.php?rest_route=%2Fwp%2Fv2%2Ftags&post=3546"}],"curies":[{"name":"wp","href":"https:\/\/api.w.org\/{rel}","templated":true}]}}