{"id":3541,"date":"2019-11-19T13:17:41","date_gmt":"2019-11-19T13:17:41","guid":{"rendered":"http:\/\/rafalk-elblag.pl\/?p=3541"},"modified":"2019-11-19T13:17:41","modified_gmt":"2019-11-19T13:17:41","slug":"biuletyn-parafialny-nr-827-17-listopada-2019r-xxxiii-niedziela-zwykla","status":"publish","type":"post","link":"https:\/\/rafalk-elblag.pl\/?p=3541","title":{"rendered":"Biuletyn parafialny nr 827 \/ 17 listopada 2019r. XXXIII Niedziela Zwyk\u0142a"},"content":{"rendered":"<p><a href=\"#temat-827\">Pi\u0119kno, mi\u0142o\u015b\u0107, \u015bmier\u0107 i muzyka &#8211; \u015bw. Cecylia<\/a><br \/>\n<a href=\"#ogloszenia-827\">Og\u0142oszenia parafialne 17.11.2019<\/a><br \/>\n<a href=\"#intencje-827\">Intencje mszalne 17.11.2019<\/a><\/p>\n<p>&nbsp;<\/p>\n<p><img decoding=\"async\" id=\"temat-827\" src=\"http:\/\/rafalk-elblag.pl\/wp-content\/uploads\/2019\/11\/sdlier_827_cecylia.jpg\"><\/p>\n<h1>Pi\u0119kno, mi\u0142o\u015b\u0107, \u015bmier\u0107 i muzyka &#8211; \u015bw. Cecylia<\/h1>\n<p><strong>22 listopada przypada wspomnienie \u015bw. Cecylii. Mi\u0142o\u015b\u0107, Muzyka, Pi\u0119kno, \u015amier\u0107 \u2013 to Jej atrybuty. Jest patronka muzyki ko\u015bcielnej. Sk\u0142adamy wi\u0119c najserdeczniejsze \u017cyczenia naszemu Panu Piotrowi, ch\u00f3rzystom, scholankom, zespo\u0142owi m\u0142odzie\u017cowemu i wszystkim \u015bpiewaj\u0105cym w ko\u015bciele. \u015apiewajcie na chwa\u0142\u0119 Pana.<\/strong><br \/>\n<strong> 22 listopada wszystkie Cecylie \u015bwiata niech my\u015bl\u0105 o tej jednej, jedynej \u2013 \u015bwi\u0119tej Cecylii, m\u0119czenniczce Ko\u015bcio\u0142a katolickiego, niech si\u0119 ciesz\u0105 w Panu i niech otwieraj\u0105 szeroko oczy na drogi, jakimi idzie szcz\u0119\u015bcie od Pana.<\/strong><br \/>\nDok\u0142adnie nie wiadomo, kiedy \u017cy\u0142a Cecylia. Nie znamy bowiem ani dnia jej urodzin, ani \u015bmierci. Znamy natomiast przekazy ustne, barwne opowie\u015bci, kt\u00f3re zanim zosta\u0142y zapisane, powtarzane by\u0142y jako jedyna w swoim rodzaju historia \u017cycia kobiety wyj\u0105tkowej i niepowtarzalnej. Cecylia by\u0142a ol\u015bniewaj\u0105co pi\u0119kna. By\u0142a te\u017c bogata \u2013 pochodzi\u0142a ze znakomitej rzymskiej rodziny. By\u0142a utalentowana, czu\u0142a i wsp\u00f3\u0142czuj\u0105ca. Jako m\u0142oda dziewczyna zakocha\u0142a si\u0119 w Jezusie Chrystusie. Oczywi\u015bcie o tym nie m\u00f3wi\u0142a nikomu, rodzicom r\u00f3wnie\u017c nie zwierzy\u0142a si\u0119 z w\u0142asnej nami\u0119tno\u015bci. Modl\u0105c si\u0119, \u015blubowa\u0142a Jezusowi wierno\u015b\u0107 bez wzgl\u0119du na wszystko.<br \/>\nNie\u015bwiadomi niczego rodzice przeznaczyli c\u00f3rk\u0119 dobrze urodzonemu rzymskiemu ch\u0142opcu Walerianowi. Cecylia by\u0142a praw\u0105 dziewczyn\u0105 i nie zamierza\u0142a narzeczonego ok\u0142amywa\u0107, tote\u017c przed \u015blubem wyzna\u0142a skrywan\u0105 przed lud\u017ami tajemnic\u0119.<\/p>\n<p>Walerian okaza\u0142 si\u0119 wspania\u0142ym cz\u0142owiekiem i uszanowa\u0142 \u015blub czysto\u015bci. Przekona\u0142 si\u0119 r\u00f3wnie\u017c sam, a potem przekona\u0142 swojego brata do tego, co o wierze, o zbawieniu wiecznym i o Jezusie opowiada\u0142a po\u015blubiona Cecylia. Uwierzywszy, przyj\u0105\u0142 chrzest z r\u0105k papie\u017ca \u015bw. Urbana. Chrzest przyj\u0105\u0142 tak\u017ce jego brat.<br \/>\nNiestety, nie by\u0142y to spokojne dla Rzymu lata. Krwawe prze\u015bladowania chrze\u015bcijan wybucha\u0142y co jaki\u015b czas. Kwit\u0142o p\u0142atne donosicielstwo. Cecyli\u0119, jej m\u0119\u017ca i szwagra skazano na \u015bmier\u0107. \u017bo\u0142nierze, kt\u00f3rzy przyszli, by j\u0105 aresztowa\u0107, byli pod tak wielkim wra\u017ceniem jej urody, \u017ce b\u0142agali j\u0105 uni\u017cenie, i\u017cby odst\u0105pi\u0142a od wiary, a w\u00f3wczas zostanie ocalona.<\/p>\n<p><strong>Cecylia nie ba\u0142a si\u0119, mocno wierzy\u0142a w \u017cycie po \u015bmierci i baz wahania odpowiedzia\u0142a \u017co\u0142nierzom: \u201eUmrze\u0107 nie znaczy straci\u0107 sw\u0105 m\u0142odo\u015b\u0107, lecz zamieni\u0107 j\u0105 na lepsz\u0105. Jest to tak, jakby odda\u0107 b\u0142oto w zamian za z\u0142oto. M\u00f3j Pan daje stokro\u0107 wi\u0119cej, ni\u017c Mu si\u0119 ofiaruje\u201d. Rozw\u015bcieczy\u0142o to \u017co\u0142nierzy i dlatego zgin\u0119\u0142a okrutn\u0105 \u015bmierci\u0105. Duszono j\u0105 par\u0105 w \u0142a\u017ani, w ko\u0144cu podci\u0119to gard\u0142o. Kona\u0142a jeszcze dwa dni.<\/strong><\/p>\n<p>Wszystko to dzia\u0142o si\u0119 na prze\u0142omie II i III wieku. Historia jej m\u0119cze\u0144stwa, powtarzana z szacunkiem dla tej bohaterskiej postawy m\u0142odej, pi\u0119knej dziewczyny obros\u0142a przez wieki pobo\u017cn\u0105 legend\u0105. \u015aw. Cecylia sta\u0142a si\u0119 jedn\u0105 z najbardziej czczonych rzymskich m\u0119czennic. Pochowano j\u0105 w katakumbach. W XI wieku odkryto jej cia\u0142o. Zachowa\u0142o si\u0119 w stanie nienaruszonym. Szcz\u0105tki przeniesiono do bazyliki jej imienia wybudowanej na Zatybrzu, prawdopodobnie w miejscu, w kt\u00f3rym mieszka\u0142a.<\/p>\n<p>Kilka wiek\u00f3w p\u00f3\u017aniej, na prze\u0142omie XVI i XVII wieku, w\u0142oski artysta rze\u017abiarz Stefano Maderno wykona\u0142 niezwykle ekspresyjn\u0105 marmurow\u0105 rze\u017ab\u0119 przedstawiaj\u0105c\u0105 \u015bw. Cecyli\u0119. Stara\u0142 si\u0119 odda\u0107 wiernie odnalezione w katakumbach cia\u0142o zamordowanej. M\u0142oda kobieta niezwyk\u0142ej urody le\u017cy na boku z twarz\u0105 zwr\u00f3con\u0105 ku ziemi, z podci\u0119t\u0105 szyj\u0105 i ramionami wyci\u0105gni\u0119tymi wzd\u0142u\u017c cia\u0142a \u2013 rze\u017aba budzi zachwyt, zadziwia kompozycj\u0105, uwznio\u015bla doskona\u0142o\u015bci\u0105 i wywo\u0142uje w ogl\u0105daj\u0105cych nadziej\u0119, \u017ce za moment le\u017c\u0105ca Cecylia podniesie si\u0119, odezwie, da znak.<\/p>\n<p><strong>W \u017cyciu Cecylii i w tworzonej po jej \u015bmierci hagiografii zetkn\u0119\u0142y si\u0119 trzy \u017cywio\u0142y: mi\u0142o\u015b\u0107, \u015bmier\u0107 i pi\u0119kno. Do tej triady znacznie p\u00f3\u017aniej dodana zosta\u0142a muzyka. Mo\u017ce dlatego, \u017ce ku chwale Boga Cecylia \u201ewy\u015bpiewa\u0142a\u201d swoim \u017cyciem najpi\u0119kniejsz\u0105 z pie\u015bni, jak\u0105 mo\u017cemy ofiarowa\u0107 Panu. Kochaj\u0105c wierzy\u0142a, wierz\u0105c pracowa\u0142a nad udoskonaleniem siebie i innych, udoskonalaj\u0105c, cieszy\u0142a si\u0119, a gdy pojawia\u0142 si\u0119 smutek i w nim znajdowa\u0142a warto\u015b\u0107. Szybciej od innych dojrza\u0142a do pe\u0142nego cz\u0142owiecze\u0144stwa w Panu. Spodziewana \u015bmier\u0107, nawet ca\u0142y proces m\u0119cze\u0144skiego umierania, nie wywo\u0142a\u0142y dysharmonii w niej samej i w tych, kt\u00f3rzy wierzyli i wierz\u0105 w czysto\u015b\u0107 jej wiary i po\u015brednictwo modlitwy.<\/strong><\/p>\n<p>&nbsp;<br \/>\n<img decoding=\"async\" id=\"ogloszenia-827\" src=\"http:\/\/rafalk-elblag.pl\/wp-content\/uploads\/2019\/09\/ogloszenia_parafialne.jpg\" width=\"800px\"><\/p>\n<h2>Og\u0142oszenia parafialne 17.11.2019<\/h2>\n<p><strong>1. W naszej parafii trwa Nowenna do \u015bw. Rafa\u0142a Kalinowskiego<\/strong>, przygotowuj\u0105ca nas duchowo do Odpustu Parafialnego. Nowenn\u0119 odmawiamy na zako\u0144czenie Mszy \u015bw. Zapraszamy do wsp\u00f3lnej modlitwy.<\/p>\n<p><strong>2. Dzisiaj o godz. 12:00 UROCZYSTA MSZA \u015aWI\u0118TA<\/strong> pod przewodnictwem J.E. Ks. Biskupa Wojciecha Skibickiego. Msz\u0119 u\u015bwietni Ch\u00f3r \u017ce\u0144ski CANTATA z Mor\u0105ga oraz zostanie ods\u0142oni\u0119ta tablica upami\u0119tniaj\u0105ca dzie\u0144 konsekracji ko\u015bcio\u0142a. ZAPRASZAMY do udzia\u0142u w tym wydarzeniu.<\/p>\n<p><strong>W poniedzia\u0142ek (18 listopada) o godz. 18:00 zostanie odprawiona Msza \u015bw.<\/strong> z nauk\u0105 dla m\u0142odzie\u017cy. W tym dniu przypada wspomnienie b\u0142. Karoliny K\u00f3zk\u00f3wny patronki Ruchu Czystych Serc i Katolickiego Stowarzyszenia M\u0142odzie\u017cy. Zapraszamy r\u00f3wnie\u017c kandydat\u00f3w do bierzmowania rok I i II. Adoracja dla wszystkich od godz. 17:30.<\/p>\n<p><strong>We wtorek (19 listopada) b\u0119dziemy obchodzi\u0107 Parafialny Dzie\u0144 Obrony \u017bycia.<\/strong> W tym dniu na Mszy \u015bw. o godz. 18:00 b\u0119dzie mo\u017cliwo\u015b\u0107 podj\u0119cia Duchowej Adopcji Dziecka Pocz\u0119tego, zagro\u017conego aborcj\u0105. Zapraszamy wszystkie osoby, kt\u00f3re podejmowa\u0142y t\u0119 form\u0119 OBRONY \u017bYCIA oraz osoby pragn\u0105ce w\u0142\u0105czy\u0107 si\u0119 w to wielkie dzie\u0142o modlitwy za dzieci zagro\u017cone zabiciem w \u0142onie matki. Adoracja dla wszystkich od godz. 17:30. Przy Biuletynie znajdziemy kartki do wype\u0142nienia w celu podj\u0119cia tego dzie\u0142a.<\/p>\n<p><strong>ZAPRASZAMY NA UROCZYSTO\u015aCI ODPUSTOWE do naszej \u015bwi\u0105tyni 20 listopada (\u015broda)<\/strong>. Msze \u015bw. w tym dniu o godz.: 8:00, 11:00 i godz. 18:00. Pami\u0119tajmy, \u017ce s\u0105 to imieniny naszej parafii. \u015awi\u0119ty Rafa\u0142 Kalinowski zaprasza wszystkich na uczt\u0119.<br \/>\nCzy skorzystasz z zaproszenia?<\/p>\n<p><strong>W listopadzie w spos\u00f3b szczeg\u00f3lny pochylamy si\u0119 nad mogi\u0142ami, w kt\u00f3rych spoczywaj\u0105 nasi bliscy.<\/strong> Najg\u0142\u0119bszym wyrazem naszej mi\u0142o\u015bci jest nasza modlitwa za nich. Dlatego zapraszamy do wsp\u00f3lnej modlitwy za zmar\u0142ych codziennie na Mszy \u015bw. Zbiorowej o godz. 18:00, a po niej na Koronk\u0119 do Mi\u0142osierdzia Bo\u017cego, po\u0142\u0105czon\u0105 z Wypominkami. Pami\u0119tajmy:<br \/>\n\u201e\u015awi\u0119t\u0105 i zbawienn\u0105 rzecz\u0105 jest modli\u0107 si\u0119 za \u017cywych i zmar\u0142ych.\u201d Czy to ju\u017c uczyni\u0142e\u015b?<\/p>\n<p><strong>Dzieci wraz z rodzicami lub opiekunami zapraszamy na modlitw\u0119 za zmar\u0142ych<\/strong> 20 listopada (\u015broda) na godz. 16:30. Prosimy o czytelne wypisanie na kartkach imion i nazwisk bliskich zmar\u0142ych.<\/p>\n<p><strong>Panu Piotrowi naszemu Organi\u015bcie, Scholce Parafialnej oraz Zespo\u0142owi M\u0142odzie\u017cowemu<\/strong> \u017cycz\u0119, by \u015bw. Cecylia &#8211; patronka muzyki ko\u015bcielnej wyprasza\u0142a wszystkim potrzebne \u0142aski do dalszego pos\u0142ugiwania swym \u015bpiewem i muzyk\u0105 na Bo\u017c\u0105 chwa\u0142\u0119.<\/p>\n<p><strong>Nasza parafia organizuje w dniach 22-23 listopada br. PIELGRZYMK\u0118 do TORUNIA I LICHENIA.<\/strong> Wyjazd 22 listopada (sobota) o godz.6:00. Nocleg w Licheniu. W programie: Sanktuarium \u015bw. Jana Paw\u0142a II, Radio Maryja, spacer po Toru\u0144skiej Star\u00f3wce oraz Sanktuarium w Licheniu. Koszt 250 z\u0142 (nocleg \u015bniadanie, autokar, ubezpieczenie), pozosta\u0142e posi\u0142ki we w\u0142asnym zakresie. Zapisy w zakrystii.<\/p>\n<p><strong>Spotkanie organizacyjne przed pielgrzymk\u0105<\/strong> odb\u0119dzie si\u0119 we wtorek (19.11) o godz. 19.00 w Sali Domu Parafialnego.<\/p>\n<p><strong>Kancelaria Parafialna czynna jest w \u015brody od 16:00 do 17:30 i w soboty od 10:30 do 12:00.<\/strong><\/p>\n<p>Zach\u0119camy do czytania prasy katolickiej: nowy numer \u201eGo\u015bcia Niedzielnego\u201d w cenie 6 z\u0142. wraz z dodatkiem \u201eGo\u015b\u0107 Elbl\u0105ski\u201d a w nim wydarzenia z diecezji.<\/p>\n<p><strong>Pan powo\u0142a\u0142 do wieczno\u015bci: \u015bp. Genowef\u0119 Tomczy\u0144sk\u0105<\/strong> lat 93 ul. Sobieskiego. Wieczny odpoczynek racz jej da\u0107 Panie\u2026<\/p>\n<p>&nbsp;<\/p>\n<p><img decoding=\"async\" id=\"intencje-827\" src=\"http:\/\/rafalk-elblag.pl\/wp-content\/uploads\/2019\/09\/intencje_mszalne.jpg\" width=\"800px\"><\/p>\n<h2>Intencje mszalne 17.11.2019<\/h2>\n<p><strong>PONIEDZIA\u0141EK 18 listopada 2019r. \/ b\u0142. Kazroliny K\u00f3zk\u00f3wny \u0141k 18, 35-43<\/strong><br \/>\n8.00 Dzi\u0119kczynna w dniu imienin Karoliny, z pro\u015bb\u0105 o \u0142ask\u0119 wiary, nadziei i mi\u0142o\u015bci<br \/>\n18.00 Za m\u0142odzie\u017c naszej parafii KSM, kandydat\u00f3w do bierzmowania \u2013 o otwarto\u015b\u0107 serc i dzia\u0142anie Ducha \u015awi\u0119tego<br \/>\n18.00 \u2020 Msza \u015awi\u0119ta zbiorowa \u2020<br \/>\n<strong>WTOREK 19 listopada 2019r. \u0141k 19, 1-10<\/strong><br \/>\n8.00 \u2020 Katarzyna, J\u00f3zef, Stanis\u0142awa (k) i Adam<br \/>\n18.00 Za dzie\u0142o Duchowej Adopcji z naszej parafii i wszystkich modl\u0105cych si\u0119 w obronie \u017cycia<br \/>\n18.00 \u2020 Msza \u015awi\u0119ta zbiorowa \u2020<br \/>\n<strong>\u015aRODA 20 listopada 2019r. \/ \u015bw. Rafa\u0142a Kalinowskiego \/ ODPUST \/ \u0141k 19, 11-28<\/strong><br \/>\n8.00 O powr\u00f3t do zdrowia dla Gra\u017cyny i potrzebne \u0142aski w chorobie<br \/>\n11.00 W intencji Parafian<br \/>\n18.00 W intencji Parafian<br \/>\n18.00 \u2020 Msza \u015awi\u0119ta zbiorowa \u2020<br \/>\n<strong>CZWARTEK 21 listopada 2019r. \/ Ofiarowanie NMP \u0141k 19, 41-44<\/strong><br \/>\n8.00 \u2020 Tadeusz Cie\u015bli\u0144ski w 24 r.\u015bm., J\u00f3zef, Krystyna i Stanis\u0142awa (k) Cie\u015bli\u0144scy<br \/>\n18.00 \u2020 Stefan \u015awider w 3 r.\u015bm.<br \/>\n18.00 \u2020 Msza \u015awi\u0119ta zbiorowa \u2020<br \/>\n<strong>PI\u0104TEK 22 listopada 2019r. \/ \u015bw. Cecylii \u0141k 19, 45-48<\/strong><br \/>\n7.00 \u2020<br \/>\n18.00 \u2020 Cecylia i J\u00f3zef Chmiel<br \/>\n18.00 \u2020 Msza \u015awi\u0119ta zbiorowa \u2020<br \/>\n<strong>SOBOTA 23 listopada 2019r. \u0141k 20, 27-40<\/strong><br \/>\n8.00 \u2020 Edmund Go\u0142y\u0144ski i zm. z rodz.<br \/>\n18.00 \u2020 Iwona Kobrzeniecka w 1 r.\u015bm., Jadwiga Jasi\u0144ska<br \/>\n18.00O zdrowie i Bo\u017ce b\u0142og. dla Wandy w 90 rocz. urodzin<br \/>\n18.00 \u2020 Msza \u015awi\u0119ta zbiorowa \u2020<br \/>\n<strong>Uroczysto\u015b\u0107 Jezusa Chrystusa Kr\u00f3la Wszech\u015bwiata \/ 24 listopada 2019r. \u0141k 23, 35-43<\/strong><br \/>\n7.00<br \/>\n9.00 \u2020 Artur Kowalski w 16 r.\u015bm.<br \/>\n9.00 \u2020 Helena (25 r.\u015bm.) i Wincenty (32 r.\u015bm.) Wi\u015bniewscy<br \/>\n10.30 \u2020 Krystyna Lipi\u0144ska w 1 r.\u015bm.<br \/>\n12.00 W intencji Parafian<br \/>\n15.00 \u2020 Stanis\u0142aw Humelt w 9 r.\u015bm. i zm. z rodz.<br \/>\n18.00 Msza \u015awi\u0119ta zbiorowa<\/p>\n","protected":false},"excerpt":{"rendered":"<p>Pi\u0119kno, mi\u0142o\u015b\u0107, \u015bmier\u0107 i muzyka &#8211; \u015bw. Cecylia Og\u0142oszenia parafialne 17.11.2019 Intencje mszalne 17.11.2019 &nbsp; Pi\u0119kno, mi\u0142o\u015b\u0107, \u015bmier\u0107 i muzyka &#8211; \u015bw. Cecylia 22 listopada przypada wspomnienie \u015bw. Cecylii. Mi\u0142o\u015b\u0107, Muzyka, Pi\u0119kno, \u015amier\u0107 \u2013 to Jej atrybuty. Jest patronka muzyki ko\u015bcielnej. Sk\u0142adamy wi\u0119c najserdeczniejsze \u017cyczenia naszemu Panu Piotrowi, ch\u00f3rzystom, scholankom, zespo\u0142owi m\u0142odzie\u017cowemu i wszystkim \u015bpiewaj\u0105cym [&hellip;]<\/p>\n","protected":false},"author":1,"featured_media":3542,"comment_status":"closed","ping_status":"closed","sticky":false,"template":"","format":"standard","meta":{"ngg_post_thumbnail":0,"footnotes":""},"categories":[11,8,4,3],"tags":[],"class_list":["post-3541","post","type-post","status-publish","format-standard","has-post-thumbnail","hentry","category-aktualnosci","category-blog","category-intencje","category-ogloszenia"],"_links":{"self":[{"href":"https:\/\/rafalk-elblag.pl\/index.php?rest_route=\/wp\/v2\/posts\/3541","targetHints":{"allow":["GET"]}}],"collection":[{"href":"https:\/\/rafalk-elblag.pl\/index.php?rest_route=\/wp\/v2\/posts"}],"about":[{"href":"https:\/\/rafalk-elblag.pl\/index.php?rest_route=\/wp\/v2\/types\/post"}],"author":[{"embeddable":true,"href":"https:\/\/rafalk-elblag.pl\/index.php?rest_route=\/wp\/v2\/users\/1"}],"replies":[{"embeddable":true,"href":"https:\/\/rafalk-elblag.pl\/index.php?rest_route=%2Fwp%2Fv2%2Fcomments&post=3541"}],"version-history":[{"count":1,"href":"https:\/\/rafalk-elblag.pl\/index.php?rest_route=\/wp\/v2\/posts\/3541\/revisions"}],"predecessor-version":[{"id":3544,"href":"https:\/\/rafalk-elblag.pl\/index.php?rest_route=\/wp\/v2\/posts\/3541\/revisions\/3544"}],"wp:featuredmedia":[{"embeddable":true,"href":"https:\/\/rafalk-elblag.pl\/index.php?rest_route=\/wp\/v2\/media\/3542"}],"wp:attachment":[{"href":"https:\/\/rafalk-elblag.pl\/index.php?rest_route=%2Fwp%2Fv2%2Fmedia&parent=3541"}],"wp:term":[{"taxonomy":"category","embeddable":true,"href":"https:\/\/rafalk-elblag.pl\/index.php?rest_route=%2Fwp%2Fv2%2Fcategories&post=3541"},{"taxonomy":"post_tag","embeddable":true,"href":"https:\/\/rafalk-elblag.pl\/index.php?rest_route=%2Fwp%2Fv2%2Ftags&post=3541"}],"curies":[{"name":"wp","href":"https:\/\/api.w.org\/{rel}","templated":true}]}}