{"id":3539,"date":"2019-11-10T18:16:32","date_gmt":"2019-11-10T18:16:32","guid":{"rendered":"http:\/\/rafalk-elblag.pl\/?p=3539"},"modified":"2019-11-13T18:25:57","modified_gmt":"2019-11-13T18:25:57","slug":"biuletyn-parafialny-nr-826-10-listopada-2019r-xxxii-niedziela-zwykla","status":"publish","type":"post","link":"https:\/\/rafalk-elblag.pl\/?p=3539","title":{"rendered":"Biuletyn parafialny nr 826 \/ 10 listopada 2019r. XXXII Niedziela Zwyk\u0142a"},"content":{"rendered":"<p><a href=\"#temat-826\">CHRZE\u015aCIJA\u0143STWO I PATRIOTYZM<\/a><br \/>\n<a href=\"#ogloszenia-826\">Og\u0142oszenia parafialne 10.11.2019<\/a><br \/>\n<a href=\"#intencje-826\">Intencje mszalne 10.11.2019<\/a><\/p>\n<p>&nbsp;<\/p>\n<p><img decoding=\"async\" id=\"temat-826\" src=\"http:\/\/rafalk-elblag.pl\/wp-content\/uploads\/2019\/11\/sdlier_826.jpg\"><\/p>\n<h1>CHRZE\u015aCIJA\u0143STWO I PATRIOTYZM<\/h1>\n<p><strong>Gdy w internetow\u0105 wyszukiwark\u0119 wpisze si\u0119 r\u00f3wnocze\u015bnie s\u0142owa \u201eKo\u015bci\u00f3\u0142\u201d i \u201epatriotyzm\u201d, w\u015br\u00f3d pierwszych wynik\u00f3w znajd\u0105 si\u0119 dwa pytania. Najpierw: \u201eCzy chrze\u015bcijanin mo\u017ce by\u0107 patriot\u0105?\u201d, a nieco ni\u017cej: \u201eCzy brak patriotyzmu to grzech?\u201d. Sprzeczno\u015b\u0107? Niekoniecznie.<\/strong><\/p>\n<p>W indeksie tematycznym Katechizmu Ko\u015bcio\u0142a katolickiego termin \u201epatriotyzm\u201d si\u0119 nie pojawia. Ale \u201eojczyzna\u201d jest. A przecie\u017c \u201epatriotyzm\u201d wywodzi si\u0119 od \u0142aci\u0144skiego terminu \u201epatria\u201d, czyli \u201eziemia ojc\u00f3w\u201d, kt\u00f3ry dzisiaj nazywamy zwykle \u201eojczyzn\u0105\u201d.<\/p>\n<p><strong>Czym jest patriotyzm? Najprostsza definicja m\u00f3wi, \u017ce jest \u201emi\u0142o\u015bci\u0105 ojczyzny\u201d. I tu Katechizm nie pozostawia \u017cadnych w\u0105tpliwo\u015bci: \u201eMi\u0142o\u015b\u0107 ojczyzny i s\u0142u\u017cba dla niej wynikaj\u0105 z obowi\u0105zku wdzi\u0119czno\u015bci i porz\u0105dku mi\u0142o\u015bci\u201d (KKK 2239). W tym samym punkcie czytamy, \u017ce obywatele maj\u0105 obowi\u0105zek przyczynia\u0107 si\u0119 wraz z w\u0142adzami cywilnymi do dobra spo\u0142ecze\u0144stwa w duchu prawdy, sprawiedliwo\u015bci, solidarno\u015bci i wolno\u015bci.<\/strong><br \/>\n<strong> Jest te\u017c stwierdzenie m\u00f3wi\u0105ce, \u017ce podporz\u0105dkowanie si\u0119 prawowitej w\u0142adzy i s\u0142u\u017cba na rzecz dobra wsp\u00f3lnego wymagaj\u0105 od obywateli wype\u0142niania ich zada\u0144 w \u017cyciu wsp\u00f3lnoty politycznej.<\/strong><\/p>\n<p>To jest podstawowa i fundamentalna odpowied\u017a na obydwa postawione wy\u017cej pytania. Chrze\u015bcijanin nie tylko mo\u017ce by\u0107 patriot\u0105. Powinien nim by\u0107. Ko\u015bci\u00f3\u0142 swoje stanowisko w tej sprawie opiera na czwartym przykazaniu Dekalogu. Uczy, \u017ce dotyczy ono nie tylko relacji do ojca i matki, zwi\u0105zk\u00f3w pokrewie\u0144stwa z innymi cz\u0142onkami rodziny (w tym okazywania czci, mi\u0142o\u015bci i wdzi\u0119czno\u015bci dziadkom i przodkom). Czwarte przykazanie Bo\u017ce wskazuje \u201eobowi\u0105zki uczni\u00f3w wzgl\u0119dem nauczycieli, pracownik\u00f3w wzgl\u0119dem pracodawc\u00f3w, podw\u0142adnych wzgl\u0119dem prze\u0142o\u017conych, obywateli wzgl\u0119dem ojczyzny oraz tych, kt\u00f3rzy ni\u0105 rz\u0105dz\u0105 lub kieruj\u0105\u201d (KKK 2199).<\/p>\n<p>Czwarte przykazanie Dekalogu to niejedyne biblijne odniesienie do patriotyzmu. W Starym Testamencie mo\u017cna znale\u017a\u0107 wiele przyk\u0142ad\u00f3w postaw patriotycznych, np. w opisie w\u0119dr\u00f3wki do Ziemi Obiecanej, w s\u0142ynnym Psalmie 137, zaczynaj\u0105cym si\u0119 od s\u0142\u00f3w: \u201eNad rzekami Babilonu \u2013 tam my\u015bmy siedzieli i p\u0142akali, kiedy\u015bmy wspominali Syjon\u201d, w ksi\u0119gach Judyty i Estery, u prorok\u00f3w Izajasza, Jeremiasza, Nehemiasza, a tak\u017ce w Ksi\u0119gach Machabejskich.<\/p>\n<p><strong>O swoj\u0105 ziemsk\u0105 ojczyzn\u0119 troszczy\u0142 si\u0119 Jezus. P\u0142aka\u0142 nad Jerozolim\u0105, martwi\u0142 si\u0119 o Korozain i Betsaid\u0119, kt\u00f3re nie rozpozna\u0142y znak\u00f3w czasu. \u015aw. Pawe\u0142 Aposto\u0142, nazwany przez Jana Paw\u0142a II \u201emistrzem mi\u0142o\u015bci ojczyzny\u201d, w Li\u015bcie do Rzymian napisa\u0142: \u201ePrawd\u0119 m\u00f3wi\u0119 w Chrystusie, nie k\u0142ami\u0119, potwierdza mi to moje sumienie w Duchu \u015awi\u0119tym, \u017ce w sercu swoim odczuwam wielki smutek i nieprzerwany b\u00f3l. Wola\u0142bym bowiem sam by\u0107 pod kl\u0105tw\u0105 [od\u0142\u0105czonym] od Chrystusa dla [zbawienia] moich braci, kt\u00f3rzy wed\u0142ug cia\u0142a s\u0105 moimi rodakami\u201d (Rz 9,1-3).<\/strong><\/p>\n<p><strong>Sto pierwsza rocznica odzyskania przez Polsk\u0119 niepodleg\u0142o\u015bci to nie tylko okazja do wywieszenia bia\u0142o-czerwonej flagi i od\u015bpiewania \u201eMazurka D\u0105browskiego\u201d. To nie tylko udzia\u0142 w pi\u0119knych uroczysto\u015bciach czy nawet Marszu Niepodleg\u0142o\u015bci. 11 listopada to doskona\u0142a okazja do modlitwy za nasz\u0105 ojczyzn\u0119.<\/strong><br \/>\n<em> Przyjmij, Bo\u017ce, nasze dzi\u0119kczynienie, i spraw, aby\u015bmy, id\u0105c przez ziemsk\u0105 Ojczyzn\u0119, doszli do tej, kt\u00f3r\u0105 nam przygotowa\u0142e\u015b w niebie. Przez Chrystusa, Pana naszego. Amen.<\/em><\/p>\n<p>&nbsp;<br \/>\n<img decoding=\"async\" id=\"ogloszenia-826\" src=\"http:\/\/rafalk-elblag.pl\/wp-content\/uploads\/2019\/09\/ogloszenia_parafialne.jpg\" width=\"800px\"><\/p>\n<h2>Og\u0142oszenia parafialne 10.11.2019<\/h2>\n<p><strong>1. Kleryk naszego Seminarium Amadeusz Babiel,<\/strong> dzisiaj przed ko\u015bcio\u0142em rozprowadza kalendarze \u015bcienne na rok 2020 za dobrowoln\u0105 ofiar\u0119. Nabywaj\u0105c kalendarz wspieramy Wy\u017csze Seminarium Duchowne w Elbl\u0105gu.<\/p>\n<p><strong> 2. Dzisiaj na Mszy \u015bw. o godz. 7:00<\/strong> zosta\u0142y po\u015bwi\u0119cone op\u0142atki na st\u00f3\u0142 wigilijny, kt\u00f3re b\u0119d\u0105 roznoszone przez upowa\u017cnione osoby z naszej parafii.<\/p>\n<p><strong> 3. Jutro na Mszy \u015bw. o godz. 11:00, w 101 rocznic\u0119 odzyskania przez Polsk\u0119 Niepodleg\u0142o\u015bci,<\/strong> dzi\u0119kowa\u0107 b\u0119dziemy za dar wolno\u015bci i prosi\u0107 o dary Ducha \u015awi\u0119tego dla wszystkich odpowiedzialnych za losy Polskiego Narodu. Zapraszamy do wsp\u00f3lnej modlitwy.<\/p>\n<p><strong>4. Zapraszamy jutro na Msz\u0119 \u015bw. o godz. 18:00<\/strong> w intencji ks. Marcina z okazji Jego imienin.<\/p>\n<p><strong>5. Wszystkich pragn\u0105cych pog\u0142\u0119bia\u0107 wiedz\u0119 i wiar\u0119 nt. Pisma \u015awi\u0119tego,<\/strong> zapraszamy na spotkanie Kr\u0119gu Biblijnego w \u015brod\u0119 13 listopada o godz. 19.00.<\/p>\n<p><strong>6. W listopadzie w spos\u00f3b szczeg\u00f3lny pochylamy si\u0119 nad mogi\u0142ami, w kt\u00f3rych spoczywaj\u0105 nasi bliscy.<\/strong> Najg\u0142\u0119bszym wyrazem naszej mi\u0142o\u015bci jest nasza modlitwa za nich. Dlatego zapraszamy do wsp\u00f3lnej modlitwy za zmar\u0142ych codziennie na Mszy \u015bw. Zbiorowej o godz. 18:00, a po niej na Koronk\u0119 do Mi\u0142osierdzia Bo\u017cego, po\u0142\u0105czon\u0105 z Wypominkami.<\/p>\n<p><strong>7. Od 11 do 19 listopada w naszej parafii b\u0119dzie trwa\u0142a Nowenna do \u015bw. Rafa\u0142a Kalinowskiego,<\/strong> przygotowuj\u0105ca nas duchowo do Odpustu Parafialnego. Nowenn\u0119 b\u0119dziemy odmawia\u0107 na zako\u0144czenie Mszy \u015bw. Zapraszamy do tej wsp\u00f3lnej modlitwy.<\/p>\n<p><strong>8. W tym tygodniu rozpoczynamy przygotowania<\/strong> do pierwszej rocznicy po\u015bwiecenia (konsekracji) naszej \u015bwi\u0105tyni i ODPUSTU PARAFIALNEGO.<br \/>\nZapraszamy do udzia\u0142u w przygotowaniach poprzez udzia\u0142 w nast\u0119puj\u0105cych wydarzeniach:<\/p>\n<ul>\n<li>16.11.2019r., sobota godz. 18:00 \u2013 Msza \u015bw., spotkanie Rodziny Karmelita\u0144skiej i Bractwa Szkaplerznego. W tym dniu b\u0119dziemy dzi\u0119kowa\u0107 za powstanie naszej parafii, erygowanej 16 listopada 1993 roku przez \u015bp. ks. Biskupa Andrzeja \u015aliwi\u0144skiego \u2013 Pierwszego Biskupa Elbl\u0105skiego.<\/li>\n<li>17.11.2019r., niedziela godz. 12:00 UROCZYSTA MSZA \u015aWI\u0118TA pod przewodnictwem J.E. Ks. Biskupa Wojciecha Skibickiego; Msz\u0119 \u015bw. u\u015bwietni Ch\u00f3r \u017be\u0144ski \u201eCANTATA\u201d<br \/>\nz Mor\u0105ga oraz ods\u0142oni\u0119cie pami\u0105tkowej tablicy upami\u0119tniaj\u0105cej dzie\u0144 konsekracji ko\u015bcio\u0142a. ZAPRASZAMY do udzia\u0142u w tym wydarzeniu.<\/li>\n<li>18.11.2019r., poniedzia\u0142ek godz. 17:30 Adoracja Naj\u015bwi\u0119tszego Sakramentu po\u0142\u0105czona z modlitw\u0105 dzi\u0119kczynn\u0105 za parafi\u0119. Zapraszamy szczeg\u00f3lnie m\u0142odzie\u017c KSM oraz kandydat\u00f3w do bierzmowania rok I i II do wsp\u00f3lnej modlitwy.<\/li>\n<li>19.11.2019r., wtorek godz. 17:30 Adoracja w intencji DZIE\u0141A DUCHOWEJ ADOPCJI. Msza \u015bw. o godz. 18:00 z mo\u017cliwo\u015bci\u0105 podj\u0119cia Duchowej Adopcji Dziecka Pocz\u0119tego zagro\u017conego aborcj\u0105. Zapraszamy wszystkie osoby, kt\u00f3re podejmowa\u0142y t\u0119 form\u0119 OBRONY \u017bYCIA oraz osoby pragn\u0105ce w\u0142\u0105czy\u0107 si\u0119 w to wielkie dzie\u0142o modlitwy za dzieci zagro\u017cone zabiciem.<\/li>\n<li>20.11.2109r., \u015broda UROCZYSTE MSZE \u015aW. ODPUSTOWE o godz. 8:00. 11:00 (z udzia\u0142em ksi\u0119\u017cy z dekanatu i zaproszonych go\u015bci) oraz o godz. 18:00.<\/li>\n<\/ul>\n<p><strong>9. W poniedzia\u0142ek tj. 18 listopada o godz. 18:00<\/strong> zostanie odprawiona Msza \u015bw. z nauk\u0105 dla m\u0142odzie\u017cy. W tym dniu przypada wspomnienie b\u0142. Karoliny K\u00f3zk\u00f3wny patronki Ruchu Czystych Serc i Katolickiego Stowarzyszenia M\u0142odzie\u017cy.<\/p>\n<p><strong>10. Nasza parafia organizuje w dniach 22-23 listopada br. PIELGRZYMK\u0118 do TORUNIA I LICHENIA<\/strong>. Wyjazd 22 listopada (pi\u0105tek) o godz.6:00. Nocleg w Licheniu. W programie: Sanktuarium \u015bw. Jana Paw\u0142a II, Radio Maryja, spacer po Toru\u0144skiej Star\u00f3wce oraz Sanktuarium w Licheniu. Koszt 250 z\u0142 (nocleg \u015bniadanie, autokar, ubezpieczenie), pozosta\u0142e posi\u0142ki we w\u0142asnym zakresie. Zapisy w zakrystii.<\/p>\n<p><strong>11. Zach\u0119camy do czytania prasy katolickiej:<\/strong> nowy numer \u201eGo\u015bcia Niedzielnego\u201d w cenie 6 z\u0142. wraz z dodatkiem \u201eGo\u015b\u0107 Elbl\u0105ski\u201d a w nim wydarzenia z diecezji.<\/p>\n<p>&nbsp;<\/p>\n<p><img decoding=\"async\" id=\"intencje-826\" src=\"http:\/\/rafalk-elblag.pl\/wp-content\/uploads\/2019\/09\/intencje_mszalne.jpg\" width=\"800px\"><\/p>\n<h2>Intencje mszalne 10.11.2019<\/h2>\n<p><strong>PONIEDZIA\u0141EK 11 listopada 2019r.<\/strong> \/ \u015bw. Marcina z Tours \u0141k 17, 1-6<br \/>\n8.00 Dzi\u0119kczynna w dniu urodzin Klaudii z pro\u015bb\u0105 o Bo\u017ce b\u0142ogos\u0142awie\u0144stwo<br \/>\n11.00 W intencji Ojczyzny<br \/>\n18.00 Dzi\u0119kczynna za ks. Marcina w dniu imienin<br \/>\n18.00 \u2020 Msza \u015awi\u0119ta zbiorowa \u2020<br \/>\n<strong>WTOREK 12 listopada 2019r.<\/strong> \u0141k 17, 7-10<br \/>\n8.00 O Bo\u017ce b\u0142og. i potrzebne \u0142aski dla ks. Piotra Makowskiego z ok. urodzin \u2013 int. od Margaretki<br \/>\n18.00 \u2020 J\u00f3zef Kwiatosz w 6 r.\u015bm.<br \/>\n18.00 \u2020 Msza \u015awi\u0119ta zbiorowa \u2020<br \/>\n<strong>\u015aRODA 13 listopada 2019r.<\/strong> \/ pierwszych m\u0119czennik\u00f3w Polski \u0141k 17, 11-19<br \/>\n8.00 \u2020 Wiktoria, Teofil, Edward, Henryk, Ewa i Zenon<br \/>\n18.00 \u2020 Jolanta Ko\u015bci\u0144ska w 3 r.\u015bm. i Anna Rzepka w 3 r.\u015bm.<br \/>\n18.00 \u2020 Msza \u015awi\u0119ta zbiorowa \u2020<br \/>\n<strong>CZWARTEK 14 listopada 2019r.<\/strong> \u0141k 17, 20-25<br \/>\n8.00 O Bo\u017ce b\u0142og., \u015bwiat\u0142o Ducha \u015aw. i potrzebne \u0142aski dla Danuty w pokonywaniu trudno\u015bci \u017cyciowych<br \/>\n18.00 \u2020 Msza \u015awi\u0119ta zbiorowa \u2020<br \/>\n<strong>PI\u0104TEK 15 listopada 2019r.<\/strong> \/ \u015bw. Alberta Wielkiego \u0141k 17, 26-37<br \/>\n7.00 \u2020<br \/>\n18.00 O do\u015bwiadczenie Bo\u017cej mi\u0142o\u015bci dla Karoliny i Sebastiana<br \/>\n18.00 \u2020 Msza \u015awi\u0119ta zbiorowa \u2020<br \/>\n<strong>SOBOTA 16 listopada 2019r.<\/strong> \u0141k 18, 1-8<br \/>\n8.00 \u2020 Zofia Badaj w 30 dpp.<br \/>\n18.00 \u2020 Zmarli z Rodziny Karmelita\u0144skiej i Bractwa Szkaplerznego<br \/>\n18.00 \u2020 Msza \u015awi\u0119ta zbiorowa \u2020<br \/>\n<strong>XXXIII Niedziela Zwyk\u0142a \/ 17 listopada 2019r.<\/strong> \u0141k 21, 5-19<br \/>\n7.00 Dzi\u0119k. w 40 rocz. \u015blubu Krystyny i Grzegorza Kami\u0144skich z pro\u015bb\u0105 o Bo\u017ce b\u0142og. i potrezbne \u0142aski dla rubinowych jubilat\u00f3w<br \/>\n9.00 \u2020 Jan i Danuta Wielgolawscy i zm. z rodz. Wielgolawskich<br \/>\n10.30 \u2020 Zdzis\u0142aw Borowski w 3 r.\u015bm. i zm. z rodz.<br \/>\n12.00 W intencji Parafian w rocznic\u0119 po\u015bwi\u0119cenia Ko\u015bcio\u0142a<br \/>\n15.00 \u2020 Roman Tykarski w 6 mies. po pogrzebie<br \/>\n18.00 Msza \u015awi\u0119ta zbiorowa<\/p>\n","protected":false},"excerpt":{"rendered":"<p>CHRZE\u015aCIJA\u0143STWO I PATRIOTYZM Og\u0142oszenia parafialne 10.11.2019 Intencje mszalne 10.11.2019 &nbsp; CHRZE\u015aCIJA\u0143STWO I PATRIOTYZM Gdy w internetow\u0105 wyszukiwark\u0119 wpisze si\u0119 r\u00f3wnocze\u015bnie s\u0142owa \u201eKo\u015bci\u00f3\u0142\u201d i \u201epatriotyzm\u201d, w\u015br\u00f3d pierwszych wynik\u00f3w znajd\u0105 si\u0119 dwa pytania. Najpierw: \u201eCzy chrze\u015bcijanin mo\u017ce by\u0107 patriot\u0105?\u201d, a nieco ni\u017cej: \u201eCzy brak patriotyzmu to grzech?\u201d. Sprzeczno\u015b\u0107? Niekoniecznie. W indeksie tematycznym Katechizmu Ko\u015bcio\u0142a katolickiego termin \u201epatriotyzm\u201d [&hellip;]<\/p>\n","protected":false},"author":1,"featured_media":3536,"comment_status":"closed","ping_status":"closed","sticky":false,"template":"","format":"standard","meta":{"ngg_post_thumbnail":0,"footnotes":""},"categories":[11,8,4,3],"tags":[],"class_list":["post-3539","post","type-post","status-publish","format-standard","has-post-thumbnail","hentry","category-aktualnosci","category-blog","category-intencje","category-ogloszenia"],"_links":{"self":[{"href":"https:\/\/rafalk-elblag.pl\/index.php?rest_route=\/wp\/v2\/posts\/3539","targetHints":{"allow":["GET"]}}],"collection":[{"href":"https:\/\/rafalk-elblag.pl\/index.php?rest_route=\/wp\/v2\/posts"}],"about":[{"href":"https:\/\/rafalk-elblag.pl\/index.php?rest_route=\/wp\/v2\/types\/post"}],"author":[{"embeddable":true,"href":"https:\/\/rafalk-elblag.pl\/index.php?rest_route=\/wp\/v2\/users\/1"}],"replies":[{"embeddable":true,"href":"https:\/\/rafalk-elblag.pl\/index.php?rest_route=%2Fwp%2Fv2%2Fcomments&post=3539"}],"version-history":[{"count":1,"href":"https:\/\/rafalk-elblag.pl\/index.php?rest_route=\/wp\/v2\/posts\/3539\/revisions"}],"predecessor-version":[{"id":3540,"href":"https:\/\/rafalk-elblag.pl\/index.php?rest_route=\/wp\/v2\/posts\/3539\/revisions\/3540"}],"wp:featuredmedia":[{"embeddable":true,"href":"https:\/\/rafalk-elblag.pl\/index.php?rest_route=\/wp\/v2\/media\/3536"}],"wp:attachment":[{"href":"https:\/\/rafalk-elblag.pl\/index.php?rest_route=%2Fwp%2Fv2%2Fmedia&parent=3539"}],"wp:term":[{"taxonomy":"category","embeddable":true,"href":"https:\/\/rafalk-elblag.pl\/index.php?rest_route=%2Fwp%2Fv2%2Fcategories&post=3539"},{"taxonomy":"post_tag","embeddable":true,"href":"https:\/\/rafalk-elblag.pl\/index.php?rest_route=%2Fwp%2Fv2%2Ftags&post=3539"}],"curies":[{"name":"wp","href":"https:\/\/api.w.org\/{rel}","templated":true}]}}