{"id":3532,"date":"2019-11-01T13:53:39","date_gmt":"2019-11-01T13:53:39","guid":{"rendered":"http:\/\/rafalk-elblag.pl\/?p=3532"},"modified":"2019-11-01T13:53:40","modified_gmt":"2019-11-01T13:53:40","slug":"biuletyn-parafialny-nr-825-3-listopada-2019r-xxx-niedziela-zwykla","status":"publish","type":"post","link":"https:\/\/rafalk-elblag.pl\/?p=3532","title":{"rendered":"Biuletyn parafialny nr 825 \/ 3 listopada 2019r. XXX Niedziela Zwyk\u0142a"},"content":{"rendered":"<p><a href=\"#temat-825\">WYPOMINKI \u2013 CZYM S\u0104 I SK\u0104D SI\u0118 WZI\u0118\u0141Y?<\/a><br \/>\n<a href=\"#ogloszenia-825\">Og\u0142oszenia parafialne 03.11.2019<\/a><br \/>\n<a href=\"#intencje-825\">Intencje mszalne 03.11.2019<\/a><\/p>\n<p>&nbsp;<\/p>\n<p><img decoding=\"async\" id=\"temat-824\" src=\"http:\/\/rafalk-elblag.pl\/wp-content\/uploads\/2019\/11\/sdlier_825.jpg\"><\/p>\n<h1>WYPOMINKI \u2013 CZYM S\u0104 I SK\u0104D SI\u0118 WZI\u0118\u0141Y?<\/h1>\n<p><strong>Sk\u0105d si\u0119 wzi\u0119\u0142y wypominki? S\u0105 one jednym ze wielu znak\u00f3w wyra\u017cania naszej modlitewnej pami\u0119ci o zmar\u0142ych. Wypominki to jedna z najbardziej popularnych form modlitwy b\u0142agalnej za zmar\u0142ych, kt\u00f3rej tradycja si\u0119ga X wieku. Rozr\u00f3\u017cnia si\u0119 wypominki jednorazowe, oktawalne, p\u00f3\u0142roczne i roczne. Wierni na kartkach wypisuj\u0105 swoich zmar\u0142ych i przynosz\u0105 je do swoich duchownych wraz z przewidzian\u0105 ofiar\u0105.<\/strong><\/p>\n<p>Poszukuj\u0105c g\u0142\u0119bszego sensu wypominek warto cofn\u0105\u0107 si\u0119 o kilkana\u015bcie wiek\u00f3w do liturgii eucharystycznej sprawowanej w staro\u017cytnym Ko\u015bciele. Podczas przygotowania dar\u00f3w ofiarnych, lub nawet w czasie modlitwy eucharystycznej odczytywano tzw. \u201edyptyki\u201d, na kt\u00f3rych chrze\u015bcijanie wypisywali imiona \u017cyj\u0105cych biskup\u00f3w, ofiarodawc\u00f3w, dobrodziej\u00f3w, ale tak\u017ce \u015bwi\u0119tych m\u0119czennik\u00f3w i wyznawc\u00f3w, oraz wiernych zmar\u0142ych. Imiona odczytywano g\u0142o\u015bno i trwa\u0142o to bardzo d\u0142ugo.<\/p>\n<p>Drug\u0105 list\u0119 &#8211; list\u0119 \u015bwi\u0119tych, odczytywa\u0142 sam biskup, a nie ksi\u0105dz. M\u00f3wi\u0142: <strong>\u201eWspomnijmy b\u0142ogos\u0142awionych aposto\u0142\u00f3w i m\u0119czennik\u00f3w\u2026\u201d<\/strong>; nast\u0119pnie wyliczano imiona \u015bwi\u0119tych (czasem si\u0119gano a\u017c do Starego Testamentu, nawet do Adama).<\/p>\n<p>Wreszcie trzecia lista, kt\u00f3r\u0105 r\u00f3wnie\u017c czyta\u0142 biskup, zawiera\u0142a imiona zmar\u0142ych. Biskup m\u00f3wi\u0142: <strong>\u201ePodobnie wspomnijmy i dusze tych, kt\u00f3rzy spoczywaj\u0105: Hilarego, Atanazego, itd.\u201d<\/strong> Te trzy listy recytowano jednym ci\u0105giem; dzieli\u0142o je tylko trzykrotne, kr\u00f3tkie odezwanie si\u0119 ch\u00f3ru.<\/p>\n<p>Na koniec biskup \u015bpiewa\u0142 uroczyst\u0105 modlitw\u0119, w kt\u00f3rej prosi\u0142 Boga, aby wpisa\u0142 imiona \u017cywych i umar\u0142ych pomi\u0119dzy wybra\u0144c\u00f3w:<strong> \u201eTeraz wpisz te imiona na niebia\u0144skiej stronicy (\u2026), aby\u015bmy nie byli zawstydzeni w dzie\u0144, kiedy przyjdziesz ten \u015bwiat os\u0105dzi\u0107. Amen.\u201d<\/strong> Ta lista imion jest wi\u0119c ziemskim odpowiednikiem orygina\u0142u, prowadzonego przez Boga w niebie \u2013 ksi\u0119gi \u017cycia (liber vitae). Wielu widzi w odczytywanych dyptykach wyja\u015bnienie znaczenia zwoju, jaki trzyma\u0142y pos\u0105gi zmar\u0142ych na rzymskich sarkofagach. Jednak poprzez ceremoni\u0119 wyliczania imion wyra\u017cano przede wszystkim wi\u0119\u017a wsp\u00f3lnoty i mi\u0142o\u015bci, \u0142\u0105cz\u0105c\u0105 wszystkich cz\u0142onk\u00f3w Ko\u015bcio\u0142a chwalebnego (\u015bwi\u0119ci), cierpi\u0105cego (zmarli) i walcz\u0105cego (\u017cyj\u0105cy). Umieszczenie imion w dyptyku \u015bwiadczy\u0142o o trwaniu w jedno\u015bci ze wsp\u00f3lnot\u0105 ko\u015bcieln\u0105, a skre\u015blenie o wy\u0142\u0105czeniu z niej (ekskomunika). Po wyczytaniu, dyptyki k\u0142adziono na o\u0142tarzu, na kt\u00f3rym sprawowano Eucharysti\u0119, co te\u017c mia\u0142o swoj\u0105 wymow\u0119.<\/p>\n<p>Z czasem, gdy zacz\u0119to odprawia\u0107 msze wprost w intencji niekt\u00f3rych zmar\u0142ych (lub \u017cywych), dyptyki zast\u0105piono<strong> wspomnieniami (\u201emementa\u201d)<\/strong> nie zawieraj\u0105cymi ju\u017c imion wszystkich wiernych, o kt\u00f3rych Ko\u015bci\u00f3\u0142 pami\u0119ta, lecz tylko imiona jednego czy kilku wskazanych celebransowi. Usuni\u0119te ceremonie odczytywania d\u0142ugich list zmar\u0142ych przetrwa\u0142y jednak, ale jakby na marginesie Mszy \u015aw. (np. na samym jej pocz\u0105tku, jako intencje Mszy \u015bw., zw\u0142aszcza tzw. sumy, lub przy og\u0142oszeniach dotycz\u0105cych wsp\u00f3lnoty), albo przy innych obrz\u0119dach.<\/p>\n<p><strong>Dzisiejsze wypominki, s\u0105 kontynuacj\u0105 staro\u017cytnych dyptyk\u00f3w i maj\u0105 podobny sens. Podobnie jak one s\u0105 wyrazem mi\u0142o\u015bci i jedno\u015bci ca\u0142ego Ko\u015bcio\u0142a: pielgrzymuj\u0105cego na ziemi i tego, kt\u00f3ry przeszed\u0142 ju\u017c granic\u0119 \u015bmierci. Pisz\u0105c imiona zmar\u0142ych na kartkach wypominkowych, a nast\u0119pnie je odczytuj\u0105c wyra\u017camy wiar\u0119, \u017ce ich imiona s\u0105 zapisane w Bo\u017cej ksi\u0119dze \u017cycia. Znaczenie wypominek jest tym wi\u0119ksze, \u017ce podobnie jak w staro\u017cytno\u015bci, tak i dzisiaj, zwi\u0105zane s\u0105 one z Eucharysti\u0105. Za zmar\u0142ych wypisanych na kartkach wypominkowych odprawiana jest Msza \u015bw.<\/strong><\/p>\n<p>Trzeba zwr\u00f3ci\u0107 uwag\u0119 na si\u0142\u0119 przyzwyczajenia, na tradycj\u0119, kiedy to czytano przez wieki imiona i nazwiska zmar\u0142ych. I nie jest to wy\u0142\u0105cznie tradycja. Tradycj\u0105 jest spos\u00f3b odprawiania nabo\u017ce\u0144stwa. <strong>Najwa\u017cniejsza jest modlitwa za zmar\u0142ych, aby zostali uwolnieni od grzech\u00f3w i kar za grzechy nale\u017cnych. Oznacza to uwolnienie z czy\u015b\u0107ca i wej\u015bcie do nieba, czyli tego stanu \u017cycia, do kt\u00f3rego wszyscy wierz\u0105cy zd\u0105\u017camy.<\/strong><\/p>\n<p>&nbsp;<br \/>\n<img decoding=\"async\" id=\"ogloszenia-825\" src=\"http:\/\/rafalk-elblag.pl\/wp-content\/uploads\/2019\/09\/ogloszenia_parafialne.jpg\" width=\"800px\"><\/p>\n<h2>Og\u0142oszenia parafialne 03.11.2019<\/h2>\n<p><strong>1. Dzi\u015b indywidualna Adoracja Naj\u015bwi\u0119tszego Sakramentu<\/strong> od 16:00 do 18:00.&nbsp;<strong>Znajd\u017a czas, aby by\u0107 sam na sam z Twoim Panem.<\/strong><\/p>\n<p><strong>2. W listopadzie w spos\u00f3b szczeg\u00f3lny pochylamy si\u0119 nad mogi\u0142ami<\/strong>, w kt\u00f3rych spoczywaj\u0105 nasi bliscy. Najg\u0142\u0119bszym wyrazem naszej mi\u0142o\u015bci jest nasza modlitwa za nich. Dlatego zapraszamy do wsp\u00f3lnej modlitwy za zmar\u0142ych codziennie na Mszy \u015bw. Zbiorowej o godz. 18:00, a po niej na Koronk\u0119 do Mi\u0142osierdzia Bo\u017cego, po\u0142\u0105czon\u0105 z Wypominkami.<\/p>\n<p><strong>3. Ofiary zbierane dzisiaj<\/strong> na tac\u0119 przeznaczone s\u0105 sp\u0142at\u0119 kolejnej raty za wykonane \u0142awki i krzes\u0142a w prezbiterium w naszym ko\u015bciele. B\u00f3g zap\u0142a\u0107 za sk\u0142adane ofiary.<\/p>\n<p><strong>4. Dzieci wraz z rodzicami lub opiekunami zapraszamy na modlitw\u0119<\/strong> za zmar\u0142ych 6 listopada (\u015broda) na godz. 16:30. Prosimy, aby dzieci przynios\u0142y ze sob\u0105 znicze.<\/p>\n<p><strong>5. W tym tygodniu I czwartek miesi\u0105ca (7 listopada)<\/strong>. Zapraszamy na Eucharysti\u0119 o godz. 18:00 i GODZIN\u0118 \u015aWI\u0118T\u0104. Zapraszamy wszystkie MARGARETKI i osoby modl\u0105ce si\u0119 za kap\u0142an\u00f3w.<\/p>\n<p><strong>6. PRZYPOMINAMY!!!<\/strong> W pi\u0105tek tj. 8 listopada kap\u0142ani udadz\u0105 si\u0119 z Komuni\u0105 \u015aw. do chorych: ks. Proboszcz i ks. Marcin od godz. 9:30 a ks. Piotr od 11:30.<\/p>\n<p><strong>7. IDZIEMY DO MULTIKINA!!!<\/strong> Od 1 listopada w polskich kinach mo\u017cna ogl\u0105da\u0107 bardzo g\u0142o\u015bny film pt. \u201eNieplanowane\u201d. W krajach, gdzie odby\u0142y si\u0119 ju\u017c jego premiery, wywo\u0142a\u0142 on prawdziw\u0105 burz\u0119. Film opowiada histori\u0119 jednej z najm\u0142odszych dyrektorek kliniki aborcyjnej, kt\u00f3ra po 10 latach robienia kariery zobaczy\u0142a co\u015b, co zmieni\u0142o jej \u017cycie na zawsze&#8230; \u201eGdyby\u015b mia\u0142 zobaczy\u0107 w tym roku tylko jeden film, zobacz \u00abNieplanowane\u00bb&#8230;\u201d \u2013 tak o tym dziele napisa\u0142 jeden z ameryka\u0144skich biskup\u00f3w. Jest to film z gatunku tych, kt\u00f3ry ka\u017cdy powinien zobaczy\u0107. <strong>Gor\u0105co zach\u0119cam parafian, by wybra\u0107 si\u0119 wsp\u00f3lnie do Multikina &#8211; Ogrody dnia 7 listopada br.<\/strong> <strong>(czwartek)<\/strong> na godz. 20:00. Bilety w cenie 11 z\u0142, p\u0142acimy przy wej\u015bciu na film.<\/p>\n<p><strong>8. Najpi\u0119kniejsz\u0105 modlitw\u0105 Ko\u015bcio\u0142a jest Msza \u015bwi\u0119ta,<\/strong> kt\u00f3r\u0105 mo\u017cna zamawia\u0107 za \u017cywych i umar\u0142ych lub ofiarowa\u0107 jako wspania\u0142y chrze\u015bcija\u0144ski prezent z okazji rocznicy \u015blubu, chrztu, urodzin i imienin prosz\u0105c o \u0142aski lub za nie dzi\u0119kuj\u0105c. Mo\u017cna zamawia\u0107 i rezerwowa\u0107 Msze \u015bw. na rok 2020.<\/p>\n<p><strong>9. Za tydzie\u0144 nasz kleryk z pierwszego roku<\/strong>, Amadeusz Babiel, b\u0119dzie rozprowadza\u0142 kalendarze \u015bcienne na rok 2020 za dobrowoln\u0105 ofiar\u0119. Nabywaj\u0105c kalendarz wspieramy Wy\u017csze Seminarium Duchowne w Elbl\u0105gu.<\/p>\n<p><strong>10. Wszystkim Jubilatom i Solenizantom<\/strong> tego tygodnia \u017cyczymy wielu \u0142ask Bo\u017cych i opieki Matki Bo\u017cej Szkaplerznej.<\/p>\n<p>&nbsp;<\/p>\n<p><img decoding=\"async\" id=\"intencje-825\" src=\"http:\/\/rafalk-elblag.pl\/wp-content\/uploads\/2019\/09\/intencje_mszalne.jpg\" width=\"800px\"><\/p>\n<h2>Intencje mszalne 03.11.2019<\/h2>\n<p><strong>PONIEDZIA\u0141EK 4 listopada 2019r.<\/strong> \/ \u015bw. Karola Boromeusza \u0141k 14, 12-14<br \/>\n8.00 Za dusze w czy\u015b\u0107cu cierpi\u0105ce<br \/>\n18.00 <strong>\u2020 Msza \u015awi\u0119ta zbiorowa \u2020<\/strong><br \/>\n<strong>WTOREK 5 listopada 2019r.<\/strong> \u0141k 14, 15-24<br \/>\n8.00 O zdrowie i Bo\u017ce b\u0142ogos\u0142awie\u0144stwo dla Leokadii Sakowskiej<br \/>\n18.00 \u2020 Kordula Ma\u0142tach w 30 dpp.<br \/>\n18.00 <strong>\u2020 Msza \u015awi\u0119ta zbiorowa \u2020<\/strong><br \/>\n<strong>\u015aRODA 6 listopada 2019r.<\/strong> \u0141k 14, 25-33<br \/>\n8.00 \u2020 Jerzy Karpow w 10 r.\u015bm.<br \/>\n18.00 \u2020 Krystyna Kondrat w 2 r.\u015bm. i Bogus\u0142aw Kondrat<br \/>\n18.00 <strong>\u2020 Msza \u015awi\u0119ta zbiorowa \u2020<\/strong><br \/>\n<strong>CZWARTEK 7 listopada 2019r.<\/strong> \u0141k 15, 1-10<br \/>\n8.00 \u2020 W\u0142adys\u0142aw, Marianna i Wincenty Uler<br \/>\n18.00<strong> \u2020 Msza \u015awi\u0119ta zbiorowa \u2020<\/strong><br \/>\n<strong>PI\u0104TEK 8 listopada 2019r.<\/strong> \u0141k 16, 1-8<br \/>\n7.00 \u2020 Bronis\u0142awa (k) i Leon Pr\u0105dzy\u0144scy, Genowefa i Marian Fr\u0105tczakowie<br \/>\n18.00 \u2020 Monika Kowalska w 5 r.\u015bm.<br \/>\n18.00 <strong>\u2020 Msza \u015awi\u0119ta zbiorowa \u2020<\/strong><br \/>\n<strong>SOBOTA 9 listopada 2019r. \/<\/strong> rocznica po\u015bwi\u0119cenia Bazyliki Latera\u0144skiej J 2, 13-22<br \/>\n8.00 \u2020 Zdzis\u0142awa (k) Michaj, Genowefa i Walerian Broccy<br \/>\n18.00 \u2020 Marianna i J\u00f3zef Kury\u0142o, Krystyna, Gra\u017cyna, Przemys\u0142aw i zm. z rodz. Kotlewskich<br \/>\n18.00 \u2020 Msza \u015awi\u0119ta zbiorowa \u2020<br \/>\n<strong>XXXII Niedziela Zwyk\u0142a \/ 10 listopada 2019r.<\/strong> \u0141k 20, 34-38<br \/>\n7.00 \u2020 Halina, Agnieszka, Bronis\u0142aw i Eugeniusz Rajscy<br \/>\n9.00 Dzi\u0119kczynna z ok. 18 urodzin Stanis\u0142awa z pro\u015bb\u0105 o Bo\u017ce b\u0142og., opiek\u0119 MB, pracowito\u015b\u0107 i wszelkie \u0142aski<br \/>\n9.00 O ci\u0105g\u0142e budowanie relacji z Bogiem i mi\u0119dzy sob\u0105 dla Nikodema i jego rodziny, Agnieszki i ca\u0142ej rodziny zakonnej oraz dla Macieja i Magdy<br \/>\n10.30 Dzi\u0119kczynna z ok. 14 urodzin Patryka z pro\u015bb\u0105 o Bo\u017ce b\u0142og. i opiek\u0119 MB<br \/>\n12.00 W intencji Parafian<br \/>\n15.00 \u2020 Zofia i Stanis\u0142aw Kula<br \/>\n<strong>18.00 Msza \u015awi\u0119ta zbiorowa<\/strong><\/p>\n","protected":false},"excerpt":{"rendered":"<p>WYPOMINKI \u2013 CZYM S\u0104 I SK\u0104D SI\u0118 WZI\u0118\u0141Y? Og\u0142oszenia parafialne 03.11.2019 Intencje mszalne 03.11.2019 &nbsp; WYPOMINKI \u2013 CZYM S\u0104 I SK\u0104D SI\u0118 WZI\u0118\u0141Y? Sk\u0105d si\u0119 wzi\u0119\u0142y wypominki? S\u0105 one jednym ze wielu znak\u00f3w wyra\u017cania naszej modlitewnej pami\u0119ci o zmar\u0142ych. Wypominki to jedna z najbardziej popularnych form modlitwy b\u0142agalnej za zmar\u0142ych, kt\u00f3rej tradycja si\u0119ga X wieku. [&hellip;]<\/p>\n","protected":false},"author":1,"featured_media":3531,"comment_status":"closed","ping_status":"closed","sticky":false,"template":"","format":"standard","meta":{"ngg_post_thumbnail":0,"footnotes":""},"categories":[11,8,4,3],"tags":[],"class_list":["post-3532","post","type-post","status-publish","format-standard","has-post-thumbnail","hentry","category-aktualnosci","category-blog","category-intencje","category-ogloszenia"],"_links":{"self":[{"href":"https:\/\/rafalk-elblag.pl\/index.php?rest_route=\/wp\/v2\/posts\/3532","targetHints":{"allow":["GET"]}}],"collection":[{"href":"https:\/\/rafalk-elblag.pl\/index.php?rest_route=\/wp\/v2\/posts"}],"about":[{"href":"https:\/\/rafalk-elblag.pl\/index.php?rest_route=\/wp\/v2\/types\/post"}],"author":[{"embeddable":true,"href":"https:\/\/rafalk-elblag.pl\/index.php?rest_route=\/wp\/v2\/users\/1"}],"replies":[{"embeddable":true,"href":"https:\/\/rafalk-elblag.pl\/index.php?rest_route=%2Fwp%2Fv2%2Fcomments&post=3532"}],"version-history":[{"count":1,"href":"https:\/\/rafalk-elblag.pl\/index.php?rest_route=\/wp\/v2\/posts\/3532\/revisions"}],"predecessor-version":[{"id":3533,"href":"https:\/\/rafalk-elblag.pl\/index.php?rest_route=\/wp\/v2\/posts\/3532\/revisions\/3533"}],"wp:featuredmedia":[{"embeddable":true,"href":"https:\/\/rafalk-elblag.pl\/index.php?rest_route=\/wp\/v2\/media\/3531"}],"wp:attachment":[{"href":"https:\/\/rafalk-elblag.pl\/index.php?rest_route=%2Fwp%2Fv2%2Fmedia&parent=3532"}],"wp:term":[{"taxonomy":"category","embeddable":true,"href":"https:\/\/rafalk-elblag.pl\/index.php?rest_route=%2Fwp%2Fv2%2Fcategories&post=3532"},{"taxonomy":"post_tag","embeddable":true,"href":"https:\/\/rafalk-elblag.pl\/index.php?rest_route=%2Fwp%2Fv2%2Ftags&post=3532"}],"curies":[{"name":"wp","href":"https:\/\/api.w.org\/{rel}","templated":true}]}}