{"id":3521,"date":"2019-10-27T13:18:35","date_gmt":"2019-10-27T13:18:35","guid":{"rendered":"http:\/\/rafalk-elblag.pl\/?p=3521"},"modified":"2019-11-01T13:41:10","modified_gmt":"2019-11-01T13:41:10","slug":"biuletyn-parafialny-nr-824-27-pazdziernika-2019r-xxx-niedziela-zwykla","status":"publish","type":"post","link":"https:\/\/rafalk-elblag.pl\/?p=3521","title":{"rendered":"Biuletyn parafialny nr 824 \/ 27 pa\u017adziernika 2019r. XXX Niedziela Zwyk\u0142a"},"content":{"rendered":"<p><a href=\"#temat-824\">JAK POM\u00d3C ZMAR\u0141YM ?<\/a><br \/>\n<a href=\"#ogloszenia-824\">Og\u0142oszenia parafialne 27.10.2019<\/a><br \/>\n<a href=\"#intencje-824\">Intencje mszalne 27.10.2019<\/a><\/p>\n<p><img decoding=\"async\" id=\"temat-824\" src=\"http:\/\/rafalk-elblag.pl\/wp-content\/uploads\/2019\/11\/sdlier_824.jpg\"><\/p>\n<h1>JAK POM\u00d3C ZMAR\u0141YM ?<\/h1>\n<p><strong><br \/>\nNa cmentarzach ruch. Kamieniarze ko\u0144cz\u0105 stawia\u0107 pomniki. Bliscy odnawiaj\u0105 nagrobki, czyszcz\u0105, sprz\u0105taj\u0105, krz\u0105taj\u0105 si\u0119. Niekt\u00f3rzy spotykaj\u0105 si\u0119 tu codziennie, inni tylko teraz, w okolicach 1 listopada. Zbli\u017ca si\u0119 Dzie\u0144 Wszystkich \u015awi\u0119tych, a nast\u0119pnie Zaduszki &#8211; dni pami\u0119ci o tych, kt\u00f3rych ju\u017c nie ma w\u015br\u00f3d nas.<br \/>\n<\/strong><br \/>\nPolska tradycja nakazuje odwiedzanie w te dni grob\u00f3w swoich bliskich, zapalenie zniczy, z\u0142o\u017cenie kwiat\u00f3w, ale czy tylko to? Stoj\u0105c po\u015br\u00f3d grob\u00f3w, patrzy\u0142am na niem\u0142od\u0105 ju\u017c kobiet\u0119 przy grobie niedawno zmar\u0142ego m\u0119\u017ca. Odchodzi\u0142a kilka razy, kilka razy wraca\u0142a. Nie mog\u0142a rozsta\u0107 si\u0119 z grobem. Z grobem &#8211; wiedzia\u0142a przecie\u017c, \u017ce wierny towarzysz jej \u017cycia ju\u017c jest u Pana. Prze\u017cegna\u0142a si\u0119 jeszcze raz, a jej usta porusza\u0142y si\u0119 w bezg\u0142o\u015bnym pacierzu. Pochyli\u0142a si\u0119 poprawiaj\u0105c kwiaty i znicze, kt\u00f3re pod dotkni\u0119ciem jej pacierza i jej d\u0142oni stawa\u0142y si\u0119 modlitw\u0105. Wreszcie wyprostowa\u0142a si\u0119, szybkim ruchem odwr\u00f3ci\u0142a i posz\u0142a ku bramie cmentarza. Jej modlitwa zosta\u0142a d\u0142u\u017cej ni\u017c ona sama mog\u0142a pozosta\u0107.&nbsp;<strong>Wprowadzi\u0107 w swoje \u017cycie praktyk\u0119 systematycznego odwiedzania miejsca poch\u00f3wku bliskich zmar\u0142ych. I nie tylko po to, aby posprz\u0105ta\u0107 pomnik lub posta\u0107 sobie i powspomina\u0107 wsp\u00f3lne \u017cycie. To prawda, \u017ce chyba najlepiej modli si\u0119 za zmar\u0142ych na cmentarzu, kiedy cz\u0142owiek pochyla si\u0119 nad grobem swoich bliskich, ale trzeba pami\u0119ta\u0107, \u017ce istnieje wiele sposobno\u015bci, aby przed\u0142u\u017cy\u0107 t\u0119 modlitw\u0119 przy grobie.<br \/>\n<\/strong><strong><br \/>\nJedn\u0105 z nich s\u0105 Msze \u015bw. w intencji zmar\u0142ych. Zamawianie Mszy \u015bw. za zmar\u0142ych to bodaj najwa\u017cniejszy spos\u00f3b modlenia si\u0119 za nich. W szczeg\u00f3lnych okoliczno\u015bciach mo\u017cliwe jest r\u00f3wnie\u017c odprawianie Mszy \u015bw. gregoria\u0144skich, czyli 30 Mszy \u015bw. odprawianych codziennie przez ca\u0142y miesi\u0105c. Wypominki to kolejna sposobno\u015b\u0107 do przed\u0142u\u017cenia modlitwy przy grobie.<br \/>\n<\/strong><\/p>\n<p>W oktawie Wszystkich \u015awi\u0119tych, a tak\u017ce przez ca\u0142y rok modlitwa za zmar\u0142ych polega na wyczytywaniu imion i nazwisk, i wsp\u00f3lnej modlitwie za nich. Pewnie mo\u017cna by modli\u0107 si\u0119 za bliskich zmar\u0142ych w ciszy swojego domu, ale B\u00f3g obiecuje nam, \u017ce tam, gdzie dw\u00f3ch albo trzech modli si\u0119 w Jego imi\u0119, tam jest On jakby bardziej obecny. Wypominki nie s\u0105 wi\u0119c prywatn\u0105 modlitw\u0105 za zmar\u0142ych, ale modlitw\u0105 ca\u0142ego Ko\u015bcio\u0142a.<\/p>\n<p>Ko\u015bci\u00f3\u0142 nada\u0142 mo\u017cliwo\u015b\u0107 zyskania odpustu zupe\u0142nego, kt\u00f3ry tak\u017ce mo\u017ce sta\u0107 si\u0119 darem dla dusz czy\u015b\u0107cowych. Warto pomy\u015ble\u0107 w okresie wzmo\u017conej pami\u0119ci o zmar\u0142ych o tym, aby nasza modlitwa za tych, kt\u00f3rzy s\u0105 ju\u017c w wieczno\u015bci nie trwa\u0142a tylko chwil\u0119 i oby\u015bmy w tym roku, wracaj\u0105c z cmentarza nie stwierdzili nagle, \u017ce spotkali\u015bmy si\u0119 z rodzin\u0105, przyozdobili\u015bmy groby, pospacerowali\u015bmy po cmentarzu, a zabrak\u0142o w tym wszystkim modlitwy do Boga. Ci, kt\u00f3rzy odeszli, je\u015bli w og\u00f3le jeszcze czego\u015b potrzebuj\u0105 to blisko\u015bci i przebywania z Bogiem! Pomoc zmar\u0142ym to wyraz naszej wzgl\u0119dem nich solidarno\u015bci i mi\u0142o\u015bci. W jednym z prywatnych objawie\u0144 czytamy, \u017ce ka\u017cdy uczynek mi\u0142o\u015bci ofiarowany zmar\u0142ym jest jak szklanka wody podana spragnionemu.<br \/>\n<strong><br \/>\nNawiedzaj\u0105c z modlitw\u0105 ko\u015bci\u00f3\u0142 lub kaplic\u0119 w uroczysto\u015b\u0107 Wszystkich \u015awi\u0119tych oraz w Dniu Zadusznym, mo\u017cemy pod zwyk\u0142ymi warunkami uzyska\u0107 odpust zupe\u0142ny, czyli ca\u0142kowite darowanie kar dla dusz w czy\u015b\u0107cu cierpi\u0105cych. Ponadto wype\u0142niaj\u0105c okre\u015blone warunki, mo\u017cemy uzyska\u0107 odpust zupe\u0142ny od 1 do 8 listopada za pobo\u017cne (czyli modlitewne) nawiedzenie cmentarza. Odpust zupe\u0142ny mo\u017cemy uzyska\u0107 raz dziennie. Warunki uzyskania odpustu zupe\u0142nego:<br \/>\n<\/strong><br \/>\n1. Wzbudzi\u0107 intencj\u0119 jego otrzymania.<br \/>\n2. By\u0107 w stanie \u0142aski u\u015bwi\u0119caj\u0105cej.<br \/>\n3. Wyzby\u0107 si\u0119 przywi\u0105zania do jakiegokolwiek grzechu.<br \/>\n4. Przyj\u0105\u0107 w tym dniu Komuni\u0119 \u015awi\u0119t\u0105.<br \/>\n5. Odnowi\u0107 nasz\u0105 jedno\u015b\u0107 ze wsp\u00f3lnot\u0105 Ko\u015bcio\u0142a poprzez odm\u00f3wienie: \u201cOjcze nasz\u201d, \u201cWierz\u0119 w Boga\u201d oraz modlitwy w intencjach bliskich Ojcu \u015awi\u0119temu.<\/p>\n<p>&nbsp;<br \/>\n<img decoding=\"async\" id=\"ogloszenia-824\" src=\"http:\/\/rafalk-elblag.pl\/wp-content\/uploads\/2019\/09\/ogloszenia_parafialne.jpg\" width=\"800px\"><\/p>\n<h2>Og\u0142oszenia parafialne 27.10.2019<\/h2>\n<p><strong>1. Osoby modl\u0105ce si\u0119 za kap\u0142an\u00f3w i tworz\u0105ce Apostolat<\/strong> \u201eMargaretka\u201d zapraszamy dzisiaj na wsp\u00f3lny R\u00f3\u017caniec \u015awi\u0119ty o godz. 17:15 i na Msz\u0119 \u015bw. o godz. 18:00 w 10 rocznic\u0119 powstania Apostolatu przy naszej parafii. Po Eucharystii wsp\u00f3lne \u015bwi\u0119towanie.<\/p>\n<p><strong>2. Przed nami ostatnie dni pa\u017adziernika<\/strong> Miesi\u0105ca R\u00f3\u017ca\u0144ca \u015awi\u0119tego i Nadzwyczajnego Miesi\u0105ca Misyjny. Zapraszamy na nabo\u017ce\u0144stwa: doros\u0142ych i m\u0142odzie\u017c o godz. 17:15, dzieci zapraszamy: w poniedzia\u0142ki i \u015brody o godz. 16:30.<\/p>\n<p><strong>3. Jak ka\u017cdego roku w listopadzie modli\u0107 si\u0119 b\u0119dziemy za naszych zmar\u0142ych,<\/strong> dlatego przy Biuletynie znajdziemy koperty, w kt\u00f3rych s\u0105 kartki na Msz\u0119 \u015bw. zbiorow\u0105 i wypominki. Prosimy o czytelne wype\u0142nianie kartek. Kartka z napisem MSZA \u015aW. ZBIOROWA ZA ZMAR\u0141YCH odprawiana b\u0119dzie przez ca\u0142y listopad o godz. 18:00. Druga kartka z napisem WYPOMINKI wyczytywana b\u0119dzie podczas Koronki do Mi\u0142osierdzia Bo\u017cego po Mszy \u015bw. wieczornej.<\/p>\n<p><strong>UWAGA!!! PROSIMY zaznaczy\u0107 na kartce od MSZY \u015aW. ZBIOROWEJ ZA ZMAR\u0141YCH<\/strong> dat\u0119 (dzie\u0144), w kt\u00f3rym imiona i nazwiska naszych drogich zmar\u0142ych maj\u0105 by\u0107 wyczytane. Prosimy, by nie wyznacza\u0107 dnia 2 listopada, gdy\u017c ten dzie\u0144 przeznaczony b\u0119dzie na szczeg\u00f3lne nabo\u017ce\u0144stwo za wszystkich zmar\u0142ych z naszej parafii w ostatnim roku, tj. od 1 listopada 2018 r.<\/p>\n<p><strong>4. Kandydat\u00f3w do Bierzmowania Rok I i Rok II zapraszamy w \u015brod\u0119<\/strong> 30 listopada br. na Msz\u0119 \u015bw. o godz. 18:00 po\u0142\u0105czon\u0105 ze \u015bwiadectwem. Obecno\u015b\u0107 obowi\u0105zkowa.<\/p>\n<p><strong>5. Dnia 31 pa\u017adziernika br. w parafii \u015bw. Wojciecha w Elbl\u0105gu,<\/strong> ul. Wiejska 4 od godz. 17:30 rozpocznie si\u0119 IV ELBL\u0104SKA NOC \u015aWI\u0118TYCH. Szczeg\u00f3\u0142y na plakacie.<\/p>\n<p><strong>6. Uwaga! 1 listopada Msze \u015bwi\u0119te odprawione b\u0119d\u0105 na Cmentarzach:<\/strong> AGRYKOLA \u2013 godz. 11:30, D\u0118BICA (Stara Kaplica) \u2013 12:00; \u015aW. WOJCIECH godz. 14:00, a po nich procesja po\u0142\u0105czona z modlitwami za zmar\u0142ych.<\/p>\n<p><strong>7. W pi\u0105tek 1 listopada<\/strong> &#8211; Uroczysto\u015b\u0107 Wszystkich \u015awi\u0119tych. Msze \u015aw. o godz.: 7:00, 9:00, 10:30 i 18:00. Msza \u015bw. o godz. 18:00 jest pierwsz\u0105 Msz\u0105 \u015bw. Zbiorow\u0105. Przypominamy, \u017ce od 1 do 8 listopada w\u0142\u0105cznie mo\u017cna uzyska\u0107 ODPUST ZUPE\u0141NY. Szczeg\u00f3\u0142y nt. Uzyskania odpustu w biuletynie.<\/p>\n<p><strong>8. W sobot\u0119 2 listopada &#8211; Wspomnienie Wszystkich Wiernych Zmar\u0142ych, czyli Dzie\u0144 Zaduszny<\/strong>. Msze \u015bw. o godz. 8:00, 11:00 i o godz. 18:00. W tym dniu gor\u0105co zapraszamy rodziny zmar\u0142ych w ostatnim roku parafian, na Msz\u0119 \u015bw. o godz. 18:00 podczas kt\u00f3rej zostan\u0105 wyczytani i poleceni Bo\u017cemu Mi\u0142osierdziu.<\/p>\n<p>9. Dzieci wraz z rodzicami lub opiekunami<strong> zapraszamy na modlitw\u0119 za zmar\u0142ych 6 i 20 listopada<\/strong> (\u015broda) na godz. 16:30.<\/p>\n<p><strong>10. PRZYPOMINAMY!!!<\/strong> Zapisy dzieci do I Spowiedzi i Komunii \u015awi\u0119tej oraz m\u0142odzie\u017cy do Sakramentu Bierzmowania do ko\u0144ca pa\u017adziernika.<\/p>\n<p><strong>11. W tym tygodniu przypada pierwszy pi\u0105tek i sobota miesi\u0105ca.<\/strong><br \/>\n\u2022 w pierwszy pi\u0105tek (1 listopada) zapraszamy do spowiedzi dzieci z klas IV i m\u0142odzie\u017cy od godz. 17:30. Msza \u015bw. o godz. 18:00.<br \/>\n\u2022 kap\u0142ani udadz\u0105 si\u0119 z Komuni\u0105 \u015aw. do chorych w drugi pi\u0105tek miesi\u0105ca tj. 8 listopada (ks. Proboszcz i ks. Marcin od godz. 9:30, ks. Piotr od 11.30.<br \/>\n\u2022 w pierwsz\u0105 sobot\u0119 (2 listopada) zapraszamy wszystkich czcicieli Matki Bo\u017cej na NABO\u017bE\u0143STWO WYNAGRADZAJ\u0104CE ZA OBELGI PRZECIWKO DZIEWICTWU MARYI po\u0142\u0105czone z Adoracj\u0119 Naj\u015bwi\u0119tszego Sakramentu od godz. 17:00.<\/p>\n<p><strong>12. IDZIEMY DO MULTIKINA!!!<\/strong> Od 1 listopada w polskich kinach b\u0119dzie mo\u017cna ogl\u0105da\u0107 g\u0142o\u015bny film pt. \u201eNieplanowane\u201d. W krajach, gdzie odby\u0142y si\u0119 ju\u017c jego premiery, wywo\u0142a\u0142 on prawdziw\u0105 burz\u0119. Film opowiada histori\u0119 jednej z najm\u0142odszych dyrektorek kliniki aborcyjnej, kt\u00f3ra po 10 latach robienia kariery zobaczy\u0142a co\u015b, co zmieni\u0142o jej \u017cycie na zawsze&#8230; \u201eGdyby\u015b mia\u0142 zobaczy\u0107 w tym roku tylko jeden film, zobacz \u00abNieplanowane\u00bb&#8230;\u201d \u2013 tak o tym dziele napisa\u0142 jeden z ameryka\u0144skich biskup\u00f3w. Jest to film z gatunku tych, kt\u00f3ry ka\u017cdy powinien zobaczy\u0107. Gor\u0105co zach\u0119cam parafian, by wybra\u0107 si\u0119 wsp\u00f3lnie do Multikina \u2013 CH Ogrody dnia 7 listopada br. (czwartek) na godz. 20:00. Bilety w cenie 11 z\u0142, p\u0142acimy przy wej\u015bciu na film.<br \/>\nW spos\u00f3b szczeg\u00f3lny zapraszam na film rodzic\u00f3w dzieci przygotowuj\u0105cych si\u0119 do I Komunii \u015awi\u0119tej.<\/p>\n<p><strong>13. Za tydzie\u0144 ofiary<\/strong> zbierane na tac\u0119 przeznaczone b\u0119d\u0105 na sp\u0142at\u0119 kolejnej raty za wykonane \u0142awki i krzes\u0142a w prezbiterium w naszym Ko\u015bciele. B\u00f3g zap\u0142a\u0107 za sk\u0142adane ofiary.<\/p>\n<p>&nbsp;<\/p>\n<p><img decoding=\"async\" id=\"intencje-824\" src=\"http:\/\/rafalk-elblag.pl\/wp-content\/uploads\/2019\/09\/intencje_mszalne.jpg\" width=\"800px\"><\/p>\n<h2>Intencje mszalne 27.10.2019<\/h2>\n<p><strong>PONIEDZIA\u0141EK 28 pa\u017adziernika 2019r.<\/strong> \/ \u015bw. Szymona i Judy Tadeusza \u0141k 6, 12-19<br \/>\n8.00 \u2020 Stanis\u0142awa (k) Cie\u015bli\u0144ska w 16 r.\u015bm., Tadeusz, Krystyna i J\u00f3zef Cie\u015bli\u0144scy<br \/>\n18.00 \u2020 Weronika Czy\u017cyk (28 greg.)<br \/>\n18.00 \u2020 W\u0142adys\u0142awa (k), W\u0142adys\u0142aw i Jerzy Klimuk, Albin Wierzchucki, Janina i Jan Ignaczewscy<br \/>\n<strong>WTOREK 29 pa\u017adziernika 2019r.<\/strong> \u0141k 13, 18-21<br \/>\n8.00 \u2020 Weronika Czy\u017cyk (29 greg)<br \/>\n18.00 \u2020 J\u00f3zef Sejmicki w 11 r.\u015bm.<br \/>\n18.00 \u2020 Franciszek Songin w rocznic\u0119 \u015bmierci<br \/>\n<strong>\u015aRODA 30 pa\u017adziernika 2019r.<\/strong> \u0141k 13, 22-30<br \/>\n8.00 \u2020 Weronika Czy\u017cyk (30 greg.)<br \/>\n18.00 \u2020 J\u00f3zef Kwiatosz w 6 r.\u015bm.<br \/>\n18.00 \u2020 Zofia i Stanis\u0142aw, Janina i Bronis\u0142aw, Ryszard i Tadeusz<br \/>\n<strong>CZWARTEK 31 pa\u017adziernika 2019r.<\/strong> \u0141k 13, 31-35<br \/>\n8.00 \u2020 Regina Hipsz, Franciszek i Lech<br \/>\n18.00 O Bo\u017ce b\u0142og. dary Ducha \u015aw. i opiek\u0119 MB dla Rados\u0142awa<br \/>\n18.00 \u2020 Hubert Plit w 18 r.\u015bm.<br \/>\n<strong>PI\u0104TEK 1 listopada 2019r.<\/strong> \/ uroczysto\u015b\u0107 Wszystkich \u015awi\u0119tych Mt 5, 1-12a<br \/>\n7.00 \u2020 Irena, Ewa, J\u00f3zef, Ferdynand, Maria, Antoni, Wac\u0142aw, Boles\u0142aw i Anna<br \/>\n9.00 \u2020 Robert Wi\u015bniewski w 26 r.\u015bm., Zbigniew i zmarli rodzice<br \/>\n10.30 \u2020 Jan Przeworski w 1 r.\u015bm.<br \/>\n18.00 Msza \u015awi\u0119ta zbiorowa<br \/>\n<strong>SOBOTA 2 listopada 2019r.<\/strong> \/ Wszystkich Wiernych Zmar\u0142ych J 14, 1-6<br \/>\n8.00 \u2020 Franciszka i Eugeniusz Tolzdorf<br \/>\n11.00 \u2020 Rodzice: Cecylia (27 r.\u015bm.) i Stanis\u0142aw (31 r.\u015bm) Kocemba, Ewa Kocemba, Franciszek Szott, Anita Da\u0144czura i Krystyna Bejnar<br \/>\n18.00 Msza \u015awi\u0119ta zbiorowa<br \/>\n<strong>XXXI Niedziela Zwyk\u0142a \/ 3 listopada 2019r.<\/strong> \u0141k 19, 1-10<br \/>\n7.00 \u2020 Dionizy Szersze\u0144 w 4 r.\u015bm.<br \/>\n9.00 \u2020 Rodzice: W\u0142odzimierz (31 r.\u015bm.) i Bronis\u0142awa (30 r.\u015bm) Burdzie\u0142owscy<br \/>\n9.00 \u2020 Lucjan Lasek w 24 r.\u015bm., Marianna, Feliks i Sylwester Ba\u0142dyga, Bronis\u0142awa i Stanis\u0142aw Lasek<br \/>\n10.30 \u2020 Maria i Antoni Korolko, Maria i Micha\u0142 \u017by\u0142a, Helena i Zygmunt<br \/>\n12.00 W intencji Parafian<br \/>\n15.00 \u2020 Stefania Duch w 21 r.\u015bm., Henryk Groszyk w 30 r.\u015bm.<br \/>\n18.00 Msza \u015awi\u0119ta zbiorowa<\/p>\n","protected":false},"excerpt":{"rendered":"<p>JAK POM\u00d3C ZMAR\u0141YM ? Og\u0142oszenia parafialne 27.10.2019 Intencje mszalne 27.10.2019 JAK POM\u00d3C ZMAR\u0141YM ? Na cmentarzach ruch. Kamieniarze ko\u0144cz\u0105 stawia\u0107 pomniki. Bliscy odnawiaj\u0105 nagrobki, czyszcz\u0105, sprz\u0105taj\u0105, krz\u0105taj\u0105 si\u0119. Niekt\u00f3rzy spotykaj\u0105 si\u0119 tu codziennie, inni tylko teraz, w okolicach 1 listopada. Zbli\u017ca si\u0119 Dzie\u0144 Wszystkich \u015awi\u0119tych, a nast\u0119pnie Zaduszki &#8211; dni pami\u0119ci o tych, kt\u00f3rych ju\u017c [&hellip;]<\/p>\n","protected":false},"author":1,"featured_media":3524,"comment_status":"closed","ping_status":"closed","sticky":false,"template":"","format":"standard","meta":{"ngg_post_thumbnail":0,"footnotes":""},"categories":[11,8,4,3],"tags":[],"class_list":["post-3521","post","type-post","status-publish","format-standard","has-post-thumbnail","hentry","category-aktualnosci","category-blog","category-intencje","category-ogloszenia"],"_links":{"self":[{"href":"https:\/\/rafalk-elblag.pl\/index.php?rest_route=\/wp\/v2\/posts\/3521","targetHints":{"allow":["GET"]}}],"collection":[{"href":"https:\/\/rafalk-elblag.pl\/index.php?rest_route=\/wp\/v2\/posts"}],"about":[{"href":"https:\/\/rafalk-elblag.pl\/index.php?rest_route=\/wp\/v2\/types\/post"}],"author":[{"embeddable":true,"href":"https:\/\/rafalk-elblag.pl\/index.php?rest_route=\/wp\/v2\/users\/1"}],"replies":[{"embeddable":true,"href":"https:\/\/rafalk-elblag.pl\/index.php?rest_route=%2Fwp%2Fv2%2Fcomments&post=3521"}],"version-history":[{"count":5,"href":"https:\/\/rafalk-elblag.pl\/index.php?rest_route=\/wp\/v2\/posts\/3521\/revisions"}],"predecessor-version":[{"id":3529,"href":"https:\/\/rafalk-elblag.pl\/index.php?rest_route=\/wp\/v2\/posts\/3521\/revisions\/3529"}],"wp:featuredmedia":[{"embeddable":true,"href":"https:\/\/rafalk-elblag.pl\/index.php?rest_route=\/wp\/v2\/media\/3524"}],"wp:attachment":[{"href":"https:\/\/rafalk-elblag.pl\/index.php?rest_route=%2Fwp%2Fv2%2Fmedia&parent=3521"}],"wp:term":[{"taxonomy":"category","embeddable":true,"href":"https:\/\/rafalk-elblag.pl\/index.php?rest_route=%2Fwp%2Fv2%2Fcategories&post=3521"},{"taxonomy":"post_tag","embeddable":true,"href":"https:\/\/rafalk-elblag.pl\/index.php?rest_route=%2Fwp%2Fv2%2Ftags&post=3521"}],"curies":[{"name":"wp","href":"https:\/\/api.w.org\/{rel}","templated":true}]}}