{"id":3514,"date":"2019-10-19T11:16:58","date_gmt":"2019-10-19T11:16:58","guid":{"rendered":"http:\/\/rafalk-elblag.pl\/?p=3514"},"modified":"2019-10-19T11:19:17","modified_gmt":"2019-10-19T11:19:17","slug":"biuletyn-parafialny-nr-823-20-pazdziernika-2019r-xxix-niedziela-zwykla","status":"publish","type":"post","link":"https:\/\/rafalk-elblag.pl\/?p=3514","title":{"rendered":"Biuletyn parafialny nr 823\/20 pa\u017adziernika 2019r. XXIX Niedziela Zwyk\u0142a"},"content":{"rendered":"<p><a href=\"#temat-823\">MARYJNO\u015a\u0106 \u015aW. JANA PAW\u0141A II<\/a><br \/>\n<a href=\"#ogloszenia-823\">Og\u0142oszenia parafialne 20.10.2019<\/a><br \/>\n<a href=\"#intencje-823\">Intencje mszalne 20.10.2019<\/a><\/p>\n<p>&nbsp;<\/p>\n<p><img decoding=\"async\" id=\"temat-823\" src=\"http:\/\/rafalk-elblag.pl\/wp-content\/uploads\/2019\/10\/sdlier_823b.jpg\"><\/p>\n<h1>MARYJNO\u015a\u0106 \u015aW. JANA PAW\u0141A II<\/h1>\n<p><strong><br \/>\nZ okazji przypadaj\u0105cego 22 pa\u017adziernika, wspomnienia \u015bw. Jana Paw\u0142a II chciejmy spogl\u0105dn\u0105\u0107 syntetycznie na jego nabo\u017ce\u0144stwo maryjne. Ot\u00f3\u017c jeden z niepolskich autor\u00f3w, Robert Pannet, napisa\u0142 ponad 20 lat temu: \u201ePapie\u017c wybrany 16 pa\u017adziernika 1978 r. (po bardzo kr\u00f3tkim pontyfikacie Jana Paw\u0142a I), Jan Pawe\u0142 II, wcze\u015bniej arcybiskup krakowski, kardyna\u0142 Karol Wojty\u0142a, przyni\u00f3s\u0142 pobo\u017cno\u015bci maryjnej nowe tchnienie i zwielokrotniony zapa\u0142\u201d. Z kolei w\u0142oski mariolog Stefano De Fiores stwierdzi\u0142: \u201e\u017baden papie\u017c nie przeznaczy\u0142 tyle miejsca Maryi w katechezie i w wyra\u017ceniach kultu, \u017caden nie uczyni\u0142 tyle pielgrzymek do tej geografii \u0142aski, jak\u0105 stanowi\u0105 na ca\u0142ym \u015bwiecie sanktuaria maryjne, \u017caden nie po\u015bwi\u0119ci\u0142 Matce Bo\u017cej tyle razy narod\u00f3w, kontynent\u00f3w, Ko\u015bcio\u0142a i ca\u0142ego \u015bwiata, co Papie\u017c Wojty\u0142a\u201d.<br \/>\n<\/strong><br \/>\nRzeczywi\u015bcie, Jan Pawe\u0142 II odwiedzi\u0142 ponad sto sanktuari\u00f3w maryjnych znanych na ca\u0142ym \u015bwiecie, wyk\u0142adaj\u0105c tam doktryn\u0119 Ko\u015bcio\u0142a katolickiego o Matce Bo\u017cej, przypominaj\u0105c ka\u017cde uj\u0119te w Ewangelii wydarzenie z Jej \u017cycia i zawierzaj\u0105c Jej opiece Ko\u015bci\u00f3\u0142 powszechny, Ko\u015bcio\u0142y partykularne, narody i siebie samego.<br \/>\nSam Ojciec \u015awi\u0119ty wyzna\u0142 Andrzejowi Frossardowi, \u017ce gdy podczas wojny pracowa\u0142 w podkrakowskiej fabryce sody, lektura Traktatu o prawdziwym nabo\u017ce\u0144stwie do Naj\u015bwi\u0119tszej Maryi Panny \u015bw. Ludwika Grignon de Montfort wywo\u0142a\u0142a prze\u0142om w jego \u017cyciu duchowym. \u201eJe\u015bli dawniej zachowywa\u0142em dystans \u2013 m\u00f3wi Jan Pawe\u0142 II \u2013 obawiaj\u0105c si\u0119, \u017ce pobo\u017cno\u015b\u0107 maryjna przes\u0142oni mi Chrystusa zamiast ust\u0105pi\u0107 Mu miejsca, to dzi\u0119ki temu traktatowi poj\u0105\u0142em, \u017ce w istocie rzeczy jest odwrotnie. Nasza relacja z Matk\u0105 Bo\u017c\u0105 jest bezpo\u015brednim skutkiem naszego zespolenia z misterium Chrystusa.<br \/>\nNie ma wi\u0119c mowy, by Jedno z nich mog\u0142o przes\u0142oni\u0107 Drugie\u201d. W tym w\u0142a\u015bnie duchu winni\u015bmy rozumie\u0107 dewiz\u0119 Ojca \u015awi\u0119tego: \u201eCa\u0142y Tw\u00f3j Maryjo \u2013 Totus Tuus\u201d.<\/p>\n<p><strong>Zar\u00f3wno duchowo\u015b\u0107, jak i apostolstwo piotrowe \u015bw. Jana Paw\u0142a II, zawiera\u0142o si\u0119 w s\u0142owach Totus Tuus \u2013 ca\u0142y Tw\u00f3j. Ten program \u017cycia, streszczony r\u00f3wnie\u017c w Testamencie Papie\u017c\u0105, mia\u0142 wymiar na wskro\u015b maryjny. Ojciec \u015awi\u0119ty samego siebie i wszystko, czym \u017cy\u0142, powierza\u0142 z ufno\u015bci\u0105 Maryi, jak syn Matce. Cz\u0119sto u\u017cywa\u0142 okre\u015blenia \u201ezawierzenie\u201d.<\/strong><\/p>\n<p>Ju\u017c w 1979 r., w czasie pierwszej pielgrzymki do Ojczyzny wyzna\u0142 na Jasnej G\u00f3rze, \u017ce jest \u201ecz\u0142owiekiem zawierzenia\u201d i jeszcze raz odda\u0142 si\u0119 w macierzy\u0144sk\u0105 niewol\u0119 mi\u0142o\u015bci wedle s\u0142\u00f3w swego zawo\u0142ania: Totus Tuus. Od Matki Bo\u017cej uczy\u0142 si\u0119 zar\u00f3wno pok\u0142adania ufno\u015bci w Bogu, jak i bycia dyspozycyjnym dla Pana, a w Nim \u2013 dla Ko\u015bcio\u0142a i ka\u017cdego cz\u0142owieka. Cz\u0119sto przypomina\u0142 nauk\u0119 Soboru, \u017ce Maryja \u201epo\u015bwi\u0119ci\u0142a sam\u0105 siebie (\u2026) osobie i dzie\u0142u Syna swego, pod Jego zwierzchnictwem i wesp\u00f3\u0142 z Nim (\u2026) s\u0142u\u017c\u0105c tajemnicy odkupienia\u201d (8 I 1997).<\/p>\n<p>Dla Jana Paw\u0142a II Maryja by\u0142a Matk\u0105 Chrystusa, Wcielonego Syna Bo\u017cego i Matk\u0105 Mistycznego Cia\u0142a Chrystusa, czyli Ko\u015bcio\u0142a. Ojciec \u015awi\u0119ty nie zapomnia\u0142 nigdy o tym, \u017ce Maryja, jakkolwiek by\u0142a najznakomitszym cz\u0142onkiem Ko\u015bcio\u0142a, potrzebowa\u0142a jednak odkupienia, co sprawi\u0142o, \u017ce nale\u017cy do wsp\u00f3lnoty odkupionych. Z tego wzgl\u0119du \u201ejako cz\u0142onek Ko\u015bcio\u0142a, Maryja odda\u0142a na s\u0142u\u017cb\u0119 braciom swoj\u0105 osobist\u0105 \u015bwi\u0119to\u015b\u0107 \u2013 owoc \u0142aski Bo\u017cej oraz Jej wiernej wsp\u00f3\u0142pracy. Dlatego nadal niesie Ona dla wszystkich chrze\u015bcijan skuteczn\u0105 pomoc w ich walce z grzechem oraz nieustann\u0105 zach\u0119t\u0119, by \u017cyli jako odkupieni przez Chrystusa, u\u015bwi\u0119ceni przez Ducha, jako dzieci Ojca\u201d (30 VII 1997). Maryja, jako dziewicza Matka, jest dla Ko\u015bcio\u0142a wspania\u0142ym przyk\u0142adem: \u201ePatrz\u0105c na Maryj\u0119, wierz\u0105cy uczy si\u0119 \u017cy\u0107 w najg\u0142\u0119bszej komunii z Chrystusem, i\u015b\u0107 za Nim z \u017cyw\u0105 wiar\u0105, pok\u0142ada\u0107 w Nim swoj\u0105 ufno\u015b\u0107 i nadziej\u0119, kochaj\u0105c Go ca\u0142ym swym jestestwem\u201d (6 VIII 1997).<\/p>\n<p>Jan Pawe\u0142 II, kt\u00f3ry g\u0142osi\u0142 nieustannie prawd\u0119 o godno\u015bci cz\u0142owieka i broni\u0142 jego praw, cz\u0119sto rozwa\u017caj\u0105c o Matce Bo\u017cej nawi\u0105zywa\u0142 do godno\u015bci kobiety i w Matce Chrystusa, nazywanej najlepszym wyrazem geniuszu kobiecego, wskazywa\u0142 wz\u00f3r i wsparcie dla ka\u017cdej kobiety.<\/p>\n<p>&nbsp;<br \/>\n<img decoding=\"async\" id=\"ogloszenia-823\" src=\"http:\/\/rafalk-elblag.pl\/wp-content\/uploads\/2019\/09\/ogloszenia_parafialne.jpg\" width=\"800px\"><\/p>\n<h2>Og\u0142oszenia parafialne 20.10.2019<\/h2>\n<p><strong>1. W Nadzwyczajnym Miesi\u0105cu Misyjnym og\u0142oszonym przez Ojca \u015awi\u0119tego Franciszka,<\/strong> dzisiejsz\u0105 niedziel\u0105 rozpoczynamy 93 Tydzie\u0144 Misyjny pod has\u0142em: \u201eOCHRZCZENI I POS\u0141ANI\u201d. Niech ka\u017cdy z nas poczuje si\u0119 odpowiedzialny za g\u0142oszenie Dobrej Nowiny. Pami\u0119tajmy w modlitwie o tych wszystkich, kt\u00f3rzy pracuj\u0105 na misjach, a szczeg\u00f3lnie o ks. Zbigniewie Pieczuro (RPA), ks. Arkadiuszu Grabowskim (ROSJA), o. Dariuszu Marucie (MADAGASKAR). Ofiary z\u0142o\u017cone dzisiaj na tac\u0119 przeznaczone s\u0105 na Misje. Dzi\u0119kuj\u0119 za wsparcie i zrozumienie odpowiedzialno\u015bci za to dzie\u0142o.<\/p>\n<p><strong>2. Osoby modl\u0105ce si\u0119 za kap\u0142an\u00f3w i tworz\u0105ce Apostolat \u201eMargaretka\u201d<\/strong> zapraszamy za tydzie\u0144 na wsp\u00f3lny R\u00f3\u017caniec o godz. 17:15 i na Msz\u0119 \u015bw. o godz. 18:00 w 10 rocznic\u0119 powstania Apostolatu przy naszej parafii. Po Eucharystii wsp\u00f3lne \u015bwi\u0119towanie.<\/p>\n<p><strong>3. Miesi\u0105c R\u00f3\u017ca\u0144ca \u015awi\u0119tego i Nadzwyczajny Miesi\u0105c Misyjny.<\/strong> Zapraszamy na nabo\u017ce\u0144stwa z wystawieniem Naj\u015bwi\u0119tszego Sakramentu: doros\u0142ych i m\u0142odzie\u017c o godz. 17:15, a dzieci zapraszamy: w poniedzia\u0142ki i \u015brody o godz. 16:30.<\/p>\n<p><strong>4. Wszystkich chc\u0105cych pog\u0142\u0119bia\u0107 zrozumienie S\u0142owa Bo\u017cego<\/strong>, zapraszamy na spotkanie Kr\u0119gu Biblijnego, kt\u00f3re odb\u0119dzie si\u0119 w \u015brod\u0119 23 pa\u017adziernika o godz. 18.45.<\/p>\n<p><strong>5. Jak ka\u017cdego roku w listopadzie modli\u0107 si\u0119 b\u0119dziemy za naszych zmar\u0142ych,<\/strong> dlatego przed ko\u015bcio\u0142em b\u0119d\u0105 rozdawane koperty, w kt\u00f3rych s\u0105 kartki na Msz\u0119 \u015bw. zbiorow\u0105<br \/>\ni wypominki. Prosimy o czytelne wype\u0142nianie kartek. Kartka z napisem MSZA \u015aW. ZBIOROWA ZA ZMAR\u0141YCH odprawiana b\u0119dzie przez ca\u0142y listopad o godz. 18:00. Druga kartka z napisem WYPOMINKI wyczytywana b\u0119dzie podczas Koronki do Mi\u0142osierdzia Bo\u017cego po Mszy \u015bw. wieczornej.<br \/>\n<strong>UWAGA !!! PROSIMY zaznaczy\u0107 na kartce od MSZY \u015aW. ZBIOROWEJ ZA ZMAR\u0141YCH dat\u0119 (dzie\u0144),<\/strong> w kt\u00f3rym imiona i nazwiska naszych drogich zmar\u0142ych maj\u0105 by\u0107 wyczytane. Prosimy, by nie wyznacza\u0107 dnia 2 listopada, gdy\u017c ten dzie\u0144 przeznaczony b\u0119dzie na szczeg\u00f3lne nabo\u017ce\u0144stwo za wszystkich zmar\u0142ych z naszej parafii w ostatnim roku, tj. od 1 listopada 2018 r. Rodziny tych zmar\u0142ych zapraszamy do uczestnictwa w tym nabo\u017ce\u0144stwie, kt\u00f3re odprawimy 2 listopada o godz. 18:00.<\/p>\n<p><strong>6. Zapraszamy na Msz\u0119 \u015bwi\u0119t\u0105 dla chorych<\/strong> w pi\u0105tek 25 pa\u017adziernika o godz. 18:00. W czasie Mszy \u015bwi\u0119tej na\u0142o\u017cenie r\u0105k przez kap\u0142an\u00f3w oraz modlitwa o przywr\u00f3cenie zdrowia fizycznego i duchowego.<\/p>\n<p><strong>7. Za tydzie\u0144 w sobot\u0119 tj. 26 pa\u017adziernika<\/strong>, ze wzgl\u0119du na Msze \u015blubne, Nabo\u017ce\u0144stwo R\u00f3\u017ca\u0144cowe odb\u0119dzie si\u0119 wyj\u0105tkowo po Mszy wieczornej.<\/p>\n<p><strong>8. Dnia 31 pa\u017adziernika br. w parafii \u015bw. Wojciecha w Elbl\u0105gu,<\/strong> ul. Wiejska 4 od godz. 17:30 rozpocznie si\u0119 IV ELBL\u0104SKA NOC \u015aWI\u0118TYCH. Jest to inicjatywa maj\u0105ca u\u015bwiadomi\u0107 wiernym i mieszka\u0144com Elbl\u0105ga, chrze\u015bcija\u0144skie powo\u0142anie do \u015bwi\u0119to\u015bci, przybli\u017cy\u0107 im tajemnic\u0119 wiary jak\u0105 jest \u201e\u015bwi\u0119tych obcowanie\u201d oraz lepiej, bo w spos\u00f3b duchowy przygotowa\u0107 si\u0119 do Uroczysto\u015bci Wszystkich \u015awi\u0119tych. Szczeg\u00f3\u0142y na plakacie.<\/p>\n<p><strong>9. Zach\u0119camy do czytania prasy katolickiej: nowy numer \u201eGo\u015bcia Niedzielnego\u201d<\/strong> w cenie 5 z\u0142. wraz z dodatkiem \u201eGo\u015b\u0107 Elbl\u0105ski\u201d a w nim wydarzenia z diecezji.<\/p>\n<p>10. Pan powo\u0142a\u0142 do wieczno\u015bci: <strong>\u015bp. Zofi\u0119 Badaj, l. 81 z ul. Leszczy\u0144skiego.<\/strong> Wieczny odpoczynek racz jej da\u0107 Panie! A \u015bwiat\u0142o\u015b\u0107 wiekuista niechaj jej \u015bwieci.<\/p>\n<p>&nbsp;<\/p>\n<p><img decoding=\"async\" id=\"intencje-823\" src=\"http:\/\/rafalk-elblag.pl\/wp-content\/uploads\/2019\/09\/intencje_mszalne.jpg\" width=\"800px\"><\/p>\n<h2>Intencje mszalne 20.10.2019<\/h2>\n<p><strong>PONIEDZIA\u0141EK 21 pa\u017adziernika 2019r. \/ b\u0142. Jakuba Strzemi\u0119 \u0141k 11, 29-32<\/strong><br \/>\n8.00 \u2020 Weronika Czy\u017cyk (21 greg.)<br \/>\n18.00 O Bo\u017ce b\u0142og., opiek\u0119 MB i dary Ducha \u015awi\u0119tego dla Przemys\u0142awa<br \/>\n18.00 \u2020 Leszek Szandrach w 11 r.\u015bm.<br \/>\n<strong>WTOREK 22 pa\u017adziernika 2019r. \/ \u015bw. Jana Paw\u0142a II \u0141k 11, 37-41<\/strong><br \/>\n8.00 \u2020 Halina Zimolzak, Piotr i Paulina Mendalka<br \/>\n18.00 \u2020 Weronika Czy\u017cyk ( 22 greg.)<br \/>\n18.00 \u2020 Romualda (k) Rosik w 30 dpp.<br \/>\n<strong>\u015aRODA 23 pa\u017adziernika 2019r. \u0141k 11, 42-46<\/strong><br \/>\n8.00 \u2020 Weronika Czy\u017cyk (23 greg.)<br \/>\n18.00 W int. czcicieli Matki Bo\u017cej Nieustaj\u0105cej Pomocy<br \/>\n18.00 \u2020 Irena Wile\u0144ska w dniu ziemskich imienin i zm. z rodz. Wile\u0144skich i Bartosik\u00f3w<br \/>\n<strong>CZWARTEK 24 pa\u017adziernika 2019r. \/ \u015bw. Antoni Claret \u0141k 11, 47-54<\/strong><br \/>\n8.00 \u2020 Marian Segeda w 1 r.\u015bm., zm. z rodz. Seged\u00f3w, Dziurdz\u00f3w, Koz\u0142owskich, Kulp\u00f3w, Jadzewicz\u00f3w i Dawida<br \/>\n18.00 \u2020 Weronika Czy\u017cyk (24 greg.)<br \/>\n18.00 \u2020 Kazimierz Soko\u0142owski w 30 dpp.<br \/>\n<strong>PI\u0104TEK 25 pa\u017adziernika 2019r. \u0141k 10, 1-9<\/strong><br \/>\n8.00 \u2020 Weronika Czy\u017cyk (25 greg.)<br \/>\n9.00 Msza jubileuszowa z okazji 30 lat dzia\u0142alno\u015bci SP nr 11<br \/>\n18.00 \u2020 Jan i Jadwiga Miemiec, Zbigniew Tucholski<br \/>\n18.00 \u2020 Edmund Marchlewicz w 1 r.\u015bm.<br \/>\n<strong>SOBOTA 26 pa\u017adziernika 2019r. \u0141k 12, 8-12<\/strong><br \/>\n8.00 \u2020 Weronika Czy\u017cyk (26 greg.)<br \/>\n18.00 \u2020 Julianna Makowska w 10 r.\u015bm., Stefan i Kazimierz Makowscy<br \/>\n<strong>XXX Niedziela Zwyk\u0142a \/ 27 pa\u017adziernika 2019r. \u0141k 18, 1-8<\/strong><br \/>\n7.00 \u2020 Ma\u0142gorzata Kaczorowska<br \/>\n9.00 \u2020 Weronika Czy\u017cyk (27 greg.)<br \/>\n9.00 Dzi\u0119k. w 40 rocz. \u015blubu Lucyny i Ryszarda Zajdel z pro\u015bb\u0105 o Bo\u017ce b\u0142og., opiek\u0119 MB, zdrowie i potrzebne \u0142aski<br \/>\n10.30 W int. Piotrusia z ok. 3 urodzin oraz Ma\u0142gosi z ok. 24 urodzin z pro\u015bb\u0105 o Bo\u017ce b\u0142og. i potrzebne \u0142aski na ka\u017cdy dzie\u0144<br \/>\n12.00 W intencji Parafian<br \/>\n15.00 \u2020 Izydor w rocz. \u015bmierci i zm. z rodz. Binkowskich<br \/>\n18.00 Dzi\u0119k. w 40 rocz. \u015blubu Lucyny i Ryszarda Zajdel z pro\u015bb\u0105 o Bo\u017ce b\u0142og., opiek\u0119 MB, zdrowie i potrzebne \u0142aski<\/p>\n","protected":false},"excerpt":{"rendered":"<p>MARYJNO\u015a\u0106 \u015aW. JANA PAW\u0141A II Og\u0142oszenia parafialne 20.10.2019 Intencje mszalne 20.10.2019 &nbsp; MARYJNO\u015a\u0106 \u015aW. JANA PAW\u0141A II Z okazji przypadaj\u0105cego 22 pa\u017adziernika, wspomnienia \u015bw. Jana Paw\u0142a II chciejmy spogl\u0105dn\u0105\u0107 syntetycznie na jego nabo\u017ce\u0144stwo maryjne. Ot\u00f3\u017c jeden z niepolskich autor\u00f3w, Robert Pannet, napisa\u0142 ponad 20 lat temu: \u201ePapie\u017c wybrany 16 pa\u017adziernika 1978 r. (po bardzo kr\u00f3tkim [&hellip;]<\/p>\n","protected":false},"author":1,"featured_media":3516,"comment_status":"closed","ping_status":"closed","sticky":false,"template":"","format":"standard","meta":{"ngg_post_thumbnail":0,"footnotes":""},"categories":[11,8,4,3],"tags":[],"class_list":["post-3514","post","type-post","status-publish","format-standard","has-post-thumbnail","hentry","category-aktualnosci","category-blog","category-intencje","category-ogloszenia"],"_links":{"self":[{"href":"https:\/\/rafalk-elblag.pl\/index.php?rest_route=\/wp\/v2\/posts\/3514","targetHints":{"allow":["GET"]}}],"collection":[{"href":"https:\/\/rafalk-elblag.pl\/index.php?rest_route=\/wp\/v2\/posts"}],"about":[{"href":"https:\/\/rafalk-elblag.pl\/index.php?rest_route=\/wp\/v2\/types\/post"}],"author":[{"embeddable":true,"href":"https:\/\/rafalk-elblag.pl\/index.php?rest_route=\/wp\/v2\/users\/1"}],"replies":[{"embeddable":true,"href":"https:\/\/rafalk-elblag.pl\/index.php?rest_route=%2Fwp%2Fv2%2Fcomments&post=3514"}],"version-history":[{"count":3,"href":"https:\/\/rafalk-elblag.pl\/index.php?rest_route=\/wp\/v2\/posts\/3514\/revisions"}],"predecessor-version":[{"id":3520,"href":"https:\/\/rafalk-elblag.pl\/index.php?rest_route=\/wp\/v2\/posts\/3514\/revisions\/3520"}],"wp:featuredmedia":[{"embeddable":true,"href":"https:\/\/rafalk-elblag.pl\/index.php?rest_route=\/wp\/v2\/media\/3516"}],"wp:attachment":[{"href":"https:\/\/rafalk-elblag.pl\/index.php?rest_route=%2Fwp%2Fv2%2Fmedia&parent=3514"}],"wp:term":[{"taxonomy":"category","embeddable":true,"href":"https:\/\/rafalk-elblag.pl\/index.php?rest_route=%2Fwp%2Fv2%2Fcategories&post=3514"},{"taxonomy":"post_tag","embeddable":true,"href":"https:\/\/rafalk-elblag.pl\/index.php?rest_route=%2Fwp%2Fv2%2Ftags&post=3514"}],"curies":[{"name":"wp","href":"https:\/\/api.w.org\/{rel}","templated":true}]}}