{"id":3510,"date":"2019-10-13T09:15:06","date_gmt":"2019-10-13T09:15:06","guid":{"rendered":"http:\/\/rafalk-elblag.pl\/?p=3510"},"modified":"2019-10-17T09:15:37","modified_gmt":"2019-10-17T09:15:37","slug":"biuletyn-parafialny-nr-822-13-pazdziernika-2019r-xxviii-niedziela-zwykla","status":"publish","type":"post","link":"https:\/\/rafalk-elblag.pl\/?p=3510","title":{"rendered":"Biuletyn parafialny nr 822 \/ 13 pa\u017adziernika 2019r.  XXVIII Niedziela Zwyk\u0142a"},"content":{"rendered":"<p>13<a href=\"#temat-822\">XIX DZIE\u0143 PAPIESKI \u2013 WSTA\u0143CIE, CHOD\u0179MY!<\/a><br \/>\n<a href=\"#ogloszenia-822\">Og\u0142oszenia parafialne 13.10.2019<\/a><br \/>\n<a href=\"#intencje-822\">Intencje mszalne 13.10.2019<\/a><\/p>\n<p>&nbsp;<\/p>\n<p><img decoding=\"async\" id=\"temat-822\" src=\"http:\/\/rafalk-elblag.pl\/wp-content\/uploads\/2019\/10\/slider_822.jpg\"><\/p>\n<h1>XIX DZIE\u0143 PAPIESKI \u2013 WSTA\u0143CIE, CHOD\u0179MY!IDEA DNI PAPIESKICH<\/h1>\n<p><strong>Ka\u017cdego roku, w niedziel\u0119 poprzedzaj\u0105c\u0105 wyb\u00f3r Karola Wojty\u0142y na Stolic\u0119 Piotrow\u0105, w ca\u0142ej Polsce oraz \u015brodowiskach polonijnych obchodzony jest Dzie\u0144 Papieski, podczas kt\u00f3rego \u0142\u0105czymy si\u0119w modlitwie z obecnym papie\u017cem oraz zag\u0142\u0119biamy si\u0119 w nauczanie \u015bw. Jana Paw\u0142a II.<br \/>\n<\/strong><br \/>\nPolacy gromadz\u0105 si\u0119 wtedy na liturgiach, nabo\u017ce\u0144stwach, czuwaniach modlitewnych, medytacjach oraz konferencjach po\u015bwi\u0119conych nauczaniu Ojca \u015awi\u0119tego. Tydzie\u0144 wcze\u015bniej we wszystkich parafiach odczytywany jest list pasterski Konferencji Episkopatu Polski, przygotowuj\u0105cy do tego wydarzenia. Dzie\u0144 Papieski w ka\u017cdym roku ma swoje has\u0142o, wskazuj\u0105ce na istotny obszar papieskiego nauczania. Has\u0142o to stanowi osnow\u0119 wszystkich wydarze\u0144 modlitewnych, liturgicznych i artystycznych. Obchodom Dnia Papieskiego towarzysz\u0105 konkursy, wystawy, sztuki teatralne, wieczory poetyckie, imprezy sportowe, kulturalne, artystyczne, mi\u0119dzy innymi koncert galowy Dnia Papieskiego w Warszawie transmitowany przez TVP 1 i TVP Polonia. Aspekt charytatywny tego dnia to przyko\u015bcielna i publiczna zbi\u00f3rka pieni\u0119dzy na rzecz funduszu stypendialnego dla zdolnej m\u0142odzie\u017cy z niezamo\u017cnych rodzin.<strong> Podopieczni Fundacji s\u0105 nazywani mianem \u201e\u017cywego pomnika\u201d \u015bw. Jana Paw\u0142a II, a wspieranie ich wyrazem wdzi\u0119czno\u015bci Polak\u00f3w wobec swojego Wielkiego Rodaka.<\/strong> Przygotowanie uroczysto\u015bci to du\u017ce wyzwanie organizacyjne, w kt\u00f3re anga\u017cuj\u0105 si\u0119 tysi\u0105ce wolontariuszy, m.in. harcerze, ministranci, aktorzy, dziennikarze, piosenkarze oraz sami stypendy\u015bci.<\/p>\n<p>Jan Pawe\u0142 II gromadzi Polak\u00f3w na ca\u0142ym \u015bwiecie. W organizacj\u0119 Dnia Papieskiego w\u0142\u0105czaj\u0105 si\u0119 r\u00f3wnie\u017c rodacy mieszkaj\u0105cy poza granicami Polski i wspieraj\u0105 Fundacj\u0119 \u201eDzie\u0142o Nowego Tysi\u0105clecia\u201d, zar\u00f3wno w wymiarze duchowym, jak i finansowym. Polacy mieszkaj\u0105cy w Wielkiej Brytanii, Hiszpanii, Stanach Zjednoczonych, Niemczech, Irlandii, Szwecji, Norwegii, Kanadzie, Argentynie, Australii czy Francji spotykaj\u0105 si\u0119 na Eucharystiach i wsp\u00f3lnej modlitwie, organizuj\u0105 konferencje, wystawy i koncerty, aby wsp\u00f3lnie piel\u0119gnowa\u0107 pami\u0119\u0107 o najwi\u0119kszym z Polak\u00f3w.<\/p>\n<p><strong>Dzie\u0144 Papieski jest przede wszystkim dniem duchowej \u0142\u0105czno\u015bci z obecnym Ojcem \u015awi\u0119tym i modlitwy w jego intencjach. We wszystkich parafiach ca\u0142ej Polski w niedziel\u0119 poprzedzaj\u0105c\u0105 Dzie\u0144 Papieski odczytywany jest list pasterski Konferencji Episkopatu Polski. Odprawiane s\u0105 Msze \u015awi\u0119te w intencji Papie\u017ca, podczas kt\u00f3rych g\u0142oszone s\u0105 homilie i katechezy po\u015bwi\u0119cone nauczaniu \u015bw. Jana Paw\u0142a II. W wielu parafiach odbywaj\u0105 liczne nabo\u017ce\u0144stwa oraz nocne czuwania po\u0142\u0105czone z medytacj\u0105 nad papieskimi tekstami.<\/strong><\/p>\n<p>W wigili\u0119 Dnia Papieskiego na Zamku Kr\u00f3lewskim w Warszawie Fundacja \u201eDzie\u0142o Nowego Tysi\u0105clecia\u201d wr\u0119cza jedn\u0105 z najbardziej presti\u017cowych nagr\u00f3d w Ko\u015bciele katolickim \u2013 nagrod\u0119 TOTUS. Dniu Papieskiemu towarzyszy tak\u017ce kilkadziesi\u0105t innych du\u017cych wydarze\u0144 artystycznych, zar\u00f3wno o zasi\u0119gu lokalnym, jak i og\u00f3lnopolskim. Zwie\u0144czeniem jest Koncert Papieski, kt\u00f3ry w ubieg\u0142ych latach odbywa\u0142 si\u0119 najcz\u0119\u015bciej na Placu Zamkowym w Warszawie, natomiast obecnie rokrocznie miejsce ulega zmianom. Dzie\u0144 Papieski wykracza te\u017c poza granice Polski. Do obchod\u00f3w w\u0142\u0105czaj\u0105 si\u0119 polskie parafie i Polonia zamieszkuj\u0105ca m.in. Australi\u0119, Stany Zjednoczone, Francj\u0119, Niemcy, Wielk\u0105 Brytani\u0119 i Kazachstan.<\/p>\n<p>Odpowiedzi\u0105 na wezwanie Ojca \u015awi\u0119tego do solidarno\u015bci z ubogimi jest organizowana tego dnia publiczna zbi\u00f3rka pieni\u0119dzy, w kt\u00f3rej corocznie udzia\u0142 bierze blisko 100 tysi\u0119cy wolontariuszy: ministrant\u00f3w, harcerzy, m\u0142odzie\u017cy i doros\u0142ych z r\u00f3\u017cnych \u015brodowisk, wchodz\u0105cych w sk\u0142ad Og\u00f3lnopolskiego Komitetu Organizacyjnego Dnia Papieskiego. Zebrane w ten spos\u00f3b \u015brodki przeznaczone s\u0105 na fundusz stypendialny Fundacji, kt\u00f3ra przyznaje stypendia uzdolnionym m\u0142odym ludziom pochodz\u0105cym z wiosek i ma\u0142ych miast. W ten spos\u00f3b ka\u017cdy mo\u017ce w\u0142\u0105czy\u0107 si\u0119 w budow\u0119 \u201e\u017cywego pomnika\u201d \u015bw. Jana Paw\u0142a II.<\/p>\n<p>&nbsp;<br \/>\n<img decoding=\"async\" id=\"ogloszenia-822\" src=\"http:\/\/rafalk-elblag.pl\/wp-content\/uploads\/2019\/09\/ogloszenia_parafialne.jpg\" width=\"800px\"><\/p>\n<h2>Og\u0142oszenia parafialne 13.10.2019<\/h2>\n<p><strong>1. Obchodzimy dzisiaj XIX Dzie\u0144 Papieski<\/strong> pod has\u0142em \u201eWsta\u0144cie, chod\u017amy!\u201d. Z tej okazji m\u0142odzie\u017c przed ko\u015bcio\u0142em zbiera do puszek ofiary na stypendia w ramach Fundacji \u201eDzie\u0142o Nowego Tysi\u0105clecia\u201d. Za okazane wsparcie dzi\u0119kujemy.<\/p>\n<p><strong>2. Koncert z okazji XIX Dnia Papieskiego odb\u0119dzie si\u0119 17 pa\u017adziernika (czwartek) o godz. 17:00<\/strong> na Hali Sportowo \u2013 Widowiskowej MOSIR przy Alei Grunwaldzkiej 135. Wr\u0119czenie XIII Nagrody Biskupa Elbl\u0105skiego \u201eTUUS\u201d oraz koncert: Czerwone Gitary. Wst\u0119p tylko za okazaniem wej\u015bci\u00f3wki, kt\u00f3re mo\u017cna odebra\u0107 u ksi\u0119\u017cy przed ko\u015bcio\u0142em.<br \/>\nUWAGA!!! Prosimy, aby wej\u015bci\u00f3wki bra\u0142y tylko osoby zdecydowane na 100%.<\/p>\n<p><strong>3. Trwa miesi\u0105c R\u00f3\u017ca\u0144ca \u015awi\u0119tego i Nadzwyczajny Miesi\u0105c Misyjny.<\/strong> Zapraszamy na nabo\u017ce\u0144stwa z wystawieniem Naj\u015bwi\u0119tszego Sakramentu. Wierni, kt\u00f3rzy odmawiaj\u0105 cz\u0119\u015b\u0107 R\u00f3\u017ca\u0144ca (5 dziesi\u0105tek) w ko\u015bciele lub rodzinie mog\u0105 uzyska\u0107 Odpust Zupe\u0142ny. Zapraszamy do wsp\u00f3lnej modlitwy: doros\u0142ych i m\u0142odzie\u017c o godz. 17:15, a dzieci zapraszamy: w poniedzia\u0142ki i \u015brody o godz. 16:30.<\/p>\n<p><strong>4. Jutro, 14 pa\u017adziernika przypada DZIE\u0143 NAUCZYCIELA<\/strong>. Sk\u0142adamy wszystkim pedagogom, katechetom i pracownikom o\u015bwiaty najserdeczniejsze \u017cyczenia cierpliwo\u015bci<br \/>\ni mi\u0142o\u015bci. Niech Pan B\u00f3g b\u0142ogos\u0142awi w pracy. Zapraszamy w tym dniu uczni\u00f3w, nauczycielii katechet\u00f3w na wsp\u00f3lny R\u00f3\u017caniec o godz. 17:15.<\/p>\n<p><strong>5. We wtorek prze\u017cywa\u0107 b\u0119dziemy DZIE\u0143 DZIECKA UTRACONEGO.<\/strong> Msza \u015bw. w intencji rodzin, ma\u0142\u017ce\u0144stw, a tak\u017ce rodzic\u00f3w, kt\u00f3rzy utracili swoje dziecko \u2013 przed narodzeniem, czy te\u017c po narodzeniu zostanie odprawiona o godz. 18:00 w parafii p.w. b\u0142. Franciszki Siedliskiej przy ul. Willowej w Elbl\u0105gu. Zapraszamy do wsp\u00f3lnej modlitwy.<\/p>\n<p><strong>6. W \u015brod\u0119 16 pa\u017adziernika dzie\u0144 spotkania Bractwa Szkaplerznego i Rodziny Szkaplerznej<\/strong> oraz dzie\u0144 modlitw za wstawiennictwem \u015bw. Jana Paw\u0142a II. W tym dniu 41 lat temu ca\u0142a Polska us\u0142ysza\u0142a s\u0142owa: Habemus Papam obwieszczaj\u0105ce wyb\u00f3r Kard. Karola Wojty\u0142y na Stolic\u0119 Piotrow\u0105. Zapraszamy na Msz\u0119 \u015awi\u0119t\u0105 o godz. 18:00.<br \/>\nW tym dniu zapraszamy na wsp\u00f3lny R\u00f3\u017caniec o godz. 17:15.<\/p>\n<p><strong>7. Zach\u0119camy do udzia\u0142u w zbi\u00f3rce zu\u017cytego sprz\u0119tu elektrycznego i elektronicznego RTV i AGD<\/strong> (np. pralki, tv, komputery itp.). Zbi\u00f3rka odb\u0119dzie si\u0119 dnia 16 pa\u017adziernika od godz. 9:00 do godz. 15:00. Sprz\u0119t prosimy zostawia\u0107 na placu ko\u015bcielnym przy wej\u015bciu do piwnicy. Przychody z akcji wspomog\u0105 zakup inkubator\u00f3w do Szpitala na Wybrze\u017cu Ko\u015bci S\u0142oniowej, prowadzonego przez siostry Orionistki.<\/p>\n<p><strong>8. Bardzo serdecznie zapraszamy do Sanktuarium M. B. Fatimskiej i \u015bw. Jana Paw\u0142a II w Stagniewie<\/strong>, na Uroczysto\u015bci Odpustowe, kt\u00f3re odb\u0119d\u0105 si\u0119 w sobot\u0119 dnia 19 pa\u017adziernika 2019 roku. W programie: Msza \u015bw. o godz. 12:00, zako\u0144czona uca\u0142owaniem relikwii \u015bwi\u0119tego Papie\u017ca. Natomiast od godz. 15:00 &#8211; Adoracja Naj\u015bwi\u0119tszego Sakramentu w intencji naszej Ojczyzny.<\/p>\n<p><strong>9. Mamy ju\u017c mo\u017cliwo\u015b\u0107 zamawiania i rezerwacji Mszy \u015bwi\u0119tej na ROK 2020.<\/strong> Informacj\u0119 t\u0119 podajemy dla tych wszystkich, kt\u00f3rzy pragn\u0105 w konkretnym dniu zam\u00f3wi\u0107 intencj\u0119 mszaln\u0105.<\/p>\n<p><strong>10. W dniach 17 &#8211; 19 pa\u017adziernika w Ko\u015bciele Matki Boskiej Kr\u00f3lowej Polski,<\/strong> odb\u0119d\u0105 si\u0119 rekolekcje dla wd\u00f3w i wdowc\u00f3w na kt\u00f3re serdecznie zapraszamy. Rozpoczynamy codziennie o godzinie 10.00.<\/p>\n<p>11. Kancelaria Parafialna czynna: \u015broda od 16:00 do 17:30 i sobota od 10:30 do 12:00.<\/p>\n<p>12. Zach\u0119camy do czytania prasy katolickiej: nowy numer \u201eGo\u015bcia Niedzielnego\u201d w cenie 5 z\u0142. wraz z dodatkiem \u201eGo\u015b\u0107 Elbl\u0105ski\u201d a nim wydarzenia z diecezji.<\/p>\n<p>&nbsp;<\/p>\n<p><img decoding=\"async\" id=\"intencje-822\" src=\"http:\/\/rafalk-elblag.pl\/wp-content\/uploads\/2019\/09\/intencje_mszalne.jpg\" width=\"800px\"><\/p>\n<h2>Intencje mszalne 13.10.2019<\/h2>\n<p><strong>PONIEDZIA\u0141EK 14 pa\u017adziernika 2019r. \/<\/strong> \u015bw. Ma\u0142gorzaty Alacoque \u0141k 11, 29-32<br \/>\n8.00 \u015ap. Weronika Czy\u017cyk (14 greg.)<br \/>\n18.00 O Bo\u017ce b\u0142og., opiek\u0119 MB Fatimskiej i dary Ducha \u015aw. dla Klaudii<br \/>\n18.00 Dzi\u0119kczynna w rocznic\u0119 urodzin Asi i Bartka z pro\u015bb\u0105 o Bo\u017ce b\u0142og. i opiek\u0119 MB<br \/>\n<strong>WTOREK 15 pa\u017adziernika 2019r. \/<\/strong> \u015bw. Teresy od Jezusa \u0141k 11, 37-41<br \/>\n8.00 \u015ap. Weronika Czy\u017cyk (15 greg.)<br \/>\n18.00 \u015ap. Mieczys\u0142aw Zygmunt w 3 r.\u015bm.<br \/>\n<strong>\u015aRODA 16 pa\u017adziernika 2019r.<\/strong> \/ \u015bw. Jadwigi \u015al\u0105skiej \u0141k 11, 42-46<br \/>\n8.00 \u015ap. Edmund Go\u0142y\u0144ski w 15 r.\u015bm.<br \/>\n18.00 W int. Rodziny Karmelita\u0144skiej i Bractwa Szkaplerznego<br \/>\n18.00 \u015ap. Weronika Czy\u017cyk (16 greg.)<br \/>\n<strong>CZWARTEK 17 pa\u017adziernika 2019r.<\/strong> \/ \u015bw. Ignacego Antioche\u0144skiego \u0141k 11, 47-54<br \/>\n8.00 \u015ap. Czes\u0142awa (k), Janusz, S\u0142awomir z rodz. Palkowskich<br \/>\n18.00 \u015ap. Weronika Czy\u017cyk (17 greg.)<br \/>\n18.00 Dzi\u0119kczynna za dzieci Magdy i Piotra Asiukiewicz<br \/>\n<strong>PI\u0104TEK 18 pa\u017adziernika 2019r.<\/strong> \/ \u015bw. \u0141ukasza \u0141k 10, 1-9<br \/>\n8.00 \u015ap. Maria Siemion w 15 r.\u015bm.<br \/>\n18.00 O Bo\u017ce b\u0142og. opiek\u0119 MB i potrzebne \u0142aski dla ks. \u0141ukasza Garbackiego \u2013 int. od Margaretki<br \/>\n18.00 \u015ap. Weronika Czy\u017cyk (18 greg.)<br \/>\n<strong>SOBOTA 19 pa\u017adziernika 2019r.<\/strong> \u0141k 12, 8-12<br \/>\n8.00 \u015ap. Weronika Czy\u017cyk (19 greg.)<br \/>\n18.00 \u015ap. Roman Tykarski w 5 miesi\u0105c po pogrzebie<br \/>\n18.00 Dzi\u0119kczynna w 45 rocz. \u015blubu El\u017cbiety i Jana Ba\u0142dyga, z pro\u015bb\u0105 o Bo\u017ce b\u0142og. i potrzebne \u0142aski dla Jubilat\u00f3w<br \/>\n<strong>XXIX Niedziela Zwyk\u0142a<\/strong> <strong>\/ 20 pa\u017adziernika 2019r<\/strong>. \u0141k 18, 1-8<br \/>\n7.00 W intencji Parafian<br \/>\n9.00 \u015ap. Henryk Hacik w 2 r.\u015bm.<br \/>\n9.00 \u015ap. Stefania Nike w 7 r.\u015bm. i ca\u0142a rodzina Nike, Miros\u0142aw Szpak, Danuta Rycewicz, Stefan i Jadwiga Jasi\u0144scy, Iwona i Ryszard Kujawscy<br \/>\n10.30 \u015ap. Jan, Ludwika, Tadeusz, Bronis\u0142aw, Kazimierz, Dominika i Ryszard z rodz. Kaspera; Maria, Anastazja, Franciszek Chwa\u0142a<br \/>\n12.00 Dzi\u0119k. w 40 rocz. \u015blubu Teresy i Wojciecha Wo\u017aniak z pro\u015bb\u0105 o Bo\u017ce b\u0142og. i potrzebne \u0142aski dla rubinowych Jubilat\u00f3w<br \/>\n15.00 \u015ap. Weronika Czy\u017cyk (20 greg.)<br \/>\n18.00 Dzi\u0119k. w 7 rocz. \u015blubu Aleksandry i Piotra Szuba z pro\u015bb\u0105 o Bo\u017ce b\u0142og., opiek\u0119 MB i potrzebne \u0142aski<\/p>\n","protected":false},"excerpt":{"rendered":"<p>13XIX DZIE\u0143 PAPIESKI \u2013 WSTA\u0143CIE, CHOD\u0179MY! Og\u0142oszenia parafialne 13.10.2019 Intencje mszalne 13.10.2019 &nbsp; XIX DZIE\u0143 PAPIESKI \u2013 WSTA\u0143CIE, CHOD\u0179MY!IDEA DNI PAPIESKICH Ka\u017cdego roku, w niedziel\u0119 poprzedzaj\u0105c\u0105 wyb\u00f3r Karola Wojty\u0142y na Stolic\u0119 Piotrow\u0105, w ca\u0142ej Polsce oraz \u015brodowiskach polonijnych obchodzony jest Dzie\u0144 Papieski, podczas kt\u00f3rego \u0142\u0105czymy si\u0119w modlitwie z obecnym papie\u017cem oraz zag\u0142\u0119biamy si\u0119 w nauczanie [&hellip;]<\/p>\n","protected":false},"author":1,"featured_media":3509,"comment_status":"closed","ping_status":"closed","sticky":false,"template":"","format":"standard","meta":{"ngg_post_thumbnail":0,"footnotes":""},"categories":[11,8,4,3],"tags":[],"class_list":["post-3510","post","type-post","status-publish","format-standard","has-post-thumbnail","hentry","category-aktualnosci","category-blog","category-intencje","category-ogloszenia"],"_links":{"self":[{"href":"https:\/\/rafalk-elblag.pl\/index.php?rest_route=\/wp\/v2\/posts\/3510","targetHints":{"allow":["GET"]}}],"collection":[{"href":"https:\/\/rafalk-elblag.pl\/index.php?rest_route=\/wp\/v2\/posts"}],"about":[{"href":"https:\/\/rafalk-elblag.pl\/index.php?rest_route=\/wp\/v2\/types\/post"}],"author":[{"embeddable":true,"href":"https:\/\/rafalk-elblag.pl\/index.php?rest_route=\/wp\/v2\/users\/1"}],"replies":[{"embeddable":true,"href":"https:\/\/rafalk-elblag.pl\/index.php?rest_route=%2Fwp%2Fv2%2Fcomments&post=3510"}],"version-history":[{"count":3,"href":"https:\/\/rafalk-elblag.pl\/index.php?rest_route=\/wp\/v2\/posts\/3510\/revisions"}],"predecessor-version":[{"id":3513,"href":"https:\/\/rafalk-elblag.pl\/index.php?rest_route=\/wp\/v2\/posts\/3510\/revisions\/3513"}],"wp:featuredmedia":[{"embeddable":true,"href":"https:\/\/rafalk-elblag.pl\/index.php?rest_route=\/wp\/v2\/media\/3509"}],"wp:attachment":[{"href":"https:\/\/rafalk-elblag.pl\/index.php?rest_route=%2Fwp%2Fv2%2Fmedia&parent=3510"}],"wp:term":[{"taxonomy":"category","embeddable":true,"href":"https:\/\/rafalk-elblag.pl\/index.php?rest_route=%2Fwp%2Fv2%2Fcategories&post=3510"},{"taxonomy":"post_tag","embeddable":true,"href":"https:\/\/rafalk-elblag.pl\/index.php?rest_route=%2Fwp%2Fv2%2Ftags&post=3510"}],"curies":[{"name":"wp","href":"https:\/\/api.w.org\/{rel}","templated":true}]}}