{"id":3500,"date":"2019-10-07T14:55:46","date_gmt":"2019-10-07T14:55:46","guid":{"rendered":"http:\/\/rafalk-elblag.pl\/?p=3500"},"modified":"2019-10-07T14:57:13","modified_gmt":"2019-10-07T14:57:13","slug":"biuletyn-parafialny-nr-821-6-pazdziernika-2019r-xxvii-niedziela-zwykla","status":"publish","type":"post","link":"https:\/\/rafalk-elblag.pl\/?p=3500","title":{"rendered":"Biuletyn parafialny nr 821 \/ 6 pa\u017adziernika 2019r.  XXVII Niedziela Zwyk\u0142a"},"content":{"rendered":"<p><a href=\"#temat-821\">WARTO\u015a\u0106 MODLITWY R\u00d3\u017bA\u0143COWEJ<\/a><br \/>\n<a href=\"#ogloszenia-821\">Og\u0142oszenia parafialne 06.10.2019<\/a><br \/>\n<a href=\"#intencje-821\">Intencje mszalne 06.10.2019<\/a><\/p>\n<p>&nbsp;<\/p>\n<p><img decoding=\"async\" id=\"temat-821\" src=\"http:\/\/rafalk-elblag.pl\/wp-content\/uploads\/2019\/10\/sdlier_821.jpg\"><\/p>\n<h1>WARTO\u015a\u0106 MODLITWY R\u00d3\u017bA\u0143COWEJ<\/h1>\n<p><strong>Jutro \u2013 tj. 7 pa\u017adziernika obchodzimy w Ko\u015bciele wspomnienie Matki Bo\u017cej R\u00f3\u017ca\u0144cowej. Dziwne to maryjne \u015bwi\u0119to. Dlaczego nazywamy J\u0105 &#8222;r\u00f3\u017ca\u0144cow\u0105&#8221;, skoro Ona za czas\u00f3w swego ziemskiego \u017cycia r\u00f3\u017ca\u0144ca nie zna\u0142a. <\/strong><strong>Co wi\u0119cej nie zna\u0142a \u017cadnej z tych modlitw, kt\u00f3re my w r\u00f3\u017ca\u0144cu odmawiamy. Mo\u017ce zna\u0142a Ojcze nasz&#8230;, ale i tu nie wiadomo czy w wersji mateuszowej &#8211; tej naszej (Mt 6,9-13), czy \u0142ukaszowej &#8211; znacznie kr\u00f3tszej (\u0141k 11,2b-4). Na pewno nigdy r\u00f3\u017ca\u0144ca nie odmawia\u0142a. Na co dzie\u0144 jak ka\u017cda \u017byd\u00f3wka modli\u0142a si\u0119 psalmami i t\u0105 najcz\u0119stsz\u0105, bo codzienn\u0105 modlitw\u0105 \u017byd\u00f3w zaczynaj\u0105c\u0105 si\u0119 od s\u0142\u00f3w: Szema Izrael&#8230; &#8211; S\u0142uchaj Izraelu&#8230; (Pwt 6,4-9), kt\u00f3ra jest i wezwaniem, i wyznaniem wiary, i przykazaniem, i pouczeniem. Obce jej by\u0142o klepanie jakichkolwiek modlitewnych formu\u0142. Psalmy bowiem modlitewnymi formu\u0142ami nie s\u0105, wynurzaj\u0105 si\u0119 one z historii Izraela, s\u0105 jej cz\u0119\u015bci\u0105 i modlitewnym owocem Bo\u017cych w niej interwencji. Nawet gdyby si\u0119 chcia\u0142o, nie mo\u017cna ich od tej\u017ce historii oderwa\u0107, tak \u015bci\u015ble s\u0105 z ni\u0105 zwi\u0105zane. Modlitwa Szema Izrael za\u015b nawo\u0142uje w pierwszym rz\u0119dzie do s\u0142uchania Boga m\u00f3wi\u0105cego w historii, w mojej historii i kochania go w tej\u017ce historii ca\u0142ym sob\u0105 oraz do budowania przysz\u0142o\u015bci swojej i swoich dzieci na Bogu.<\/strong><\/p>\n<p>Jak\u017ce Maryja s\u0142ucha\u0142a, jak\u017ce by\u0142a zas\u0142uchana w Bo\u017ce wo\u0142anie w historii Izraela i swojej w\u0142asnej&#8230; a\u017c us\u0142ysza\u0142a owe prze\u0142omowe dla Niej s\u0142owa Archanio\u0142a: Chaire kecharitomene &#8211; Raduj si\u0119 obdarowana \u0142ask\u0105&#8230; Gdyby klepa\u0142a formu\u0142y pacierzy i walczy\u0142a z rozproszeniami, gdyby nie \u017cy\u0142a ustawicznymi interwencjami Boga w dziejach cz\u0142owieka, nigdy by ich nie uchwyci\u0142a.<\/p>\n<p>W swej modlitwie Maryja karmi\u0142a si\u0119 histori\u0105 narodu wybranego zawart\u0105 w psalmach ci\u0105gle otwart\u0105 na dalsze spe\u0142nianie si\u0119 Bo\u017cych obietnic. Nic wi\u0119c dziwnego, \u017ce jedyna Jej znana modlitwa Magnificat jest w swej istocie psalmem &#8211; uwielbianiem Boga dzia\u0142aj\u0105cego w historii narodu wybranego i jej w\u0142asnej. Maryja zapewne dziwi si\u0119 klepanym r\u00f3\u017ca\u0144com, przy kt\u00f3rych nasze my\u015bli fruwaj\u0105 sobie niczym niebieskie ptaki i przysiadaj\u0105 na wyimaginowanych ga\u0142\u0119ziach nie maj\u0105cych z Bogiem i Jego dzia\u0142aniem nic wsp\u00f3lnego. Owszem, zach\u0119ca\u0142a prostych pastuszk\u00f3w z Fatimy do odmawiania r\u00f3\u017ca\u0144ca, ale do r\u00f3\u017ca\u0144ca, kt\u00f3rego wzorem jest jej modlitwa i kt\u00f3ry w modlitwie Izraela ma swoje \u017ar\u00f3d\u0142o.<\/p>\n<p>R\u00f3\u017caniec bowiem nie spad\u0142 z nieba jako absolutna nowo\u015b\u0107. Pojawi\u0142 si\u0119 w p\u00f3\u017anym \u015aredniowieczu jako pomoc dla prostych, nieumiej\u0105cych czyta\u0107 i pisa\u0107 mnich\u00f3w, kt\u00f3rzy nie mog\u0105c modli\u0107 si\u0119 psalmami powtarzali Pozdrowienie anielskie i Ojcze nasz medytuj\u0105c nad tajemnicami historii zbawienia. By\u0142 wi\u0119c w swej prostocie czym\u015b zast\u0119pczym &#8211; jakby prowizork\u0105. Niekt\u00f3re prowizorki jednak okazuj\u0105 si\u0119 niezwykle trwa\u0142e, a bywa, \u017ce wr\u0119cz genialne. Tak sta\u0142o si\u0119 i z r\u00f3\u017ca\u0144cem. Stopniowo wyszed\u0142 on poza kr\u0119gi mnich\u00f3w i upowszechni\u0142 si\u0119 w ca\u0142ym Ko\u015bciele zachodnim.<\/p>\n<p>Dzi\u015b wielu z nas nie wyobra\u017ca sobie pobo\u017cno\u015bci bez r\u00f3\u017ca\u0144ca. A pewnie znajd\u0105 si\u0119 i tacy, kt\u00f3rzy jego nieodmawianie uznaj\u0105 wprost za grzech. Trzeba jednak pami\u0119ta\u0107, \u017ce Matka Boska R\u00f3\u017ca\u0144cowa r\u00f3\u017ca\u0144ca nie odmawia\u0142a, a mimo to jest jego Matk\u0105. Istot\u0119 r\u00f3\u017ca\u0144ca bowiem stanowi to samo, co stanowi\u0142o istot\u0119 modlitwy Maryi &#8211; rozwa\u017canie w sercu spraw, kt\u00f3re B\u00f3g uczyni\u0142 i czyni. Tak jak psalm\u00f3w nie da si\u0119 oderwa\u0107 od historii Izraela, tak r\u00f3\u017ca\u0144ca nie da si\u0119 oderwa\u0107 od historii zbawienia w Jezusie Chrystusie. Maryja jest Matk\u0105 Jezusa Chrystusa i przez to Jej macierzy\u0144stwo rozci\u0105ga si\u0119 tak\u017ce na t\u0119 histori\u0119. Nie jest Ona Matk\u0105 R\u00f3\u017ca\u0144cow\u0105 przez to, \u017ce powtarzamy dziesi\u0105tki razy Zdrowa\u015b Maryjo, bo to tylko zewn\u0119trzna strona r\u00f3\u017ca\u0144ca. Jest ni\u0105 natomiast w znacznie g\u0142\u0119bszym sensie, bo prawdziwy r\u00f3\u017caniec t\u0119tni Jej \u017cyciem i \u017cyciem Jej Syna. Papie\u017c Pawe\u0142 VI bardzo konsekwentnie unika\u0142 tradycyjnego zwrotu recitare rosario &#8211; odmawia\u0107 r\u00f3\u017caniec, zast\u0119puj\u0105c go wyra\u017ceniem meditare rosario &#8211; medytowa\u0107, rozwa\u017ca\u0107 r\u00f3\u017caniec. I o to w\u0142a\u015bnie w r\u00f3\u017ca\u0144cu chodzi. Wzywaj\u0105c nas do r\u00f3\u017ca\u0144ca Maryja zaprasza nas do swego \u017cycia i do \u017cycia Jej Syna, do \u017cycia, kt\u00f3re jest Zbawieniem.<\/p>\n<p>&nbsp;<br \/>\n<img decoding=\"async\" id=\"ogloszenia-821\" src=\"http:\/\/rafalk-elblag.pl\/wp-content\/uploads\/2019\/09\/ogloszenia_parafialne.jpg\" width=\"800px\"><\/p>\n<h2>Og\u0142oszenia parafialne 06.10.2019<\/h2>\n<p><strong>1. W dniu dzisiejszym indywidualna Adoracja Naj\u015bwi\u0119tszego Sakramentu<\/strong> od godz. 16:00 do godz. 17:15. Znajd\u017a czas, aby by\u0107 sam na sam z Twoim Panem.<\/p>\n<p><strong> 2. Ofiary zbierane dzisiaj na tac\u0119<\/strong> przeznaczone s\u0105 na sp\u0142at\u0119 kolejnej raty za wykonane \u0142awki i krzes\u0142a w prezbiterium do naszego ko\u015bcio\u0142a. B\u00f3g zap\u0142a\u0107 za sk\u0142adane ofiary.<\/p>\n<p><strong>3. Dzisiaj po Mszy \u015bw. o godz. 15:00<\/strong> spotkanie na plebanii wszystkich R\u00f3\u017c R\u00f3\u017ca\u0144cowych (przy parafii istnieje 13 R\u00f3\u017c) z okazji \u015bwi\u0119ta Matki Bo\u017cej R\u00f3\u017ca\u0144cowej.Serdecznie zapraszam.<\/p>\n<p><strong>4. Mamy miesi\u0105c R\u00f3\u017ca\u0144ca \u015awi\u0119tego i Nadzwyczajny Miesi\u0105c Misyjny.<\/strong> Zapraszamy na nabo\u017ce\u0144stwa z wystawieniem Naj\u015bwi\u0119tszego Sakramentu. Wierni, kt\u00f3rzy odmawiaj\u0105 cz\u0119\u015b\u0107 R\u00f3\u017ca\u0144ca (5 dziesi\u0105tek) w ko\u015bciele lub rodzinie mog\u0105 uzyska\u0107 Odpust Zupe\u0142ny. Zapraszamy do wsp\u00f3lnej modlitwy: doros\u0142ych i m\u0142odzie\u017c o godz. 17:15, a dzieci zapraszamy: w poniedzia\u0142ki i \u015brody o godz. 16:30.<\/p>\n<p><strong>5. Zainteresowanych Pismem \u015awi\u0119tym<\/strong> zapraszamy na spotkanie Kr\u0119gu Biblijnego w \u015brod\u0119 o godz. 19:00 w sali na plebanii.<\/p>\n<p><strong>6. W przysz\u0142\u0105 niedziel\u0119 obchodzi\u0107 b\u0119dziemy XIX Dzie\u0144 Papieski<\/strong> pod has\u0142em \u201eWsta\u0144cie, chod\u017amy!\u201d. Z tej okazji m\u0142odzie\u017c przed ko\u015bcio\u0142em b\u0119dzie zbiera\u0107 do puszek pieni\u0105dze na stypendia w ramach fundacji Dzie\u0142o Nowego Tysi\u0105clecia.<\/p>\n<p><strong>7. Mamy ju\u017c mo\u017cliwo\u015b\u0107 zamawiania i rezerwacji Mszy \u015bwi\u0119tej na ROK 2020.<\/strong> Informacj\u0119 t\u0119 podajemy dla tych wszystkich, kt\u00f3rzy pragn\u0105 w konkretnym dniu zam\u00f3wi\u0107 intencj\u0119 mszaln\u0105.<\/p>\n<p><strong>8. Centrum Nowej Ewangelizacji w Elbl\u0105gu zaprasza<\/strong> na kolejne spotkanie w ramach Szko\u0142y Modlitwy S\u0142owem Bo\u017cym. Ju\u017c od pocz\u0105tku tego roku organizujemy sesje i dni skupienia oparte na \u201electio divina\u201d &#8211; wielowiekowej praktyce modlitwy S\u0142owem Bo\u017cym. Ta praktyka nie jest zarezerwowana jedynie dla mnich\u00f3w czy os\u00f3b duchownych, ale jest dost\u0119pna dla wszystkich wierz\u0105cych, kt\u00f3rzy pragn\u0105 za\u017cy\u0142o\u015bci ze S\u0142owem Bo\u017cym. Tym razem chcemy Was zaprosi\u0107 do ko\u015bcio\u0142a Bo\u017cego Cia\u0142a w Elbl\u0105gu na medytacj\u0119 fragmentu Ewangelii wed\u0142ug \u015bw. Mateusza, przedstawiaj\u0105cego S\u0105d Ostateczny (Mt 25, 31 &#8211; 46). Spotkanie odb\u0119dzie si\u0119 12 pa\u017adziernika 2019 roku, w godz. 10.00 &#8211; 14.00. Prosimy zabra\u0107 ze sob\u0105 Pismo \u015bwi\u0119te, notatnik i d\u0142ugopis.<\/p>\n<p><strong>9. W dniach 17 &#8211; 19 pa\u017adziernika w Ko\u015bciele Matki Boskiej Kr\u00f3lowej Polski<\/strong>, w Sanktuarium Matki Bo\u017cej Nieustaj\u0105cej Pomocy odb\u0119d\u0105 si\u0119 rekolekcje dla wd\u00f3w i wdowc\u00f3w na kt\u00f3re serdecznie zapraszamy. Rozpoczynamy codziennie o godzinie 10.00.<\/p>\n<p><strong>10. Zach\u0119camy do udzia\u0142u w zbi\u00f3rce zu\u017cytego sprz\u0119tu elektrycznego<\/strong> i elektronicznego RTV i AGD (np. Pralki, tv, komputery itp.). Zbi\u00f3rka odb\u0119dzie si\u0119 dnia 16 pa\u017adziernika od godz. 9.00-15.00. Sprz\u0119t prosimy zostawia\u0107 na placu ko\u015bcielnym przy wej\u015bciu do piwnicy. Przychody z akcji wspomog\u0105 zakup inkubator\u00f3w do Szpitala na Wybrze\u017cu Ko\u015bci S\u0142oniowej, prowadzonego przez siostry Orionistki.<\/p>\n<p><strong>11. Kancelaria Parafialna<\/strong> czynna: \u015broda od 16:00 do 17:30 i sobota od 10:30 do 12:00.<\/p>\n<p><strong>12. Zach\u0119camy do czytania prasy katolickiej:<\/strong> nowy numer \u201eGo\u015bcia Niedzielnego\u201d w cenie 5 z\u0142. oraz dodatek \u201eGo\u015b\u0107 Elbl\u0105ski\u201d a nim wydarzenia z diecezji.<\/p>\n<p><strong>13. Pan powo\u0142a\u0142 do wieczno\u015bci:<\/strong> \u015bp. Kordul\u0119 Ma\u0142tach, l. 92 z ul. Korczaka. Wieczny odpoczynek racz jej da\u0107 Panie! A \u015bwiat\u0142o\u015b\u0107 wiekuista niechaj jej \u015bwieci.<\/p>\n<p>&nbsp;<\/p>\n<p><img decoding=\"async\" id=\"intencje-821\" src=\"http:\/\/rafalk-elblag.pl\/wp-content\/uploads\/2019\/09\/intencje_mszalne.jpg\" width=\"800px\"><\/p>\n<h2>Intencje mszalne 06.10.2019<\/h2>\n<p><strong>PONIEDZIA\u0141EK 7 pa\u017adziernika 2019r.<\/strong> \/ NMP R\u00f3\u017ca\u0144cowej \u0141k 10, 25-37<br \/>\n8.00 \u015ap. Weronika Czy\u017cyk (7 greg.)<br \/>\n8.00 \u015ap. Janina Sojczy\u0144ska w 30 dzie\u0144 po \u015bmierci<br \/>\n18.00 \u015ap. Maria Siemion w 15 r.\u015bm.<br \/>\n18.00 Dzi\u0119kczynna w dniu urodzin \u2013 za 16 lat \u017cycia Mi\u0142osza, o Bo\u017ce b\u0142og., opiek\u0119 MB i dary Ducha \u015aw. dla Niego i Taty w dniu imienin<br \/>\n<strong>WTOREK 8 pa\u017adziernika 2019r.<\/strong> \u0141k 10, 38-42<br \/>\n8.00 O do\u015bwiadczenie Bo\u017cej mi\u0142o\u015bci dla Karoliny i Sebastiana<br \/>\n18.00 \u015ap. Weronika Czy\u017cyk (8 greg.)<br \/>\n<strong>\u015aRODA 9 pa\u017adziernika 2019r.<\/strong> \/ \u015bw. Wincentego Kad\u0142ubka \u0141k 11, 1-4<br \/>\n8.00 \u015ap. Marcin Wi\u015bniewski w 29 r.\u015bm.<br \/>\n18.00 \u015ap. Weronika Czy\u017cyk (9 greg.)<br \/>\n18.00 \u015ap. Apolonia i Roman Gregorczyk, Danuta i Bogus\u0142aw<br \/>\n<strong>CZWARTEK 10 pa\u017adziernika 2019r.<\/strong> \u0141k 11, 5-13<br \/>\n8.00 \u015ap. Weronika Czy\u017cyk (10 greg.)<br \/>\n18.00 Dzi\u0119kczynna w 37 urodziny Joanny Kurowskiej z pro\u015bb\u0105 o Bo\u017ce b\u0142og. i opiek\u0119 MB na dalsze szcz\u0119\u015bliwe lata<br \/>\n<strong>PI\u0104TEK 11 pa\u017adziernika 2019r.<\/strong> \/ \u015bw. Jana XXIII \u0141k 11, 15-26<br \/>\n8.00 \u015ap. Jan i Bronis\u0142awa Wo\u015b, Henryk, Maria i Jan Ju\u015bko<br \/>\n18.00 \u015ap. J\u00f3zef Kwiatosz z ok. ziemskich urodzin i zm. rodzice z obojga stron<br \/>\n18.00 \u015ap. Weronika Czy\u017cyk (11 greg.)<br \/>\n<strong>SOBOTA 12 pa\u017adziernika 2019r.<\/strong> \/ b\u0142. Jana Beyzyma \u0141k 11, 27-28<br \/>\n8.00 \u015ap. Weronika Czy\u017cyk (12 greg.)<br \/>\n18.00 \u015ap. Regina i Aleksander Bendyk<br \/>\n18.00 \u015ap. Wanda, Feliks, Jerzy Kwiatkowscy, Halina Jab\u0142o\u0144ska<br \/>\n<strong>XXVIII Niedziela Zwyk\u0142a \/ 13 pa\u017adziernika 2019r.<\/strong> \u0141k 17, 11-19<br \/>\n7.00 \u015ap. Stanis\u0142awa (k), Stanis\u0142aw, Ryszard i J\u00f3zef<br \/>\n9.00 O ci\u0105g\u0142e budowanie relacji z Bogiem i mi\u0119dzy sob\u0105 dla Nikodema i Jego rodziny, Agnieszki i ca\u0142ej rodziny zakonnej oraz dla Magdy i Macieja<br \/>\n9.00 \u015ap. Weronika Czy\u017cyk (13 greg.)<br \/>\n10.30 Zm. z rodz. Warzecha, Doktor i Psica<br \/>\n12.00 W intencji Parafian<br \/>\n15.00 Dzi\u0119kczynna z ok. 5 urodzin Micha\u0142a Banasiuk z pro\u015bb\u0105 o Bo\u017ce b\u0142og. i potrzebne \u0142aski dla ca\u0142ej rodziny<br \/>\n18.00 \u015ap. Tomasz Pe\u0142ka w 21 r.\u015bm.<\/p>\n","protected":false},"excerpt":{"rendered":"<p>WARTO\u015a\u0106 MODLITWY R\u00d3\u017bA\u0143COWEJ Og\u0142oszenia parafialne 06.10.2019 Intencje mszalne 06.10.2019 &nbsp; WARTO\u015a\u0106 MODLITWY R\u00d3\u017bA\u0143COWEJ Jutro \u2013 tj. 7 pa\u017adziernika obchodzimy w Ko\u015bciele wspomnienie Matki Bo\u017cej R\u00f3\u017ca\u0144cowej. Dziwne to maryjne \u015bwi\u0119to. Dlaczego nazywamy J\u0105 &#8222;r\u00f3\u017ca\u0144cow\u0105&#8221;, skoro Ona za czas\u00f3w swego ziemskiego \u017cycia r\u00f3\u017ca\u0144ca nie zna\u0142a. Co wi\u0119cej nie zna\u0142a \u017cadnej z tych modlitw, kt\u00f3re my w r\u00f3\u017ca\u0144cu [&hellip;]<\/p>\n","protected":false},"author":1,"featured_media":3503,"comment_status":"closed","ping_status":"closed","sticky":false,"template":"","format":"standard","meta":{"ngg_post_thumbnail":0,"footnotes":""},"categories":[11,8,4,3],"tags":[],"class_list":["post-3500","post","type-post","status-publish","format-standard","has-post-thumbnail","hentry","category-aktualnosci","category-blog","category-intencje","category-ogloszenia"],"_links":{"self":[{"href":"https:\/\/rafalk-elblag.pl\/index.php?rest_route=\/wp\/v2\/posts\/3500","targetHints":{"allow":["GET"]}}],"collection":[{"href":"https:\/\/rafalk-elblag.pl\/index.php?rest_route=\/wp\/v2\/posts"}],"about":[{"href":"https:\/\/rafalk-elblag.pl\/index.php?rest_route=\/wp\/v2\/types\/post"}],"author":[{"embeddable":true,"href":"https:\/\/rafalk-elblag.pl\/index.php?rest_route=\/wp\/v2\/users\/1"}],"replies":[{"embeddable":true,"href":"https:\/\/rafalk-elblag.pl\/index.php?rest_route=%2Fwp%2Fv2%2Fcomments&post=3500"}],"version-history":[{"count":4,"href":"https:\/\/rafalk-elblag.pl\/index.php?rest_route=\/wp\/v2\/posts\/3500\/revisions"}],"predecessor-version":[{"id":3506,"href":"https:\/\/rafalk-elblag.pl\/index.php?rest_route=\/wp\/v2\/posts\/3500\/revisions\/3506"}],"wp:featuredmedia":[{"embeddable":true,"href":"https:\/\/rafalk-elblag.pl\/index.php?rest_route=\/wp\/v2\/media\/3503"}],"wp:attachment":[{"href":"https:\/\/rafalk-elblag.pl\/index.php?rest_route=%2Fwp%2Fv2%2Fmedia&parent=3500"}],"wp:term":[{"taxonomy":"category","embeddable":true,"href":"https:\/\/rafalk-elblag.pl\/index.php?rest_route=%2Fwp%2Fv2%2Fcategories&post=3500"},{"taxonomy":"post_tag","embeddable":true,"href":"https:\/\/rafalk-elblag.pl\/index.php?rest_route=%2Fwp%2Fv2%2Ftags&post=3500"}],"curies":[{"name":"wp","href":"https:\/\/api.w.org\/{rel}","templated":true}]}}