{"id":3493,"date":"2019-09-29T14:32:25","date_gmt":"2019-09-29T14:32:25","guid":{"rendered":"http:\/\/rafalk-elblag.pl\/?p=3493"},"modified":"2019-10-07T14:37:28","modified_gmt":"2019-10-07T14:37:28","slug":"biuletyn-parafialny-nr-820-29-wrzesnia-2019r-xxvi-niedziela-zwykla","status":"publish","type":"post","link":"https:\/\/rafalk-elblag.pl\/?p=3493","title":{"rendered":"Biuletyn parafialny nr 820 \/  29 wrze\u015bnia 2019r.  XXVI Niedziela Zwyk\u0142a"},"content":{"rendered":"<p><a href=\"#temat-820\">WARTO\u015a\u0106 MODLITWY R\u00d3\u017bA\u0143COWEJ<\/a><br \/>\n<a href=\"#ogloszenia-820\">Og\u0142oszenia parafialne 29.09.2019<\/a><br \/>\n<a href=\"#intencje-820\">Intencje mszalne 29.09.2019<\/a><\/p>\n<p>&nbsp;<\/p>\n<p><img decoding=\"async\" id=\"temat-820\" src=\"http:\/\/rafalk-elblag.pl\/wp-content\/uploads\/2019\/10\/sdlier_820.jpg\"><\/p>\n<h1>WARTO\u015a\u0106 MODLITWY R\u00d3\u017bA\u0143COWEJ<\/h1>\n<p><strong>Najcz\u0119stsz\u0105 przyczyn\u0105 pewnej rezerwy w stosunku do r\u00f3\u017ca\u0144ca, jak\u0105 mo\u017cna niekiedy zaobserwowa\u0107 u praktykuj\u0105cych katolik\u00f3w, jest brak pog\u0142\u0119bionej wiedzy na temat tej modlitwy, nie pozwalaj\u0105cy dostrzec jej prawdziwego sensu i ukrytego w niej bogactwa duchowego.<\/strong><\/p>\n<p>Zrozumie\u0107 w pe\u0142ni, czym jest modlitwa r\u00f3\u017ca\u0144cowa i jak wielka jest jej warto\u015b\u0107, mo\u017cna tylko w oparciu o w\u0142asne do\u015bwiadczenie, kt\u00f3rego nie jest w stanie zast\u0105pi\u0107 \u017caden, chocia\u017cby najbardziej wnikliwy, opis.<br \/>\nWszelkie pr\u00f3by poznania tej modlitwy nie oparte na do\u015bwiadczeniu umo\u017cliwiaj\u0105 jedynie dotarcie do jej zewn\u0119trznych i &#8222;technicznych&#8221; szczeg\u00f3\u0142\u00f3w, nie pozwol\u0105 jednak w pe\u0142ni zrozumie\u0107 tego, co jest w niej najistotniejsze.<\/p>\n<p>Akceptacja modlitwy r\u00f3\u017ca\u0144cowej, pokonanie oboj\u0119tno\u015bci czy uprzedze\u0144 wobec niej wymaga przede wszystkim \u015bwiadomego uznania jej warto\u015bci. W jaki spos\u00f3b mo\u017cna t\u0119 warto\u015b\u0107 pozna\u0107, jak przekona\u0107 si\u0119 o niej przynajmniej w takim stopniu, aby z w\u0142asnej woli i potrzeby serca m\u00f3c w\u0142\u0105czy\u0107 r\u00f3\u017caniec do swoich codziennych modlitw i do\u015bwiadczy\u0107 jego obfitych skutk\u00f3w?<\/p>\n<p>Potwierdzenie warto\u015bci modlitwy r\u00f3\u017ca\u0144cowej znajdujemy przede wszystkim w nauce Ko\u015bcio\u0142a, kt\u00f3ry nieustannie nawo\u0142uje do jej odmawiania. Do chwili obecnej na temat r\u00f3\u017ca\u0144ca wypowiedzia\u0142o si\u0119 45 papie\u017cy w 226 dokumentach zawieraj\u0105cych ustalenia dotycz\u0105ce istoty i formy tej modlitwy, zach\u0119ty do jej odmawiania, a tak\u017ce przepisy zwi\u0105zane z nadanymi jej odpustami. Jako &#8222;Papie\u017c R\u00f3\u017ca\u0144ca&#8221; zas\u0142yn\u0105\u0142 przede wszystkim Leon XIII, kt\u00f3ry w czasie swego 25-letniego pontyfikatu (1878-1903) wyda\u0142 22 dokumenty po\u015bwi\u0119cone tej modlitwie, w tym a\u017c 12 encyklik.<\/p>\n<p>W jednej z tych encyklik, zatytu\u0142owanej Supremi apostolatus (Najwy\u017cszy Urz\u0105d Apostolski) z 1 wrze\u015bnia 1883 roku ustanowi\u0142 pa\u017adziernik miesi\u0105cem Kr\u00f3lowej R\u00f3\u017ca\u0144ca \u015awi\u0119tego. Od tego czasu, a wi\u0119c ju\u017c przez ponad sto lat,<br \/>\nw ca\u0142ym \u015bwiecie katolickim co roku we wszystkie dni pa\u017adziernika odbywaj\u0105<br \/>\nsi\u0119 uroczyste nabo\u017ce\u0144stwa r\u00f3\u017ca\u0144cowe, w kt\u00f3rych uczestnicz\u0105 liczni czciciele<br \/>\nMatki Naj\u015bwi\u0119tszej.<\/p>\n<p>Nauk\u0119 zawart\u0105 w pismach Leona XIII, uwa\u017canych dot\u0105d za najbardziej wszechstronne uj\u0119cie teologii r\u00f3\u017ca\u0144ca, g\u0142osili tak\u017ce jego nast\u0119pcy, przede wszystkim Pius XI, Pius XII i Jan XXIII, kt\u00f3ry podczas swego pi\u0119cioletniego pontyfikatu (1958-1963) 48 razy wypowiada\u0142 si\u0119 zach\u0119caj\u0105c do modlitwy r\u00f3\u017ca\u0144cowej. Do odmawiania r\u00f3\u017ca\u0144ca zach\u0119ca te\u017c bardzo cz\u0119sto Ojciec \u015bwi\u0119ty Jan Pawe\u0142 II, kt\u00f3ry ma niezwykle \u017cywy i serdeczny stosunek do tej modlitwy, o czym \u015bwiadcz\u0105 liczne Jego wypowiedzi, a przede wszystkim dawany przez Niego przyk\u0142ad.<\/p>\n<p>Obfite owoce, jakie przynosi r\u00f3\u017caniec, to nie tylko rezultat zawartych w nim modlitw ustnych, s\u0142usznie uwa\u017canych za najpi\u0119kniejsze i najskuteczniejsze, ale tak\u017ce snutego na ich tle rozwa\u017cania niezg\u0142\u0119bionych tajemnic naszego zbawienia. R\u00f3\u017caniec odmawiany pobo\u017cnie i wytrwale nie tylko wyprasza<br \/>\n\u0142aski, o kt\u00f3re prosimy w podj\u0119tych intencjach, w Modlitwie Pa\u0144skiej, w Pozdrowieniu Anielskim, czy w doksologii (Chwata Ojcu), ale ponadto przynosi pog\u0142\u0119bienie \u017cycia Bo\u017cego przez coraz bli\u017csz\u0105 \u0142\u0105czno\u015b\u0107 z Maryj\u0105, a<br \/>\nza Jej po\u015brednictwem z Jezusem.<\/p>\n<p>Mo\u017cna wi\u0119c \u015bmia\u0142o powiedzie\u0107, \u017ce r\u00f3\u017caniec przemienia \u017cycie. Przemiana<br \/>\nta jest rezultatem pog\u0142\u0119biania si\u0119 cn\u00f3t teologicznych (wiary, nadziei i mi\u0142o\u015bci) pod wp\u0142ywem rozwa\u017cania pi\u0119tnastu tajemnic, uznawanych za streszczenie Ewangelii9. Rozwa\u017canie tych tajemnic wywiera wp\u0142yw na post\u0119powanie cz\u0142owieka. Modlitewne i pe\u0142ne mi\u0142o\u015bci przypatrywanie si\u0119 Jezusowi i Maryi w kolejnych wydarzeniach ewangelicznych niepostrze\u017cenie przyczynia si\u0119 do na\u015bladowania Ich cn\u00f3t, a w konsekwencji &#8211; przez nieustann\u0105 przemian\u0119 \u017cycia &#8211; prowadzi do \u015bwi\u0119to\u015bci.<\/p>\n<p>&nbsp;<br \/>\n<img decoding=\"async\" id=\"ogloszenia-820\" src=\"http:\/\/rafalk-elblag.pl\/wp-content\/uploads\/2019\/09\/ogloszenia_parafialne.jpg\" width=\"800px\"><\/p>\n<h2>Og\u0142oszenia parafialne 29.09.2019<\/h2>\n<p><strong>1.&nbsp;&nbsp; &nbsp;Wolontariusze Caritas dzisiaj zbieraj\u0105<\/strong> ofiary przed ko\u015bcio\u0142em dla najubo\u017cszych i potrzebuj\u0105cych z naszej parafii. Za okazan\u0105 pomoc dzi\u0119kujemy.<br \/>\n<strong>2.&nbsp;&nbsp; &nbsp;Przed nami miesi\u0105c R\u00f3\u017ca\u0144ca \u015awi\u0119tego.<\/strong> Zapraszamy na nabo\u017ce\u0144stwa z wystawieniem Naj\u015bwi\u0119tszego Sakramentu. Wierni, kt\u00f3rzy odmawiaj\u0105 cz\u0119\u015b\u0107 R\u00f3\u017ca\u0144ca (5 dziesi\u0105tek) w ko\u015bciele lub rodzinie mog\u0105 uzyska\u0107 Odpust Zupe\u0142ny. Zapraszamy do wsp\u00f3lnej modlitwy: doros\u0142ych i m\u0142odzie\u017c o godz. 17:15, a dzieci zapraszamy: w poniedzia\u0142ki i \u015brody o godz. 16:30.<\/p>\n<p><strong>3.&nbsp;&nbsp; &nbsp;Dzisiaj, po Mszy \u015awi\u0119tej wieczornej,<\/strong> o godz. 19:00 odb\u0119dzie si\u0119 spotkanie dla kandydat\u00f3w przygotowuj\u0105cych si\u0119 do sakramentu bierzmowania \u2013 ROK I i II. Obecno\u015b\u0107 obowi\u0105zkowa.<\/p>\n<p><strong>4.&nbsp;&nbsp; &nbsp;Spotkanie dla rodzic\u00f3w dzieci klasy IV przygotowuj\u0105cej si\u0119 do ROCZNICY KOMUNII \u015aWI\u0118TEJ<\/strong> odb\u0119dzie si\u0119 w poniedzia\u0142ek 30 wrze\u015bnia br. o godz. 19:00 na plebanii.<br \/>\n<strong>Obecno\u015b\u0107 rodzic\u00f3w obowi\u0105zkowa!<\/strong><\/p>\n<p><strong>5.&nbsp;&nbsp; &nbsp;W tym tygodniu przypada:<\/strong><br \/>\n\u2022&nbsp;&nbsp; &nbsp;I czwartek miesi\u0105ca \u2013 zapraszamy na Msz\u0119 \u015bw. o godz. 18:00, a po niej na Adoracj\u0119 Naj\u015bwi\u0119tszego Sakramentu tj. na \u201eGODZIN\u0118 \u015aWI\u0118T\u0104\u201d. Zapraszamy wszystkie \u201eMargaretki\u201d do wsp\u00f3lnej modlitwy.<br \/>\n\u2022&nbsp;&nbsp; &nbsp;I pi\u0105tek miesi\u0105ca: spowied\u017a dla doros\u0142ych, m\u0142odzie\u017cy i szczeg\u00f3lnie dzieci klas IV od godz. 17:30. Msza \u015bw. o godz. 18:00<br \/>\n\u2022&nbsp;&nbsp; &nbsp;I sobota miesi\u0105ca: zapraszamy wszystkich czcicieli Matki Bo\u017cej na nabo\u017ce\u0144stwo po\u0142\u0105czone z Adoracj\u0105 Naj\u015bwi\u0119tszego Sakramentu od godz. 17:00.<\/p>\n<p><strong>6.&nbsp;&nbsp; &nbsp;W I pi\u0105tek miesi\u0105ca pa\u017adziernika z Panem Jezusem<\/strong> udamy si\u0119 do chorych: ks. Proboszcz i ks. Marcin od godz. 9:30, a ks. Piotr od godz. 8:00.<br \/>\nProsimy zg\u0142asza\u0107 do kap\u0142an\u00f3w chorych pragn\u0105cych rozpocz\u0105\u0107 9 pierwszych pi\u0105tk\u00f3w.<\/p>\n<p><strong>7.&nbsp;&nbsp; &nbsp;Za tydzie\u0144 ofiary zbierane na tac\u0119 przeznaczone b\u0119d\u0105 na<\/strong> sp\u0142at\u0119 kolejnej raty za wykonane \u0142awki i krzes\u0142a w prezbiterium do naszego ko\u015bcio\u0142a. B\u00f3g zap\u0142a\u0107 za sk\u0142adane ofiary.<\/p>\n<p><strong>8.&nbsp;&nbsp; &nbsp;Zapraszamy do uprawiania sportu<\/strong> (dyscyplina Nordic Walking). Chcemy, ju\u017c regularnie spotyka\u0107 si\u0119 w ka\u017cdy poniedzia\u0142ek o godz. 17:30. Zapraszamy wszystkich ch\u0119tnych.<\/p>\n<p><strong>9.&nbsp;&nbsp; &nbsp; Nasza parafia organizuje w dniach 11-13 pa\u017adziernika<\/strong> br. PIELGRZYMK\u0118 na IV Og\u00f3lnopolskie Spotkanie Apostolatu Margaretka w Krakowie \u0141agiewnikach.<br \/>\nWyjazd 11 pa\u017adziernika (pi\u0105tek) o godz.6:00. Nocleg w Kalwarii Zebrzydowskiej. Odwiedzimy Wadowice miejsce urodzin \u015bw. Jana Paw\u0142a II. Koszt 210 z\u0142 (noclegi, \u015bniadania, autokar, ubezpieczenie), pozosta\u0142e posi\u0142ki we w\u0142asnym zakresie.<br \/>\nZapisy do ko\u0144ca wrze\u015bnia w zakrystii.<\/p>\n<p><strong>10.&nbsp;&nbsp; &nbsp; Mamy ju\u017c mo\u017cliwo\u015b\u0107 zamawiania i rezerwacji Mszy \u015bwi\u0119tej<\/strong> na ROK 2020. Informacj\u0119 t\u0119 podajemy dla tych wszystkich, kt\u00f3rzy pragn\u0105 w konkretnym dniu zam\u00f3wi\u0107 intencj\u0119 mszaln\u0105.<\/p>\n<p><strong>11.&nbsp;&nbsp; &nbsp; Mo\u017cliwo\u015b\u0107 skorzystania z Sakramentu Spowiedzi \u015awi\u0119tej<\/strong> w tygodniu mamy: od godz. 7:45 oraz od godz. 17:30.<\/p>\n<p><strong>12.&nbsp;&nbsp; &nbsp; Parafia \u015bw. Jerzego w Elbl\u0105gu<\/strong> zaprasza w poniedzia\u0142ki i \u015brody o godz. 19.00, na katechezy&nbsp;&nbsp;&nbsp;&nbsp; Neokatechumenalne. Szczeg\u00f3\u0142y na plakacie.<\/p>\n<p><strong>13.&nbsp;&nbsp; &nbsp; Zach\u0119camy do zag\u0142osowania na projekt Bud\u017cetu Obywatelskiego<\/strong> pt. Modernizacja i rozw\u00f3j przestrzeni bibliotecznej Filii nr 4 Biblioteki Elbl\u0105skiej. G\u0142os mo\u017cna odda\u0107 w bibliotece nad Jarem przy ul. Og\u00f3lnej, a tak\u017ce przez stron\u0119 internetow\u0105.<\/p>\n<p><strong>14.&nbsp;&nbsp; &nbsp; Kancelaria Parafialna<\/strong> czynna: \u015broda od 16:00 do 17:30 i sobota od 10:30 do 12:00.<\/p>\n<p><img decoding=\"async\" id=\"intencje-820\" src=\"http:\/\/rafalk-elblag.pl\/wp-content\/uploads\/2019\/09\/intencje_mszalne.jpg\" width=\"800px\"><\/p>\n<h2>Intencje mszalne 29.09.2019<\/h2>\n<p><strong>PONIEDZIA\u0141EK 30 wrze\u015bnia 2019r.<\/strong> \/ \u015bw. Hieronima \u0141k 7, 1-10<br \/>\n\u015ap. Janina Jakubowska w 30 dpp.<br \/>\n\u015ap. Boles\u0142aw Malinowski ( 30 greg.)<br \/>\nO do\u015bwiadczenie Bo\u017cej mi\u0142o\u015bci dla Karoliny i Sebastiana<br \/>\n<strong>WTOREK 1 pa\u017adziernika 2019r.<\/strong> \/ \u015bw. Teresy od Dzieci\u0105tka Jezus \u0141k 7, 11-17<br \/>\n\u015ap. Weronika Czy\u017cyk (1 greg.)<br \/>\n\u015ap. Wac\u0142aw, Janina i J\u00f3zef Bazylak<br \/>\n<strong>\u015aRODA 2 pa\u017adziernika 2019r.<\/strong> \/ \u015bw. Anio\u0142\u00f3w Str\u00f3\u017c\u00f3w \u0141k 2, 41-52<br \/>\n\u015ap. Weronika Czy\u017cyk (2 greg.)<br \/>\nW intencji czcicieli MB Nieustaj\u0105cej Pomocy<br \/>\n<strong>CZWARTEK 3 pa\u017adziernika 2019r.<\/strong> \u0141k 7, 36-50<br \/>\n\u015ap. Weronika Czy\u017cyk (3 greg.)<br \/>\nO nowe i \u015bwi\u0119te powo\u0142ania kap\u0142a\u0144skie, zakonne i misyjne z naszej parafii<br \/>\n<strong>PI\u0104TEK 4 pa\u017adziernika 2019r.<\/strong> \/ \u015bw. Franciszek z Asy\u017cu \u0141k 8, 1-3<br \/>\n\u015ap. Weronika Czy\u017cyk (4 greg.)<br \/>\n\u015ap. Krzysztof Zgliczy\u0144ski w 1 r.\u015bm. \u2013 o chwa\u0142\u0119 nieba<br \/>\n\u015ap. Kazimierz Nowak w 2 miesi\u0105c po \u015bmierci \u2013 int. od pracownik\u00f3w firmy \u201eKompakt\u201d<br \/>\nW intencji czcicieli Naj\u015bwi\u0119tszego Serca Pana Jezusa<br \/>\n<strong>SOBOTA 5 pa\u017adziernika 2019r.<\/strong> \/ \u015bw. Faustyny Kowalskiej Mt 9, 9-13<br \/>\n\u015ap. Weronika Czy\u017cyk (5 greg.)<br \/>\nMsza \u015blubna<br \/>\n\u015ap. Jan D\u017cugan w 3 r.\u015bm. i Zbiegniew D\u017cugan w 7 r.\u015bm.<br \/>\n<strong>XXVII Niedziela Zwyk\u0142a \/ 6 pa\u017adziernika 2019r.<\/strong> \u0141k 16, 1-13<br \/>\n\u015ap. Helena i Kazimierz Bukojemscy<br \/>\nDzi\u0119k. w 6 rocz. \u015blubu Anny i Piotra At\u0142as z pro\u015bb\u0105 o Bo\u017ce b\u0142og. dla dzieci i ca\u0142ej rodziny<br \/>\n\u015ap. Rodzice: Regina i Szczepan Miko\u0142ajewscy, brat Zenon, syn Pawe\u0142 i zm. z rodz. Miko\u0142ajewskich, Roso\u0142owskich i Rybickich<br \/>\n\u015ap. Jan Abucewicz w 3 r.\u015bm.<br \/>\nW intencji Parafian<br \/>\n\u015ap. Bogdan Kr\u00f3l w 4 r.\u015bm., Wiktoria i Wac\u0142aw<br \/>\nW int. czcicieli \u017bywego R\u00f3\u017ca\u0144ca \u2013 w wigili\u0119 wspomnienia MB R\u00f3\u017ca\u0144cowej<br \/>\n\u015ap. Weronika Czy\u017cyk (6 greg.)<\/p>\n","protected":false},"excerpt":{"rendered":"<p>WARTO\u015a\u0106 MODLITWY R\u00d3\u017bA\u0143COWEJ Og\u0142oszenia parafialne 29.09.2019 Intencje mszalne 29.09.2019 &nbsp; WARTO\u015a\u0106 MODLITWY R\u00d3\u017bA\u0143COWEJ Najcz\u0119stsz\u0105 przyczyn\u0105 pewnej rezerwy w stosunku do r\u00f3\u017ca\u0144ca, jak\u0105 mo\u017cna niekiedy zaobserwowa\u0107 u praktykuj\u0105cych katolik\u00f3w, jest brak pog\u0142\u0119bionej wiedzy na temat tej modlitwy, nie pozwalaj\u0105cy dostrzec jej prawdziwego sensu i ukrytego w niej bogactwa duchowego. Zrozumie\u0107 w pe\u0142ni, czym jest modlitwa r\u00f3\u017ca\u0144cowa [&hellip;]<\/p>\n","protected":false},"author":1,"featured_media":3495,"comment_status":"closed","ping_status":"closed","sticky":false,"template":"","format":"standard","meta":{"ngg_post_thumbnail":0,"footnotes":""},"categories":[11,8,4,3],"tags":[],"class_list":["post-3493","post","type-post","status-publish","format-standard","has-post-thumbnail","hentry","category-aktualnosci","category-blog","category-intencje","category-ogloszenia"],"_links":{"self":[{"href":"https:\/\/rafalk-elblag.pl\/index.php?rest_route=\/wp\/v2\/posts\/3493","targetHints":{"allow":["GET"]}}],"collection":[{"href":"https:\/\/rafalk-elblag.pl\/index.php?rest_route=\/wp\/v2\/posts"}],"about":[{"href":"https:\/\/rafalk-elblag.pl\/index.php?rest_route=\/wp\/v2\/types\/post"}],"author":[{"embeddable":true,"href":"https:\/\/rafalk-elblag.pl\/index.php?rest_route=\/wp\/v2\/users\/1"}],"replies":[{"embeddable":true,"href":"https:\/\/rafalk-elblag.pl\/index.php?rest_route=%2Fwp%2Fv2%2Fcomments&post=3493"}],"version-history":[{"count":4,"href":"https:\/\/rafalk-elblag.pl\/index.php?rest_route=\/wp\/v2\/posts\/3493\/revisions"}],"predecessor-version":[{"id":3499,"href":"https:\/\/rafalk-elblag.pl\/index.php?rest_route=\/wp\/v2\/posts\/3493\/revisions\/3499"}],"wp:featuredmedia":[{"embeddable":true,"href":"https:\/\/rafalk-elblag.pl\/index.php?rest_route=\/wp\/v2\/media\/3495"}],"wp:attachment":[{"href":"https:\/\/rafalk-elblag.pl\/index.php?rest_route=%2Fwp%2Fv2%2Fmedia&parent=3493"}],"wp:term":[{"taxonomy":"category","embeddable":true,"href":"https:\/\/rafalk-elblag.pl\/index.php?rest_route=%2Fwp%2Fv2%2Fcategories&post=3493"},{"taxonomy":"post_tag","embeddable":true,"href":"https:\/\/rafalk-elblag.pl\/index.php?rest_route=%2Fwp%2Fv2%2Ftags&post=3493"}],"curies":[{"name":"wp","href":"https:\/\/api.w.org\/{rel}","templated":true}]}}