{"id":3484,"date":"2019-09-15T19:42:34","date_gmt":"2019-09-15T19:42:34","guid":{"rendered":"http:\/\/rafalk-elblag.pl\/?p=3484"},"modified":"2019-09-21T19:55:06","modified_gmt":"2019-09-21T19:55:06","slug":"biuletyn-parafialny-nr-81815-wrzesnia-2019r-xxv-niedziela-zwykla","status":"publish","type":"post","link":"https:\/\/rafalk-elblag.pl\/?p=3484","title":{"rendered":"Biuletyn parafialny nr 818\/15 wrze\u015bnia 2019r. XXV Niedziela Zwyk\u0142a"},"content":{"rendered":"<p><a href=\"#temat-818\">M\u0142odo\u015b\u0107 jest \u0142ask\u0105<\/a><br \/>\n<a href=\"#ogloszenia-818\">Og\u0142oszenia parafialne 15.09.2019<\/a><br \/>\n<a href=\"#intencje-818\">Intencje mszalne 15.09.2019<\/a><\/p>\n<p>&nbsp;<\/p>\n<p><img decoding=\"async\" id=\"temat-818\" src=\"http:\/\/rafalk-elblag.pl\/wp-content\/uploads\/2019\/09\/sdlier_818.jpg\"><\/p>\n<h1>M\u0142odo\u015b\u0107 jest \u0142ask\u0105<\/h1>\n<h3>Konferencja wychowawcza, IX Tydzie\u0144 wychowania<\/h3>\n<p>Negatywne spojrzenie na m\u0142odzie\u017c, uznanie, \u017ce m\u0142odzi ludzie stanowi\u0105 pokolenie rodz\u0105ce jedynie same trudno\u015bci, jest krzywdz\u0105ce. Warto pami\u0119ta\u0107, \u017ce skargi na m\u0142ode pokolenie s\u0105 charakterystyczne dla ludzi wszystkich epok. Papie\u017c Franciszek przestrzega: <strong><em>,,Dzi\u015b grozi nam doros\u0142ym, \u017ce b\u0119dziemy sporz\u0105dzali list\u0119 pora\u017cek i niedoskona\u0142o\u015bci obecnej m\u0142odzie\u017cy. By\u0107 mo\u017ce niekt\u00f3rzy b\u0119d\u0105 nas oklaskiwa\u0107, poniewa\u017c sprawiamy wra\u017cenie ekspert\u00f3w w znajdowaniu aspekt\u00f3w negatywnych i zagro\u017ce\u0144.\u201d<\/em> (CV 66).<\/strong><\/p>\n<p>Nie da si\u0119 wychowywa\u0107 kultywuj\u0105c w sercu rozgoryczenie, smutek i t\u0119sknot\u0119 za czasami, gdy by\u0142o \u0142atwiej. Znana jest anegdota m\u00f3wi\u0105ca o m\u0119drcu ate\u0144skim, kt\u00f3ry chc\u0105c pokaza\u0107 jaka jest droga odrodzenia chyl\u0105cej si\u0119 ku upadkowi cywilizacji, rzuci\u0142 o posadzk\u0119 nadgni\u0142ym owocem. Owoc rozpad\u0142 si\u0119 i ukaza\u0142y si\u0119 zdrowe pestki \u2013 nadziej\u0119 na ratunek spo\u0142ecze\u0144stwa stanowi m\u0142ode pokolenie. Najwa\u017cniejsza jest obecno\u015b\u0107 rodzic\u00f3w i zapewnienie dziecku spe\u0142nienia podstawowej we wczesnym dzieci\u0144stwie potrzeby opieki i bezpiecze\u0144stwa. Trzeba podkre\u015bli\u0107, \u017ce nie wystarczy samo bycie obecnym w pobli\u017cu wychowanka. Chodzi bardziej o ,,bycie dla\u2026\u201d, o gesty wyra\u017caj\u0105ce blisko\u015b\u0107, a w p\u00f3\u017aniejszym okresie o wsp\u00f3lne sp\u0119dzanie czasu, zabawy, rozmowy.<\/p>\n<p>Relacja rodzic\u00f3w z dzie\u0107mi podlega rozwojowi. Coraz cz\u0119stsz\u0105 trudno\u015bci\u0105 obci\u0105\u017caj\u0105c\u0105 wychowanka, nieraz na ca\u0142e \u017cycie, jest symbiotyczna wi\u0119\u017a z rodzicami, utrzymuj\u0105ca si\u0119 przez d\u0142ugi czas, Dziecko jest prowadzone za r\u0119k\u0119 w okresie m\u0142odzie\u0144czym i w doros\u0142ym \u017cyciu, co uniemo\u017cliwia rozwini\u0119cie dojrza\u0142ych wi\u0119zi w narzecze\u0144stwie i ma\u0142\u017ce\u0144stwie. Francuski filozof, Jean Guitton w wieku 92 lat napisa\u0142 list do swej nie\u017cyj\u0105cej ju\u017c mamy. W li\u015bcie tym por\u00f3wnuje sytuacj\u0119 matki i jej relacj\u0119 z dzieckiem do Moj\u017cesza, kt\u00f3ry prowadzi\u0142 lud do Ziemi Obiecanej, ale nie by\u0142o mu dane przekroczy\u0107 jej granicy. Warto pami\u0119ta\u0107, \u017ce ka\u017cdy rodzic powinien zatrzyma\u0107 si\u0119 przed liniami granicznymi okres\u00f3w rozwojowych swego dziecka i zastanowi\u0107 si\u0119, w jaki spos\u00f3b mo\u017ce mu towarzyszy\u0107 na kolejnych etapach, by nie zniewala\u0107 go i nie wp\u0142ywa\u0107 w destrukcyjny spos\u00f3b na jego samodzielno\u015b\u0107, budowanie relacji, a p\u00f3\u017aniej na wi\u0119zi w rodzinie, jak\u0105 b\u0119dzie zak\u0142ada\u0142o.<\/p>\n<p>Warto ws\u0142ucha\u0107 si\u0119 w pi\u0119kne s\u0142owa Jeana Guittona: ,<em>,Matko, zawsze mi m\u00f3wi\u0142a\u015b, \u017ce matka jest podobna do Moj\u017cesza. Umiera, nie zobaczywszy ziemi, kt\u00f3ra by\u0142a jej obiecana. I powiada\u0142a\u015b jeszcze, \u017ce to w\u0142a\u015bnie syn powinien kontynuowa\u0107, doko\u0144czy\u0107 tak szybko przerwane dzie\u0142o matki. Syn musi pr\u00f3bowa\u0107 dokona\u0107 tego, czego nie zdo\u0142a\u0142a zrobi\u0107 matka. Poniewa\u017c on mo\u017ce postawi\u0107 stop\u0119 na Ziemi Obiecanej. Nie zobaczy\u0142em twojej staro\u015bci. Umar\u0142a\u015b, kiedy mia\u0142a\u015b pi\u0119\u0107dziesi\u0105t sze\u015b\u0107 lat. Ja sko\u0144czy\u0142em w\u0142a\u015bnie dziewi\u0119\u0107dziesi\u0105t dwa. Sta\u0142a\u015b si\u0119 niejako moim dzieckiem\u2026 Kiedy odchodzi kochana istota, ojciec czy matka, zawsze mamy wra\u017cenie, \u017ce nie powiedzieli\u015bmy tego, co najwa\u017cniejsze. Wielka mi\u0142o\u015b\u0107 nie wyrazi si\u0119 jednak nigdy ani w jednym li\u015bcie, ani w tysi\u0105cu list\u00f3w, ani w jednym s\u0142owie, ani w tysi\u0105cu s\u0142\u00f3w! (\u2026) Matko moja, jeste\u015bmy zjednoczeni na wieki.\u201d<\/em><\/p>\n<p>Gdyby trzeba by\u0142o zdecydowa\u0107, jakie s\u0105 najwa\u017cniejsze prawdy, kt\u00f3re nale\u017ca\u0142oby przekaza\u0107 m\u0142odym ludziom, trzeba by si\u0119gn\u0105\u0107 do adhortacji papie\u017ca Franciszka. Fragment dokumentu, kt\u00f3ry o tym m\u00f3wi, stanowi, jak si\u0119 wydaje, jego serce i punkt kulminacyjny. Ws\u0142uchajmy si\u0119 w s\u0142owa Ojca \u015awi\u0119tego: <em>,,Przede wszystkim chc\u0119 powiedzie\u0107 wszystkim pierwsz\u0105 prawd\u0119: B\u00f3g Ci\u0119 kocha. Nawet je\u015bli ju\u017c to s\u0142ysza\u0142e\u015b, chc\u0119 ci to przypomnie\u0107: B\u00f3g Ci\u0119 kocha. Nigdy w to nie w\u0105tp, niezale\u017cnie od tego, co ci si\u0119 przytrafia w \u017cyciu. W ka\u017cdych okoliczno\u015bciach jeste\u015b niesko\u0144czenie mi\u0142owany.\u201d<\/em> ( CV 112)<br \/>\nSkorzystajmy z inspiracji wychowawczych zawartych w adhortacji Christus vivit, ale przede wszystkim pozw\u00f3lmy, by natchn\u0105\u0142 na duch nadziei i m\u0105drego optymizmu obecny w ka\u017cdym punkcie tego dokumentu.<\/p>\n<p>&nbsp;<br \/>\n<img decoding=\"async\" id=\"ogloszenia-818\" src=\"http:\/\/rafalk-elblag.pl\/wp-content\/uploads\/2019\/09\/ogloszenia_parafialne.jpg\" width=\"800px\"><\/p>\n<h2>Og\u0142oszenia parafialne 22.09.2019<\/h2>\n<p><strong>1. UWAGA!<\/strong> Od wrze\u015bnia powracamy do Mszy \u015bwi\u0119tej niedzielnej o godzinie 15:00, kt\u00f3ra rozpoczyna si\u0119 Koronk\u0105 do Mi\u0142osierdzia Bo\u017cego.<\/p>\n<p><strong>2. Drodzy Rodzice, Duszpasterze, Nauczyciele i Wychowawcy,<\/strong> mottem tegorocznego, IX Tygodnia Wychowania (15 \u2013 21 wrze\u015bnia 2019 roku) s\u0105 s\u0142owa skierowane do Jezusa przez Jego przysz\u0142ych uczni\u00f3w: \u201eNauczycielu, gdzie mieszkasz?\u201d (J 1, 38). Prawdopodobnie nie spodziewali si\u0119 tego, \u017ce konsekwencj\u0105 postawienia takiego pytania b\u0119dzie radykalna zmiana ich \u017cycia. Jednym z cel\u00f3w, jakie stawiaj\u0105 sobie wychowawcy, jest pokazanie wychowankom, gdzie b\u0119d\u0105 mogli znale\u017a\u0107 odpowiedzi na wa\u017cne dla nich pytania. \u201d. Zapraszamy w tygodniu na Msze \u015aw. o godz. 18:00 po\u0142\u0105czone z modlitwami za dzieci, m\u0142odzie\u017c i rodziny.<br \/>\nWi\u0119cej na stronie: www.tydzie\u0144wychowania.pl.<\/p>\n<p><strong>3. UWAGA!!!<\/strong> Zapisy do bierzmowania m\u0142odzie\u017cy z klas VIII Szko\u0142y Podstawowej trwaj\u0105 do ko\u0144ca wrze\u015bnia. Zg\u0142oszenia u ks. Marcina.<\/p>\n<p><strong>4. Jutro 16 wrze\u015bnia dzie\u0144 spotkania i formacji<\/strong> BRACTWA SZKAPLERZNEGO. Serdecznie zapraszamy na Msz\u0119 \u015bw. o godz. 18:00, a po niej na Nabo\u017ce\u0144stwo do Matki Bo\u017cej Bolesnej.<\/p>\n<p><strong>5. We wtorek 17 wrze\u015bnia w ko\u015bciele pw. \u201eWszystkich \u015awi\u0119tych\u201d<\/strong> w Elbl\u0105gu dla Zwi\u0105zku Sybirak\u00f3w i Kombatant\u00f3w z okazji 80 rocznicy napa\u015bci sowieckiej na Polsk\u0119 o godz. 9:00 zostanie odprawiona Msza \u015bwi\u0119ta. Po niej dalsze uroczysto\u015bci przy Krzy\u017cu Katy\u0144skim na Cmentarzu Komunalnym przy Agrykola.<\/p>\n<p><strong>6. Po przerwie wakacyjnej powracamy do uprawiania sportu<\/strong> (dyscyplina Nordic Walking). Chcemy, ju\u017c regularnie spotyka\u0107 si\u0119 w ka\u017cdy poniedzia\u0142ek o godz. 17:30. Spotykamy si\u0119 jutro przed ko\u015bcio\u0142em. Zapraszamy wszystkich ch\u0119tnych.<\/p>\n<p><strong>7. Nasza parafia organizuje w dniach 11-13 pa\u017adziernika<\/strong> br. PIELGRZYMK\u0118 na IV Og\u00f3lnopolskie Spotkanie Apostolatu Margaretka w Krakowie \u0141agiewnikach. Wyjazd 11 pa\u017adziernika (pi\u0105tek) o godz.6:00. Nocleg w Kalwarii Zebrzydowskiej. Odwiedzimy Wadowice miejsce urodzin \u015bw. Jana Paw\u0142a II. Koszt 210 z\u0142 (noclegi, \u015bniadania, autokar, ubezpieczenie), pozosta\u0142e posi\u0142ki we w\u0142asnym zakresie.<br \/>\nZapisy do ko\u0144ca wrze\u015bnia w zakrystii.<\/p>\n<p><strong>8. Nasza parafialna Wsp\u00f3lnota Odnowy w Duchu \u015awi\u0119tym organizuje wyjazd na Koncert Uwielbienia zespo\u0142u \u201eMocni w Duchu\u201d,<\/strong> kt\u00f3ry odb\u0119dzie si\u0119 w niedziel\u0119 22 wrze\u015bnia o godz. 19.00 w Ko\u015bciele \u015bw. Bart\u0142omieja w Pas\u0142\u0119ku. Wyjazd autokarem spod naszego Ko\u015bcio\u0142a o godz. 18.15. Koszt \u2013 15 z\u0142 \/ Zapisy w zakrystii.<\/p>\n<p><strong>9. KURS ALPHA dla m\u0119\u017cczyzn<\/strong> startuje w poniedzia\u0142ek 23 wrze\u015bnia br. o godz. 19:00 w Ko\u015bciele Bo\u017cego Cia\u0142a w Elbl\u0105gu, ul Robotnicza 29. Ka\u017cdy spotkanie obejmuje posi\u0142ek, wyk\u0142ad i dyskusj\u0119 w ma\u0142ych grupach.<\/p>\n<p><strong>10. R\u00f3wnie\u017c par. \u015aw. Brata Alberta w Elbl\u0105gu<\/strong> zaprasza na cykl interaktywnych spotka\u0144 \u201eAlpha\u201d. Pierwsze spotkanie odb\u0119dzie si\u0119 23 wrze\u015bnia o godz. 19.00 w Sali bankietowo-weselnej Eden, przy ulicy Kr\u00f3lewieckiej 195F. Szczeg\u00f3\u0142y na ulotkach przy wyj\u015bciu z Ko\u015bcio\u0142a.<\/p>\n<p><strong>11. Mo\u017cliwo\u015b\u0107 skorzystanie z Sakramentu Spowiedzi \u015awi\u0119tej<\/strong> w tygodniu mamy: od godz. 7:45 oraz od godz. 17:30.<\/p>\n<p><strong>12. Kancelaria Parafialna czynna jest w \u015brody od 16:00 do 17:30 i w soboty od 10:30 do 12:00.<br \/>\n<\/strong><br \/>\n<strong>13. Zach\u0119camy do czytania prasy katolickiej:<\/strong> nowy numer \u201eGo\u015bcia Niedzielnego\u201d w cenie 5 z\u0142. oraz dodatek \u201eGo\u015b\u0107 Elbl\u0105ski\u201d a nim wydarzenia z diecezji.<\/p>\n<p>&nbsp;<\/p>\n<p><img decoding=\"async\" id=\"intencje-818\" src=\"http:\/\/rafalk-elblag.pl\/wp-content\/uploads\/2019\/09\/intencje_mszalne.jpg\" width=\"800px\"><\/p>\n<h2>Intencje mszalne 15.09.2019<\/h2>\n<p><strong>PONIEDZIA\u0141EK 16 wrze\u015bnia 2019r.<\/strong> \/ \u015bw. Korneliusza i Cypriana \u0141k 7, 1-10<br \/>\n8.00 \u015ap. Boles\u0142aw Malinowski ( 16 greg.)<br \/>\n8.00 \u015ap. Teresa Brdak w 2 r.\u015bm.<br \/>\n18.00 W int. Rodziny Karmelita\u0144skiej i Bractwa Szkaplerznego<\/p>\n<p><strong>WTOREK 17 wrze\u015bnia 2019r.<\/strong> \u0141k 7, 11-17<br \/>\n8.00 \u015ap. Boles\u0142aw Malinowski ( 17 greg.)<br \/>\n18.00 \u015ap. Irena Osojca w 1 r.\u015bm.<br \/>\n18.00 \u015ap. Halina Gilgenast w 1 r.\u015bm.<\/p>\n<p><strong>\u015aRODA 18 wrze\u015bnia 2019r.<\/strong> \/ \u015bw. Stanis\u0142awa Kostki \u0141k 2, 41-52<br \/>\n8.00 O Bo\u017ce b\u0142og. i potrzebne \u0142aski dla Rafa\u0142a Kwiatkowskiego oraz o \u015bwiat\u0142o Ducha \u015awi\u0119tego w podejmowaniu wa\u017cnych decyzji \u017cyciowych w dniu 33 urodzin<br \/>\n18.00 \u015ap. Boles\u0142aw Malinowski ( 18 greg.)<br \/>\n18.00 W intencji czcicieli MB Nieustaj\u0105cej Pomocy<\/p>\n<p><strong>CZWARTEK 19 wrze\u015bnia 2019r.<\/strong> \/ \u015bw. Januarego \u0141k 7, 36-50<br \/>\n8.00 \u015ap. Boles\u0142aw Malinowski ( 19 greg.)<br \/>\n18.00 \u015ap. Szczepan Jan Kaczmarek w 17 r.\u015bm.<br \/>\n18.00 \u015ap. Irena W\u00f3jcik w 6 miesi\u0105c po \u015bmierci<\/p>\n<p><strong>PI\u0104TEK 20 wrze\u015bnia 2019r.<\/strong> \u0141k 8, 1-3<br \/>\n8.00 \u015ap. Maria Piotrowska w 30 dpp.<br \/>\n18.00 \u015ap. Boles\u0142aw Malinowski ( 20 greg.)<br \/>\n18.00 \u015ap. Jan Polsakiewicz w 8 r.\u015bm., siostra Teresa<br \/>\ni zm. rodzice z obojga stron<\/p>\n<p><strong>SOBOTA 21 wrze\u015bnia 2019r.<\/strong> \/ \u015bw. Mateusza Mt 9, 9-13<br \/>\n8.00 \u015ap. Boles\u0142aw Malinowski ( 21 greg.)<br \/>\n8.00 \u015ap. \u0141ukasz Mr\u00f3z w 2 r.\u015bm.<br \/>\n16.00 Msza \u015blubna<br \/>\n18.00 \u015ap. Jan Przeworski \u2013 int. od syna Tomasza<\/p>\n<p><strong>XXV Niedziela Zwyk\u0142a \/ 22 wrze\u015bnia 2019r<\/strong>. \u0141k 16, 1-13<br \/>\n7.00 \u015ap. Zygmunt Radziszewski w 27 r.\u015bm.<br \/>\n9.00 \u015ap. Roman Tykarski \u2013 int. od s\u0105siad\u00f3w<br \/>\n9.00 \u015ap. Boles\u0142aw Malinowski ( 22 greg.)<br \/>\n10.30 \u015ap. Stanis\u0142aw Raszewski w 9 r.\u015bm. i zm. z rodz. Raszewskich<br \/>\n12.00 W intencji Parafian<br \/>\n15.00 \u015ap. Boles\u0142aw i Marianna Stan, Zofia, Jan i Andrzej Jaworscy<br \/>\n18.00 \u015ap. Martyna w 4 r.\u015bm., W\u0142adys\u0142awa (k) w 2 r.\u015bm. i Ryszard \u017bubertowski<\/p>\n","protected":false},"excerpt":{"rendered":"<p>M\u0142odo\u015b\u0107 jest \u0142ask\u0105 Og\u0142oszenia parafialne 15.09.2019 Intencje mszalne 15.09.2019 &nbsp; M\u0142odo\u015b\u0107 jest \u0142ask\u0105 Konferencja wychowawcza, IX Tydzie\u0144 wychowania Negatywne spojrzenie na m\u0142odzie\u017c, uznanie, \u017ce m\u0142odzi ludzie stanowi\u0105 pokolenie rodz\u0105ce jedynie same trudno\u015bci, jest krzywdz\u0105ce. Warto pami\u0119ta\u0107, \u017ce skargi na m\u0142ode pokolenie s\u0105 charakterystyczne dla ludzi wszystkich epok. Papie\u017c Franciszek przestrzega: ,,Dzi\u015b grozi nam doros\u0142ym, \u017ce [&hellip;]<\/p>\n","protected":false},"author":1,"featured_media":3486,"comment_status":"closed","ping_status":"closed","sticky":false,"template":"","format":"standard","meta":{"ngg_post_thumbnail":0,"footnotes":""},"categories":[11,8,4,3],"tags":[],"class_list":["post-3484","post","type-post","status-publish","format-standard","has-post-thumbnail","hentry","category-aktualnosci","category-blog","category-intencje","category-ogloszenia"],"_links":{"self":[{"href":"https:\/\/rafalk-elblag.pl\/index.php?rest_route=\/wp\/v2\/posts\/3484","targetHints":{"allow":["GET"]}}],"collection":[{"href":"https:\/\/rafalk-elblag.pl\/index.php?rest_route=\/wp\/v2\/posts"}],"about":[{"href":"https:\/\/rafalk-elblag.pl\/index.php?rest_route=\/wp\/v2\/types\/post"}],"author":[{"embeddable":true,"href":"https:\/\/rafalk-elblag.pl\/index.php?rest_route=\/wp\/v2\/users\/1"}],"replies":[{"embeddable":true,"href":"https:\/\/rafalk-elblag.pl\/index.php?rest_route=%2Fwp%2Fv2%2Fcomments&post=3484"}],"version-history":[{"count":4,"href":"https:\/\/rafalk-elblag.pl\/index.php?rest_route=\/wp\/v2\/posts\/3484\/revisions"}],"predecessor-version":[{"id":3490,"href":"https:\/\/rafalk-elblag.pl\/index.php?rest_route=\/wp\/v2\/posts\/3484\/revisions\/3490"}],"wp:featuredmedia":[{"embeddable":true,"href":"https:\/\/rafalk-elblag.pl\/index.php?rest_route=\/wp\/v2\/media\/3486"}],"wp:attachment":[{"href":"https:\/\/rafalk-elblag.pl\/index.php?rest_route=%2Fwp%2Fv2%2Fmedia&parent=3484"}],"wp:term":[{"taxonomy":"category","embeddable":true,"href":"https:\/\/rafalk-elblag.pl\/index.php?rest_route=%2Fwp%2Fv2%2Fcategories&post=3484"},{"taxonomy":"post_tag","embeddable":true,"href":"https:\/\/rafalk-elblag.pl\/index.php?rest_route=%2Fwp%2Fv2%2Ftags&post=3484"}],"curies":[{"name":"wp","href":"https:\/\/api.w.org\/{rel}","templated":true}]}}