{"id":3468,"date":"2019-09-21T18:18:22","date_gmt":"2019-09-21T18:18:22","guid":{"rendered":"http:\/\/rafalk-elblag.pl\/?p=3468"},"modified":"2019-09-21T19:12:33","modified_gmt":"2019-09-21T19:12:33","slug":"biuletyn-parafialny-nr-819-22-wrzesnia-2019r-xxv-niedziela-zwykla","status":"publish","type":"post","link":"https:\/\/rafalk-elblag.pl\/?p=3468","title":{"rendered":"Biuletyn parafialny nr 819 \/  22 wrze\u015bnia 2019r.  XXV Niedziela Zwyk\u0142a"},"content":{"rendered":"<p><a href=\"#temat-819\">W przyja\u017ani z anio\u0142ami<\/a><br \/>\n<a href=\"#ogloszenia-819\">Og\u0142oszenia parafialne 22.09.2019<\/a><br \/>\n<a href=\"#intencje-819\">Intencje mszalne 22.09.2019<\/a><\/p>\n<p>&nbsp;<\/p>\n<p><img decoding=\"async\" id=\"temat-819\" src=\"http:\/\/rafalk-elblag.pl\/wp-content\/uploads\/2019\/09\/sdlier_819.jpg\"><\/p>\n<h1>W przyja\u017ani z anio\u0142ami<\/h1>\n<p><strong>Wielu ludzi nie wierzy w anio\u0142y. Nic dziwnego, w ko\u0144cu s\u0105 to istoty niewidzialne. Ko\u015bci\u00f3\u0142 jednak uczy, \u017ce \u015bwiat a\u017c roi si\u0119 od ich wielkiej ilo\u015bci. Kim oni s\u0105?<\/strong><br \/>\nPocz\u0105tek jesieni to w kalendarzu liturgicznym czas anio\u0142\u00f3w. 29 wrze\u015bnia obchodzimy \u015awi\u0119to Archanio\u0142\u00f3w: Micha\u0142a, Rafa\u0142a i Gabriela, a 2 pa\u017adziernika wspominamy Anio\u0142\u00f3w Str\u00f3\u017c\u00f3w. Anio\u0142owie s\u0105 obecni w ka\u017cdej chwili naszego \u017cycia, ale tak naprawd\u0119 niewiele o nich wiemy. Wielu ludzi nie wierzy w anio\u0142y. Nic dziwnego, w ko\u0144cu s\u0105 to istoty niewidzialne. Ko\u015bci\u00f3\u0142 jednak uczy, \u017ce \u015bwiat a\u017c roi si\u0119 od ich wielkiej ilo\u015bci. Kim oni s\u0105? Badacze m\u00f3wi\u0105, \u017ce s\u0105 to duchy stworzone przez Boga, aby s\u0142u\u017cy\u0107 cz\u0142owiekowi. Ka\u017cdy z nas ma swojego w\u0142asnego anio\u0142a str\u00f3\u017ca, kt\u00f3ry pomaga w trudnych sytuacjach, wspiera natchnieniem do dobrego, a przede wszystkim prowadzi nas do Boga. Najcz\u0119\u015bciej anio\u0142\u00f3w str\u00f3\u017c\u00f3w kojarzymy z ma\u0142ymi dzie\u0107mi &#8211; jak na obrazku, gdzie uskrzydlona posta\u0107 przeprowadza dw\u00f3jk\u0119 dzieci przez k\u0142adk\u0119. Tak naprawd\u0119 jednak anio\u0142 nigdy nie odst\u0119puje od cz\u0142owieka. Jest z nami zawsze: od pocz\u0119cia a\u017c do \u015bmierci. R\u00f3wnie\u017c papie\u017ce \u017cyli w blisko\u015bci ze swoimi str\u00f3\u017cami. Pius XI zaleca\u0142 wzywa\u0107 pomocy anio\u0142a str\u00f3\u017ca w obliczu trudnej rozmowy &#8211; wierzy\u0142, \u017ce anio\u0142owie rozm\u00f3wc\u00f3w porozumiej\u0105 si\u0119 ze sob\u0105 i z rozmowy wyniknie wi\u0119cej dobra. Jan XXIII raz wyzna\u0142, \u017ce do zwo\u0142ania Soboru Watyka\u0144skiego II natchn\u0105\u0142 go jego anio\u0142 str\u00f3\u017c. Tak\u017ce ten papie\u017c poleca\u0142 blisk\u0105 za\u017cy\u0142o\u015b\u0107 z anio\u0142ami.<\/p>\n<h2>Warto by\u0107 w przyja\u017ani z anio\u0142ami. Dlaczego?<\/h2>\n<p>Ka\u017cdy z nas odczuwa natchnienia do dobrych lub z\u0142ych uczynk\u00f3w. Pochodz\u0105 one od duch\u00f3w &#8211; te z\u0142e od demon\u00f3w, te dobre od anio\u0142\u00f3w. Je\u015bli \u017cyjemy w przyja\u017ani z anio\u0142em, \u0142atwiej przychodzi nam wybiera\u0107 dobro, a odrzuca\u0107 pokusy. Ju\u017c sama blisko\u015b\u0107 naszego str\u00f3\u017ca sprawia, \u017ce stajemy si\u0119 doskonalsi. Teologowie m\u00f3wi\u0105, \u017ce anio\u0142, jako istota czysta i nieskalana, udziela nam swojego pi\u0119kna duchowego przez samo bliskie przebywanie. Na co dzie\u0144 wiele spraw przypisujemy przypadkowi, zbiegowi okoliczno\u015bci. Jednak dla osoby wierz\u0105cej nie ma przypadk\u00f3w. Te &#8222;przypadki&#8221;, kt\u00f3re u\u0142atwiaj\u0105 nam dobre \u017cycie i pomagaj\u0105 trwa\u0107 przy Bogu &#8211; to jest w\u0142a\u015bnie realne dzia\u0142anie anio\u0142\u00f3w.<\/p>\n<p>Ale po co anio\u0142owie, skoro to sam B\u00f3g jest dawc\u0105 wszystkiego? T\u0119 zale\u017cno\u015b\u0107 mo\u017cna pokaza\u0107 w ten spos\u00f3b: je\u017celi B\u00f3g jest \u017ar\u00f3d\u0142em mi\u0142o\u015bci, si\u0142y, \u0142aski, to anio\u0142 jest &#8222;przewodem&#8221;, przez kt\u00f3ry te dary s\u0105 nam udzielane. To skomplikowane, ale przyjmijmy po prostu na wiar\u0119, \u017ce tak jest. \u017byjmy w przyja\u017ani ze swoim anio\u0142em str\u00f3\u017cem, a nie b\u0119dziemy zawiedzeni. Pami\u0119tajmy, \u017ce dzi\u0119ki anio\u0142owi, kt\u00f3ry kocha i troszczy si\u0119 o nas, nigdy nie jeste\u015bmy samotni.<\/p>\n<p>&nbsp;<br \/>\n<img decoding=\"async\" id=\"ogloszenia-819\" src=\"http:\/\/rafalk-elblag.pl\/wp-content\/uploads\/2019\/09\/ogloszenia_parafialne.jpg\" width=\"800px\"><\/p>\n<h2>Og\u0142oszenia parafialne 22.09.2019<\/h2>\n<p><strong>1. Dzisiaj diakon Micha\u0142 Semeniuk<\/strong> przed ko\u015bcio\u0142em zbiera ofiary do puszki na utrzymanie naszego Wy\u017cszego Seminarium Duchownego w Elbl\u0105gu. Na pierwszy rok studi\u00f3w zg\u0142osi\u0142o si\u0119 9 kandydat\u00f3w. Dzi\u0119kujmy za ka\u017cde powo\u0142anie i swoj\u0105 modlitw\u0105 i ofiar\u0105 wspierajmy Seminarium.<\/p>\n<p><strong>2. PRZYPOMINAMY !!!<\/strong> Zapisy do Sakramentu Bierzmowania m\u0142odzie\u017cy z klas VIII Szko\u0142y Podstawowej trwaj\u0105 do ko\u0144ca wrze\u015bnia. Zg\u0142oszenia u ks. Marcina.<\/p>\n<p><strong>3. KURS ALPHA<\/strong> dla m\u0119\u017cczyzn startuje w poniedzia\u0142ek si\u0119 23 wrze\u015bnia o godz. 19:00 w sali bankietowo-weselnej Eden, przy ulicy Kr\u00f3lewieckiej 195F. Szczeg\u00f3\u0142y na ulotkach przy wyj\u015bciu z Ko\u015bcio\u0142a.<\/p>\n<p><strong>4. W \u015brod\u0119 25 wrze\u015bnia<\/strong> spotkanie Kr\u0119gu Biblijnego o godz. 19:00 na plebanii.<\/p>\n<p><strong> 5. W przysz\u0142\u0105 niedziele (29 wrze\u015bnia)<\/strong> przypada \u015bwi\u0119to \u015awi\u0119tych Archanio\u0142\u00f3w: Micha\u0142a, Gabriela i Rafa\u0142a. Po Mszach \u015bwi\u0119tych wsp\u00f3lnie prosi\u0107 b\u0119dziemy o opiek\u0119 i wstawiennictwo \u015bwi\u0119tych Archanio\u0142\u00f3w dla ca\u0142ej naszej parafii.<\/p>\n<p><strong>6. W dniach 4-6 pa\u017adziernika 2019<\/strong> odb\u0119d\u0105 si\u0119 w Krynicy Morskiej warsztaty dla ma\u0142\u017ce\u0144stw, kt\u00f3rych organizatorem jest O\u015brodek Spotka\u0144 Ma\u0142\u017ce\u0144skich Diecezji Elbl\u0105skiej. Zg\u0142oszenia przyjmuj\u0105: Wis\u0142awa i Stanis\u0142aw Mareccy, email: smarecki@wp.pl, tel. 509 542 059. Spotkania Ma\u0142\u017ce\u0144skie s\u0105 ruchem rekolekcyjnym s\u0142u\u017c\u0105cym umacnianiu i odnawianiu wi\u0119zi ma\u0142\u017ce\u0144skiej. Serdecznie zapraszamy wszystkie ma\u0142\u017ce\u0144stwa, tak\u017ce te, kt\u00f3re prze\u017cywaj\u0105 kryzys lub trudno\u015bci we wzajemnym porozumieniu.<\/p>\n<p><strong>7. Zapraszamy do uprawiania sportu (dyscyplina Nordic Walking)<\/strong>. Chcemy, ju\u017c regularnie spotyka\u0107 si\u0119 w ka\u017cdy poniedzia\u0142ek o godz. 17:30.<br \/>\nZapraszamy wszystkich ch\u0119tnych.<\/p>\n<p><strong>8. Nasza parafia organizuje w dniach 11-12-13 pa\u017adziernika br. PIELGRZYMK\u0118<\/strong> na IV Og\u00f3lnopolskie Spotkanie Apostolatu Margaretka w Krakowie \u0141agiewnikach.<br \/>\n<strong>Wyjazd 11<\/strong> pa\u017adziernika (pi\u0105tek) <strong>o godz.6:00<\/strong>. Nocleg w Kalwarii Zebrzydowskiej. Odwiedzimy Wadowice miejsce urodzin \u015bw. Jana Paw\u0142a II. <strong>Koszt 210 z\u0142<\/strong> (noclegi, \u015bniadania, autokar, ubezpieczenie), pozosta\u0142e posi\u0142ki we w\u0142asnym zakresie.<br \/>\nZapisy do ko\u0144ca wrze\u015bnia w zakrystii.<\/p>\n<p><strong>9. W ramach przygotowania zapraszamy<\/strong> na comiesi\u0119czne spotkanie rodziny dzieci przygotowuj\u0105cych w tym roku do I Komunii \u015bwi\u0119tej, za tydzie\u0144 29 wrze\u015bnia na Msz\u0119 \u015bw. o godz. 15:00 z katechez\u0105. Obecno\u015b\u0107 obowi\u0105zkowa.<\/p>\n<p><strong>10. Za tydzie\u0144 Wolontariusze Caritas b\u0119d\u0105 zbiera\u0107 ofiary<\/strong> przed ko\u015bcio\u0142em dla najubo\u017cszych i potrzebuj\u0105cych z naszej parafii. Apostolat Mi\u0142osierdzia Bo\u017cego oraz woluntariuszy Parafialnego Oddzia\u0142u Caritas zapraszamy za tydzie\u0144 na pierwsze powakacyjne spotkanie po Mszy \u015bw. o godz. 15:00.<\/p>\n<p><strong>11. Zach\u0119camy do czytania prasy katolickiej:<\/strong> nowy numer \u201eGo\u015bcia Niedzielnego\u201d w cenie 5 z\u0142. oraz dodatek \u201eGo\u015b\u0107 Elbl\u0105ski\u201d a nim wydarzenia z diecezji.<\/p>\n<p><strong>12. Pan powo\u0142a\u0142 do wieczno\u015bci:<\/strong> \u015bp. Romuald\u0119(k) Rosiak lat 69 z ul. Korczaka<\/p>\n<p>&nbsp;<\/p>\n<p><img decoding=\"async\" id=\"intencje-819\" src=\"http:\/\/rafalk-elblag.pl\/wp-content\/uploads\/2019\/09\/intencje_mszalne.jpg\" width=\"800px\"><\/p>\n<h2>Intencje mszalne 22.09.2019<\/h2>\n<p><strong>PONIEDZIA\u0141EK 23 wrze\u015bnia 2019r<\/strong>. \/ \u015bw. Ojca Pio \u0141k 8, 16-18<br \/>\n8.00 \u015ap. Marcin, Karol, Stanis\u0142awa (k), J\u00f3zef, Aleksander i J\u00f3zefa (k)<br \/>\n18.00 \u015ap. Boles\u0142aw Malinowski ( 23 greg.)<br \/>\n18.00 \u015ap. Wincenty Kulbacki w 6 r.\u015bm.<br \/>\n<strong>WTOREK 24 wrze\u015bnia 2019r.<\/strong> \u0141k 8, 19-21<br \/>\n8.00 \u015ap. Boles\u0142aw Malinowski ( 24 greg.)<br \/>\n18.00 \u015ap. W\u0142adys\u0142aw Uler w 4 mies. po pogrzebie<br \/>\n18.00 \u015ap. Mieczys\u0142aw \u017bmijewski w 8 r.\u015bm., c\u00f3rka Barbara i zm. rodzice z obojga stron<br \/>\n<strong>\u015aRODA 25 wrze\u015bnia 2019r.<\/strong> \u0141k 9, 1-6<br \/>\n8.00 \u015ap. Boles\u0142aw Malinowski ( 25 greg.)<br \/>\n18.00 W int. czcicieli MB NP<br \/>\n18.00 \u015ap. Roman Kwiatkowski w 2 r.\u015bm.<br \/>\n<strong>CZWARTEK 26 wrze\u015bnia 2019r.<\/strong> \/ \u015bw. Kosmy i Damiana \u0141k 9, 7-9<br \/>\n8.00 \u015ap. Micha\u0142 Kmiecik w 30 dpp.<br \/>\n18.00 \u015ap. Boles\u0142aw Malinowski ( 26 greg.)<br \/>\n<strong>PI\u0104TEK 27 wrze\u015bnia 2019r.<\/strong> \/ \u015bw. Wincentego a Paulo \u0141k 9, 18-22<br \/>\n8.00 O ratunek i \u015bwiat\u0142o wiary dla Artura K\u0119dzierskiego i wszystkich, kt\u00f3rzy chc\u0105 dokona\u0107 aktu apostazji<br \/>\n18.00 \u015ap. Boles\u0142aw Malinowski ( 27 greg.)<br \/>\n18.00 O dary Ducha \u015aw., Bo\u017ce b\u0142og. i opiek\u0119 MB na ka\u017cdy dzie\u0144 dla Ewy<br \/>\nSOBOTA 28 wrze\u015bnia 2019r. \/ \u015bw. Wac\u0142awa \u0141k 9, 43b-45<br \/>\n8.00 \u015ap. Boles\u0142aw Malinowski ( 28 greg.)<br \/>\n16.00 Msza \u015blubna<br \/>\n18.00 \u015ap. Wac\u0142aw Bazylak w dniu imienin<br \/>\n<strong>XXVI Niedziela Zwyk\u0142a \/ 29 wrze\u015bnia 2019r.<\/strong> \u0141k 16, 19-31<br \/>\n7.00 \u015ap. Franciszek Wies\u0142aw Sienkowski w 2 r.\u015bm.<br \/>\n9.00 \u015ap. Wiktoria i Bronis\u0142aw Janiccy; Wiktoria, Jan, Halina Szcz\u0119sny; Marta i Antoni Janiccy; Hermenegilda Molga<br \/>\n9.00 \u015ap. Tadeusz, Zbigniew, Janina i Jan Pastuszko; Wojciech Lewicki i zm. z rodz.: Kowalczyk i Pietrak<br \/>\n10.30 \u015ap. Boles\u0142aw Malinowski ( 29 greg.)<br \/>\n12.00 W intencji Parafian<br \/>\n15.00 \u015ap. Maciej Bo\u017cek w 9 r.\u015bm.<br \/>\n18.00 \u015ap. Stanis\u0142aw Robak w 20 r.\u015bm. i Ryszard Szerszy\u0144ski w 4 r.\u015bm.<\/p>\n","protected":false},"excerpt":{"rendered":"<p>W przyja\u017ani z anio\u0142ami Og\u0142oszenia parafialne 22.09.2019 Intencje mszalne 22.09.2019 &nbsp; W przyja\u017ani z anio\u0142ami Wielu ludzi nie wierzy w anio\u0142y. Nic dziwnego, w ko\u0144cu s\u0105 to istoty niewidzialne. Ko\u015bci\u00f3\u0142 jednak uczy, \u017ce \u015bwiat a\u017c roi si\u0119 od ich wielkiej ilo\u015bci. Kim oni s\u0105? Pocz\u0105tek jesieni to w kalendarzu liturgicznym czas anio\u0142\u00f3w. 29 wrze\u015bnia obchodzimy [&hellip;]<\/p>\n","protected":false},"author":1,"featured_media":3483,"comment_status":"closed","ping_status":"closed","sticky":false,"template":"","format":"standard","meta":{"ngg_post_thumbnail":0,"footnotes":""},"categories":[11,8,4,3],"tags":[],"class_list":["post-3468","post","type-post","status-publish","format-standard","has-post-thumbnail","hentry","category-aktualnosci","category-blog","category-intencje","category-ogloszenia"],"_links":{"self":[{"href":"https:\/\/rafalk-elblag.pl\/index.php?rest_route=\/wp\/v2\/posts\/3468","targetHints":{"allow":["GET"]}}],"collection":[{"href":"https:\/\/rafalk-elblag.pl\/index.php?rest_route=\/wp\/v2\/posts"}],"about":[{"href":"https:\/\/rafalk-elblag.pl\/index.php?rest_route=\/wp\/v2\/types\/post"}],"author":[{"embeddable":true,"href":"https:\/\/rafalk-elblag.pl\/index.php?rest_route=\/wp\/v2\/users\/1"}],"replies":[{"embeddable":true,"href":"https:\/\/rafalk-elblag.pl\/index.php?rest_route=%2Fwp%2Fv2%2Fcomments&post=3468"}],"version-history":[{"count":10,"href":"https:\/\/rafalk-elblag.pl\/index.php?rest_route=\/wp\/v2\/posts\/3468\/revisions"}],"predecessor-version":[{"id":3492,"href":"https:\/\/rafalk-elblag.pl\/index.php?rest_route=\/wp\/v2\/posts\/3468\/revisions\/3492"}],"wp:featuredmedia":[{"embeddable":true,"href":"https:\/\/rafalk-elblag.pl\/index.php?rest_route=\/wp\/v2\/media\/3483"}],"wp:attachment":[{"href":"https:\/\/rafalk-elblag.pl\/index.php?rest_route=%2Fwp%2Fv2%2Fmedia&parent=3468"}],"wp:term":[{"taxonomy":"category","embeddable":true,"href":"https:\/\/rafalk-elblag.pl\/index.php?rest_route=%2Fwp%2Fv2%2Fcategories&post=3468"},{"taxonomy":"post_tag","embeddable":true,"href":"https:\/\/rafalk-elblag.pl\/index.php?rest_route=%2Fwp%2Fv2%2Ftags&post=3468"}],"curies":[{"name":"wp","href":"https:\/\/api.w.org\/{rel}","templated":true}]}}