{"id":3429,"date":"2019-09-08T15:38:37","date_gmt":"2019-09-08T15:38:37","guid":{"rendered":"http:\/\/rafalk-elblag.pl\/?p=3429"},"modified":"2019-09-21T19:12:14","modified_gmt":"2019-09-21T19:12:14","slug":"biuletyn-parafialny-nr-817-8-wrzesnia-2019r-xxiii-niedziela-zwykla","status":"publish","type":"post","link":"https:\/\/rafalk-elblag.pl\/?p=3429","title":{"rendered":"Biuletyn parafialny nr 817 \/  8 wrze\u015bnia 2019r.  XXIII Niedziela Zwyk\u0142a"},"content":{"rendered":"<p><a href=\"#list-kep\">List KEP z okazji IX Tygodnia Wychowania<\/a><br \/>\n<a href=\"#modlitwa-do-michala\">Modlitwa do \u015bw. Micha\u0142a Archanio\u0142a<\/a><br \/>\n<a href=\"#ogloszenia-817\">Og\u0142oszenia parafialne 8.09.2019<\/a><br \/>\n<a href=\"#intencje-817\">Intencje mszalne 8.09.2019<\/a><br \/>\n&nbsp;<br \/>\n<img decoding=\"async\" id=\"list-kep\" src=\"http:\/\/rafalk-elblag.pl\/wp-content\/uploads\/2019\/09\/ojciec-syn.jpg\" width=\"800px\"><\/p>\n<h1>Zamieszka\u0107 razem z Jezusem<\/h1>\n<h2>List KEP z okazji IX Tygodnia Wychowania<\/h2>\n<p><strong>Ju\u017c po raz dziewi\u0105ty prze\u017cywamy w naszej Ojczy\u017anie Tydzie\u0144 Wychowania. W tym roku chcemy przy\u0142\u0105czy\u0107 si\u0119 do pierwszych uczni\u00f3w Jezusa i wraz z nimi zada\u0107 naszemu Mistrzowi pytanie: \u201eNauczycielu, gdzie mieszkasz?\u201d (J 1, 38).<\/strong><\/p>\n<p>Jeste\u015bmy \u015bwiadkami pocz\u0105tku wsp\u00f3lnej drogi Nauczyciela z uczniami. Jezus pozwoli\u0142 im by\u0107 ze sob\u0105. Bycie razem i rozwijanie wzajemnych wi\u0119zi ma zawsze podstawowe znaczenie w procesie wychowania. Szczeg\u00f3lnie istotna jest relacja pomi\u0119dzy dzieckiem a jego pierwszymi i najwa\u017cniejszymi wychowawcami, kt\u00f3rymi s\u0105 rodzice. Brak\u00f3w w tej relacji \u2013 zw\u0142aszcza w pierwszej fazie \u017cycia dziecka \u2013 nie da si\u0119 ca\u0142kowicie naprawi\u0107. Relacja z rodzicami jest dla dziecka \u017ar\u00f3d\u0142em zaspokojenia najwa\u017cniejszej potrzeby \u2013 poczucia bezpiecze\u0144stwa i zaufania, warunkuj\u0105cej jego prawid\u0142owy rozw\u00f3j w dalszych latach \u017cycia. Dom w znaczeniu wychowawczym to nie budynek, lecz \u017cywe wi\u0119zi pomi\u0119dzy cz\u0142onkami rodziny. Pisze o tym papie\u017c Franciszek w Adhortacji Christus vivit, podsumowuj\u0105cej XV Zwyczajne Zgromadzenie Og\u00f3lne Synodu Biskup\u00f3w pod has\u0142em M\u0142odzi, wiara i rozeznawanie powo\u0142ania: \u201eTworzenie domu to ostatecznie tworzenie rodziny (\u2026) Tworzenie silnych wi\u0119zi wymaga zaufania, kt\u00f3re codziennie karmi si\u0119 cierpliwo\u015bci\u0105 i przebaczeniem\u201d.<\/p>\n<p>Drodzy Rodzice! Starajcie si\u0119 korzysta\u0107 z wszelkich mo\u017cliwych \u015brodk\u00f3w, by pom\u00f3c swoim dzieciom odkry\u0107 blisko\u015b\u0107 Boga. Niech Wasze s\u0142owa i czyny potwierdzaj\u0105 to, co o mi\u0142o\u015bci Bo\u017cej pisze papie\u017c Franciszek: \u201eDla Niego [dla Boga] jeste\u015b naprawd\u0119 cenny, nie jeste\u015b nieznacz\u0105cy, jeste\u015b dla Niego wa\u017cny. (\u2026) Nie chce wylicza\u0107 twoich b\u0142\u0119d\u00f3w, a w ka\u017cdym razie pomo\u017ce ci nauczy\u0107 si\u0119 czego\u015b r\u00f3wnie\u017c z twoich upadk\u00f3w. Poniewa\u017c ci\u0119 kocha. (\u2026) Jest to mi\u0142o\u015b\u0107, kt\u00f3ra nie przyt\u0142acza, (\u2026) mi\u0142o\u015b\u0107, kt\u00f3ra nie upokarza ani nie zniewala. Jest to mi\u0142o\u015b\u0107 Pana, mi\u0142o\u015b\u0107 codzienna, dyskretna i respektuj\u0105ca, mi\u0142o\u015b\u0107 wolno\u015bci i dla wolno\u015bci, mi\u0142o\u015b\u0107, kt\u00f3ra leczy i uwznio\u015bla. To mi\u0142o\u015b\u0107 Pana, kt\u00f3ra wie wi\u0119cej o powstawaniu ni\u017c upadkach, o pojednaniu ni\u017c zakazach, o dawaniu nowej szansy ni\u017c pot\u0119pieniu, o przysz\u0142o\u015bci ni\u017c przesz\u0142o\u015bci\u201d.<\/p>\n<p>My wszyscy \u2013 rodzice jako najwa\u017cniejsi \u015bwiadkowie wiary, duszpasterze i katecheci \u2013 jeste\u015bmy odpowiedzialni przed Bogiem za rozw\u00f3j wiary dzieci i m\u0142odzie\u017cy. Dlatego powinni\u015bmy pami\u0119ta\u0107 o naszym podstawowym zadaniu, jakim jest g\u0142oszenie prawdy, \u017ce Jezus jest jedynym Panem i Zbawicielem cz\u0142owieka. Prawd\u0119 t\u0119 g\u0142osi\u0142 \u015bw. Pawe\u0142 Aposto\u0142, kt\u00f3ry w Li\u015bcie do Koryntian pisa\u0142: \u201ePrzekaza\u0142em wam na pocz\u0105tku to, co przej\u0105\u0142em: \u017ce Chrystus umar\u0142 \u2013 zgodnie z Pismem \u2013 za nasze grzechy, \u017ce zosta\u0142 pogrzebany, \u017ce zmartwychwsta\u0142 trzeciego dnia, zgodnie z Pismem\u201d (1 Kor 15, 3-4).<\/p>\n<p>Zach\u0119camy wszystkich do g\u0142\u0119bokiego i tw\u00f3rczego prze\u017cycia IX Tygodnia Wychowania. Osobom zaanga\u017cowanym w proces formacji dzieci i m\u0142odzie\u017cy: Rodzicom, Nauczycielom, Duszpasterzom i Katechetom, na rozpoczynaj\u0105cy si\u0119 rok szkolny i katechetyczny 2019\/2020, z serca b\u0142ogos\u0142awimy i dzi\u0119kujemy za wype\u0142nianie trudnej, ale jak\u017ce pi\u0119knej misji. Dzi\u0119kujemy za ka\u017cde \u015bwiadczone dobro.<\/p>\n<p>&nbsp;<br \/>\n<img decoding=\"async\" id=\"modlitwa-do-michala\" src=\"http:\/\/rafalk-elblag.pl\/wp-content\/uploads\/2019\/09\/michal_archanio%C5%82_rzezba-e1567957052674.jpg\" width=\"800px\"><\/p>\n<h2>Modlitwa do \u015bw. Micha\u0142a Archanio\u0142a<\/h2>\n<p>\u015awi\u0119ty Michale Archaniele! Wspomagaj nas w walce,<br \/>\na przeciw niegodziwo\u015bci i zasadzkom z\u0142ego ducha b\u0105d\u017a nasz\u0105 obron\u0105.<br \/>\nOby go B\u00f3g pogromi\u0107 raczy\u0142, pokornie o to prosimy, a Ty, Wodzu niebieskich zast\u0119p\u00f3w, szatana i inne duchy z\u0142e,<br \/>\nkt\u00f3re na zgub\u0119 dusz ludzkich po tym \u015bwiecie kr\u0105\u017c\u0105, moc\u0105 Bo\u017c\u0105 str\u0105\u0107 do piek\u0142a. Amen.<\/p>\n<p>&nbsp;<br \/>\n<img decoding=\"async\" id=\"ogloszenia-817\" src=\"http:\/\/rafalk-elblag.pl\/wp-content\/uploads\/2019\/09\/ogloszenia_parafialne.jpg\" width=\"800px\"><\/p>\n<h2>Og\u0142oszenia parafialne 8.09.2019<\/h2>\n<p>1. <strong>UWAGA! Od wrze\u015bnia<\/strong> powracamy do Mszy \u015bwi\u0119tej niedzielnej o godzinie 15:00, kt\u00f3ra rozpoczyna si\u0119 Koronk\u0105 do Mi\u0142osierdzia Bo\u017cego.<\/p>\n<p>2. <strong>Jutro przypada 10 rocznica \u015bmierci<\/strong> ks. Bp. Andrzeja \u015aliwi\u0144skiego. Zapraszamy do wsp\u00f3lnej modlitwy podczas Mszy \u015awi\u0119tej o godz. 18:00 w Katedrze Elbl\u0105skiej. Pierwszy Biskup Elbl\u0105ski spoczywa w Katedrze tj. w Krypcie Biskup\u00f3w Elbl\u0105skich.<\/p>\n<p>3. <strong>Rozpocz\u0105\u0142 si\u0119 Nowy Rok Szkolny i Katechetyczny.<\/strong> Zatroszczmy si\u0119 o dobre wychowanie m\u0142odego pokolenia. postarajmy si\u0119 znale\u017a\u0107 czas dla naszych dzieci \u2013 \u017cywo interesujmy si\u0119 ich post\u0119pami w szkole, zadbajmy o ich udzia\u0142 w lekcjach religii. Przypominamy ponadto, \u017ce przygotowanie do sakrament\u00f3w \u015bwi\u0119tych tj. do pierwszej Spowiedzi i Komunii \u015awi\u0119tej oraz do Bierzmowania odbywa si\u0119 przy parafii, a nie w szkole.<\/p>\n<p>4. <strong>Za tydzie\u0144 w Niedziel\u0119 ( 15.09. )<\/strong> po Mszy \u015bwi\u0119tej o godz. 10.30, dzieciom klas I, II i IV zostan\u0105 wr\u0119czone ksi\u0105\u017ceczki uczestnictwa w Mszach Niedzielnych i Pierwszych Pi\u0105tkach Miesi\u0105ca.<\/p>\n<p>5. <strong>Drodzy Rodzice, Duszpasterze, Nauczyciele i Wychowawcy<\/strong>, mottem tegorocznego, IX Tygodnia Wychowania (15 \u2013 21 wrze\u015bnia 2019 roku) s\u0105 s\u0142owa skierowane do Jezusa przez Jego przysz\u0142ych uczni\u00f3w: \u201eNauczycielu, gdzie mieszkasz?\u201d (J 1, 38). Prawdopodobnie nie spodziewali si\u0119 tego, \u017ce konsekwencj\u0105 postawienia takiego pytania b\u0119dzie radykalna zmiana ich \u017cycia. Jednym z cel\u00f3w, jakie stawiaj\u0105 sobie wychowawcy, jest pokazanie wychowankom, gdzie b\u0119d\u0105 mogli znale\u017a\u0107 odpowiedzi na wa\u017cne dla nich pytania.<\/p>\n<p>6. <strong>W tym tygodniu na plebanii<\/strong> odb\u0119d\u0105 si\u0119 spotkania rodzic\u00f3w dzieci przygotowuj\u0105cych si\u0119 w tym roku do Pierwszej Spowiedzi i Komunii \u015awi\u0119tej wed\u0142ug nast\u0119puj\u0105cego porz\u0105dku:<\/p>\n<ul>\n<li>dnia 9 wrze\u015bnia (poniedzia\u0142ek) klasa III a i klasa III b \u2013 o godz. 19:00;&nbsp;&nbsp;<\/li>\n<li>&nbsp;dnia 10 wrze\u015bnia (wtorek) klasa III c i klasa III d \u2013 o godz. 19:00, oraz rodzice dzieci ucz\u0105cych si\u0119 w innych szko\u0142ach.<\/li>\n<\/ul>\n<p><strong>OBECNO\u015a\u0106 OBOJGA RODZIC\u00d3W OBOWI\u0104ZKOWA !!!<br \/>\n<\/strong><br \/>\n7. <strong>UWAGA!!! Zapisy do bierzmowania<\/strong> m\u0142odzie\u017cy z klas VIII Szko\u0142y Podstawowej trwaj\u0105 do ko\u0144ca wrze\u015bnia. Zg\u0142oszenia u ks. Marcina.<\/p>\n<p>8. <strong>Pierwsze powakacyjne spotkanie m\u0142odzie\u017cy<\/strong> przygotowuj\u0105cej si\u0119 do sakramentu bierzmowania \u2013 rok I i II, odb\u0119dzie si\u0119 za tydzie\u0144 w niedziel\u0119 (15.09) po Mszy \u015bw. o godz. 18.00.<\/p>\n<p>9. <strong>Po przerwie wakacyjnej powracamy<\/strong> do uprawiania sportu (dyscyplina Nordic Walking). Chcemy, ju\u017c regularnie spotyka\u0107 si\u0119 w ka\u017cdy poniedzia\u0142ek o godz. 17:30. Spotykamy si\u0119 jutro przed ko\u015bcio\u0142em. Zapraszamy wszystkich ch\u0119tnych.<\/p>\n<p>10. <strong>Nasza parafia organizuje w dniach 11-13 pa\u017adziernika<\/strong> br. PIELGRZYMK\u0118 na IV Og\u00f3lnopolskie Spotkanie Apostolatu Margaretka w Krakowie \u0141agiewnikach. Wyjazd 11 pa\u017adziernika (pi\u0105tek) o godz.6:00. Nocleg w Kalwarii Zebrzydowskiej. Odwiedzimy Wadowice miejsce urodzin \u015bw. Jana Paw\u0142a II. Koszt 210 z\u0142 (noclegi, \u015bniadania, autokar, ubezpieczenie), pozosta\u0142e posi\u0142ki we w\u0142asnym zakresie.<br \/>\nZapisy do ko\u0144ca wrze\u015bnia w zakrystii.<\/p>\n<p>11. <strong>KURS ALPHA dla m\u0119\u017cczyzn<\/strong> startuje w poniedzia\u0142ek 23 wrze\u015bnia br. o godz. 19:00&nbsp; w Ko\u015bciele Bo\u017cego Cia\u0142a w Elbl\u0105gu, ul Robotnicza 29. Ka\u017cdy spotkanie obejmuje posi\u0142ek, wyk\u0142ad i dyskusj\u0119 w ma\u0142ych grupach.<br \/>\n12. <strong>W TYM TYGODNIU<\/strong> KOLEJNY ROK PRACY FORMACYJNEJ INAUGURUJE:<\/p>\n<ul>\n<li><strong>Kr\u0105g Biblijny<\/strong> w \u015brod\u0119 11 wrze\u015bnia o godz. 19:00. Zapraszamy osoby pragn\u0105ce bardziej pochyli\u0107 si\u0119 nad Ksi\u0119g\u0105 \u017bycia.<\/li>\n<li><strong>Parafialny Oddzia\u0142 Caritas<\/strong> &#8211; w ka\u017cdy czwartek w godzinach od 16:00 do 17:00 przy ul. Myliusa 1A. Zapraszamy osoby potrzebuj\u0105ce pomocy.<\/li>\n<\/ul>\n<p>13. <strong>Mo\u017cliwo\u015b\u0107 skorzystania<\/strong> z Sakramentu Spowiedzi \u015awi\u0119tej w tygodniu mamy: od godz. 7:45 oraz od godz. 17:30.<\/p>\n<p>14. <strong>Kancelaria Parafialna<\/strong> czynna jest w \u015brody od 16:00 do 17:30 i w soboty od 10:30 do 12:00.<\/p>\n<p>15.<strong> Zach\u0119camy do czytania prasy katolickiej:<\/strong> nowy numer \u201eGo\u015bcia Niedzielnego\u201d w cenie 5 z\u0142. oraz dodatek \u201eGo\u015b\u0107 Elbl\u0105ski\u201d a nim wydarzenia z diecezji.<\/p>\n<p>&nbsp;<\/p>\n<p><img decoding=\"async\" id=\"intencje-817\" src=\"http:\/\/rafalk-elblag.pl\/wp-content\/uploads\/2019\/09\/intencje_mszalne.jpg\" width=\"800px\"><\/p>\n<h2>Intencje mszalne 8.09.2019<\/h2>\n<p><strong>PONIEDZIA\u0141EK 9 wrze\u015bnia 2019r. &nbsp;&nbsp; &nbsp;\u0141k 6, 6-11<\/strong><br \/>\n\u015ap. Boles\u0142aw Malinowski ( 9 greg.)<br \/>\n\u015ap. Zygmunt Kowalski w 28 r.\u015bm.<br \/>\n\u015ap. Franciszek Wysocki w 10 r.\u015bm. i zm. z rodz. Wysockich i Cybulskich<br \/>\n<strong>WTOREK 10 wrze\u015bnia 2019r. &nbsp;&nbsp; &nbsp;\u0141k 6, 12-19<\/strong><br \/>\nZmarli bracia: W\u0142odzimierz i Mieczys\u0142aw, zm. rodzice z obojga stron i zm. z rodz. Wile\u0144skich i Bartosik\u00f3w<br \/>\n\u015ap. Boles\u0142aw Malinowski ( 10 greg.)<br \/>\nInt. Przeb\u0142agalna Boga za grzechy Narodu Polskiego<br \/>\n<strong>\u015aRODA 11 wrze\u015bnia 2019r.&nbsp;&nbsp; &nbsp;\u0141k 6, 20-26<\/strong><br \/>\n\u015ap. Kazimierz Nowak w 30 dpp.<br \/>\n\u015ap. Boles\u0142aw Malinowski ( 11 greg.)<br \/>\n\u015ap. Marian Pietrzak w 22 r.\u015bm. i zm. rodzice z obojga stron, Bronis\u0142aw Ostrowski<br \/>\n<strong>CZWARTEK 12 wrze\u015bnia 2019r. \/ <span style=\"color: blue;\">Naj\u015bwi\u0119tszego Imienia Maryi&nbsp;&nbsp; &nbsp;\u0141k 6, 27-38<\/span><\/strong><br \/>\nInt. Przeb\u0142agalna za grzechy naszej Ojczyzny \u2013 int. od grupy modlitewnej<br \/>\n\u015ap. Boles\u0142aw Malinowski ( 12 greg.)<br \/>\nDzi\u0119k. w 35 rocz. \u015blubu Marii i Miros\u0142awa Gawro\u0144skich z pro\u015bb\u0105 o Bo\u017ce b\u0142og. i opiek\u0119 MB dla ca\u0142ej rodziny<br \/>\n<strong>PI\u0104TEK 13 wrze\u015bnia 2019r. \/ <span style=\"color: orange;\">\u015bw. Jana Chryzostoma&nbsp;&nbsp; &nbsp;\u0141k 6, 39-42<\/span><\/strong><br \/>\n\u015ap. Irena W\u0142och w 30 dpp.<br \/>\n\u015ap. Boles\u0142aw Malinowski ( 13 greg.)<br \/>\nO Bo\u017ce b\u0142og. dla Ma\u0107ka i wytrwanie w KWC oraz o owoce tego dzie\u0142a dla Niego i Jego bliskich<br \/>\n<strong>SOBOTA 14 wrze\u015bnia 2019r. \/ <span style=\"color: red;\">\u015bwi\u0119to Podwy\u017cszenia Krzy\u017ca \u015awi\u0119tego&nbsp;&nbsp; &nbsp;J 3, 13-17<\/span><\/strong><br \/>\n\u015ap. Boles\u0142aw Malinowski ( 14 greg.)<br \/>\n\u015ap. Szczepan \u017by\u0142a w 2 r.\u015bm.<br \/>\n\u015ap. Bogdan Michalski w 2 r.\u015bm.<br \/>\n<strong><span style=\"color: green;\">XXIV Niedziela Zwyk\u0142a<\/span> \/ 15 wrze\u015bnia 2019r.&nbsp;&nbsp; &nbsp;\u0141k 15, 1-32<\/strong><br \/>\n\u015ap. W\u0142adys\u0142awa, W\u0142adys\u0142aw, Jerzy Klimuk, Albin Wierzchucki<br \/>\n\u015ap. Hanna Jankowska w 5 r.\u015bm. zm. rodze\u0144stwo i rodzice z obojga stron<br \/>\n\u015ap. Boles\u0142aw Malinowski ( 15 greg.)<br \/>\n\u015ap. Wojciech Juchnowicz i Czes\u0142aw Juchnowicz w 11 r.\u015bm.<br \/>\nW intencji Parafian<br \/>\n\u015ap. Stefan, Jan, Feliksa Kowalczyk, Miko\u0142aj Gorszonowski, Dorota Kinach i zm. z rodz. Kinach, Gorszonowskich i Guzowskich<br \/>\n\u015ap. W\u0142adys\u0142awa (k) \u0141ukasik w 10 r.\u015bm., Irena W\u0105sowska w 14 r.\u015bm.<\/p>\n","protected":false},"excerpt":{"rendered":"<p>List KEP z okazji IX Tygodnia Wychowania Modlitwa do \u015bw. Micha\u0142a Archanio\u0142a Og\u0142oszenia parafialne 8.09.2019 Intencje mszalne 8.09.2019 &nbsp; Zamieszka\u0107 razem z Jezusem List KEP z okazji IX Tygodnia Wychowania Ju\u017c po raz dziewi\u0105ty prze\u017cywamy w naszej Ojczy\u017anie Tydzie\u0144 Wychowania. W tym roku chcemy przy\u0142\u0105czy\u0107 si\u0119 do pierwszych uczni\u00f3w Jezusa i wraz z nimi zada\u0107 [&hellip;]<\/p>\n","protected":false},"author":1,"featured_media":3482,"comment_status":"closed","ping_status":"closed","sticky":false,"template":"","format":"standard","meta":{"ngg_post_thumbnail":0,"footnotes":""},"categories":[11,8,4,3],"tags":[],"class_list":["post-3429","post","type-post","status-publish","format-standard","has-post-thumbnail","hentry","category-aktualnosci","category-blog","category-intencje","category-ogloszenia"],"_links":{"self":[{"href":"https:\/\/rafalk-elblag.pl\/index.php?rest_route=\/wp\/v2\/posts\/3429","targetHints":{"allow":["GET"]}}],"collection":[{"href":"https:\/\/rafalk-elblag.pl\/index.php?rest_route=\/wp\/v2\/posts"}],"about":[{"href":"https:\/\/rafalk-elblag.pl\/index.php?rest_route=\/wp\/v2\/types\/post"}],"author":[{"embeddable":true,"href":"https:\/\/rafalk-elblag.pl\/index.php?rest_route=\/wp\/v2\/users\/1"}],"replies":[{"embeddable":true,"href":"https:\/\/rafalk-elblag.pl\/index.php?rest_route=%2Fwp%2Fv2%2Fcomments&post=3429"}],"version-history":[{"count":26,"href":"https:\/\/rafalk-elblag.pl\/index.php?rest_route=\/wp\/v2\/posts\/3429\/revisions"}],"predecessor-version":[{"id":3479,"href":"https:\/\/rafalk-elblag.pl\/index.php?rest_route=\/wp\/v2\/posts\/3429\/revisions\/3479"}],"wp:featuredmedia":[{"embeddable":true,"href":"https:\/\/rafalk-elblag.pl\/index.php?rest_route=\/wp\/v2\/media\/3482"}],"wp:attachment":[{"href":"https:\/\/rafalk-elblag.pl\/index.php?rest_route=%2Fwp%2Fv2%2Fmedia&parent=3429"}],"wp:term":[{"taxonomy":"category","embeddable":true,"href":"https:\/\/rafalk-elblag.pl\/index.php?rest_route=%2Fwp%2Fv2%2Fcategories&post=3429"},{"taxonomy":"post_tag","embeddable":true,"href":"https:\/\/rafalk-elblag.pl\/index.php?rest_route=%2Fwp%2Fv2%2Ftags&post=3429"}],"curies":[{"name":"wp","href":"https:\/\/api.w.org\/{rel}","templated":true}]}}