{"id":3425,"date":"2019-09-03T20:14:26","date_gmt":"2019-09-03T20:14:26","guid":{"rendered":"http:\/\/rafalk-elblag.pl\/?p=3425"},"modified":"2019-09-03T20:14:26","modified_gmt":"2019-09-03T20:14:26","slug":"radosc-i-obowiazek","status":"publish","type":"post","link":"https:\/\/rafalk-elblag.pl\/?p=3425","title":{"rendered":"Rado\u015b\u0107 i Obowi\u0105zek"},"content":{"rendered":"<p><strong><em>Przychodzimy dzi\u015b na Msz\u0119 \u015bw., aby podzi\u0119kowa\u0107 za czas wakacji, urlop\u00f3w i&nbsp;poprosi\u0107 Pana Boga o&nbsp;Jego b\u0142ogos\u0142awie\u0144stwo na czas nowego roku szkolnego, duszpasterskiego i katechetycznego, kt\u00f3ry dzi\u015b rozpoczynamy. S\u0105 w\u015br\u00f3d nas dzieci, kt\u00f3re po raz pierwszy przekrocz\u0105 pr\u00f3g szko\u0142y. <\/em><\/strong><\/p>\n<p>Na pewno towarzysz\u0105 wam \u017cywe wspomnienia wakacyjne. Troch\u0119 \u017cal, \u017ce wakacje dobieg\u0142y ju\u017c ko\u0144ca. Trzeba jednak pami\u0119ta\u0107, \u017ce czas wolny jest dlatego tak radosny i&nbsp;atrakcyjny, \u017ce nast\u0119puje po okresie nauki i&nbsp;pracy. Gdyby wakacje trwa\u0142y przez ca\u0142y rok, bardzo szybko znudzi\u0142yby si\u0119 i&nbsp;spowszednia\u0142y. Nie da si\u0119 te\u017c ca\u0142y czas uczy\u0107 si\u0119 i&nbsp;pracowa\u0107. Dobrze, \u017ce nasze \u017cycie u\u0142o\u017cone jest w&nbsp;taki spos\u00f3b, \u017ce mamy mo\u017cliwo\u015b\u0107 pracy i&nbsp;nauki, a&nbsp;tak\u017ce szans\u0119 odpoczynku. Podzi\u0119kujmy dobremu Bogu za wszystkie wakacyjne wyjazdy, spotkania, zabawy, a&nbsp;tak\u017ce za to, \u017ce po tym wszystkim zdrowi i&nbsp;szcz\u0119\u015bliwi przyszli\u015bmy tu do ko\u015bcio\u0142a.<!--more--><\/p>\n<p><strong>Jutro pierwszy w&nbsp;tym roku szkolny dzwonek og\u0142osi zako\u0144czenie wakacji i&nbsp;pocz\u0105tek nowego, na razie nieznanego jeszcze dok\u0142adnie czasu, kt\u00f3ry b\u0119dzie trwa\u0142 a\u017c do ko\u0144ca czerwca. B\u0119dzie to okres nauki i pracy, ale przecie\u017c nie tylko \u2013 b\u0119d\u0105 w&nbsp;tym czasie tak\u017ce przerwy \u015bwi\u0105teczne zwi\u0105zane z&nbsp;Bo\u017cym Narodzeniem i&nbsp;Wielkanoc\u0105, ferie zimowe, niedziele i&nbsp;\u015bwi\u0119ta. B\u0119dzie to czas zawi\u0105zywania i&nbsp;rozwijania przyja\u017ani, wsp\u00f3lnych zaj\u0119\u0107 w&nbsp;pi\u0119knych salach szko\u0142y. Powinni\u015bmy sobie postawi\u0107 dzi\u015b pytanie: co zrobi\u0107, by nowy rok szkolny i duszpasterski by\u0142 dla nas owocny i&nbsp;udany? Czy jest jaki\u015b przepis na dobre prze\u017cycie roku szkolnego i&nbsp;katechetycznego?<\/strong><\/p>\n<p>\u015aw. Jan Bosko by\u0142 ksi\u0119dzem, a&nbsp;zarazem wspania\u0142ym wychowawc\u0105 i&nbsp;przyjacielem dzieci i&nbsp;m\u0142odzie\u017cy. Przed stu pi\u0119\u0107dziesi\u0119ciu laty prowadzi\u0142 we W\u0142oszech szko\u0142\u0119, do kt\u00f3rej ucz\u0119szcza\u0142 \u015bw. Dominik Savio. Pewnego razu ks. Bosko prze\u017cywa\u0142 swoje imieniny. Zazwyczaj to solenizant otrzymuje prezenty. On jednak zaskoczy\u0142 swych wychowank\u00f3w, m\u00f3wi\u0105c: \u201eChcia\u0142bym ka\u017cdemu z&nbsp;was podarowa\u0107 prezent\u201d. Ch\u0142opcy nie czekaj\u0105c d\u0142ugo, zacz\u0119li wymienia\u0107 swoje \u017cyczenia. Jeden z&nbsp;nich za\u017c\u0105da\u0142 100 kg tortu migda\u0142owego, by starczy\u0142o go na ca\u0142y rok. Inny ucze\u0144 zapragn\u0105\u0142 otrzyma\u0107 pieska, jeszcze inny poprosi\u0142 o&nbsp;tr\u0105bk\u0119. Jedynie \u015bw. Dominik Savio wyrazi\u0142 zupe\u0142nie inne, nietypowe \u017cyczenie. Zapisa\u0142 je na karteczce i&nbsp;przekaza\u0142 swemu wychowawcy. Ksi\u0105dz Bosko rozwin\u0105\u0142 kartk\u0119 i&nbsp;przeczyta\u0142 pro\u015bb\u0119 Dominika.<\/p>\n<p><strong>Brzmia\u0142a ona nast\u0119puj\u0105co: \u201ePom\u00f3\u017c mi sta\u0107 si\u0119 \u015bwi\u0119tym&#8230;\u201d. Pro\u015bba ta spodoba\u0142a si\u0119 ksi\u0119dzu Bosko. Przypomnia\u0142 wtedy ch\u0142opcom, \u017ce kiedy ich mama piecze ciasto, korzysta zawsze z&nbsp;przepisu. S\u0105 w&nbsp;nim wymienione r\u00f3\u017cne sk\u0142adniki: cukier, m\u0105ka, jajka, dro\u017cd\u017ce, itp. On pragnie da\u0107 im teraz podobn\u0105 recept\u0119. B\u0119dzie to \u201eprzepis na \u015bwi\u0119to\u015b\u0107\u201d: \u201ePrzepis, \u017ceby sta\u0107 si\u0119 \u015bwi\u0119tym sk\u0142ada si\u0119 z&nbsp;trzech element\u00f3w: \u201eRADO\u015a\u0106, OBOWI\u0104ZEK NAUKI I&nbsp;MODLITWY, DOBRZE CZY\u0143 INNYM\u201d (na podst. ksi\u0105\u017cki T. Bosco, Dominik Savio, Warszawa 2007).<\/strong><\/p>\n<p>Drodzy Parafianie! Skorzystajmy wszyscy z&nbsp;tego przepisu. Gdy gospodyni zapomni doda\u0107 do ciasta kt\u00f3ry\u015b ze sk\u0142adnik\u00f3w, ciasto si\u0119 nie uda. Podobnie jest z&nbsp;naszym \u017cyciem i&nbsp;czasem, kt\u00f3ry jest przed nami. Je\u015bli chcemy, by rok by\u0142 udany, nie mo\u017ce w&nbsp;nim zabrakn\u0105\u0107 modlitwy, mi\u0142o\u015bci bli\u017aniego, pracy, nauki i&nbsp;rado\u015bci. Konieczna jest troska nauczycieli i&nbsp;rodzic\u00f3w, wk\u0142ad naszej pracy i&nbsp;nauki, ale najwa\u017cniejsze jest b\u0142ogos\u0142awie\u0144stwo Bo\u017ce. Pami\u0119tajcie wi\u0119c, by w&nbsp;ka\u017cd\u0105 niedziel\u0119 uczestniczy\u0107 we Mszy \u015bw., w&nbsp;ka\u017cdy I&nbsp;pi\u0105tek miesi\u0105ca przyst\u0119powa\u0107 do spowiedzi \u015bw., codziennie spotyka\u0107 si\u0119 z&nbsp;Bogiem na modlitwie. Je\u015bli otworzycie si\u0119 na Bo\u017c\u0105 \u0142ask\u0119 i&nbsp;do tego dojdzie wasz wysi\u0142ek i&nbsp;sumienne wype\u0142nianie obowi\u0105zk\u00f3w, na pewno staniecie si\u0119 m\u0105drzejsi, rozwiniecie swoje talenty, nab\u0119dziecie wiele nowych umiej\u0119tno\u015bci \u2013 ale przede wszystkim zbli\u017cycie si\u0119 do Jezusa i&nbsp;staniecie si\u0119 \u015bwi\u0119ci. \u201eModlitwa i&nbsp;praca\u201d \u2013 tak w&nbsp;skr\u00f3cie brzmi przepis na udane \u201eciasto nowego roku formacyjnego\u201d. Je\u015bli go zrealizujecie, w&nbsp;czerwcu b\u0119dziecie mogli podzi\u0119kowa\u0107 Bogu za kolejny owocny rok szkolny i&nbsp;duszpasterski w&nbsp;waszym \u017cyciu.<\/p>\n","protected":false},"excerpt":{"rendered":"<p>Przychodzimy dzi\u015b na Msz\u0119 \u015bw., aby podzi\u0119kowa\u0107 za czas wakacji, urlop\u00f3w i&nbsp;poprosi\u0107 Pana Boga o&nbsp;Jego b\u0142ogos\u0142awie\u0144stwo na czas nowego roku szkolnego, duszpasterskiego i katechetycznego, kt\u00f3ry dzi\u015b rozpoczynamy. S\u0105 w\u015br\u00f3d nas dzieci, kt\u00f3re po raz pierwszy przekrocz\u0105 pr\u00f3g szko\u0142y. Na pewno towarzysz\u0105 wam \u017cywe wspomnienia wakacyjne. Troch\u0119 \u017cal, \u017ce wakacje dobieg\u0142y ju\u017c ko\u0144ca. Trzeba jednak pami\u0119ta\u0107, [&hellip;]<\/p>\n","protected":false},"author":1,"featured_media":3426,"comment_status":"closed","ping_status":"closed","sticky":false,"template":"","format":"standard","meta":{"ngg_post_thumbnail":0,"footnotes":""},"categories":[11,8],"tags":[],"class_list":["post-3425","post","type-post","status-publish","format-standard","has-post-thumbnail","hentry","category-aktualnosci","category-blog"],"_links":{"self":[{"href":"https:\/\/rafalk-elblag.pl\/index.php?rest_route=\/wp\/v2\/posts\/3425","targetHints":{"allow":["GET"]}}],"collection":[{"href":"https:\/\/rafalk-elblag.pl\/index.php?rest_route=\/wp\/v2\/posts"}],"about":[{"href":"https:\/\/rafalk-elblag.pl\/index.php?rest_route=\/wp\/v2\/types\/post"}],"author":[{"embeddable":true,"href":"https:\/\/rafalk-elblag.pl\/index.php?rest_route=\/wp\/v2\/users\/1"}],"replies":[{"embeddable":true,"href":"https:\/\/rafalk-elblag.pl\/index.php?rest_route=%2Fwp%2Fv2%2Fcomments&post=3425"}],"version-history":[{"count":1,"href":"https:\/\/rafalk-elblag.pl\/index.php?rest_route=\/wp\/v2\/posts\/3425\/revisions"}],"predecessor-version":[{"id":3427,"href":"https:\/\/rafalk-elblag.pl\/index.php?rest_route=\/wp\/v2\/posts\/3425\/revisions\/3427"}],"wp:featuredmedia":[{"embeddable":true,"href":"https:\/\/rafalk-elblag.pl\/index.php?rest_route=\/wp\/v2\/media\/3426"}],"wp:attachment":[{"href":"https:\/\/rafalk-elblag.pl\/index.php?rest_route=%2Fwp%2Fv2%2Fmedia&parent=3425"}],"wp:term":[{"taxonomy":"category","embeddable":true,"href":"https:\/\/rafalk-elblag.pl\/index.php?rest_route=%2Fwp%2Fv2%2Fcategories&post=3425"},{"taxonomy":"post_tag","embeddable":true,"href":"https:\/\/rafalk-elblag.pl\/index.php?rest_route=%2Fwp%2Fv2%2Ftags&post=3425"}],"curies":[{"name":"wp","href":"https:\/\/api.w.org\/{rel}","templated":true}]}}