{"id":3423,"date":"2019-09-03T20:09:22","date_gmt":"2019-09-03T20:09:22","guid":{"rendered":"http:\/\/rafalk-elblag.pl\/?p=3423"},"modified":"2019-09-03T20:10:56","modified_gmt":"2019-09-03T20:10:56","slug":"ogloszenia-parafialne-xxii-niedziela-zwykla-01-09-2019","status":"publish","type":"post","link":"https:\/\/rafalk-elblag.pl\/?p=3423","title":{"rendered":"OG\u0141OSZENIA PARAFIALNE \u2013 XXII NIEDZIELA ZWYK\u0141A \u2013 01.09.2019"},"content":{"rendered":"<ol>\n<li>Zapraszamy w pierwsz\u0105 niedziel\u0119 miesi\u0105ca na <strong>Adoracj\u0119 Naj\u015bwi\u0119tszego Sakramentu od godz. 16:00 do godz. 18:00.<\/strong><\/li>\n<li>Dzisiaj przypada 80 rocznica wybuchu II Wojny \u015awiatowej. Pami\u0119tajmy w modlitwie&nbsp;&nbsp;&nbsp;&nbsp;&nbsp;&nbsp;&nbsp;&nbsp;&nbsp;&nbsp;&nbsp;&nbsp;&nbsp;&nbsp;&nbsp;&nbsp;&nbsp;&nbsp;&nbsp;&nbsp;&nbsp;&nbsp;&nbsp;&nbsp;&nbsp;&nbsp;&nbsp;&nbsp;&nbsp;&nbsp;&nbsp;&nbsp; o wszystkich, kt\u00f3rzy oddali swe \u017cycie w obronie Ojczyzny oraz pro\u015bmy o pok\u00f3j na \u015bwiecie.<\/li>\n<li><strong>UWAGA!<\/strong> Od wrze\u015bnia powracamy do Mszy \u015bwi\u0119tej niedzielnej o godzinie 15:00, kt\u00f3ra rozpoczyna si\u0119 Koronk\u0105 do Mi\u0142osierdzia Bo\u017cego.<\/li>\n<li>Nasza parafia organizuje <strong>pielgrzymk\u0119 autokarow\u0105 do Sanktuarium Matki Bo\u017cej Gietrzwa\u0142dzkiej na obchody 142 Rocznicy Objawie\u0144.&nbsp;<\/strong><em>Wyjazd 8 wrze\u015bnia (niedziela) o godz. 8:00. Koszt 25 z\u0142.&nbsp; Zapisy w zakrystii.<\/em><\/li>\n<\/ol>\n<p><!--more--><\/p>\n<ol start=\"5\">\n<li><strong>Msze \u015bw. inauguruj\u0105ce kolejny rok szkolny i katechetyczny 2019\/2020 odprawione zostan\u0105 2 wrze\u015bnia <\/strong> dla klas IV, V, VI, VII i VIII Szko\u0142y Podstawowej o godz. 8:00, natomiast o godz. 9:15 dla klas 0, I, II, III Szko\u0142y Podstawowej nr 11. Po Mszach \u015bw. dzieci i m\u0142odzie\u017c udaj\u0105 si\u0119 bezpo\u015brednio do szko\u0142y na drug\u0105 cz\u0119\u015b\u0107 <strong>inauguracji Nowego Roku Szkolnego. <\/strong>Zapraszamy do wsp\u00f3lnej modlitwy uczni\u00f3w, rodzic\u00f3w i nauczycieli.&nbsp;<strong>Od jutra zach\u0119camy dzieci i m\u0142odzie\u017c do spowiedzi \u015bwi\u0119tej od godz. 17:30.<\/strong><\/li>\n<\/ol>\n<ol start=\"6\">\n<li>B\u0142ogos\u0142awie\u0144stwo dzieci klas I z po\u015bwi\u0119ceniem przybor\u00f3w szkolnych odb\u0119dzie si\u0119 za tydzie\u0144 &nbsp;8 wrze\u015bnia br. podczas Mszy \u015bw. o godz. 10:30. <em>ZAPRASZAMY DZIECI Z RODZICAMI.<\/em><\/li>\n<li>W tym tygodniu przypada pierwszy czwartek, pi\u0105tek i sobota miesi\u0105ca.<\/li>\n<\/ol>\n<ul>\n<li><strong>w pierwszy czwartek<\/strong> b\u0119dziemy modli\u0107 si\u0119 wsp\u00f3lnie za Ko\u015bci\u00f3\u0142 i Ojca \u015awi\u0119tego Franciszka. <strong>Zapraszamy na Msz\u0119 \u015bw. o godz. 18:00 a po Niej <\/strong>na ADORACJ\u0118 przed Naj\u015bwi\u0119tszym Sakramentem w powy\u017cszych intencjach.<\/li>\n<li><strong>w pierwszy pi\u0105tek<\/strong> spowied\u017a dla dzieci od godz. 16:00 i Msza \u015bw. o godz. 16:30, spowied\u017a dla doros\u0142ych i m\u0142odzie\u017cy od godz. 17:30. Msza \u015bw. o godz.18.00<\/li>\n<li><strong>pierwsza sobota miesi\u0105ca<\/strong> \u2013 zapraszamy na Nabo\u017ce\u0144stwo R\u00f3\u017ca\u0144cowe o godz. 17:00<\/li>\n<\/ul>\n<ol start=\"8\">\n<li>Po przerwie wakacyjnej w I pi\u0105tek miesi\u0105ca z Panem Jezusem udamy si\u0119 do chorych: Proboszcz i ks. Marcin od godz. 9:30, a ks. Piotr od godz. 11:30.&nbsp;<em>Prosimy zg\u0142asza\u0107 do kap\u0142an\u00f3w chorych pragn\u0105cych rozpocz\u0105\u0107 9 pierwszych pi\u0105tk\u00f3w.<\/em><\/li>\n<\/ol>\n<ol start=\"9\">\n<li><strong> W TYM TYGODNIU KOLEJNY ROK PRACY FORMACYJNEJ INAUGURUJE:<\/strong><\/li>\n<\/ol>\n<ul>\n<li><strong>Odnowa w Duchu \u015awi\u0119tym<\/strong> \u201eKana Galilejska\u201d \u2013 wtorek &#8211; Msza \u015bw. o godz. 18:00, a po Mszy \u015bw. Adoracja Naj\u015bwi\u0119tszego Sakramentu.<\/li>\n<li><strong>Katolickie Stowarzyszenie M\u0142odzie\u017cy<\/strong> \u201eBOANERGES\u201d &#8211; \u015brod\u0119 o godz. 19:00.<\/li>\n<li><strong>Wsp\u00f3lna Krwi Chrystusa<\/strong> \u2013 \u015broda &#8211; 4 wrze\u015bnia o godz. 19:00.<\/li>\n<li><strong>Apostolat Margaretka <\/strong>w I czwartek miesi\u0105ca tj. 5 wrze\u015bnia &#8211; Msz\u0105 \u015bw. o godz. 18:00<br \/>\ni Godzin\u0105 \u015awi\u0119t\u0105. Po wsp\u00f3lnej modlitwie spotkanie na plebanii.<\/li>\n<li><strong>Scholka Dzieci\u0119ca \u201eRAFAEL\u201d. <\/strong>Zapraszamy dzieci pragn\u0105ce \u015bpiewem chwali\u0107 Pana Boga w najbli\u017csz\u0105 niedziel\u0119, tj. 8 wrze\u015bnia o godz. 10:00.<\/li>\n<li><strong>S\u0142u\u017cba Liturgiczna O\u0142tarza. <\/strong>Zaprasza wszystkich ministrant\u00f3w i ch\u0119tnych, kt\u00f3rzy by chcieli s\u0142u\u017cy\u0107 przy o\u0142tarzu na zbi\u00f3rk\u0119 7 wrze\u015bnia (sobota) o godz. 10:00 na plebanii.<\/li>\n<\/ul>\n<ol start=\"10\">\n<li>W najbli\u017csz\u0105 sobot\u0119 tj. 7 wrze\u015bnia br. zapraszamy na <strong>spotkanie popielgrzymkowe grupy&nbsp;<\/strong><strong>P\u00f3\u0142noc &#8211; Elbl\u0105g. <\/strong>Zapraszamy zar\u00f3wno tegorocznych pielgrzym\u00f3w jak i z lat poprzednich. Rozpocznie si\u0119 ono Msz\u0105 \u015bwi\u0119t\u0105 o godz. 18:00.<\/li>\n<\/ol>\n<ol start=\"11\">\n<li>Ofiary zbierane na tac\u0119 przeznaczona s\u0105 na sp\u0142at\u0119 raty za wykonane \u0142awki do naszego ko\u015bcio\u0142a. <em>B\u00f3g zap\u0142a\u0107 za sk\u0142adane ofiary<\/em><strong><em>.<\/em><\/strong><\/li>\n<li>Zach\u0119camy do czytania prasy katolickiej: nowy numer \u201eGo\u015bcia Niedzielnego\u201d w cenie 5 z\u0142. <strong>z dodatkiem<\/strong>&nbsp; <strong>\u201eGo\u015b\u0107 Elbl\u0105ski\u201d<\/strong> a nim wydarzenia z diecezji.<\/li>\n<li>Pan powo\u0142a\u0142 do wieczno\u015bci: \u015bp. Janin\u0119 Jakubowska lat 63<\/li>\n<\/ol>\n","protected":false},"excerpt":{"rendered":"<p>Zapraszamy w pierwsz\u0105 niedziel\u0119 miesi\u0105ca na Adoracj\u0119 Naj\u015bwi\u0119tszego Sakramentu od godz. 16:00 do godz. 18:00. Dzisiaj przypada 80 rocznica wybuchu II Wojny \u015awiatowej. Pami\u0119tajmy w modlitwie&nbsp;&nbsp;&nbsp;&nbsp;&nbsp;&nbsp;&nbsp;&nbsp;&nbsp;&nbsp;&nbsp;&nbsp;&nbsp;&nbsp;&nbsp;&nbsp;&nbsp;&nbsp;&nbsp;&nbsp;&nbsp;&nbsp;&nbsp;&nbsp;&nbsp;&nbsp;&nbsp;&nbsp;&nbsp;&nbsp;&nbsp;&nbsp; o wszystkich, kt\u00f3rzy oddali swe \u017cycie w obronie Ojczyzny oraz pro\u015bmy o pok\u00f3j na \u015bwiecie. UWAGA! Od wrze\u015bnia powracamy do Mszy \u015bwi\u0119tej niedzielnej o godzinie 15:00, kt\u00f3ra rozpoczyna si\u0119 [&hellip;]<\/p>\n","protected":false},"author":1,"featured_media":2530,"comment_status":"closed","ping_status":"closed","sticky":false,"template":"","format":"standard","meta":{"ngg_post_thumbnail":0,"footnotes":""},"categories":[11,8,3],"tags":[],"class_list":["post-3423","post","type-post","status-publish","format-standard","has-post-thumbnail","hentry","category-aktualnosci","category-blog","category-ogloszenia"],"_links":{"self":[{"href":"https:\/\/rafalk-elblag.pl\/index.php?rest_route=\/wp\/v2\/posts\/3423","targetHints":{"allow":["GET"]}}],"collection":[{"href":"https:\/\/rafalk-elblag.pl\/index.php?rest_route=\/wp\/v2\/posts"}],"about":[{"href":"https:\/\/rafalk-elblag.pl\/index.php?rest_route=\/wp\/v2\/types\/post"}],"author":[{"embeddable":true,"href":"https:\/\/rafalk-elblag.pl\/index.php?rest_route=\/wp\/v2\/users\/1"}],"replies":[{"embeddable":true,"href":"https:\/\/rafalk-elblag.pl\/index.php?rest_route=%2Fwp%2Fv2%2Fcomments&post=3423"}],"version-history":[{"count":1,"href":"https:\/\/rafalk-elblag.pl\/index.php?rest_route=\/wp\/v2\/posts\/3423\/revisions"}],"predecessor-version":[{"id":3424,"href":"https:\/\/rafalk-elblag.pl\/index.php?rest_route=\/wp\/v2\/posts\/3423\/revisions\/3424"}],"wp:featuredmedia":[{"embeddable":true,"href":"https:\/\/rafalk-elblag.pl\/index.php?rest_route=\/wp\/v2\/media\/2530"}],"wp:attachment":[{"href":"https:\/\/rafalk-elblag.pl\/index.php?rest_route=%2Fwp%2Fv2%2Fmedia&parent=3423"}],"wp:term":[{"taxonomy":"category","embeddable":true,"href":"https:\/\/rafalk-elblag.pl\/index.php?rest_route=%2Fwp%2Fv2%2Fcategories&post=3423"},{"taxonomy":"post_tag","embeddable":true,"href":"https:\/\/rafalk-elblag.pl\/index.php?rest_route=%2Fwp%2Fv2%2Ftags&post=3423"}],"curies":[{"name":"wp","href":"https:\/\/api.w.org\/{rel}","templated":true}]}}