{"id":3420,"date":"2019-09-03T20:06:33","date_gmt":"2019-09-03T20:06:33","guid":{"rendered":"http:\/\/rafalk-elblag.pl\/?p=3420"},"modified":"2019-09-03T20:10:50","modified_gmt":"2019-09-03T20:10:50","slug":"3420","status":"publish","type":"post","link":"https:\/\/rafalk-elblag.pl\/?p=3420","title":{"rendered":"INTENCJE MSZALNE \u2013 XXII TYDZIE\u0143 ZWYK\u0141Y (2-8.09.2019)"},"content":{"rendered":"<table width=\"0\">\n<tbody>\n<tr>\n<td colspan=\"2\" width=\"570\"><strong>PONIEDZIA\u0141EK 2 wrze\u015bnia 2019r. <\/strong><\/td>\n<td width=\"132\"><strong><em>\u0141k 4, 16-30<\/em><\/strong><\/td>\n<\/tr>\n<tr>\n<td width=\"66\">8.00<\/td>\n<td colspan=\"2\" width=\"636\">\u015ap. Boles\u0142aw Malinowski ( 2 greg.)<\/td>\n<\/tr>\n<tr>\n<td width=\"66\">8.00<\/td>\n<td colspan=\"2\" width=\"636\">\u015ap. Barbara Petrycka w 17 r.\u015bm. oraz zmarli rodzice z obojga stron: Maria, Stanis\u0142aw, Maria i Franciszek<\/td>\n<\/tr>\n<tr>\n<td width=\"66\">9.15<\/td>\n<td colspan=\"2\" width=\"636\">W int. nauczycieli i uczni\u00f3w SP nr 11<\/td>\n<\/tr>\n<tr>\n<td width=\"66\">18.00<\/td>\n<td colspan=\"2\" width=\"636\">\u015ap. Eugeniusz, Kazimiera (k), Roman Chorosz, Anastazja i W\u0142adys\u0142awa (k) Boguszewscy<\/td>\n<\/tr>\n<\/tbody>\n<\/table>\n<p><!--more--><\/p>\n<table width=\"0\">\n<tbody>\n<tr>\n<td colspan=\"2\" width=\"570\"><strong>WTOREK 3 wrze\u015bnia 2019r. \/ \u015bw. Grzegorza Wielkiego<\/strong><\/td>\n<td colspan=\"2\" width=\"132\"><strong><em>\u0141k 4, 31-37<\/em><\/strong><\/td>\n<\/tr>\n<tr>\n<td width=\"66\">8.00<\/td>\n<td colspan=\"3\" width=\"636\">\u015ap. Boles\u0142aw Zembrzycki w miesi\u0105c po \u015bmierci<\/td>\n<\/tr>\n<tr>\n<td width=\"66\">18.00<\/td>\n<td colspan=\"3\" width=\"636\">\u015ap. Boles\u0142aw Malinowski ( 3 greg.)<\/td>\n<\/tr>\n<tr>\n<td colspan=\"2\" width=\"570\"><strong>\u015aRODA 4 wrze\u015bnia 2019r.<\/strong><\/td>\n<td colspan=\"2\" width=\"132\"><strong><em>\u0141k 4, 38-44<\/em><\/strong><\/td>\n<\/tr>\n<tr>\n<td width=\"66\">8.00<\/td>\n<td colspan=\"3\" width=\"636\">\u015ap. Boles\u0142aw Malinowski ( 4 greg.)<\/td>\n<\/tr>\n<tr>\n<td width=\"66\">18.00<\/td>\n<td colspan=\"3\" width=\"636\">\u015ap. Stanis\u0142aw Stary\u0144ski w 2 r.\u015bm. i zm. z rodz.<\/td>\n<\/tr>\n<tr>\n<td width=\"66\">18.00<\/td>\n<td colspan=\"3\" width=\"636\">\u015ap. Piotr Zygowski w 1 r.\u015bm. i zm. rodzice: Maria i Bernard<\/td>\n<\/tr>\n<tr>\n<td colspan=\"2\" width=\"570\"><strong>&nbsp;<\/strong><strong>CZWARTEK 5 wrze\u015bnia 2019r. \/ \u015bw. Matki Teresy z Kalkuty<\/strong><\/td>\n<td colspan=\"2\" width=\"132\"><strong><em>\u0141k 5, 1-11<\/em><\/strong><\/td>\n<\/tr>\n<tr>\n<td width=\"66\">8.00<\/td>\n<td colspan=\"3\" width=\"636\">\u015ap. Henryk Mackiewicz w 2 r.\u015bm.<\/td>\n<\/tr>\n<tr>\n<td width=\"66\">18.00<\/td>\n<td colspan=\"3\" width=\"636\">\u015ap. Boles\u0142aw Malinowski ( 5 greg.)<\/td>\n<\/tr>\n<tr>\n<td width=\"66\">18.00<\/td>\n<td colspan=\"3\" width=\"636\">O nowe i \u015bwi\u0119te powo\u0142ania kap\u0142a\u0144skie i zakonne z naszej parafii<\/td>\n<\/tr>\n<tr>\n<td colspan=\"2\" width=\"570\"><strong>PI\u0104TEK 6 wrze\u015bnia 2019r. <\/strong><\/td>\n<td colspan=\"2\" width=\"132\"><strong><em>\u0141k 5, 33-39<\/em><\/strong><\/td>\n<\/tr>\n<tr>\n<td width=\"66\">8.00<\/td>\n<td colspan=\"3\" width=\"636\">\u015ap. Boles\u0142aw Malinowski ( 6 greg.)<\/td>\n<\/tr>\n<tr>\n<td width=\"66\">16.30<\/td>\n<td colspan=\"3\" width=\"636\">W int. czcicieli Naj\u015bwi\u0119tszego Serca Pana Jezusa<\/td>\n<\/tr>\n<tr>\n<td width=\"66\">18.00<\/td>\n<td colspan=\"3\" width=\"636\">\u015ap. Robert w 6 r.\u015bm. i Krystyna Bogdanowicz<\/td>\n<\/tr>\n<tr>\n<td width=\"66\">18.00<\/td>\n<td colspan=\"3\" width=\"636\">\u015ap. Edward Korzeniowski w 18 r.\u015bm.<\/td>\n<\/tr>\n<tr>\n<td colspan=\"2\" width=\"570\"><strong>SOBOTA 7 wrze\u015bnia 2019r. <\/strong><\/td>\n<td colspan=\"2\" width=\"132\"><strong><em>\u0141k 6, 1-5<\/em><\/strong><\/td>\n<\/tr>\n<tr>\n<td width=\"66\">8.00<\/td>\n<td colspan=\"3\" width=\"636\">\u015ap. Boles\u0142aw Malinowski ( 7 greg.)<\/td>\n<\/tr>\n<tr>\n<td width=\"66\">8.00<\/td>\n<td colspan=\"3\" width=\"636\">Przeb\u0142agalna za grzechy naszej Ojczyzny \u2013 int. od grupy modlitewnej<\/td>\n<\/tr>\n<tr>\n<td width=\"66\">16.00<\/td>\n<td colspan=\"3\" width=\"636\"><strong><em>Msza \u015blubna<\/em><\/strong><\/td>\n<\/tr>\n<tr>\n<td width=\"66\">18.00<\/td>\n<td colspan=\"3\" width=\"636\">\u015ap. Andrzej w rocz. \u015bm. i zmarli z rodz. Binkowskich<\/td>\n<\/tr>\n<tr>\n<td width=\"66\">18.00<\/td>\n<td colspan=\"3\" width=\"636\">Rez.<\/td>\n<\/tr>\n<tr>\n<td colspan=\"3\" width=\"570\"><strong>XXIII Niedziela Zwyk\u0142a \/ 8 wrze\u015bnia 2019r.<\/strong><\/td>\n<td width=\"132\"><strong><em>\u0141k 14, 25-33<\/em><\/strong><\/td>\n<\/tr>\n<tr>\n<td width=\"66\">7.00<\/td>\n<td colspan=\"3\" width=\"636\"><strong><em>W intencji parafian <\/em><\/strong><\/td>\n<\/tr>\n<tr>\n<td width=\"66\">9.00<\/td>\n<td colspan=\"3\" width=\"636\">O Bo\u017ce b\u0142og. i odwag\u0119 kroczenia za Chrystusem dla Nikodema i Jego rodziny<\/td>\n<\/tr>\n<tr>\n<td width=\"66\">9.00<\/td>\n<td colspan=\"3\" width=\"636\">\u015ap. Boles\u0142aw Malinowski ( 7 greg.)<\/td>\n<\/tr>\n<tr>\n<td width=\"66\">10.30<\/td>\n<td colspan=\"3\" width=\"636\">Dzi\u0119kczynna z ok. 50 rocz. \u015blubu Janiny i Leona Zazula z pro\u015bb\u0105 o Bo\u017ce b\u0142og. zdrowie, dary Ducha \u015aw. i wszelkie \u0142aski<\/td>\n<\/tr>\n<tr>\n<td width=\"66\">12.00<\/td>\n<td colspan=\"3\" width=\"636\">Rez.<\/td>\n<\/tr>\n<tr>\n<td width=\"66\">15.00<\/td>\n<td colspan=\"3\" width=\"636\">\u015ap. Czes\u0142aw Karpi\u0144ski w 42 r.\u015bm. i zmarli rodzice<\/td>\n<\/tr>\n<tr>\n<td width=\"66\">18.00<\/td>\n<td colspan=\"3\" width=\"636\">\u015ap. Jadwiga K\u0119dzierska w 25 r.\u015bm. i zm. z rodz. Herman i K\u0119dzierskich<\/td>\n<\/tr>\n<\/tbody>\n<\/table>\n","protected":false},"excerpt":{"rendered":"<p>PONIEDZIA\u0141EK 2 wrze\u015bnia 2019r. \u0141k 4, 16-30 8.00 \u015ap. Boles\u0142aw Malinowski ( 2 greg.) 8.00 \u015ap. Barbara Petrycka w 17 r.\u015bm. oraz zmarli rodzice z obojga stron: Maria, Stanis\u0142aw, Maria i Franciszek 9.15 W int. nauczycieli i uczni\u00f3w SP nr 11 18.00 \u015ap. Eugeniusz, Kazimiera (k), Roman Chorosz, Anastazja i W\u0142adys\u0142awa (k) Boguszewscy<\/p>\n","protected":false},"author":1,"featured_media":2526,"comment_status":"closed","ping_status":"closed","sticky":false,"template":"","format":"standard","meta":{"ngg_post_thumbnail":0,"footnotes":""},"categories":[11,8,4],"tags":[],"class_list":["post-3420","post","type-post","status-publish","format-standard","has-post-thumbnail","hentry","category-aktualnosci","category-blog","category-intencje"],"_links":{"self":[{"href":"https:\/\/rafalk-elblag.pl\/index.php?rest_route=\/wp\/v2\/posts\/3420","targetHints":{"allow":["GET"]}}],"collection":[{"href":"https:\/\/rafalk-elblag.pl\/index.php?rest_route=\/wp\/v2\/posts"}],"about":[{"href":"https:\/\/rafalk-elblag.pl\/index.php?rest_route=\/wp\/v2\/types\/post"}],"author":[{"embeddable":true,"href":"https:\/\/rafalk-elblag.pl\/index.php?rest_route=\/wp\/v2\/users\/1"}],"replies":[{"embeddable":true,"href":"https:\/\/rafalk-elblag.pl\/index.php?rest_route=%2Fwp%2Fv2%2Fcomments&post=3420"}],"version-history":[{"count":2,"href":"https:\/\/rafalk-elblag.pl\/index.php?rest_route=\/wp\/v2\/posts\/3420\/revisions"}],"predecessor-version":[{"id":3422,"href":"https:\/\/rafalk-elblag.pl\/index.php?rest_route=\/wp\/v2\/posts\/3420\/revisions\/3422"}],"wp:featuredmedia":[{"embeddable":true,"href":"https:\/\/rafalk-elblag.pl\/index.php?rest_route=\/wp\/v2\/media\/2526"}],"wp:attachment":[{"href":"https:\/\/rafalk-elblag.pl\/index.php?rest_route=%2Fwp%2Fv2%2Fmedia&parent=3420"}],"wp:term":[{"taxonomy":"category","embeddable":true,"href":"https:\/\/rafalk-elblag.pl\/index.php?rest_route=%2Fwp%2Fv2%2Fcategories&post=3420"},{"taxonomy":"post_tag","embeddable":true,"href":"https:\/\/rafalk-elblag.pl\/index.php?rest_route=%2Fwp%2Fv2%2Ftags&post=3420"}],"curies":[{"name":"wp","href":"https:\/\/api.w.org\/{rel}","templated":true}]}}